{"id":51773,"date":"2021-01-27T21:49:36","date_gmt":"2021-01-28T00:49:36","guid":{"rendered":"http:\/\/www.noticiasradioreflejos.com.ar\/noticias\/?p=51773"},"modified":"2021-01-27T21:49:36","modified_gmt":"2021-01-28T00:49:36","slug":"tenemos-el-mismo-derecho-que-cualquiera-de-disfrutar-de-las-vacaciones-en-familia-de-salir-a-pasear-incluso-por-nuestro-pueblo-andrea-cabrera","status":"publish","type":"post","link":"https:\/\/www.noticiasradioreflejos.com.ar\/2021\/tenemos-el-mismo-derecho-que-cualquiera-de-disfrutar-de-las-vacaciones-en-familia-de-salir-a-pasear-incluso-por-nuestro-pueblo-andrea-cabrera\/","title":{"rendered":"\u00abTenemos el mismo derecho que cualquiera de disfrutar de las vacaciones en familia, de salir a pasear incluso por nuestro pueblo\u00bb. Andrea Cabrera"},"content":{"rendered":"<p>Andrea es una Profesora de Matem\u00e1tica de Freyre, C\u00f3rdoba, que padece Esclerosis M\u00faltiple. Este verano, quiso irse de vacaciones en su provincia y se encontr\u00f3 con diferentes dificultades que dan cuenta que los destinos no est\u00e1n preparados para recibir turistas con discapacidades. <strong>RBC Freyre<\/strong> (Rehabilitaci\u00f3n basada en la comunidad) es un grupo del cual Andrea forma parte hace un a\u00f1o y que se dedica a concientizar a los vecinos de Freyre sobre las complejidades que enfrentan las personas con discapacidad d\u00eda a d\u00eda.<!--more--><\/p>\n<p>\u00abYo me manejaba con bastones canadienses y con la pandemia hubo una progresi\u00f3n en mi enfermedad y termin\u00e9 en la silla de ruedas o con caminadores. Decidimos irnos de vacaciones y realmente encontr\u00e9 muchas barreras, desde los ba\u00f1os hasta la falta de rampas. El terreno de las sierras cordobesas es complicado, pero no hay un dise\u00f1o como para que una persona con dificultades pueda acceder al r\u00edo\u00bb resumi\u00f3 Andrea sus dificultosas vacaciones en C\u00f3rdoba.<\/p>\n<p><a title=\"IMG-20210127-WA0025\" href=\"http:\/\/live.staticflickr.com\/65535\/50882945496_8f5429c76e_s.jpg\" rel=\"\"><img loading=\"lazy\" decoding=\"async\" class=\"aligncenter\" title=\"IMG-20210127-WA0025\" src=\"http:\/\/live.staticflickr.com\/65535\/50882945496_8626a54467_o.jpg\" alt=\"IMG-20210127-WA0025\" width=\"319\" height=\"560\" \/><\/a><\/p>\n<p>Andrea cont\u00f3 que cada vez que va a buscar alojamiento \u00abes muy complicado\u00bb ya que tiene que chequear que el terreno del lugar no est\u00e9 en desnivel, que las puertas sean anchas para que pueda pasar su silla de ruedas o su andador y que el acceso a la pileta sea inclusivo. \u00abTe desilusiona, termino diciendo &#8216;me quedo en mi casa'\u00bb expres\u00f3.<\/p>\n<p>RBC es un grupo abierto de personas que tienen discapacidad o alg\u00fan familiar con discapacidad. \u00abComo en nuestro pueblo encontr\u00e1bamos muchas barreras, decidimos juntarnos y empezar a concientizar\u00bb explic\u00f3 Andrea el origen del grupo. Sostiene que la falta de una rampa, o las bicicletas tiradas en la vereda, o el auto estacionado en la vereda suceden porque a la gente le falta detenerse en estas cosas.<\/p>\n<p><a title=\"IMG-20210127-WA0024\" href=\"http:\/\/live.staticflickr.com\/65535\/50883050232_500e336213_s.jpg\" rel=\"\"><img loading=\"lazy\" decoding=\"async\" class=\"aligncenter\" title=\"IMG-20210127-WA0024\" src=\"http:\/\/live.staticflickr.com\/65535\/50883050232_500e336213_c.jpg\" alt=\"IMG-20210127-WA0024\" width=\"450\" height=\"800\" \/><\/a><\/p>\n<p>Andrea destac\u00f3 que Monte Hermoso es uno de los destinos que tiene en cuenta a las personas con discapacidades en sus atracciones tur\u00edsticas. \u00abVi que pusieron una rampa de madera para poder bajar a la playa y en cada balneario hab\u00eda una silla acu\u00e1tica\u00bb resalt\u00f3.<\/p>\n<p>Finalmente expres\u00f3: \u00abTenemos el mismo derecho que cualquiera de disfrutar de las vacaciones en familia, de salir a pasear incluso por nuestro pueblo\u00bb.<\/p>\n<p><strong><span style=\"color: #ff9900;\"><em>Foto de portada: Andrea disfruta del mar en Monte Hermoso que provee de sillas a discapacitados.<\/em><\/span><\/strong><\/p>\n<p>Nota completa a continuaci\u00f3n:<br \/>\n<iframe loading=\"lazy\" src=\"https:\/\/w.soundcloud.com\/player\/?url=https%3A\/\/api.soundcloud.com\/tracks\/973796182&amp;color=%23ff5500&amp;auto_play=false&amp;hide_related=false&amp;show_comments=true&amp;show_user=true&amp;show_reposts=false&amp;show_teaser=true\" width=\"100%\" height=\"166\" frameborder=\"no\" scrolling=\"no\"><\/iframe><\/p>\n<div style=\"font-size: 10px; color: #cccccc; line-break: anywhere; word-break: normal; overflow: hidden; white-space: nowrap; text-overflow: ellipsis; font-family: Interstate,Lucida Grande,Lucida Sans Unicode,Lucida Sans,Garuda,Verdana,Tahoma,sans-serif; font-weight: 100;\"><a style=\"color: #cccccc; text-decoration: none;\" title=\"fmreflejos 103.7\" href=\"https:\/\/soundcloud.com\/fmreflejos-103-7\" target=\"_blank\" rel=\"noopener\">fmreflejos 103.7<\/a> \u00b7 <a style=\"color: #cccccc; text-decoration: none;\" title=\"Nota Andrea Cabrera\" href=\"https:\/\/soundcloud.com\/fmreflejos-103-7\/nota-andrea-cabrera\" target=\"_blank\" rel=\"noopener\">Nota Andrea Cabrera<\/a><\/div>\n","protected":false},"excerpt":{"rendered":"<p>Andrea es una Profesora de Matem\u00e1tica de Freyre, C\u00f3rdoba, que padece Esclerosis M\u00faltiple. Este verano, quiso irse de vacaciones en su provincia y se encontr\u00f3 con diferentes dificultades que dan cuenta que los destinos no est\u00e1n preparados para recibir turistas con discapacidades. RBC Freyre (Rehabilitaci\u00f3n basada en la comunidad) es un grupo del cual Andrea [&hellip;]<\/p>\n","protected":false},"author":3,"featured_media":51786,"comment_status":"closed","ping_status":"open","sticky":false,"template":"","format":"standard","meta":{"footnotes":""},"categories":[26],"tags":[],"class_list":["post-51773","post","type-post","status-publish","format-standard","has-post-thumbnail","hentry","category-sociedad"],"yoast_head":"<!-- This site is optimized with the Yoast SEO plugin v25.9 - https:\/\/yoast.com\/wordpress\/plugins\/seo\/ -->\n<title>&quot;Tenemos el mismo derecho que cualquiera de disfrutar de las vacaciones en familia, de salir a pasear incluso por nuestro pueblo&quot;. Andrea Cabrera - Noticias Radio Reflejos<\/title>\n<meta name=\"robots\" content=\"index, follow, max-snippet:-1, max-image-preview:large, max-video-preview:-1\" \/>\n<link rel=\"canonical\" href=\"https:\/\/www.noticiasradioreflejos.com.ar\/2021\/tenemos-el-mismo-derecho-que-cualquiera-de-disfrutar-de-las-vacaciones-en-familia-de-salir-a-pasear-incluso-por-nuestro-pueblo-andrea-cabrera\/\" \/>\n<meta property=\"og:locale\" content=\"es_ES\" \/>\n<meta property=\"og:type\" content=\"article\" \/>\n<meta property=\"og:title\" content=\"&quot;Tenemos el mismo derecho que cualquiera de disfrutar de las vacaciones en familia, de salir a pasear incluso por nuestro pueblo&quot;. Andrea Cabrera - Noticias Radio Reflejos\" \/>\n<meta property=\"og:description\" content=\"Andrea es una Profesora de Matem\u00e1tica de Freyre, C\u00f3rdoba, que padece Esclerosis M\u00faltiple. Este verano, quiso irse de vacaciones en su provincia y se encontr\u00f3 con diferentes dificultades que dan cuenta que los destinos no est\u00e1n preparados para recibir turistas con discapacidades. RBC Freyre (Rehabilitaci\u00f3n basada en la comunidad) es un grupo del cual Andrea [&hellip;]\" \/>\n<meta property=\"og:url\" content=\"https:\/\/www.noticiasradioreflejos.com.ar\/2021\/tenemos-el-mismo-derecho-que-cualquiera-de-disfrutar-de-las-vacaciones-en-familia-de-salir-a-pasear-incluso-por-nuestro-pueblo-andrea-cabrera\/\" \/>\n<meta property=\"og:site_name\" content=\"Noticias Radio Reflejos\" \/>\n<meta property=\"article:published_time\" content=\"2021-01-28T00:49:36+00:00\" \/>\n<meta property=\"og:image\" content=\"https:\/\/www.noticiasradioreflejos.com.ar\/2021\/wp-content\/uploads\/2021\/07\/logosol300x200.png\" \/>\n\t<meta property=\"og:image:width\" content=\"300\" \/>\n\t<meta property=\"og:image:height\" content=\"200\" \/>\n\t<meta property=\"og:image:type\" content=\"image\/png\" \/>\n<meta name=\"author\" content=\"Arnaldo Botto\" \/>\n<meta name=\"twitter:card\" content=\"summary_large_image\" \/>\n<script type=\"application\/ld+json\" class=\"yoast-schema-graph\">{\"@context\":\"https:\/\/schema.org\",\"@graph\":[{\"@type\":\"WebPage\",\"@id\":\"https:\/\/www.noticiasradioreflejos.com.ar\/2021\/tenemos-el-mismo-derecho-que-cualquiera-de-disfrutar-de-las-vacaciones-en-familia-de-salir-a-pasear-incluso-por-nuestro-pueblo-andrea-cabrera\/\",\"url\":\"https:\/\/www.noticiasradioreflejos.com.ar\/2021\/tenemos-el-mismo-derecho-que-cualquiera-de-disfrutar-de-las-vacaciones-en-familia-de-salir-a-pasear-incluso-por-nuestro-pueblo-andrea-cabrera\/\",\"name\":\"\\\"Tenemos el mismo derecho que cualquiera de disfrutar de las vacaciones en familia, de salir a pasear incluso por nuestro pueblo\\\". Andrea Cabrera - Noticias Radio Reflejos\",\"isPartOf\":{\"@id\":\"https:\/\/www.noticiasradioreflejos.com.ar\/2021\/#website\"},\"primaryImageOfPage\":{\"@id\":\"https:\/\/www.noticiasradioreflejos.com.ar\/2021\/tenemos-el-mismo-derecho-que-cualquiera-de-disfrutar-de-las-vacaciones-en-familia-de-salir-a-pasear-incluso-por-nuestro-pueblo-andrea-cabrera\/#primaryimage\"},\"image\":{\"@id\":\"https:\/\/www.noticiasradioreflejos.com.ar\/2021\/tenemos-el-mismo-derecho-que-cualquiera-de-disfrutar-de-las-vacaciones-en-familia-de-salir-a-pasear-incluso-por-nuestro-pueblo-andrea-cabrera\/#primaryimage\"},\"thumbnailUrl\":\"\",\"datePublished\":\"2021-01-28T00:49:36+00:00\",\"author\":{\"@id\":\"https:\/\/www.noticiasradioreflejos.com.ar\/2021\/#\/schema\/person\/ad82545263dcc5ec0996818884fd5fb1\"},\"breadcrumb\":{\"@id\":\"https:\/\/www.noticiasradioreflejos.com.ar\/2021\/tenemos-el-mismo-derecho-que-cualquiera-de-disfrutar-de-las-vacaciones-en-familia-de-salir-a-pasear-incluso-por-nuestro-pueblo-andrea-cabrera\/#breadcrumb\"},\"inLanguage\":\"es\",\"potentialAction\":[{\"@type\":\"ReadAction\",\"target\":[\"https:\/\/www.noticiasradioreflejos.com.ar\/2021\/tenemos-el-mismo-derecho-que-cualquiera-de-disfrutar-de-las-vacaciones-en-familia-de-salir-a-pasear-incluso-por-nuestro-pueblo-andrea-cabrera\/\"]}]},{\"@type\":\"ImageObject\",\"inLanguage\":\"es\",\"@id\":\"https:\/\/www.noticiasradioreflejos.com.ar\/2021\/tenemos-el-mismo-derecho-que-cualquiera-de-disfrutar-de-las-vacaciones-en-familia-de-salir-a-pasear-incluso-por-nuestro-pueblo-andrea-cabrera\/#primaryimage\",\"url\":\"\",\"contentUrl\":\"\"},{\"@type\":\"BreadcrumbList\",\"@id\":\"https:\/\/www.noticiasradioreflejos.com.ar\/2021\/tenemos-el-mismo-derecho-que-cualquiera-de-disfrutar-de-las-vacaciones-en-familia-de-salir-a-pasear-incluso-por-nuestro-pueblo-andrea-cabrera\/#breadcrumb\",\"itemListElement\":[{\"@type\":\"ListItem\",\"position\":1,\"name\":\"Portada\",\"item\":\"https:\/\/www.noticiasradioreflejos.com.ar\/2021\/\"},{\"@type\":\"ListItem\",\"position\":2,\"name\":\"\u00abTenemos el mismo derecho que cualquiera de disfrutar de las vacaciones en familia, de salir a pasear incluso por nuestro pueblo\u00bb. Andrea Cabrera\"}]},{\"@type\":\"WebSite\",\"@id\":\"https:\/\/www.noticiasradioreflejos.com.ar\/2021\/#website\",\"url\":\"https:\/\/www.noticiasradioreflejos.com.ar\/2021\/\",\"name\":\"Noticias Radio Reflejos\",\"description\":\"Las noticias de mi comarca\",\"potentialAction\":[{\"@type\":\"SearchAction\",\"target\":{\"@type\":\"EntryPoint\",\"urlTemplate\":\"https:\/\/www.noticiasradioreflejos.com.ar\/2021\/?s={search_term_string}\"},\"query-input\":{\"@type\":\"PropertyValueSpecification\",\"valueRequired\":true,\"valueName\":\"search_term_string\"}}],\"inLanguage\":\"es\"},{\"@type\":\"Person\",\"@id\":\"https:\/\/www.noticiasradioreflejos.com.ar\/2021\/#\/schema\/person\/ad82545263dcc5ec0996818884fd5fb1\",\"name\":\"Arnaldo Botto\",\"image\":{\"@type\":\"ImageObject\",\"inLanguage\":\"es\",\"@id\":\"https:\/\/www.noticiasradioreflejos.com.ar\/2021\/#\/schema\/person\/image\/\",\"url\":\"https:\/\/secure.gravatar.com\/avatar\/55cb5e37c1efa326397366e6974cb338056df65cb50e7d64d1cf314e87504837?s=96&d=mm&r=g\",\"contentUrl\":\"https:\/\/secure.gravatar.com\/avatar\/55cb5e37c1efa326397366e6974cb338056df65cb50e7d64d1cf314e87504837?s=96&d=mm&r=g\",\"caption\":\"Arnaldo Botto\"},\"url\":\"https:\/\/www.noticiasradioreflejos.com.ar\/2021\/author\/arnaldo\/\"}]}<\/script>\n<!-- \/ Yoast SEO plugin. -->","yoast_head_json":{"title":"\"Tenemos el mismo derecho que cualquiera de disfrutar de las vacaciones en familia, de salir a pasear incluso por nuestro pueblo\". Andrea Cabrera - Noticias Radio Reflejos","robots":{"index":"index","follow":"follow","max-snippet":"max-snippet:-1","max-image-preview":"max-image-preview:large","max-video-preview":"max-video-preview:-1"},"canonical":"https:\/\/www.noticiasradioreflejos.com.ar\/2021\/tenemos-el-mismo-derecho-que-cualquiera-de-disfrutar-de-las-vacaciones-en-familia-de-salir-a-pasear-incluso-por-nuestro-pueblo-andrea-cabrera\/","og_locale":"es_ES","og_type":"article","og_title":"\"Tenemos el mismo derecho que cualquiera de disfrutar de las vacaciones en familia, de salir a pasear incluso por nuestro pueblo\". Andrea Cabrera - Noticias Radio Reflejos","og_description":"Andrea es una Profesora de Matem\u00e1tica de Freyre, C\u00f3rdoba, que padece Esclerosis M\u00faltiple. Este verano, quiso irse de vacaciones en su provincia y se encontr\u00f3 con diferentes dificultades que dan cuenta que los destinos no est\u00e1n preparados para recibir turistas con discapacidades. RBC Freyre (Rehabilitaci\u00f3n basada en la comunidad) es un grupo del cual Andrea [&hellip;]","og_url":"https:\/\/www.noticiasradioreflejos.com.ar\/2021\/tenemos-el-mismo-derecho-que-cualquiera-de-disfrutar-de-las-vacaciones-en-familia-de-salir-a-pasear-incluso-por-nuestro-pueblo-andrea-cabrera\/","og_site_name":"Noticias Radio Reflejos","article_published_time":"2021-01-28T00:49:36+00:00","og_image":[{"width":300,"height":200,"url":"https:\/\/www.noticiasradioreflejos.com.ar\/2021\/wp-content\/uploads\/2021\/07\/logosol300x200.png","type":"image\/png"}],"author":"Arnaldo Botto","twitter_card":"summary_large_image","schema":{"@context":"https:\/\/schema.org","@graph":[{"@type":"WebPage","@id":"https:\/\/www.noticiasradioreflejos.com.ar\/2021\/tenemos-el-mismo-derecho-que-cualquiera-de-disfrutar-de-las-vacaciones-en-familia-de-salir-a-pasear-incluso-por-nuestro-pueblo-andrea-cabrera\/","url":"https:\/\/www.noticiasradioreflejos.com.ar\/2021\/tenemos-el-mismo-derecho-que-cualquiera-de-disfrutar-de-las-vacaciones-en-familia-de-salir-a-pasear-incluso-por-nuestro-pueblo-andrea-cabrera\/","name":"\"Tenemos el mismo derecho que cualquiera de disfrutar de las vacaciones en familia, de salir a pasear incluso por nuestro pueblo\". Andrea Cabrera - Noticias Radio Reflejos","isPartOf":{"@id":"https:\/\/www.noticiasradioreflejos.com.ar\/2021\/#website"},"primaryImageOfPage":{"@id":"https:\/\/www.noticiasradioreflejos.com.ar\/2021\/tenemos-el-mismo-derecho-que-cualquiera-de-disfrutar-de-las-vacaciones-en-familia-de-salir-a-pasear-incluso-por-nuestro-pueblo-andrea-cabrera\/#primaryimage"},"image":{"@id":"https:\/\/www.noticiasradioreflejos.com.ar\/2021\/tenemos-el-mismo-derecho-que-cualquiera-de-disfrutar-de-las-vacaciones-en-familia-de-salir-a-pasear-incluso-por-nuestro-pueblo-andrea-cabrera\/#primaryimage"},"thumbnailUrl":"","datePublished":"2021-01-28T00:49:36+00:00","author":{"@id":"https:\/\/www.noticiasradioreflejos.com.ar\/2021\/#\/schema\/person\/ad82545263dcc5ec0996818884fd5fb1"},"breadcrumb":{"@id":"https:\/\/www.noticiasradioreflejos.com.ar\/2021\/tenemos-el-mismo-derecho-que-cualquiera-de-disfrutar-de-las-vacaciones-en-familia-de-salir-a-pasear-incluso-por-nuestro-pueblo-andrea-cabrera\/#breadcrumb"},"inLanguage":"es","potentialAction":[{"@type":"ReadAction","target":["https:\/\/www.noticiasradioreflejos.com.ar\/2021\/tenemos-el-mismo-derecho-que-cualquiera-de-disfrutar-de-las-vacaciones-en-familia-de-salir-a-pasear-incluso-por-nuestro-pueblo-andrea-cabrera\/"]}]},{"@type":"ImageObject","inLanguage":"es","@id":"https:\/\/www.noticiasradioreflejos.com.ar\/2021\/tenemos-el-mismo-derecho-que-cualquiera-de-disfrutar-de-las-vacaciones-en-familia-de-salir-a-pasear-incluso-por-nuestro-pueblo-andrea-cabrera\/#primaryimage","url":"","contentUrl":""},{"@type":"BreadcrumbList","@id":"https:\/\/www.noticiasradioreflejos.com.ar\/2021\/tenemos-el-mismo-derecho-que-cualquiera-de-disfrutar-de-las-vacaciones-en-familia-de-salir-a-pasear-incluso-por-nuestro-pueblo-andrea-cabrera\/#breadcrumb","itemListElement":[{"@type":"ListItem","position":1,"name":"Portada","item":"https:\/\/www.noticiasradioreflejos.com.ar\/2021\/"},{"@type":"ListItem","position":2,"name":"\u00abTenemos el mismo derecho que cualquiera de disfrutar de las vacaciones en familia, de salir a pasear incluso por nuestro pueblo\u00bb. Andrea Cabrera"}]},{"@type":"WebSite","@id":"https:\/\/www.noticiasradioreflejos.com.ar\/2021\/#website","url":"https:\/\/www.noticiasradioreflejos.com.ar\/2021\/","name":"Noticias Radio Reflejos","description":"Las noticias de mi comarca","potentialAction":[{"@type":"SearchAction","target":{"@type":"EntryPoint","urlTemplate":"https:\/\/www.noticiasradioreflejos.com.ar\/2021\/?s={search_term_string}"},"query-input":{"@type":"PropertyValueSpecification","valueRequired":true,"valueName":"search_term_string"}}],"inLanguage":"es"},{"@type":"Person","@id":"https:\/\/www.noticiasradioreflejos.com.ar\/2021\/#\/schema\/person\/ad82545263dcc5ec0996818884fd5fb1","name":"Arnaldo Botto","image":{"@type":"ImageObject","inLanguage":"es","@id":"https:\/\/www.noticiasradioreflejos.com.ar\/2021\/#\/schema\/person\/image\/","url":"https:\/\/secure.gravatar.com\/avatar\/55cb5e37c1efa326397366e6974cb338056df65cb50e7d64d1cf314e87504837?s=96&d=mm&r=g","contentUrl":"https:\/\/secure.gravatar.com\/avatar\/55cb5e37c1efa326397366e6974cb338056df65cb50e7d64d1cf314e87504837?s=96&d=mm&r=g","caption":"Arnaldo Botto"},"url":"https:\/\/www.noticiasradioreflejos.com.ar\/2021\/author\/arnaldo\/"}]}},"_links":{"self":[{"href":"https:\/\/www.noticiasradioreflejos.com.ar\/2021\/wp-json\/wp\/v2\/posts\/51773","targetHints":{"allow":["GET"]}}],"collection":[{"href":"https:\/\/www.noticiasradioreflejos.com.ar\/2021\/wp-json\/wp\/v2\/posts"}],"about":[{"href":"https:\/\/www.noticiasradioreflejos.com.ar\/2021\/wp-json\/wp\/v2\/types\/post"}],"author":[{"embeddable":true,"href":"https:\/\/www.noticiasradioreflejos.com.ar\/2021\/wp-json\/wp\/v2\/users\/3"}],"replies":[{"embeddable":true,"href":"https:\/\/www.noticiasradioreflejos.com.ar\/2021\/wp-json\/wp\/v2\/comments?post=51773"}],"version-history":[{"count":0,"href":"https:\/\/www.noticiasradioreflejos.com.ar\/2021\/wp-json\/wp\/v2\/posts\/51773\/revisions"}],"wp:featuredmedia":[{"embeddable":true,"href":"https:\/\/www.noticiasradioreflejos.com.ar\/2021\/wp-json\/"}],"wp:attachment":[{"href":"https:\/\/www.noticiasradioreflejos.com.ar\/2021\/wp-json\/wp\/v2\/media?parent=51773"}],"wp:term":[{"taxonomy":"category","embeddable":true,"href":"https:\/\/www.noticiasradioreflejos.com.ar\/2021\/wp-json\/wp\/v2\/categories?post=51773"},{"taxonomy":"post_tag","embeddable":true,"href":"https:\/\/www.noticiasradioreflejos.com.ar\/2021\/wp-json\/wp\/v2\/tags?post=51773"}],"curies":[{"name":"wp","href":"https:\/\/api.w.org\/{rel}","templated":true}]}}