{"id":51770,"date":"2021-01-27T14:12:39","date_gmt":"2021-01-27T17:12:39","guid":{"rendered":"http:\/\/www.noticiasradioreflejos.com.ar\/noticias\/?p=51770"},"modified":"2021-01-27T14:12:39","modified_gmt":"2021-01-27T17:12:39","slug":"avanza-a-paso-firme-la-puesta-en-valor-de-la-pista-municipal-de-atletismo","status":"publish","type":"post","link":"https:\/\/www.noticiasradioreflejos.com.ar\/2021\/avanza-a-paso-firme-la-puesta-en-valor-de-la-pista-municipal-de-atletismo\/","title":{"rendered":"Avanza a paso firme la puesta en valor de la Pista Municipal de Atletismo"},"content":{"rendered":"<p>Desde 2020, avanza firmemente la puesta en valor de la Pista Municipal de Atletismo, ubicada en el predio de Av. Lavalle al 400 de Tornquist.<!--more--><br \/>\n<a title=\"Pista de atletismo (10)\" href=\"http:\/\/live.staticflickr.com\/65535\/50881034003_506b0fced2_s.jpg\" rel=\"\"><img loading=\"lazy\" decoding=\"async\" class=\"aligncenter\" title=\"Pista de atletismo (10)\" src=\"http:\/\/live.staticflickr.com\/65535\/50881034003_506b0fced2_c.jpg\" alt=\"Pista de atletismo (10)\" width=\"800\" height=\"600\" \/><\/a><\/p>\n<p>All\u00ed, durante los \u00faltimos meses se realizaron obras tendientes a la recuperaci\u00f3n y remodelaci\u00f3n, con trabajos de mejoras con el fin de que el lugar vuelva a ser aprovechado y utilizado por ni\u00f1as, ni\u00f1os, adolescentes y adultos para hacer deportes.<\/p>\n<p><a title=\"Pista de atletismo (2)\" href=\"http:\/\/live.staticflickr.com\/65535\/50881034618_3b256c06ff_s.jpg\" rel=\"\"><img loading=\"lazy\" decoding=\"async\" class=\"aligncenter\" title=\"Pista de atletismo (2)\" src=\"http:\/\/live.staticflickr.com\/65535\/50881034618_3b256c06ff_c.jpg\" alt=\"Pista de atletismo (2)\" width=\"800\" height=\"600\" \/><\/a><br \/>\nA cargo de la Direcci\u00f3n de Deportes, dependiente de la Secretar\u00eda de Desarrollo de la comuna, se efectuaron tareas de agrimensura para establecer las medidas y los niveles correctos de superficie de la pista principal de 400 metros, y se construy\u00f3 el cord\u00f3n cuneta que la delimita, adem\u00e1s de pintarla.<\/p>\n<p><a title=\"Pista de atletismo (12)\" href=\"http:\/\/live.staticflickr.com\/65535\/50881858102_665111abda_s.jpg\" rel=\"\"><img loading=\"lazy\" decoding=\"async\" class=\"aligncenter\" title=\"Pista de atletismo (12)\" src=\"http:\/\/live.staticflickr.com\/65535\/50881858102_665111abda_c.jpg\" alt=\"Pista de atletismo (12)\" width=\"800\" height=\"600\" \/><\/a><br \/>\nAsimismo, se reacondicionaron los ba\u00f1os del complejo y se instal\u00f3 el puente de acceso peatonal con ingreso sobre calle Lavalle.<br \/>\nEntre las obras con las que se prev\u00e9 continuar, se encuentra la instalaci\u00f3n de la iluminaci\u00f3n artificial, lo que permitir\u00e1 desarrollar actividades en la pista en horarios nocturnos.<\/p>\n<p><a title=\"Pista de atletismo (1)\" href=\"http:\/\/live.staticflickr.com\/65535\/50881856877_98b1ddee6f_s.jpg\" rel=\"\"><img loading=\"lazy\" decoding=\"async\" class=\"aligncenter\" title=\"Pista de atletismo (1)\" src=\"http:\/\/live.staticflickr.com\/65535\/50881856877_98b1ddee6f_c.jpg\" alt=\"Pista de atletismo (1)\" width=\"800\" height=\"600\" \/><\/a><a title=\"Pista de atletismo (8)\" href=\"http:\/\/live.staticflickr.com\/65535\/50881858082_21bc53b118_s.jpg\" rel=\"\"><img loading=\"lazy\" decoding=\"async\" class=\"aligncenter\" title=\"Pista de atletismo (8)\" src=\"http:\/\/live.staticflickr.com\/65535\/50881858082_21bc53b118_c.jpg\" alt=\"Pista de atletismo (8)\" width=\"800\" height=\"600\" \/><\/a><\/p>\n","protected":false},"excerpt":{"rendered":"<p>Desde 2020, avanza firmemente la puesta en valor de la Pista Municipal de Atletismo, ubicada en el predio de Av. Lavalle al 400 de Tornquist.<\/p>\n","protected":false},"author":3,"featured_media":51771,"comment_status":"closed","ping_status":"open","sticky":false,"template":"","format":"standard","meta":{"footnotes":""},"categories":[27],"tags":[],"class_list":["post-51770","post","type-post","status-publish","format-standard","has-post-thumbnail","hentry","category-deportes"],"yoast_head":"<!-- This site is optimized with the Yoast SEO plugin v25.9 - https:\/\/yoast.com\/wordpress\/plugins\/seo\/ -->\n<title>Avanza a paso firme la puesta en valor de la Pista Municipal de Atletismo - Noticias Radio Reflejos<\/title>\n<meta name=\"robots\" content=\"index, follow, max-snippet:-1, max-image-preview:large, max-video-preview:-1\" \/>\n<link rel=\"canonical\" href=\"https:\/\/www.noticiasradioreflejos.com.ar\/2021\/avanza-a-paso-firme-la-puesta-en-valor-de-la-pista-municipal-de-atletismo\/\" \/>\n<meta property=\"og:locale\" content=\"es_ES\" \/>\n<meta property=\"og:type\" content=\"article\" \/>\n<meta property=\"og:title\" content=\"Avanza a paso firme la puesta en valor de la Pista Municipal de Atletismo - Noticias Radio Reflejos\" \/>\n<meta property=\"og:description\" content=\"Desde 2020, avanza firmemente la puesta en valor de la Pista Municipal de Atletismo, ubicada en el predio de Av. Lavalle al 400 de Tornquist.\" \/>\n<meta property=\"og:url\" content=\"https:\/\/www.noticiasradioreflejos.com.ar\/2021\/avanza-a-paso-firme-la-puesta-en-valor-de-la-pista-municipal-de-atletismo\/\" \/>\n<meta property=\"og:site_name\" content=\"Noticias Radio Reflejos\" \/>\n<meta property=\"article:published_time\" content=\"2021-01-27T17:12:39+00:00\" \/>\n<meta property=\"og:image\" content=\"https:\/\/www.noticiasradioreflejos.com.ar\/2021\/wp-content\/uploads\/2021\/07\/logosol300x200.png\" \/>\n\t<meta property=\"og:image:width\" content=\"300\" \/>\n\t<meta property=\"og:image:height\" content=\"200\" \/>\n\t<meta property=\"og:image:type\" content=\"image\/png\" \/>\n<meta name=\"author\" content=\"Arnaldo Botto\" \/>\n<meta name=\"twitter:card\" content=\"summary_large_image\" \/>\n<script type=\"application\/ld+json\" class=\"yoast-schema-graph\">{\"@context\":\"https:\/\/schema.org\",\"@graph\":[{\"@type\":\"WebPage\",\"@id\":\"https:\/\/www.noticiasradioreflejos.com.ar\/2021\/avanza-a-paso-firme-la-puesta-en-valor-de-la-pista-municipal-de-atletismo\/\",\"url\":\"https:\/\/www.noticiasradioreflejos.com.ar\/2021\/avanza-a-paso-firme-la-puesta-en-valor-de-la-pista-municipal-de-atletismo\/\",\"name\":\"Avanza a paso firme la puesta en valor de la Pista Municipal de Atletismo - Noticias Radio Reflejos\",\"isPartOf\":{\"@id\":\"https:\/\/www.noticiasradioreflejos.com.ar\/2021\/#website\"},\"primaryImageOfPage\":{\"@id\":\"https:\/\/www.noticiasradioreflejos.com.ar\/2021\/avanza-a-paso-firme-la-puesta-en-valor-de-la-pista-municipal-de-atletismo\/#primaryimage\"},\"image\":{\"@id\":\"https:\/\/www.noticiasradioreflejos.com.ar\/2021\/avanza-a-paso-firme-la-puesta-en-valor-de-la-pista-municipal-de-atletismo\/#primaryimage\"},\"thumbnailUrl\":\"\",\"datePublished\":\"2021-01-27T17:12:39+00:00\",\"author\":{\"@id\":\"https:\/\/www.noticiasradioreflejos.com.ar\/2021\/#\/schema\/person\/ad82545263dcc5ec0996818884fd5fb1\"},\"breadcrumb\":{\"@id\":\"https:\/\/www.noticiasradioreflejos.com.ar\/2021\/avanza-a-paso-firme-la-puesta-en-valor-de-la-pista-municipal-de-atletismo\/#breadcrumb\"},\"inLanguage\":\"es\",\"potentialAction\":[{\"@type\":\"ReadAction\",\"target\":[\"https:\/\/www.noticiasradioreflejos.com.ar\/2021\/avanza-a-paso-firme-la-puesta-en-valor-de-la-pista-municipal-de-atletismo\/\"]}]},{\"@type\":\"ImageObject\",\"inLanguage\":\"es\",\"@id\":\"https:\/\/www.noticiasradioreflejos.com.ar\/2021\/avanza-a-paso-firme-la-puesta-en-valor-de-la-pista-municipal-de-atletismo\/#primaryimage\",\"url\":\"\",\"contentUrl\":\"\"},{\"@type\":\"BreadcrumbList\",\"@id\":\"https:\/\/www.noticiasradioreflejos.com.ar\/2021\/avanza-a-paso-firme-la-puesta-en-valor-de-la-pista-municipal-de-atletismo\/#breadcrumb\",\"itemListElement\":[{\"@type\":\"ListItem\",\"position\":1,\"name\":\"Portada\",\"item\":\"https:\/\/www.noticiasradioreflejos.com.ar\/2021\/\"},{\"@type\":\"ListItem\",\"position\":2,\"name\":\"Avanza a paso firme la puesta en valor de la Pista Municipal de Atletismo\"}]},{\"@type\":\"WebSite\",\"@id\":\"https:\/\/www.noticiasradioreflejos.com.ar\/2021\/#website\",\"url\":\"https:\/\/www.noticiasradioreflejos.com.ar\/2021\/\",\"name\":\"Noticias Radio Reflejos\",\"description\":\"Las noticias de mi comarca\",\"potentialAction\":[{\"@type\":\"SearchAction\",\"target\":{\"@type\":\"EntryPoint\",\"urlTemplate\":\"https:\/\/www.noticiasradioreflejos.com.ar\/2021\/?s={search_term_string}\"},\"query-input\":{\"@type\":\"PropertyValueSpecification\",\"valueRequired\":true,\"valueName\":\"search_term_string\"}}],\"inLanguage\":\"es\"},{\"@type\":\"Person\",\"@id\":\"https:\/\/www.noticiasradioreflejos.com.ar\/2021\/#\/schema\/person\/ad82545263dcc5ec0996818884fd5fb1\",\"name\":\"Arnaldo Botto\",\"image\":{\"@type\":\"ImageObject\",\"inLanguage\":\"es\",\"@id\":\"https:\/\/www.noticiasradioreflejos.com.ar\/2021\/#\/schema\/person\/image\/\",\"url\":\"https:\/\/secure.gravatar.com\/avatar\/55cb5e37c1efa326397366e6974cb338056df65cb50e7d64d1cf314e87504837?s=96&d=mm&r=g\",\"contentUrl\":\"https:\/\/secure.gravatar.com\/avatar\/55cb5e37c1efa326397366e6974cb338056df65cb50e7d64d1cf314e87504837?s=96&d=mm&r=g\",\"caption\":\"Arnaldo Botto\"},\"url\":\"https:\/\/www.noticiasradioreflejos.com.ar\/2021\/author\/arnaldo\/\"}]}<\/script>\n<!-- \/ Yoast SEO plugin. -->","yoast_head_json":{"title":"Avanza a paso firme la puesta en valor de la Pista Municipal de Atletismo - Noticias Radio Reflejos","robots":{"index":"index","follow":"follow","max-snippet":"max-snippet:-1","max-image-preview":"max-image-preview:large","max-video-preview":"max-video-preview:-1"},"canonical":"https:\/\/www.noticiasradioreflejos.com.ar\/2021\/avanza-a-paso-firme-la-puesta-en-valor-de-la-pista-municipal-de-atletismo\/","og_locale":"es_ES","og_type":"article","og_title":"Avanza a paso firme la puesta en valor de la Pista Municipal de Atletismo - Noticias Radio Reflejos","og_description":"Desde 2020, avanza firmemente la puesta en valor de la Pista Municipal de Atletismo, ubicada en el predio de Av. Lavalle al 400 de Tornquist.","og_url":"https:\/\/www.noticiasradioreflejos.com.ar\/2021\/avanza-a-paso-firme-la-puesta-en-valor-de-la-pista-municipal-de-atletismo\/","og_site_name":"Noticias Radio Reflejos","article_published_time":"2021-01-27T17:12:39+00:00","og_image":[{"width":300,"height":200,"url":"https:\/\/www.noticiasradioreflejos.com.ar\/2021\/wp-content\/uploads\/2021\/07\/logosol300x200.png","type":"image\/png"}],"author":"Arnaldo Botto","twitter_card":"summary_large_image","schema":{"@context":"https:\/\/schema.org","@graph":[{"@type":"WebPage","@id":"https:\/\/www.noticiasradioreflejos.com.ar\/2021\/avanza-a-paso-firme-la-puesta-en-valor-de-la-pista-municipal-de-atletismo\/","url":"https:\/\/www.noticiasradioreflejos.com.ar\/2021\/avanza-a-paso-firme-la-puesta-en-valor-de-la-pista-municipal-de-atletismo\/","name":"Avanza a paso firme la puesta en valor de la Pista Municipal de Atletismo - Noticias Radio Reflejos","isPartOf":{"@id":"https:\/\/www.noticiasradioreflejos.com.ar\/2021\/#website"},"primaryImageOfPage":{"@id":"https:\/\/www.noticiasradioreflejos.com.ar\/2021\/avanza-a-paso-firme-la-puesta-en-valor-de-la-pista-municipal-de-atletismo\/#primaryimage"},"image":{"@id":"https:\/\/www.noticiasradioreflejos.com.ar\/2021\/avanza-a-paso-firme-la-puesta-en-valor-de-la-pista-municipal-de-atletismo\/#primaryimage"},"thumbnailUrl":"","datePublished":"2021-01-27T17:12:39+00:00","author":{"@id":"https:\/\/www.noticiasradioreflejos.com.ar\/2021\/#\/schema\/person\/ad82545263dcc5ec0996818884fd5fb1"},"breadcrumb":{"@id":"https:\/\/www.noticiasradioreflejos.com.ar\/2021\/avanza-a-paso-firme-la-puesta-en-valor-de-la-pista-municipal-de-atletismo\/#breadcrumb"},"inLanguage":"es","potentialAction":[{"@type":"ReadAction","target":["https:\/\/www.noticiasradioreflejos.com.ar\/2021\/avanza-a-paso-firme-la-puesta-en-valor-de-la-pista-municipal-de-atletismo\/"]}]},{"@type":"ImageObject","inLanguage":"es","@id":"https:\/\/www.noticiasradioreflejos.com.ar\/2021\/avanza-a-paso-firme-la-puesta-en-valor-de-la-pista-municipal-de-atletismo\/#primaryimage","url":"","contentUrl":""},{"@type":"BreadcrumbList","@id":"https:\/\/www.noticiasradioreflejos.com.ar\/2021\/avanza-a-paso-firme-la-puesta-en-valor-de-la-pista-municipal-de-atletismo\/#breadcrumb","itemListElement":[{"@type":"ListItem","position":1,"name":"Portada","item":"https:\/\/www.noticiasradioreflejos.com.ar\/2021\/"},{"@type":"ListItem","position":2,"name":"Avanza a paso firme la puesta en valor de la Pista Municipal de Atletismo"}]},{"@type":"WebSite","@id":"https:\/\/www.noticiasradioreflejos.com.ar\/2021\/#website","url":"https:\/\/www.noticiasradioreflejos.com.ar\/2021\/","name":"Noticias Radio Reflejos","description":"Las noticias de mi comarca","potentialAction":[{"@type":"SearchAction","target":{"@type":"EntryPoint","urlTemplate":"https:\/\/www.noticiasradioreflejos.com.ar\/2021\/?s={search_term_string}"},"query-input":{"@type":"PropertyValueSpecification","valueRequired":true,"valueName":"search_term_string"}}],"inLanguage":"es"},{"@type":"Person","@id":"https:\/\/www.noticiasradioreflejos.com.ar\/2021\/#\/schema\/person\/ad82545263dcc5ec0996818884fd5fb1","name":"Arnaldo Botto","image":{"@type":"ImageObject","inLanguage":"es","@id":"https:\/\/www.noticiasradioreflejos.com.ar\/2021\/#\/schema\/person\/image\/","url":"https:\/\/secure.gravatar.com\/avatar\/55cb5e37c1efa326397366e6974cb338056df65cb50e7d64d1cf314e87504837?s=96&d=mm&r=g","contentUrl":"https:\/\/secure.gravatar.com\/avatar\/55cb5e37c1efa326397366e6974cb338056df65cb50e7d64d1cf314e87504837?s=96&d=mm&r=g","caption":"Arnaldo Botto"},"url":"https:\/\/www.noticiasradioreflejos.com.ar\/2021\/author\/arnaldo\/"}]}},"_links":{"self":[{"href":"https:\/\/www.noticiasradioreflejos.com.ar\/2021\/wp-json\/wp\/v2\/posts\/51770","targetHints":{"allow":["GET"]}}],"collection":[{"href":"https:\/\/www.noticiasradioreflejos.com.ar\/2021\/wp-json\/wp\/v2\/posts"}],"about":[{"href":"https:\/\/www.noticiasradioreflejos.com.ar\/2021\/wp-json\/wp\/v2\/types\/post"}],"author":[{"embeddable":true,"href":"https:\/\/www.noticiasradioreflejos.com.ar\/2021\/wp-json\/wp\/v2\/users\/3"}],"replies":[{"embeddable":true,"href":"https:\/\/www.noticiasradioreflejos.com.ar\/2021\/wp-json\/wp\/v2\/comments?post=51770"}],"version-history":[{"count":0,"href":"https:\/\/www.noticiasradioreflejos.com.ar\/2021\/wp-json\/wp\/v2\/posts\/51770\/revisions"}],"wp:featuredmedia":[{"embeddable":true,"href":"https:\/\/www.noticiasradioreflejos.com.ar\/2021\/wp-json\/"}],"wp:attachment":[{"href":"https:\/\/www.noticiasradioreflejos.com.ar\/2021\/wp-json\/wp\/v2\/media?parent=51770"}],"wp:term":[{"taxonomy":"category","embeddable":true,"href":"https:\/\/www.noticiasradioreflejos.com.ar\/2021\/wp-json\/wp\/v2\/categories?post=51770"},{"taxonomy":"post_tag","embeddable":true,"href":"https:\/\/www.noticiasradioreflejos.com.ar\/2021\/wp-json\/wp\/v2\/tags?post=51770"}],"curies":[{"name":"wp","href":"https:\/\/api.w.org\/{rel}","templated":true}]}}