{"id":51767,"date":"2021-01-27T12:37:24","date_gmt":"2021-01-27T15:37:24","guid":{"rendered":"http:\/\/www.noticiasradioreflejos.com.ar\/noticias\/?p=51767"},"modified":"2021-01-27T12:37:24","modified_gmt":"2021-01-27T15:37:24","slug":"porteros-y-peones-de-cocina-actualizacion-de-listado-de-aspirantes","status":"publish","type":"post","link":"https:\/\/www.noticiasradioreflejos.com.ar\/2021\/porteros-y-peones-de-cocina-actualizacion-de-listado-de-aspirantes\/","title":{"rendered":"Porteros y peones de cocina: actualizaci\u00f3n de listado de aspirantes"},"content":{"rendered":"<p>El Consejo Escolar de Tornquist informa a todos los aspirantes a porteros y peones de cocina inscriptos en el listado 2020 que seg\u00fan RSC-2021-00444559-GDEBA-DGCYE se estableci\u00f3 dar CONTINUIDAD a los listados de aspirantes 2020, realizando una ACTUALIZACION. Por lo tanto no se realizar\u00e1n nuevas inscripciones para incorporar aspirantes.<!--more--><\/p>\n<p>Se actualizar\u00e1 el puntaje de los ya inscriptos por antig\u00fcedad de forma autom\u00e1tica (no se debe presentar documentaci\u00f3n que acredite desempe\u00f1o) y se tomar\u00e1 para ello los servicios prestados desde el 1 de agosto de 2019 cuya toma de posesi\u00f3n fue previa a la vigencia del DNU N\u00b0 297\/2020.<\/p>\n<p>Para la actualizaci\u00f3n de certificados de estudio o cursos con fecha de finalizaci\u00f3n al 31 de diciembre de 2019 se deber\u00e1 presentar la documentaci\u00f3n escaneada v\u00eda mail. Es la \u00fanica documentaci\u00f3n que se requiere y se recepcionar\u00e1.<\/p>\n<p>Se recuerda la lista de cursos inherentes a la funci\u00f3n a la cual aspiran, que -habiendo sido cursados en un Centro de Formaci\u00f3n Profesional- son reconocidos por DGCyE:<\/p>\n<p>\u00b7 Cocinero para comedores escolares<\/p>\n<p>\u00b7 Manipulador de alimentos<\/p>\n<p>\u00b7 Limpieza institucional<\/p>\n<p>\u00b7 El trabajo del auxiliar en instituciones educativas<\/p>\n<p>\u00b7 Elaboraci\u00f3n conservaci\u00f3n de frutas y hortalizas<\/p>\n<p>\u00b7 Cocinero para restaurante Modulo I. b\u00e1sico<\/p>\n<p>\u00b7 Cocinero para restaurante Modulo II<\/p>\n<p>\u00b7 Cocinero para restaurante Modulo III<\/p>\n<p>\u00b7 Elaboraci\u00f3n de alimentos a base de soja<\/p>\n<p>\u00b7 Gesti\u00f3n y abordaje integral del servicio alimentario escolar<\/p>\n<p>Los aspirantes inscriptos en el listado 2020 que deban acercar documentaci\u00f3n para acrecentar puntaje por estudios realizados deber\u00e1n hacerlo al mail apdauxce105@abc.gob.ar desde el 27\/01\/2021 y hasta el 05\/02\/2021 inclusive.<\/p>\n<p>Las consultas tambi\u00e9n se recepcionan a \u00e9sa direcci\u00f3n electr\u00f3nica.<\/p>\n<p>&#8212;<br \/>\nConsejo Escolar de Tornquist<br \/>\nSarmiento 98 &#8211; Altos<br \/>\nTornquist<br \/>\nTel: 0291 &#8211; 4941140\/4940779<\/p>\n","protected":false},"excerpt":{"rendered":"<p>El Consejo Escolar de Tornquist informa a todos los aspirantes a porteros y peones de cocina inscriptos en el listado 2020 que seg\u00fan RSC-2021-00444559-GDEBA-DGCYE se estableci\u00f3 dar CONTINUIDAD a los listados de aspirantes 2020, realizando una ACTUALIZACION. Por lo tanto no se realizar\u00e1n nuevas inscripciones para incorporar aspirantes.<\/p>\n","protected":false},"author":3,"featured_media":0,"comment_status":"closed","ping_status":"open","sticky":false,"template":"","format":"standard","meta":{"footnotes":""},"categories":[34],"tags":[],"class_list":["post-51767","post","type-post","status-publish","format-standard","hentry","category-educacion"],"yoast_head":"<!-- This site is optimized with the Yoast SEO plugin v25.9 - https:\/\/yoast.com\/wordpress\/plugins\/seo\/ -->\n<title>Porteros y peones de cocina: actualizaci\u00f3n de listado de aspirantes - Noticias Radio Reflejos<\/title>\n<meta name=\"robots\" content=\"index, follow, max-snippet:-1, max-image-preview:large, max-video-preview:-1\" \/>\n<link rel=\"canonical\" href=\"https:\/\/www.noticiasradioreflejos.com.ar\/2021\/porteros-y-peones-de-cocina-actualizacion-de-listado-de-aspirantes\/\" \/>\n<meta property=\"og:locale\" content=\"es_ES\" \/>\n<meta property=\"og:type\" content=\"article\" \/>\n<meta property=\"og:title\" content=\"Porteros y peones de cocina: actualizaci\u00f3n de listado de aspirantes - Noticias Radio Reflejos\" \/>\n<meta property=\"og:description\" content=\"El Consejo Escolar de Tornquist informa a todos los aspirantes a porteros y peones de cocina inscriptos en el listado 2020 que seg\u00fan RSC-2021-00444559-GDEBA-DGCYE se estableci\u00f3 dar CONTINUIDAD a los listados de aspirantes 2020, realizando una ACTUALIZACION. Por lo tanto no se realizar\u00e1n nuevas inscripciones para incorporar aspirantes.\" \/>\n<meta property=\"og:url\" content=\"https:\/\/www.noticiasradioreflejos.com.ar\/2021\/porteros-y-peones-de-cocina-actualizacion-de-listado-de-aspirantes\/\" \/>\n<meta property=\"og:site_name\" content=\"Noticias Radio Reflejos\" \/>\n<meta property=\"article:published_time\" content=\"2021-01-27T15:37:24+00:00\" \/>\n<meta property=\"og:image\" content=\"https:\/\/www.noticiasradioreflejos.com.ar\/2021\/wp-content\/uploads\/2021\/07\/logosol300x200.png\" \/>\n\t<meta property=\"og:image:width\" content=\"300\" \/>\n\t<meta property=\"og:image:height\" content=\"200\" \/>\n\t<meta property=\"og:image:type\" content=\"image\/png\" \/>\n<meta name=\"author\" content=\"Arnaldo Botto\" \/>\n<meta name=\"twitter:card\" content=\"summary_large_image\" \/>\n<script type=\"application\/ld+json\" class=\"yoast-schema-graph\">{\"@context\":\"https:\/\/schema.org\",\"@graph\":[{\"@type\":\"WebPage\",\"@id\":\"https:\/\/www.noticiasradioreflejos.com.ar\/2021\/porteros-y-peones-de-cocina-actualizacion-de-listado-de-aspirantes\/\",\"url\":\"https:\/\/www.noticiasradioreflejos.com.ar\/2021\/porteros-y-peones-de-cocina-actualizacion-de-listado-de-aspirantes\/\",\"name\":\"Porteros y peones de cocina: actualizaci\u00f3n de listado de aspirantes - Noticias Radio Reflejos\",\"isPartOf\":{\"@id\":\"https:\/\/www.noticiasradioreflejos.com.ar\/2021\/#website\"},\"datePublished\":\"2021-01-27T15:37:24+00:00\",\"author\":{\"@id\":\"https:\/\/www.noticiasradioreflejos.com.ar\/2021\/#\/schema\/person\/ad82545263dcc5ec0996818884fd5fb1\"},\"breadcrumb\":{\"@id\":\"https:\/\/www.noticiasradioreflejos.com.ar\/2021\/porteros-y-peones-de-cocina-actualizacion-de-listado-de-aspirantes\/#breadcrumb\"},\"inLanguage\":\"es\",\"potentialAction\":[{\"@type\":\"ReadAction\",\"target\":[\"https:\/\/www.noticiasradioreflejos.com.ar\/2021\/porteros-y-peones-de-cocina-actualizacion-de-listado-de-aspirantes\/\"]}]},{\"@type\":\"BreadcrumbList\",\"@id\":\"https:\/\/www.noticiasradioreflejos.com.ar\/2021\/porteros-y-peones-de-cocina-actualizacion-de-listado-de-aspirantes\/#breadcrumb\",\"itemListElement\":[{\"@type\":\"ListItem\",\"position\":1,\"name\":\"Portada\",\"item\":\"https:\/\/www.noticiasradioreflejos.com.ar\/2021\/\"},{\"@type\":\"ListItem\",\"position\":2,\"name\":\"Porteros y peones de cocina: actualizaci\u00f3n de listado de aspirantes\"}]},{\"@type\":\"WebSite\",\"@id\":\"https:\/\/www.noticiasradioreflejos.com.ar\/2021\/#website\",\"url\":\"https:\/\/www.noticiasradioreflejos.com.ar\/2021\/\",\"name\":\"Noticias Radio Reflejos\",\"description\":\"Las noticias de mi comarca\",\"potentialAction\":[{\"@type\":\"SearchAction\",\"target\":{\"@type\":\"EntryPoint\",\"urlTemplate\":\"https:\/\/www.noticiasradioreflejos.com.ar\/2021\/?s={search_term_string}\"},\"query-input\":{\"@type\":\"PropertyValueSpecification\",\"valueRequired\":true,\"valueName\":\"search_term_string\"}}],\"inLanguage\":\"es\"},{\"@type\":\"Person\",\"@id\":\"https:\/\/www.noticiasradioreflejos.com.ar\/2021\/#\/schema\/person\/ad82545263dcc5ec0996818884fd5fb1\",\"name\":\"Arnaldo Botto\",\"image\":{\"@type\":\"ImageObject\",\"inLanguage\":\"es\",\"@id\":\"https:\/\/www.noticiasradioreflejos.com.ar\/2021\/#\/schema\/person\/image\/\",\"url\":\"https:\/\/secure.gravatar.com\/avatar\/55cb5e37c1efa326397366e6974cb338056df65cb50e7d64d1cf314e87504837?s=96&d=mm&r=g\",\"contentUrl\":\"https:\/\/secure.gravatar.com\/avatar\/55cb5e37c1efa326397366e6974cb338056df65cb50e7d64d1cf314e87504837?s=96&d=mm&r=g\",\"caption\":\"Arnaldo Botto\"},\"url\":\"https:\/\/www.noticiasradioreflejos.com.ar\/2021\/author\/arnaldo\/\"}]}<\/script>\n<!-- \/ Yoast SEO plugin. -->","yoast_head_json":{"title":"Porteros y peones de cocina: actualizaci\u00f3n de listado de aspirantes - Noticias Radio Reflejos","robots":{"index":"index","follow":"follow","max-snippet":"max-snippet:-1","max-image-preview":"max-image-preview:large","max-video-preview":"max-video-preview:-1"},"canonical":"https:\/\/www.noticiasradioreflejos.com.ar\/2021\/porteros-y-peones-de-cocina-actualizacion-de-listado-de-aspirantes\/","og_locale":"es_ES","og_type":"article","og_title":"Porteros y peones de cocina: actualizaci\u00f3n de listado de aspirantes - Noticias Radio Reflejos","og_description":"El Consejo Escolar de Tornquist informa a todos los aspirantes a porteros y peones de cocina inscriptos en el listado 2020 que seg\u00fan RSC-2021-00444559-GDEBA-DGCYE se estableci\u00f3 dar CONTINUIDAD a los listados de aspirantes 2020, realizando una ACTUALIZACION. Por lo tanto no se realizar\u00e1n nuevas inscripciones para incorporar aspirantes.","og_url":"https:\/\/www.noticiasradioreflejos.com.ar\/2021\/porteros-y-peones-de-cocina-actualizacion-de-listado-de-aspirantes\/","og_site_name":"Noticias Radio Reflejos","article_published_time":"2021-01-27T15:37:24+00:00","og_image":[{"width":300,"height":200,"url":"https:\/\/www.noticiasradioreflejos.com.ar\/2021\/wp-content\/uploads\/2021\/07\/logosol300x200.png","type":"image\/png"}],"author":"Arnaldo Botto","twitter_card":"summary_large_image","schema":{"@context":"https:\/\/schema.org","@graph":[{"@type":"WebPage","@id":"https:\/\/www.noticiasradioreflejos.com.ar\/2021\/porteros-y-peones-de-cocina-actualizacion-de-listado-de-aspirantes\/","url":"https:\/\/www.noticiasradioreflejos.com.ar\/2021\/porteros-y-peones-de-cocina-actualizacion-de-listado-de-aspirantes\/","name":"Porteros y peones de cocina: actualizaci\u00f3n de listado de aspirantes - Noticias Radio Reflejos","isPartOf":{"@id":"https:\/\/www.noticiasradioreflejos.com.ar\/2021\/#website"},"datePublished":"2021-01-27T15:37:24+00:00","author":{"@id":"https:\/\/www.noticiasradioreflejos.com.ar\/2021\/#\/schema\/person\/ad82545263dcc5ec0996818884fd5fb1"},"breadcrumb":{"@id":"https:\/\/www.noticiasradioreflejos.com.ar\/2021\/porteros-y-peones-de-cocina-actualizacion-de-listado-de-aspirantes\/#breadcrumb"},"inLanguage":"es","potentialAction":[{"@type":"ReadAction","target":["https:\/\/www.noticiasradioreflejos.com.ar\/2021\/porteros-y-peones-de-cocina-actualizacion-de-listado-de-aspirantes\/"]}]},{"@type":"BreadcrumbList","@id":"https:\/\/www.noticiasradioreflejos.com.ar\/2021\/porteros-y-peones-de-cocina-actualizacion-de-listado-de-aspirantes\/#breadcrumb","itemListElement":[{"@type":"ListItem","position":1,"name":"Portada","item":"https:\/\/www.noticiasradioreflejos.com.ar\/2021\/"},{"@type":"ListItem","position":2,"name":"Porteros y peones de cocina: actualizaci\u00f3n de listado de aspirantes"}]},{"@type":"WebSite","@id":"https:\/\/www.noticiasradioreflejos.com.ar\/2021\/#website","url":"https:\/\/www.noticiasradioreflejos.com.ar\/2021\/","name":"Noticias Radio Reflejos","description":"Las noticias de mi comarca","potentialAction":[{"@type":"SearchAction","target":{"@type":"EntryPoint","urlTemplate":"https:\/\/www.noticiasradioreflejos.com.ar\/2021\/?s={search_term_string}"},"query-input":{"@type":"PropertyValueSpecification","valueRequired":true,"valueName":"search_term_string"}}],"inLanguage":"es"},{"@type":"Person","@id":"https:\/\/www.noticiasradioreflejos.com.ar\/2021\/#\/schema\/person\/ad82545263dcc5ec0996818884fd5fb1","name":"Arnaldo Botto","image":{"@type":"ImageObject","inLanguage":"es","@id":"https:\/\/www.noticiasradioreflejos.com.ar\/2021\/#\/schema\/person\/image\/","url":"https:\/\/secure.gravatar.com\/avatar\/55cb5e37c1efa326397366e6974cb338056df65cb50e7d64d1cf314e87504837?s=96&d=mm&r=g","contentUrl":"https:\/\/secure.gravatar.com\/avatar\/55cb5e37c1efa326397366e6974cb338056df65cb50e7d64d1cf314e87504837?s=96&d=mm&r=g","caption":"Arnaldo Botto"},"url":"https:\/\/www.noticiasradioreflejos.com.ar\/2021\/author\/arnaldo\/"}]}},"_links":{"self":[{"href":"https:\/\/www.noticiasradioreflejos.com.ar\/2021\/wp-json\/wp\/v2\/posts\/51767","targetHints":{"allow":["GET"]}}],"collection":[{"href":"https:\/\/www.noticiasradioreflejos.com.ar\/2021\/wp-json\/wp\/v2\/posts"}],"about":[{"href":"https:\/\/www.noticiasradioreflejos.com.ar\/2021\/wp-json\/wp\/v2\/types\/post"}],"author":[{"embeddable":true,"href":"https:\/\/www.noticiasradioreflejos.com.ar\/2021\/wp-json\/wp\/v2\/users\/3"}],"replies":[{"embeddable":true,"href":"https:\/\/www.noticiasradioreflejos.com.ar\/2021\/wp-json\/wp\/v2\/comments?post=51767"}],"version-history":[{"count":0,"href":"https:\/\/www.noticiasradioreflejos.com.ar\/2021\/wp-json\/wp\/v2\/posts\/51767\/revisions"}],"wp:attachment":[{"href":"https:\/\/www.noticiasradioreflejos.com.ar\/2021\/wp-json\/wp\/v2\/media?parent=51767"}],"wp:term":[{"taxonomy":"category","embeddable":true,"href":"https:\/\/www.noticiasradioreflejos.com.ar\/2021\/wp-json\/wp\/v2\/categories?post=51767"},{"taxonomy":"post_tag","embeddable":true,"href":"https:\/\/www.noticiasradioreflejos.com.ar\/2021\/wp-json\/wp\/v2\/tags?post=51767"}],"curies":[{"name":"wp","href":"https:\/\/api.w.org\/{rel}","templated":true}]}}