{"id":51756,"date":"2021-01-27T11:45:35","date_gmt":"2021-01-27T14:45:35","guid":{"rendered":"http:\/\/www.noticiasradioreflejos.com.ar\/noticias\/?p=51756"},"modified":"2021-01-27T11:45:35","modified_gmt":"2021-01-27T14:45:35","slug":"historias-el-paso-de-nazis-en-sierra-de-la-ventana-y-el-descubrimiento-de-tuneles-en-el-gran-hotel-de-la-localidad","status":"publish","type":"post","link":"https:\/\/www.noticiasradioreflejos.com.ar\/2021\/historias-el-paso-de-nazis-en-sierra-de-la-ventana-y-el-descubrimiento-de-tuneles-en-el-gran-hotel-de-la-localidad\/","title":{"rendered":"Historias: El paso de nazis en Sierra de la Ventana y el descubrimiento de t\u00faneles en el Gran Hotel de la localidad."},"content":{"rendered":"<p>Se llev\u00f3 a cabo la presentaci\u00f3n del <strong>libro \u201c\u00bfPor qu\u00e9 aqu\u00ed?\u201d<\/strong> de <strong>V\u00edctor Piermattei \u201cManolo\u201d<\/strong><br \/>\nExiste un hecho hist\u00f3rico en la Comarca Serrana\u00a0que se mantuvo existente en la historia oral de quienes la habitan. Si a las palabras se las lleva el viento, no quisi\u00e9ramos imaginarnos lo que sucede con esos relatos que, por una causa u otra, pierden fuerza, ya sea por omisi\u00f3n u olvido, conveniencia o distracci\u00f3n.<!--more--><\/p>\n<p>Para situarnos, primer contexto: entre 1939 y 1945 la Segunda Guerra hac\u00eda estragos en Europa, siendo la mayor contienda b\u00e9lica con m\u00e1s de cien millones de militares movilizados. \u00a0Aunque luego de la derrota de las Potencias del Eje, la locaci\u00f3n se corre del panorama europeo a Sierra de la Ventana, al sudoeste de la provincia de Buenos Aires.<\/p>\n<p><strong>Victor Piermattei o simplemente \u201cManolo\u201d, fue quien, de la tradici\u00f3n oral supo encontrar un tesoro de esa \u00e9poca, justo debajo de las tierras serranas.<\/strong>\u00a0<strong>En su libro \u201c\u00bfPor qu\u00e9 aqu\u00ed?, presentado en el mism\u00edsimo Gran Hotel ( donde se descubrieron t\u00faneles realizados por alemanes de la \u00e9poca que hu\u00edan luego de la posguerra), describe a detalle el proceso de fuga y llegada a la Comarca.\u00a0<\/strong><\/p>\n<p>Comenta que, luego de la presentaci\u00f3n de la obra en La Sala Cultural Matrioshka y con retratos fotogr\u00e1ficos que dan cuenta de la veracidad de los hechos, \u201ccuando fui a hablar sobre el tema de los Nazis en Sierra de la Ventana, era como decir que uno hab\u00eda estado en el para\u00edso, no te cre\u00eda nadie\u201d.<\/p>\n<p>Las historias que escuch\u00f3 de ni\u00f1o fueron las precursoras: \u201cmi pap\u00e1 conoc\u00eda la historia, yo la conoc\u00eda. En la casa de mi abuela se hablaba del tema\u201d, afirm\u00f3.<\/p>\n<p>El giro narrativo dentro de la historia personal del autor fue cuando, luego de muchas insistencias y poca credibilidad por parte de los habitantes, el Gran Hotel cambi\u00f3 de due\u00f1o y \u00a0decidi\u00f3 llevar a cabo varias reformas del mismo. Ah\u00ed es cuando se logran obtener las pruebas para hacer realidad el libro.<\/p>\n<p>\u201cTodo lo que me contaban, parec\u00eda ser cierto. Hace 55 a\u00f1os atr\u00e1s, mi t\u00edo me dec\u00eda que los t\u00faneles estaban hechos de la misma forma que una mina de carb\u00f3n, con machinal (como le dec\u00edan los gringos), de un metro por un metro. Cuando aparecieron en el 2007, ten\u00edan esas magnitudes y estaban armados con machinales. No los recorr\u00ed porque hab\u00eda mucho derrumbe, solo pude meterme en dos de ellos. Estaban sostenidos por tablitas que se encontraban podridas\u201d, coment\u00f3 sobre su experiencia.<\/p>\n<p>El descubrimiento permiti\u00f3 realizar un bosquejo de c\u00f3mo era todo de anta\u00f1o: \u201cel s\u00f3tano de Hotel era una despensa. Si bien estaban c\u00f3modamente asentados ah\u00ed, ante cualquier peligro que se les presente, se escond\u00edan. Una vez que estaban en el s\u00f3tano nadie los encontraba. Tuve que hacer malabares para entrar\u201d, explic\u00f3.<\/p>\n<p>Entre tanta reforma, algo se preserva, \u201chay un cuadradito que se ve, est\u00e1 tal cual, es por donde estaba la puerta del s\u00f3tano, debajo de la barra\u201d.<\/p>\n<p>Los t\u00faneles constan de un ca\u00f1o destinado a su ventilaci\u00f3n, de 7 u 8 pulgadas, asimismo afirma la existencia de cuatro t\u00faneles: el m\u00e1s largo, de 300 metros, iba del hotel hasta el arroyo, el segundo al R\u00edo, el tercero a la Estaci\u00f3n y, el cuarto, realizaba el sentido inverso.<\/p>\n<p>Varias son las an\u00e9cdotas. Una de ellas tiene lugar en la calle Roca, cuando se realizaban las tareas de pavimentaci\u00f3n, en la que una excavadora se hundi\u00f3 por completo al caerse dentro de esos corredores.<\/p>\n<p>Otra historieta tiene como personaje principal a un trabajador que realizaba las tareas de reforma en el lugar: \u201cUn empleado al que le dec\u00edamos \u201cMono\u201d me llama para avisarme que hab\u00edan encontrado los t\u00faneles. Yo estaba a cinco cuadras del Hotel. Cuando estoy llegando, el muchacho me dice, todo p\u00e1lido, que por favor no vaya, que en el lugar hab\u00eda brujas. \u2013No, mono-, le digo, y segu\u00ed caminando. Resulta que hab\u00eda pinchado el techo del t\u00fanel con la barreta y \u00e9sta se le fue para bajo, pens\u00f3 que se la hab\u00eda tragado una bruja. Estaba muy asustado, pidi\u00f3 la cuenta y se fue\u201d, record\u00f3.<\/p>\n<p>La preservaci\u00f3n de los mismos no tuvo la relevancia necesaria para ser llevada a cabo, pero a\u00fan quedan pedazos de ellos y, en la medida que la gente realiza perforaciones como Alberto Schumacher en la panader\u00eda donde excavaron y se encontraron con t\u00faneles y los resabios de una historia que, en efecto, tuvo lugar.<\/p>\n<p>\u201c\u00bfPor qu\u00e9 aqu\u00ed?\u201d cuenta c\u00f3mo fue el proceso de fuga de los criminales nazis hacia Argentina, organizado en tres niveles: seg\u00fan el nivel de criminalidad que pose\u00edan dentro de su territorio y si el arribo se produc\u00eda en avi\u00f3n (en las reci\u00e9n inauguradas Aerol\u00edneas Argentinas), barco o submarino.<\/p>\n<p>Su llegada no estaba exenta de riquezas, tales como obras de arte, lingotes de oro y dinero. De hecho, hay leyendas lugare\u00f1as que hacen menci\u00f3n al Graf Spee, un buque alem\u00e1n que prest\u00f3 servicio durante la Segunda Guerra Mundial de la mano de la Kriegsmarine, en donde habr\u00edan desembarcado grandes jerarcas nazis.<\/p>\n<p>Volviendo a admitir que \u201cPer\u00f3n era un nazi confeso \u201cy que \u201cmanten\u00eda v\u00ednculo cercano con la familia de Mussolini\u201d, Manolo sostiene que \u201cel peronismo original era absolutamente nazi, aunque tuvo sus rencillas porque Eva estaba en la vereda de en frente\u201d. Lo mismo sostiene respecto al Papa P\u00edo XII, quien sigue siendo motivo de an\u00e1lisis y controversias respecto a la intensidad de su accionar en los crimenes del r\u00e9gimen nazi en Europa contra jud\u00edos y comunistas.<\/p>\n<p>Victor Piermattei o simplemente \u201cManolo\u201d tiene mil historias para contar, desde la amistad de su padre con el Ex Presidente de la Naci\u00f3n, Arturo Umberto Illia, perteneciente a la Uni\u00f3n C\u00edvica Radical, describi\u00e9ndolo como \u201cun hombre sencillo y humilde que ven\u00eda de visita a la casa familiar en el tren, comprando pasaje como cualquier ciudadano normal\u201d.<\/p>\n<p>Su padre fue boletinero (reportero) radial, del 36 al 45, para Radio El Mundo y, posteriormente, para la emisora Red Azul y Blanca.<\/p>\n<p>Las obras \u201c\u00bfPor qu\u00e9 aqu\u00ed?\u201d e \u201cHistorias pol\u00edticas argentinas\u201d, ambas del autor, pueden encontrarse en el Gran Hotel de Sierra de la Ventana, un lugar que, adem\u00e1s de su belleza natural, atrapa con su historia.<\/p>\n<p><iframe loading=\"lazy\" src=\"https:\/\/w.soundcloud.com\/player\/?url=https%3A\/\/api.soundcloud.com\/tracks\/974370112&amp;color=%23ff5500&amp;auto_play=false&amp;hide_related=false&amp;show_comments=true&amp;show_user=true&amp;show_reposts=false&amp;show_teaser=true&amp;visual=true\" width=\"100%\" height=\"300\" frameborder=\"no\" scrolling=\"no\"><\/iframe><\/p>\n<div style=\"font-size: 10px; color: #cccccc; line-break: anywhere; word-break: normal; overflow: hidden; white-space: nowrap; text-overflow: ellipsis; font-family: Interstate,Lucida Grande,Lucida Sans Unicode,Lucida Sans,Garuda,Verdana,Tahoma,sans-serif; font-weight: 100;\"><a style=\"color: #cccccc; text-decoration: none;\" title=\"fmreflejos 103.7\" href=\"https:\/\/soundcloud.com\/fmreflejos-103-7\" target=\"_blank\" rel=\"noopener\">fmreflejos 103.7<\/a> \u00b7 <a style=\"color: #cccccc; text-decoration: none;\" title=\"Manolo\" href=\"https:\/\/soundcloud.com\/fmreflejos-103-7\/manolo\" target=\"_blank\" rel=\"noopener\">Manolo<\/a><\/div>\n<p><img decoding=\"async\" src=\"https:\/\/www.noticiastornquist.com.ar\/imagen.php?imagen=\/20210115193638.jpg\" \/><\/p>\n<div><\/div>\n<hr \/>\n<p><img decoding=\"async\" src=\"https:\/\/www.noticiastornquist.com.ar\/imagen.php?imagen=\/20210115193650.jpg\" \/><\/p>\n<div><\/div>\n<hr \/>\n<p><img decoding=\"async\" src=\"https:\/\/www.noticiastornquist.com.ar\/imagen.php?imagen=\/20210115193702.jpg\" \/><\/p>\n<div><\/div>\n<hr \/>\n<p><img decoding=\"async\" src=\"https:\/\/www.noticiastornquist.com.ar\/imagen.php?imagen=\/20210115193952.jpg\" \/><\/p>\n<div><\/div>\n<hr \/>\n<p><img decoding=\"async\" src=\"https:\/\/www.noticiastornquist.com.ar\/imagen.php?imagen=\/216bffa8157c48afada369f5bf86d176.jpg\" \/><\/p>\n<div><\/div>\n<hr \/>\n<p><img decoding=\"async\" src=\"https:\/\/www.noticiastornquist.com.ar\/imagen.php?imagen=\/2464f0d71a234f2484c91bc7b7e54743.jpg\" \/><\/p>\n<div><\/div>\n<hr \/>\n<p><img decoding=\"async\" src=\"https:\/\/www.noticiastornquist.com.ar\/imagen.php?imagen=\/tuneles.jpg\" \/><\/p>\n<div>Una reuni\u00f3n de alemanes en el s\u00f3tano del hotel(Archivo Noticias Tornquist)<\/div>\n<hr \/>\n<p><img decoding=\"async\" src=\"https:\/\/www.noticiastornquist.com.ar\/imagen.php?imagen=\/9ccb91e47f9c4ffd8ea683fe3e09be0b-1.jpg\" \/><\/p>\n<div><\/div>\n<hr \/>\n<p><img decoding=\"async\" src=\"https:\/\/www.noticiastornquist.com.ar\/imagen.php?imagen=\/1ec2742be7014ed78739041b99626723.jpg\" \/><\/p>\n<div><\/div>\n<hr \/>\n<p><img decoding=\"async\" src=\"https:\/\/www.noticiastornquist.com.ar\/imagen.php?imagen=\/9d74af454499401294b00469eeeb7960.jpg\" \/><\/p>\n","protected":false},"excerpt":{"rendered":"<p>Se llev\u00f3 a cabo la presentaci\u00f3n del libro \u201c\u00bfPor qu\u00e9 aqu\u00ed?\u201d de V\u00edctor Piermattei \u201cManolo\u201d Existe un hecho hist\u00f3rico en la Comarca Serrana\u00a0que se mantuvo existente en la historia oral de quienes la habitan. Si a las palabras se las lleva el viento, no quisi\u00e9ramos imaginarnos lo que sucede con esos relatos que, por una [&hellip;]<\/p>\n","protected":false},"author":3,"featured_media":51758,"comment_status":"closed","ping_status":"open","sticky":false,"template":"","format":"standard","meta":{"footnotes":""},"categories":[26],"tags":[],"class_list":["post-51756","post","type-post","status-publish","format-standard","has-post-thumbnail","hentry","category-sociedad"],"yoast_head":"<!-- This site is optimized with the Yoast SEO plugin v25.9 - https:\/\/yoast.com\/wordpress\/plugins\/seo\/ -->\n<title>Historias: El paso de nazis en Sierra de la Ventana y el descubrimiento de t\u00faneles en el Gran Hotel de la localidad. - Noticias Radio Reflejos<\/title>\n<meta name=\"robots\" content=\"index, follow, max-snippet:-1, max-image-preview:large, max-video-preview:-1\" \/>\n<link rel=\"canonical\" href=\"https:\/\/www.noticiasradioreflejos.com.ar\/2021\/historias-el-paso-de-nazis-en-sierra-de-la-ventana-y-el-descubrimiento-de-tuneles-en-el-gran-hotel-de-la-localidad\/\" \/>\n<meta property=\"og:locale\" content=\"es_ES\" \/>\n<meta property=\"og:type\" content=\"article\" \/>\n<meta property=\"og:title\" content=\"Historias: El paso de nazis en Sierra de la Ventana y el descubrimiento de t\u00faneles en el Gran Hotel de la localidad. - Noticias Radio Reflejos\" \/>\n<meta property=\"og:description\" content=\"Se llev\u00f3 a cabo la presentaci\u00f3n del libro \u201c\u00bfPor qu\u00e9 aqu\u00ed?\u201d de V\u00edctor Piermattei \u201cManolo\u201d Existe un hecho hist\u00f3rico en la Comarca Serrana\u00a0que se mantuvo existente en la historia oral de quienes la habitan. Si a las palabras se las lleva el viento, no quisi\u00e9ramos imaginarnos lo que sucede con esos relatos que, por una [&hellip;]\" \/>\n<meta property=\"og:url\" content=\"https:\/\/www.noticiasradioreflejos.com.ar\/2021\/historias-el-paso-de-nazis-en-sierra-de-la-ventana-y-el-descubrimiento-de-tuneles-en-el-gran-hotel-de-la-localidad\/\" \/>\n<meta property=\"og:site_name\" content=\"Noticias Radio Reflejos\" \/>\n<meta property=\"article:published_time\" content=\"2021-01-27T14:45:35+00:00\" \/>\n<meta property=\"og:image\" content=\"https:\/\/www.noticiasradioreflejos.com.ar\/2021\/wp-content\/uploads\/2021\/07\/logosol300x200.png\" \/>\n\t<meta property=\"og:image:width\" content=\"300\" \/>\n\t<meta property=\"og:image:height\" content=\"200\" \/>\n\t<meta property=\"og:image:type\" content=\"image\/png\" \/>\n<meta name=\"author\" content=\"Arnaldo Botto\" \/>\n<meta name=\"twitter:card\" content=\"summary_large_image\" \/>\n<script type=\"application\/ld+json\" class=\"yoast-schema-graph\">{\"@context\":\"https:\/\/schema.org\",\"@graph\":[{\"@type\":\"WebPage\",\"@id\":\"https:\/\/www.noticiasradioreflejos.com.ar\/2021\/historias-el-paso-de-nazis-en-sierra-de-la-ventana-y-el-descubrimiento-de-tuneles-en-el-gran-hotel-de-la-localidad\/\",\"url\":\"https:\/\/www.noticiasradioreflejos.com.ar\/2021\/historias-el-paso-de-nazis-en-sierra-de-la-ventana-y-el-descubrimiento-de-tuneles-en-el-gran-hotel-de-la-localidad\/\",\"name\":\"Historias: El paso de nazis en Sierra de la Ventana y el descubrimiento de t\u00faneles en el Gran Hotel de la localidad. - Noticias Radio Reflejos\",\"isPartOf\":{\"@id\":\"https:\/\/www.noticiasradioreflejos.com.ar\/2021\/#website\"},\"primaryImageOfPage\":{\"@id\":\"https:\/\/www.noticiasradioreflejos.com.ar\/2021\/historias-el-paso-de-nazis-en-sierra-de-la-ventana-y-el-descubrimiento-de-tuneles-en-el-gran-hotel-de-la-localidad\/#primaryimage\"},\"image\":{\"@id\":\"https:\/\/www.noticiasradioreflejos.com.ar\/2021\/historias-el-paso-de-nazis-en-sierra-de-la-ventana-y-el-descubrimiento-de-tuneles-en-el-gran-hotel-de-la-localidad\/#primaryimage\"},\"thumbnailUrl\":\"\",\"datePublished\":\"2021-01-27T14:45:35+00:00\",\"author\":{\"@id\":\"https:\/\/www.noticiasradioreflejos.com.ar\/2021\/#\/schema\/person\/ad82545263dcc5ec0996818884fd5fb1\"},\"breadcrumb\":{\"@id\":\"https:\/\/www.noticiasradioreflejos.com.ar\/2021\/historias-el-paso-de-nazis-en-sierra-de-la-ventana-y-el-descubrimiento-de-tuneles-en-el-gran-hotel-de-la-localidad\/#breadcrumb\"},\"inLanguage\":\"es\",\"potentialAction\":[{\"@type\":\"ReadAction\",\"target\":[\"https:\/\/www.noticiasradioreflejos.com.ar\/2021\/historias-el-paso-de-nazis-en-sierra-de-la-ventana-y-el-descubrimiento-de-tuneles-en-el-gran-hotel-de-la-localidad\/\"]}]},{\"@type\":\"ImageObject\",\"inLanguage\":\"es\",\"@id\":\"https:\/\/www.noticiasradioreflejos.com.ar\/2021\/historias-el-paso-de-nazis-en-sierra-de-la-ventana-y-el-descubrimiento-de-tuneles-en-el-gran-hotel-de-la-localidad\/#primaryimage\",\"url\":\"\",\"contentUrl\":\"\"},{\"@type\":\"BreadcrumbList\",\"@id\":\"https:\/\/www.noticiasradioreflejos.com.ar\/2021\/historias-el-paso-de-nazis-en-sierra-de-la-ventana-y-el-descubrimiento-de-tuneles-en-el-gran-hotel-de-la-localidad\/#breadcrumb\",\"itemListElement\":[{\"@type\":\"ListItem\",\"position\":1,\"name\":\"Portada\",\"item\":\"https:\/\/www.noticiasradioreflejos.com.ar\/2021\/\"},{\"@type\":\"ListItem\",\"position\":2,\"name\":\"Historias: El paso de nazis en Sierra de la Ventana y el descubrimiento de t\u00faneles en el Gran Hotel de la localidad.\"}]},{\"@type\":\"WebSite\",\"@id\":\"https:\/\/www.noticiasradioreflejos.com.ar\/2021\/#website\",\"url\":\"https:\/\/www.noticiasradioreflejos.com.ar\/2021\/\",\"name\":\"Noticias Radio Reflejos\",\"description\":\"Las noticias de mi comarca\",\"potentialAction\":[{\"@type\":\"SearchAction\",\"target\":{\"@type\":\"EntryPoint\",\"urlTemplate\":\"https:\/\/www.noticiasradioreflejos.com.ar\/2021\/?s={search_term_string}\"},\"query-input\":{\"@type\":\"PropertyValueSpecification\",\"valueRequired\":true,\"valueName\":\"search_term_string\"}}],\"inLanguage\":\"es\"},{\"@type\":\"Person\",\"@id\":\"https:\/\/www.noticiasradioreflejos.com.ar\/2021\/#\/schema\/person\/ad82545263dcc5ec0996818884fd5fb1\",\"name\":\"Arnaldo Botto\",\"image\":{\"@type\":\"ImageObject\",\"inLanguage\":\"es\",\"@id\":\"https:\/\/www.noticiasradioreflejos.com.ar\/2021\/#\/schema\/person\/image\/\",\"url\":\"https:\/\/secure.gravatar.com\/avatar\/55cb5e37c1efa326397366e6974cb338056df65cb50e7d64d1cf314e87504837?s=96&d=mm&r=g\",\"contentUrl\":\"https:\/\/secure.gravatar.com\/avatar\/55cb5e37c1efa326397366e6974cb338056df65cb50e7d64d1cf314e87504837?s=96&d=mm&r=g\",\"caption\":\"Arnaldo Botto\"},\"url\":\"https:\/\/www.noticiasradioreflejos.com.ar\/2021\/author\/arnaldo\/\"}]}<\/script>\n<!-- \/ Yoast SEO plugin. -->","yoast_head_json":{"title":"Historias: El paso de nazis en Sierra de la Ventana y el descubrimiento de t\u00faneles en el Gran Hotel de la localidad. - Noticias Radio Reflejos","robots":{"index":"index","follow":"follow","max-snippet":"max-snippet:-1","max-image-preview":"max-image-preview:large","max-video-preview":"max-video-preview:-1"},"canonical":"https:\/\/www.noticiasradioreflejos.com.ar\/2021\/historias-el-paso-de-nazis-en-sierra-de-la-ventana-y-el-descubrimiento-de-tuneles-en-el-gran-hotel-de-la-localidad\/","og_locale":"es_ES","og_type":"article","og_title":"Historias: El paso de nazis en Sierra de la Ventana y el descubrimiento de t\u00faneles en el Gran Hotel de la localidad. - Noticias Radio Reflejos","og_description":"Se llev\u00f3 a cabo la presentaci\u00f3n del libro \u201c\u00bfPor qu\u00e9 aqu\u00ed?\u201d de V\u00edctor Piermattei \u201cManolo\u201d Existe un hecho hist\u00f3rico en la Comarca Serrana\u00a0que se mantuvo existente en la historia oral de quienes la habitan. Si a las palabras se las lleva el viento, no quisi\u00e9ramos imaginarnos lo que sucede con esos relatos que, por una [&hellip;]","og_url":"https:\/\/www.noticiasradioreflejos.com.ar\/2021\/historias-el-paso-de-nazis-en-sierra-de-la-ventana-y-el-descubrimiento-de-tuneles-en-el-gran-hotel-de-la-localidad\/","og_site_name":"Noticias Radio Reflejos","article_published_time":"2021-01-27T14:45:35+00:00","og_image":[{"width":300,"height":200,"url":"https:\/\/www.noticiasradioreflejos.com.ar\/2021\/wp-content\/uploads\/2021\/07\/logosol300x200.png","type":"image\/png"}],"author":"Arnaldo Botto","twitter_card":"summary_large_image","schema":{"@context":"https:\/\/schema.org","@graph":[{"@type":"WebPage","@id":"https:\/\/www.noticiasradioreflejos.com.ar\/2021\/historias-el-paso-de-nazis-en-sierra-de-la-ventana-y-el-descubrimiento-de-tuneles-en-el-gran-hotel-de-la-localidad\/","url":"https:\/\/www.noticiasradioreflejos.com.ar\/2021\/historias-el-paso-de-nazis-en-sierra-de-la-ventana-y-el-descubrimiento-de-tuneles-en-el-gran-hotel-de-la-localidad\/","name":"Historias: El paso de nazis en Sierra de la Ventana y el descubrimiento de t\u00faneles en el Gran Hotel de la localidad. - Noticias Radio Reflejos","isPartOf":{"@id":"https:\/\/www.noticiasradioreflejos.com.ar\/2021\/#website"},"primaryImageOfPage":{"@id":"https:\/\/www.noticiasradioreflejos.com.ar\/2021\/historias-el-paso-de-nazis-en-sierra-de-la-ventana-y-el-descubrimiento-de-tuneles-en-el-gran-hotel-de-la-localidad\/#primaryimage"},"image":{"@id":"https:\/\/www.noticiasradioreflejos.com.ar\/2021\/historias-el-paso-de-nazis-en-sierra-de-la-ventana-y-el-descubrimiento-de-tuneles-en-el-gran-hotel-de-la-localidad\/#primaryimage"},"thumbnailUrl":"","datePublished":"2021-01-27T14:45:35+00:00","author":{"@id":"https:\/\/www.noticiasradioreflejos.com.ar\/2021\/#\/schema\/person\/ad82545263dcc5ec0996818884fd5fb1"},"breadcrumb":{"@id":"https:\/\/www.noticiasradioreflejos.com.ar\/2021\/historias-el-paso-de-nazis-en-sierra-de-la-ventana-y-el-descubrimiento-de-tuneles-en-el-gran-hotel-de-la-localidad\/#breadcrumb"},"inLanguage":"es","potentialAction":[{"@type":"ReadAction","target":["https:\/\/www.noticiasradioreflejos.com.ar\/2021\/historias-el-paso-de-nazis-en-sierra-de-la-ventana-y-el-descubrimiento-de-tuneles-en-el-gran-hotel-de-la-localidad\/"]}]},{"@type":"ImageObject","inLanguage":"es","@id":"https:\/\/www.noticiasradioreflejos.com.ar\/2021\/historias-el-paso-de-nazis-en-sierra-de-la-ventana-y-el-descubrimiento-de-tuneles-en-el-gran-hotel-de-la-localidad\/#primaryimage","url":"","contentUrl":""},{"@type":"BreadcrumbList","@id":"https:\/\/www.noticiasradioreflejos.com.ar\/2021\/historias-el-paso-de-nazis-en-sierra-de-la-ventana-y-el-descubrimiento-de-tuneles-en-el-gran-hotel-de-la-localidad\/#breadcrumb","itemListElement":[{"@type":"ListItem","position":1,"name":"Portada","item":"https:\/\/www.noticiasradioreflejos.com.ar\/2021\/"},{"@type":"ListItem","position":2,"name":"Historias: El paso de nazis en Sierra de la Ventana y el descubrimiento de t\u00faneles en el Gran Hotel de la localidad."}]},{"@type":"WebSite","@id":"https:\/\/www.noticiasradioreflejos.com.ar\/2021\/#website","url":"https:\/\/www.noticiasradioreflejos.com.ar\/2021\/","name":"Noticias Radio Reflejos","description":"Las noticias de mi comarca","potentialAction":[{"@type":"SearchAction","target":{"@type":"EntryPoint","urlTemplate":"https:\/\/www.noticiasradioreflejos.com.ar\/2021\/?s={search_term_string}"},"query-input":{"@type":"PropertyValueSpecification","valueRequired":true,"valueName":"search_term_string"}}],"inLanguage":"es"},{"@type":"Person","@id":"https:\/\/www.noticiasradioreflejos.com.ar\/2021\/#\/schema\/person\/ad82545263dcc5ec0996818884fd5fb1","name":"Arnaldo Botto","image":{"@type":"ImageObject","inLanguage":"es","@id":"https:\/\/www.noticiasradioreflejos.com.ar\/2021\/#\/schema\/person\/image\/","url":"https:\/\/secure.gravatar.com\/avatar\/55cb5e37c1efa326397366e6974cb338056df65cb50e7d64d1cf314e87504837?s=96&d=mm&r=g","contentUrl":"https:\/\/secure.gravatar.com\/avatar\/55cb5e37c1efa326397366e6974cb338056df65cb50e7d64d1cf314e87504837?s=96&d=mm&r=g","caption":"Arnaldo Botto"},"url":"https:\/\/www.noticiasradioreflejos.com.ar\/2021\/author\/arnaldo\/"}]}},"_links":{"self":[{"href":"https:\/\/www.noticiasradioreflejos.com.ar\/2021\/wp-json\/wp\/v2\/posts\/51756","targetHints":{"allow":["GET"]}}],"collection":[{"href":"https:\/\/www.noticiasradioreflejos.com.ar\/2021\/wp-json\/wp\/v2\/posts"}],"about":[{"href":"https:\/\/www.noticiasradioreflejos.com.ar\/2021\/wp-json\/wp\/v2\/types\/post"}],"author":[{"embeddable":true,"href":"https:\/\/www.noticiasradioreflejos.com.ar\/2021\/wp-json\/wp\/v2\/users\/3"}],"replies":[{"embeddable":true,"href":"https:\/\/www.noticiasradioreflejos.com.ar\/2021\/wp-json\/wp\/v2\/comments?post=51756"}],"version-history":[{"count":0,"href":"https:\/\/www.noticiasradioreflejos.com.ar\/2021\/wp-json\/wp\/v2\/posts\/51756\/revisions"}],"wp:featuredmedia":[{"embeddable":true,"href":"https:\/\/www.noticiasradioreflejos.com.ar\/2021\/wp-json\/"}],"wp:attachment":[{"href":"https:\/\/www.noticiasradioreflejos.com.ar\/2021\/wp-json\/wp\/v2\/media?parent=51756"}],"wp:term":[{"taxonomy":"category","embeddable":true,"href":"https:\/\/www.noticiasradioreflejos.com.ar\/2021\/wp-json\/wp\/v2\/categories?post=51756"},{"taxonomy":"post_tag","embeddable":true,"href":"https:\/\/www.noticiasradioreflejos.com.ar\/2021\/wp-json\/wp\/v2\/tags?post=51756"}],"curies":[{"name":"wp","href":"https:\/\/api.w.org\/{rel}","templated":true}]}}