{"id":51752,"date":"2021-01-27T11:21:04","date_gmt":"2021-01-27T14:21:04","guid":{"rendered":"http:\/\/www.noticiasradioreflejos.com.ar\/noticias\/?p=51752"},"modified":"2021-01-27T11:21:04","modified_gmt":"2021-01-27T14:21:04","slug":"derecho-a-disfrutar-el-verano","status":"publish","type":"post","link":"https:\/\/www.noticiasradioreflejos.com.ar\/2021\/derecho-a-disfrutar-el-verano\/","title":{"rendered":"Derecho a disfrutar el verano."},"content":{"rendered":"<p><strong>Andrea Cabrera<\/strong> domiciliada en <strong>Freyre (C\u00f3rdoba)<\/strong> solicita a trav\u00e9s de su\u00a0<strong><a href=\"https:\/\/www.facebook.com\/andrea.cabrera.96387\" target=\"_blank\" data-saferedirecturl=\"https:\/\/www.google.com\/url?q=https:\/\/www.facebook.com\/andrea.cabrera.96387&amp;source=gmail&amp;ust=1611842704537000&amp;usg=AFQjCNHTyW6h2Qg2vgPLM8vM8X7vNrLwDw\" rel=\"noopener\">https:\/\/www.facebook.com\/<wbr \/>andrea.cabrera.96387<\/a><\/strong>\u00a0que compartan \u00e9ste mensaje para que llegue a quienes tienen hacerse cargo.<\/p>\n<p>Andrea Cabrera quien padece Esclerosis M\u00faltiple integra RBC Freyre (Rehabilitaci\u00f3n basada en la comunidad) desde donde gestionan para conseguir mayor accesibilidad entre otras acciones.<!--more--><\/p>\n<p>Soy <strong>Andrea Cabrera<\/strong>, tengo 45 a\u00f1os, a los 20 me diagnosticaron con Esclerosis M\u00faltiple; hice muchos tratamientos para que esta enfermedad no avance y mejorar mi calidad de vida, Sin embargo, despu\u00e9s de 25 a\u00f1os de ese diagn\u00f3stico, hace un tiempo que utilizo para movilizarme silla de ruedas y\/o andador.<\/p>\n<p>Tras un a\u00f1o 2020 muy dif\u00edcil para todos, la semana pasada fui a <strong>Potrero de Garay<\/strong> para descansar y lo que pretend\u00eda ser un momento de tranquilidad y disfrute, termin\u00f3 siendo un suplicio para m\u00ed y mi familia.<br \/>\nEl viaje para llegar a destino ya fue muy complicado: encontrar una estaci\u00f3n de servicio con ba\u00f1os para discapacitados adecuados y limpios fue una tarea casi imposible. Casi tanto como encontrar restaurantes con sanitarios en condiciones para alguien como yo, con una discapacidad f\u00edsica.<\/p>\n<p>Fuimos a varios lugares de conocida \u201cfama\u201d en <strong>San Clemente<\/strong>, <strong>Potrero de Garay<\/strong>, <strong>Villa Ciudad de Am\u00e9rica<\/strong> y <strong>Los Reartes<\/strong>; en ninguno de ellos hab\u00eda ba\u00f1o para discapacitados, ni siquiera puertas anchas para que pase con el andador. Ni hablar de la existencia de una rampa. Y si hablamos de mojar los pies en alg\u00fan r\u00edo serrano, misi\u00f3n imposible, ni una \u201cbajada accesible\u201d, por lo que volv\u00ed a Freyre sin tocar el agua, con la frustraci\u00f3n de no poder disfrutar con mi familia esos momentos, solo me qued\u00f3 la opci\u00f3n de mirar de lejos.<br \/>\nY me pregunto, con mucho dolor, en esta Argentina donde todos reclaman por sus derechos (a abortar, a la igualdad de g\u00e9nero, a la asignaci\u00f3n universal por hijos, entre tantos otros), nosotros, los que no podemos caminar, \u00bfno tenemos derecho a disfrutar de unas vacaciones?<br \/>\nEsto es solo una muestra de todo lo que nos falta como sociedad para trabajar seriamente por la <span style=\"color: #ff0000;\"><strong>INCLUSI\u00d3N<\/strong><\/span>. En la mayor\u00eda de los casos, las personas con cualquier tipo de discapacidad sufrimos a diario la vulneraci\u00f3n de nuestros derechos.<\/p>\n<p><span style=\"color: #008000;\"><strong>Andrea Cabrera &#8211; Integrante RBC \u2013 Freyre<\/strong><\/span><\/p>\n","protected":false},"excerpt":{"rendered":"<p>Andrea Cabrera domiciliada en Freyre (C\u00f3rdoba) solicita a trav\u00e9s de su\u00a0https:\/\/www.facebook.com\/andrea.cabrera.96387\u00a0que compartan \u00e9ste mensaje para que llegue a quienes tienen hacerse cargo. Andrea Cabrera quien padece Esclerosis M\u00faltiple integra RBC Freyre (Rehabilitaci\u00f3n basada en la comunidad) desde donde gestionan para conseguir mayor accesibilidad entre otras acciones.<\/p>\n","protected":false},"author":3,"featured_media":51753,"comment_status":"closed","ping_status":"open","sticky":false,"template":"","format":"standard","meta":{"footnotes":""},"categories":[26],"tags":[],"class_list":["post-51752","post","type-post","status-publish","format-standard","has-post-thumbnail","hentry","category-sociedad"],"yoast_head":"<!-- This site is optimized with the Yoast SEO plugin v25.9 - https:\/\/yoast.com\/wordpress\/plugins\/seo\/ -->\n<title>Derecho a disfrutar el verano. - Noticias Radio Reflejos<\/title>\n<meta name=\"robots\" content=\"index, follow, max-snippet:-1, max-image-preview:large, max-video-preview:-1\" \/>\n<link rel=\"canonical\" href=\"https:\/\/www.noticiasradioreflejos.com.ar\/2021\/derecho-a-disfrutar-el-verano\/\" \/>\n<meta property=\"og:locale\" content=\"es_ES\" \/>\n<meta property=\"og:type\" content=\"article\" \/>\n<meta property=\"og:title\" content=\"Derecho a disfrutar el verano. - Noticias Radio Reflejos\" \/>\n<meta property=\"og:description\" content=\"Andrea Cabrera domiciliada en Freyre (C\u00f3rdoba) solicita a trav\u00e9s de su\u00a0https:\/\/www.facebook.com\/andrea.cabrera.96387\u00a0que compartan \u00e9ste mensaje para que llegue a quienes tienen hacerse cargo. Andrea Cabrera quien padece Esclerosis M\u00faltiple integra RBC Freyre (Rehabilitaci\u00f3n basada en la comunidad) desde donde gestionan para conseguir mayor accesibilidad entre otras acciones.\" \/>\n<meta property=\"og:url\" content=\"https:\/\/www.noticiasradioreflejos.com.ar\/2021\/derecho-a-disfrutar-el-verano\/\" \/>\n<meta property=\"og:site_name\" content=\"Noticias Radio Reflejos\" \/>\n<meta property=\"article:published_time\" content=\"2021-01-27T14:21:04+00:00\" \/>\n<meta property=\"og:image\" content=\"https:\/\/www.noticiasradioreflejos.com.ar\/2021\/wp-content\/uploads\/2021\/07\/logosol300x200.png\" \/>\n\t<meta property=\"og:image:width\" content=\"300\" \/>\n\t<meta property=\"og:image:height\" content=\"200\" \/>\n\t<meta property=\"og:image:type\" content=\"image\/png\" \/>\n<meta name=\"author\" content=\"Arnaldo Botto\" \/>\n<meta name=\"twitter:card\" content=\"summary_large_image\" \/>\n<script type=\"application\/ld+json\" class=\"yoast-schema-graph\">{\"@context\":\"https:\/\/schema.org\",\"@graph\":[{\"@type\":\"WebPage\",\"@id\":\"https:\/\/www.noticiasradioreflejos.com.ar\/2021\/derecho-a-disfrutar-el-verano\/\",\"url\":\"https:\/\/www.noticiasradioreflejos.com.ar\/2021\/derecho-a-disfrutar-el-verano\/\",\"name\":\"Derecho a disfrutar el verano. - Noticias Radio Reflejos\",\"isPartOf\":{\"@id\":\"https:\/\/www.noticiasradioreflejos.com.ar\/2021\/#website\"},\"primaryImageOfPage\":{\"@id\":\"https:\/\/www.noticiasradioreflejos.com.ar\/2021\/derecho-a-disfrutar-el-verano\/#primaryimage\"},\"image\":{\"@id\":\"https:\/\/www.noticiasradioreflejos.com.ar\/2021\/derecho-a-disfrutar-el-verano\/#primaryimage\"},\"thumbnailUrl\":\"\",\"datePublished\":\"2021-01-27T14:21:04+00:00\",\"author\":{\"@id\":\"https:\/\/www.noticiasradioreflejos.com.ar\/2021\/#\/schema\/person\/ad82545263dcc5ec0996818884fd5fb1\"},\"breadcrumb\":{\"@id\":\"https:\/\/www.noticiasradioreflejos.com.ar\/2021\/derecho-a-disfrutar-el-verano\/#breadcrumb\"},\"inLanguage\":\"es\",\"potentialAction\":[{\"@type\":\"ReadAction\",\"target\":[\"https:\/\/www.noticiasradioreflejos.com.ar\/2021\/derecho-a-disfrutar-el-verano\/\"]}]},{\"@type\":\"ImageObject\",\"inLanguage\":\"es\",\"@id\":\"https:\/\/www.noticiasradioreflejos.com.ar\/2021\/derecho-a-disfrutar-el-verano\/#primaryimage\",\"url\":\"\",\"contentUrl\":\"\"},{\"@type\":\"BreadcrumbList\",\"@id\":\"https:\/\/www.noticiasradioreflejos.com.ar\/2021\/derecho-a-disfrutar-el-verano\/#breadcrumb\",\"itemListElement\":[{\"@type\":\"ListItem\",\"position\":1,\"name\":\"Portada\",\"item\":\"https:\/\/www.noticiasradioreflejos.com.ar\/2021\/\"},{\"@type\":\"ListItem\",\"position\":2,\"name\":\"Derecho a disfrutar el verano.\"}]},{\"@type\":\"WebSite\",\"@id\":\"https:\/\/www.noticiasradioreflejos.com.ar\/2021\/#website\",\"url\":\"https:\/\/www.noticiasradioreflejos.com.ar\/2021\/\",\"name\":\"Noticias Radio Reflejos\",\"description\":\"Las noticias de mi comarca\",\"potentialAction\":[{\"@type\":\"SearchAction\",\"target\":{\"@type\":\"EntryPoint\",\"urlTemplate\":\"https:\/\/www.noticiasradioreflejos.com.ar\/2021\/?s={search_term_string}\"},\"query-input\":{\"@type\":\"PropertyValueSpecification\",\"valueRequired\":true,\"valueName\":\"search_term_string\"}}],\"inLanguage\":\"es\"},{\"@type\":\"Person\",\"@id\":\"https:\/\/www.noticiasradioreflejos.com.ar\/2021\/#\/schema\/person\/ad82545263dcc5ec0996818884fd5fb1\",\"name\":\"Arnaldo Botto\",\"image\":{\"@type\":\"ImageObject\",\"inLanguage\":\"es\",\"@id\":\"https:\/\/www.noticiasradioreflejos.com.ar\/2021\/#\/schema\/person\/image\/\",\"url\":\"https:\/\/secure.gravatar.com\/avatar\/55cb5e37c1efa326397366e6974cb338056df65cb50e7d64d1cf314e87504837?s=96&d=mm&r=g\",\"contentUrl\":\"https:\/\/secure.gravatar.com\/avatar\/55cb5e37c1efa326397366e6974cb338056df65cb50e7d64d1cf314e87504837?s=96&d=mm&r=g\",\"caption\":\"Arnaldo Botto\"},\"url\":\"https:\/\/www.noticiasradioreflejos.com.ar\/2021\/author\/arnaldo\/\"}]}<\/script>\n<!-- \/ Yoast SEO plugin. -->","yoast_head_json":{"title":"Derecho a disfrutar el verano. - Noticias Radio Reflejos","robots":{"index":"index","follow":"follow","max-snippet":"max-snippet:-1","max-image-preview":"max-image-preview:large","max-video-preview":"max-video-preview:-1"},"canonical":"https:\/\/www.noticiasradioreflejos.com.ar\/2021\/derecho-a-disfrutar-el-verano\/","og_locale":"es_ES","og_type":"article","og_title":"Derecho a disfrutar el verano. - Noticias Radio Reflejos","og_description":"Andrea Cabrera domiciliada en Freyre (C\u00f3rdoba) solicita a trav\u00e9s de su\u00a0https:\/\/www.facebook.com\/andrea.cabrera.96387\u00a0que compartan \u00e9ste mensaje para que llegue a quienes tienen hacerse cargo. Andrea Cabrera quien padece Esclerosis M\u00faltiple integra RBC Freyre (Rehabilitaci\u00f3n basada en la comunidad) desde donde gestionan para conseguir mayor accesibilidad entre otras acciones.","og_url":"https:\/\/www.noticiasradioreflejos.com.ar\/2021\/derecho-a-disfrutar-el-verano\/","og_site_name":"Noticias Radio Reflejos","article_published_time":"2021-01-27T14:21:04+00:00","og_image":[{"width":300,"height":200,"url":"https:\/\/www.noticiasradioreflejos.com.ar\/2021\/wp-content\/uploads\/2021\/07\/logosol300x200.png","type":"image\/png"}],"author":"Arnaldo Botto","twitter_card":"summary_large_image","schema":{"@context":"https:\/\/schema.org","@graph":[{"@type":"WebPage","@id":"https:\/\/www.noticiasradioreflejos.com.ar\/2021\/derecho-a-disfrutar-el-verano\/","url":"https:\/\/www.noticiasradioreflejos.com.ar\/2021\/derecho-a-disfrutar-el-verano\/","name":"Derecho a disfrutar el verano. - Noticias Radio Reflejos","isPartOf":{"@id":"https:\/\/www.noticiasradioreflejos.com.ar\/2021\/#website"},"primaryImageOfPage":{"@id":"https:\/\/www.noticiasradioreflejos.com.ar\/2021\/derecho-a-disfrutar-el-verano\/#primaryimage"},"image":{"@id":"https:\/\/www.noticiasradioreflejos.com.ar\/2021\/derecho-a-disfrutar-el-verano\/#primaryimage"},"thumbnailUrl":"","datePublished":"2021-01-27T14:21:04+00:00","author":{"@id":"https:\/\/www.noticiasradioreflejos.com.ar\/2021\/#\/schema\/person\/ad82545263dcc5ec0996818884fd5fb1"},"breadcrumb":{"@id":"https:\/\/www.noticiasradioreflejos.com.ar\/2021\/derecho-a-disfrutar-el-verano\/#breadcrumb"},"inLanguage":"es","potentialAction":[{"@type":"ReadAction","target":["https:\/\/www.noticiasradioreflejos.com.ar\/2021\/derecho-a-disfrutar-el-verano\/"]}]},{"@type":"ImageObject","inLanguage":"es","@id":"https:\/\/www.noticiasradioreflejos.com.ar\/2021\/derecho-a-disfrutar-el-verano\/#primaryimage","url":"","contentUrl":""},{"@type":"BreadcrumbList","@id":"https:\/\/www.noticiasradioreflejos.com.ar\/2021\/derecho-a-disfrutar-el-verano\/#breadcrumb","itemListElement":[{"@type":"ListItem","position":1,"name":"Portada","item":"https:\/\/www.noticiasradioreflejos.com.ar\/2021\/"},{"@type":"ListItem","position":2,"name":"Derecho a disfrutar el verano."}]},{"@type":"WebSite","@id":"https:\/\/www.noticiasradioreflejos.com.ar\/2021\/#website","url":"https:\/\/www.noticiasradioreflejos.com.ar\/2021\/","name":"Noticias Radio Reflejos","description":"Las noticias de mi comarca","potentialAction":[{"@type":"SearchAction","target":{"@type":"EntryPoint","urlTemplate":"https:\/\/www.noticiasradioreflejos.com.ar\/2021\/?s={search_term_string}"},"query-input":{"@type":"PropertyValueSpecification","valueRequired":true,"valueName":"search_term_string"}}],"inLanguage":"es"},{"@type":"Person","@id":"https:\/\/www.noticiasradioreflejos.com.ar\/2021\/#\/schema\/person\/ad82545263dcc5ec0996818884fd5fb1","name":"Arnaldo Botto","image":{"@type":"ImageObject","inLanguage":"es","@id":"https:\/\/www.noticiasradioreflejos.com.ar\/2021\/#\/schema\/person\/image\/","url":"https:\/\/secure.gravatar.com\/avatar\/55cb5e37c1efa326397366e6974cb338056df65cb50e7d64d1cf314e87504837?s=96&d=mm&r=g","contentUrl":"https:\/\/secure.gravatar.com\/avatar\/55cb5e37c1efa326397366e6974cb338056df65cb50e7d64d1cf314e87504837?s=96&d=mm&r=g","caption":"Arnaldo Botto"},"url":"https:\/\/www.noticiasradioreflejos.com.ar\/2021\/author\/arnaldo\/"}]}},"_links":{"self":[{"href":"https:\/\/www.noticiasradioreflejos.com.ar\/2021\/wp-json\/wp\/v2\/posts\/51752","targetHints":{"allow":["GET"]}}],"collection":[{"href":"https:\/\/www.noticiasradioreflejos.com.ar\/2021\/wp-json\/wp\/v2\/posts"}],"about":[{"href":"https:\/\/www.noticiasradioreflejos.com.ar\/2021\/wp-json\/wp\/v2\/types\/post"}],"author":[{"embeddable":true,"href":"https:\/\/www.noticiasradioreflejos.com.ar\/2021\/wp-json\/wp\/v2\/users\/3"}],"replies":[{"embeddable":true,"href":"https:\/\/www.noticiasradioreflejos.com.ar\/2021\/wp-json\/wp\/v2\/comments?post=51752"}],"version-history":[{"count":0,"href":"https:\/\/www.noticiasradioreflejos.com.ar\/2021\/wp-json\/wp\/v2\/posts\/51752\/revisions"}],"wp:featuredmedia":[{"embeddable":true,"href":"https:\/\/www.noticiasradioreflejos.com.ar\/2021\/wp-json\/"}],"wp:attachment":[{"href":"https:\/\/www.noticiasradioreflejos.com.ar\/2021\/wp-json\/wp\/v2\/media?parent=51752"}],"wp:term":[{"taxonomy":"category","embeddable":true,"href":"https:\/\/www.noticiasradioreflejos.com.ar\/2021\/wp-json\/wp\/v2\/categories?post=51752"},{"taxonomy":"post_tag","embeddable":true,"href":"https:\/\/www.noticiasradioreflejos.com.ar\/2021\/wp-json\/wp\/v2\/tags?post=51752"}],"curies":[{"name":"wp","href":"https:\/\/api.w.org\/{rel}","templated":true}]}}