{"id":51741,"date":"2021-01-27T09:50:25","date_gmt":"2021-01-27T12:50:25","guid":{"rendered":"http:\/\/www.noticiasradioreflejos.com.ar\/noticias\/?p=51741"},"modified":"2021-01-27T09:50:25","modified_gmt":"2021-01-27T12:50:25","slug":"se-le-fue-el-auto-y-quedo-colgado-de-una-alcantarilla","status":"publish","type":"post","link":"https:\/\/www.noticiasradioreflejos.com.ar\/2021\/se-le-fue-el-auto-y-quedo-colgado-de-una-alcantarilla\/","title":{"rendered":"Se le fue el auto y qued\u00f3 colgado de una alcantarilla."},"content":{"rendered":"<p>El hecho ocurri\u00f3 a las 2,39 de este mi\u00e9rcoles 27 de enero, cuando el conductor de un Renault 9 perdi\u00f3 el control y su veh\u00edculo se desplaz\u00f3 marcha atr\u00e1s hasta que termin\u00f3 montado en una alcantarilla de Av. Tres Picos en intersecci\u00f3n con la Ruta 72 en Sierra de la Ventana. <!--more--><\/p>\n<p>Su conductor, Mart\u00edn Miguel Morales no sufri\u00f3 heridas en la colisi\u00f3n, los Bomberos Voluntarios acudieron en ayuda pero no pudieron sacar el auto del lugar hasta que esta ma\u00f1ana, con equipos municipales lograros retirarlo.<\/p>\n","protected":false},"excerpt":{"rendered":"<p>El hecho ocurri\u00f3 a las 2,39 de este mi\u00e9rcoles 27 de enero, cuando el conductor de un Renault 9 perdi\u00f3 el control y su veh\u00edculo se desplaz\u00f3 marcha atr\u00e1s hasta que termin\u00f3 montado en una alcantarilla de Av. Tres Picos en intersecci\u00f3n con la Ruta 72 en Sierra de la Ventana.<\/p>\n","protected":false},"author":3,"featured_media":51742,"comment_status":"closed","ping_status":"open","sticky":false,"template":"","format":"standard","meta":{"footnotes":""},"categories":[29],"tags":[],"class_list":["post-51741","post","type-post","status-publish","format-standard","has-post-thumbnail","hentry","category-policiales"],"yoast_head":"<!-- This site is optimized with the Yoast SEO plugin v25.9 - https:\/\/yoast.com\/wordpress\/plugins\/seo\/ -->\n<title>Se le fue el auto y qued\u00f3 colgado de una alcantarilla. - Noticias Radio Reflejos<\/title>\n<meta name=\"robots\" content=\"index, follow, max-snippet:-1, max-image-preview:large, max-video-preview:-1\" \/>\n<link rel=\"canonical\" href=\"https:\/\/www.noticiasradioreflejos.com.ar\/2021\/se-le-fue-el-auto-y-quedo-colgado-de-una-alcantarilla\/\" \/>\n<meta property=\"og:locale\" content=\"es_ES\" \/>\n<meta property=\"og:type\" content=\"article\" \/>\n<meta property=\"og:title\" content=\"Se le fue el auto y qued\u00f3 colgado de una alcantarilla. - Noticias Radio Reflejos\" \/>\n<meta property=\"og:description\" content=\"El hecho ocurri\u00f3 a las 2,39 de este mi\u00e9rcoles 27 de enero, cuando el conductor de un Renault 9 perdi\u00f3 el control y su veh\u00edculo se desplaz\u00f3 marcha atr\u00e1s hasta que termin\u00f3 montado en una alcantarilla de Av. Tres Picos en intersecci\u00f3n con la Ruta 72 en Sierra de la Ventana.\" \/>\n<meta property=\"og:url\" content=\"https:\/\/www.noticiasradioreflejos.com.ar\/2021\/se-le-fue-el-auto-y-quedo-colgado-de-una-alcantarilla\/\" \/>\n<meta property=\"og:site_name\" content=\"Noticias Radio Reflejos\" \/>\n<meta property=\"article:published_time\" content=\"2021-01-27T12:50:25+00:00\" \/>\n<meta property=\"og:image\" content=\"https:\/\/www.noticiasradioreflejos.com.ar\/2021\/wp-content\/uploads\/2021\/07\/logosol300x200.png\" \/>\n\t<meta property=\"og:image:width\" content=\"300\" \/>\n\t<meta property=\"og:image:height\" content=\"200\" \/>\n\t<meta property=\"og:image:type\" content=\"image\/png\" \/>\n<meta name=\"author\" content=\"Arnaldo Botto\" \/>\n<meta name=\"twitter:card\" content=\"summary_large_image\" \/>\n<script type=\"application\/ld+json\" class=\"yoast-schema-graph\">{\"@context\":\"https:\/\/schema.org\",\"@graph\":[{\"@type\":\"WebPage\",\"@id\":\"https:\/\/www.noticiasradioreflejos.com.ar\/2021\/se-le-fue-el-auto-y-quedo-colgado-de-una-alcantarilla\/\",\"url\":\"https:\/\/www.noticiasradioreflejos.com.ar\/2021\/se-le-fue-el-auto-y-quedo-colgado-de-una-alcantarilla\/\",\"name\":\"Se le fue el auto y qued\u00f3 colgado de una alcantarilla. - Noticias Radio Reflejos\",\"isPartOf\":{\"@id\":\"https:\/\/www.noticiasradioreflejos.com.ar\/2021\/#website\"},\"primaryImageOfPage\":{\"@id\":\"https:\/\/www.noticiasradioreflejos.com.ar\/2021\/se-le-fue-el-auto-y-quedo-colgado-de-una-alcantarilla\/#primaryimage\"},\"image\":{\"@id\":\"https:\/\/www.noticiasradioreflejos.com.ar\/2021\/se-le-fue-el-auto-y-quedo-colgado-de-una-alcantarilla\/#primaryimage\"},\"thumbnailUrl\":\"\",\"datePublished\":\"2021-01-27T12:50:25+00:00\",\"author\":{\"@id\":\"https:\/\/www.noticiasradioreflejos.com.ar\/2021\/#\/schema\/person\/ad82545263dcc5ec0996818884fd5fb1\"},\"breadcrumb\":{\"@id\":\"https:\/\/www.noticiasradioreflejos.com.ar\/2021\/se-le-fue-el-auto-y-quedo-colgado-de-una-alcantarilla\/#breadcrumb\"},\"inLanguage\":\"es\",\"potentialAction\":[{\"@type\":\"ReadAction\",\"target\":[\"https:\/\/www.noticiasradioreflejos.com.ar\/2021\/se-le-fue-el-auto-y-quedo-colgado-de-una-alcantarilla\/\"]}]},{\"@type\":\"ImageObject\",\"inLanguage\":\"es\",\"@id\":\"https:\/\/www.noticiasradioreflejos.com.ar\/2021\/se-le-fue-el-auto-y-quedo-colgado-de-una-alcantarilla\/#primaryimage\",\"url\":\"\",\"contentUrl\":\"\"},{\"@type\":\"BreadcrumbList\",\"@id\":\"https:\/\/www.noticiasradioreflejos.com.ar\/2021\/se-le-fue-el-auto-y-quedo-colgado-de-una-alcantarilla\/#breadcrumb\",\"itemListElement\":[{\"@type\":\"ListItem\",\"position\":1,\"name\":\"Portada\",\"item\":\"https:\/\/www.noticiasradioreflejos.com.ar\/2021\/\"},{\"@type\":\"ListItem\",\"position\":2,\"name\":\"Se le fue el auto y qued\u00f3 colgado de una alcantarilla.\"}]},{\"@type\":\"WebSite\",\"@id\":\"https:\/\/www.noticiasradioreflejos.com.ar\/2021\/#website\",\"url\":\"https:\/\/www.noticiasradioreflejos.com.ar\/2021\/\",\"name\":\"Noticias Radio Reflejos\",\"description\":\"Las noticias de mi comarca\",\"potentialAction\":[{\"@type\":\"SearchAction\",\"target\":{\"@type\":\"EntryPoint\",\"urlTemplate\":\"https:\/\/www.noticiasradioreflejos.com.ar\/2021\/?s={search_term_string}\"},\"query-input\":{\"@type\":\"PropertyValueSpecification\",\"valueRequired\":true,\"valueName\":\"search_term_string\"}}],\"inLanguage\":\"es\"},{\"@type\":\"Person\",\"@id\":\"https:\/\/www.noticiasradioreflejos.com.ar\/2021\/#\/schema\/person\/ad82545263dcc5ec0996818884fd5fb1\",\"name\":\"Arnaldo Botto\",\"image\":{\"@type\":\"ImageObject\",\"inLanguage\":\"es\",\"@id\":\"https:\/\/www.noticiasradioreflejos.com.ar\/2021\/#\/schema\/person\/image\/\",\"url\":\"https:\/\/secure.gravatar.com\/avatar\/55cb5e37c1efa326397366e6974cb338056df65cb50e7d64d1cf314e87504837?s=96&d=mm&r=g\",\"contentUrl\":\"https:\/\/secure.gravatar.com\/avatar\/55cb5e37c1efa326397366e6974cb338056df65cb50e7d64d1cf314e87504837?s=96&d=mm&r=g\",\"caption\":\"Arnaldo Botto\"},\"url\":\"https:\/\/www.noticiasradioreflejos.com.ar\/2021\/author\/arnaldo\/\"}]}<\/script>\n<!-- \/ Yoast SEO plugin. -->","yoast_head_json":{"title":"Se le fue el auto y qued\u00f3 colgado de una alcantarilla. - Noticias Radio Reflejos","robots":{"index":"index","follow":"follow","max-snippet":"max-snippet:-1","max-image-preview":"max-image-preview:large","max-video-preview":"max-video-preview:-1"},"canonical":"https:\/\/www.noticiasradioreflejos.com.ar\/2021\/se-le-fue-el-auto-y-quedo-colgado-de-una-alcantarilla\/","og_locale":"es_ES","og_type":"article","og_title":"Se le fue el auto y qued\u00f3 colgado de una alcantarilla. - Noticias Radio Reflejos","og_description":"El hecho ocurri\u00f3 a las 2,39 de este mi\u00e9rcoles 27 de enero, cuando el conductor de un Renault 9 perdi\u00f3 el control y su veh\u00edculo se desplaz\u00f3 marcha atr\u00e1s hasta que termin\u00f3 montado en una alcantarilla de Av. Tres Picos en intersecci\u00f3n con la Ruta 72 en Sierra de la Ventana.","og_url":"https:\/\/www.noticiasradioreflejos.com.ar\/2021\/se-le-fue-el-auto-y-quedo-colgado-de-una-alcantarilla\/","og_site_name":"Noticias Radio Reflejos","article_published_time":"2021-01-27T12:50:25+00:00","og_image":[{"width":300,"height":200,"url":"https:\/\/www.noticiasradioreflejos.com.ar\/2021\/wp-content\/uploads\/2021\/07\/logosol300x200.png","type":"image\/png"}],"author":"Arnaldo Botto","twitter_card":"summary_large_image","schema":{"@context":"https:\/\/schema.org","@graph":[{"@type":"WebPage","@id":"https:\/\/www.noticiasradioreflejos.com.ar\/2021\/se-le-fue-el-auto-y-quedo-colgado-de-una-alcantarilla\/","url":"https:\/\/www.noticiasradioreflejos.com.ar\/2021\/se-le-fue-el-auto-y-quedo-colgado-de-una-alcantarilla\/","name":"Se le fue el auto y qued\u00f3 colgado de una alcantarilla. - Noticias Radio Reflejos","isPartOf":{"@id":"https:\/\/www.noticiasradioreflejos.com.ar\/2021\/#website"},"primaryImageOfPage":{"@id":"https:\/\/www.noticiasradioreflejos.com.ar\/2021\/se-le-fue-el-auto-y-quedo-colgado-de-una-alcantarilla\/#primaryimage"},"image":{"@id":"https:\/\/www.noticiasradioreflejos.com.ar\/2021\/se-le-fue-el-auto-y-quedo-colgado-de-una-alcantarilla\/#primaryimage"},"thumbnailUrl":"","datePublished":"2021-01-27T12:50:25+00:00","author":{"@id":"https:\/\/www.noticiasradioreflejos.com.ar\/2021\/#\/schema\/person\/ad82545263dcc5ec0996818884fd5fb1"},"breadcrumb":{"@id":"https:\/\/www.noticiasradioreflejos.com.ar\/2021\/se-le-fue-el-auto-y-quedo-colgado-de-una-alcantarilla\/#breadcrumb"},"inLanguage":"es","potentialAction":[{"@type":"ReadAction","target":["https:\/\/www.noticiasradioreflejos.com.ar\/2021\/se-le-fue-el-auto-y-quedo-colgado-de-una-alcantarilla\/"]}]},{"@type":"ImageObject","inLanguage":"es","@id":"https:\/\/www.noticiasradioreflejos.com.ar\/2021\/se-le-fue-el-auto-y-quedo-colgado-de-una-alcantarilla\/#primaryimage","url":"","contentUrl":""},{"@type":"BreadcrumbList","@id":"https:\/\/www.noticiasradioreflejos.com.ar\/2021\/se-le-fue-el-auto-y-quedo-colgado-de-una-alcantarilla\/#breadcrumb","itemListElement":[{"@type":"ListItem","position":1,"name":"Portada","item":"https:\/\/www.noticiasradioreflejos.com.ar\/2021\/"},{"@type":"ListItem","position":2,"name":"Se le fue el auto y qued\u00f3 colgado de una alcantarilla."}]},{"@type":"WebSite","@id":"https:\/\/www.noticiasradioreflejos.com.ar\/2021\/#website","url":"https:\/\/www.noticiasradioreflejos.com.ar\/2021\/","name":"Noticias Radio Reflejos","description":"Las noticias de mi comarca","potentialAction":[{"@type":"SearchAction","target":{"@type":"EntryPoint","urlTemplate":"https:\/\/www.noticiasradioreflejos.com.ar\/2021\/?s={search_term_string}"},"query-input":{"@type":"PropertyValueSpecification","valueRequired":true,"valueName":"search_term_string"}}],"inLanguage":"es"},{"@type":"Person","@id":"https:\/\/www.noticiasradioreflejos.com.ar\/2021\/#\/schema\/person\/ad82545263dcc5ec0996818884fd5fb1","name":"Arnaldo Botto","image":{"@type":"ImageObject","inLanguage":"es","@id":"https:\/\/www.noticiasradioreflejos.com.ar\/2021\/#\/schema\/person\/image\/","url":"https:\/\/secure.gravatar.com\/avatar\/55cb5e37c1efa326397366e6974cb338056df65cb50e7d64d1cf314e87504837?s=96&d=mm&r=g","contentUrl":"https:\/\/secure.gravatar.com\/avatar\/55cb5e37c1efa326397366e6974cb338056df65cb50e7d64d1cf314e87504837?s=96&d=mm&r=g","caption":"Arnaldo Botto"},"url":"https:\/\/www.noticiasradioreflejos.com.ar\/2021\/author\/arnaldo\/"}]}},"_links":{"self":[{"href":"https:\/\/www.noticiasradioreflejos.com.ar\/2021\/wp-json\/wp\/v2\/posts\/51741","targetHints":{"allow":["GET"]}}],"collection":[{"href":"https:\/\/www.noticiasradioreflejos.com.ar\/2021\/wp-json\/wp\/v2\/posts"}],"about":[{"href":"https:\/\/www.noticiasradioreflejos.com.ar\/2021\/wp-json\/wp\/v2\/types\/post"}],"author":[{"embeddable":true,"href":"https:\/\/www.noticiasradioreflejos.com.ar\/2021\/wp-json\/wp\/v2\/users\/3"}],"replies":[{"embeddable":true,"href":"https:\/\/www.noticiasradioreflejos.com.ar\/2021\/wp-json\/wp\/v2\/comments?post=51741"}],"version-history":[{"count":0,"href":"https:\/\/www.noticiasradioreflejos.com.ar\/2021\/wp-json\/wp\/v2\/posts\/51741\/revisions"}],"wp:featuredmedia":[{"embeddable":true,"href":"https:\/\/www.noticiasradioreflejos.com.ar\/2021\/wp-json\/"}],"wp:attachment":[{"href":"https:\/\/www.noticiasradioreflejos.com.ar\/2021\/wp-json\/wp\/v2\/media?parent=51741"}],"wp:term":[{"taxonomy":"category","embeddable":true,"href":"https:\/\/www.noticiasradioreflejos.com.ar\/2021\/wp-json\/wp\/v2\/categories?post=51741"},{"taxonomy":"post_tag","embeddable":true,"href":"https:\/\/www.noticiasradioreflejos.com.ar\/2021\/wp-json\/wp\/v2\/tags?post=51741"}],"curies":[{"name":"wp","href":"https:\/\/api.w.org\/{rel}","templated":true}]}}