{"id":51698,"date":"2021-01-26T19:43:09","date_gmt":"2021-01-26T22:43:09","guid":{"rendered":"http:\/\/www.noticiasradioreflejos.com.ar\/noticias\/?p=51698"},"modified":"2021-01-26T19:43:09","modified_gmt":"2021-01-26T22:43:09","slug":"evaluan-medidas-de-apoyo-el-turismo","status":"publish","type":"post","link":"https:\/\/www.noticiasradioreflejos.com.ar\/2021\/evaluan-medidas-de-apoyo-el-turismo\/","title":{"rendered":"Eval\u00faan medidas de apoyo el turismo"},"content":{"rendered":"<p>La c\u00e1mara reclama que extiendan los ATP por otros 6 meses<!--more--><\/p>\n<div class=\"article-author\">Por\u00a0<a href=\"https:\/\/www.pagina12.com.ar\/autores\/272523-natali-risso\">Natal\u00ed Risso<\/a><\/div>\n<div class=\"article-main-media-social show-for-medium\"><\/div>\n<div class=\"article-main-media-image\">\n<div class=\"article-main-media-image__container object-fit-block--contain intrinsic-container intrinsic-container-3x2\"><img decoding=\"async\" class=\"show-for-xlarge lazyloaded\" src=\"https:\/\/images.pagina12.com.ar\/styles\/focal_3_2_960x640\/public\/2021-01\/136557-12-20b.jpeg?itok=qOrRlAo5\" data-src=\"https:\/\/images.pagina12.com.ar\/styles\/focal_3_2_960x640\/public\/2021-01\/136557-12-20b.jpeg?itok=qOrRlAo5\" \/><\/div>\n<\/div>\n<div class=\"article-body diario\">\n<div class=\"article-text\">\n<p>El pasado fin de semana, r\u00e9cord en cantidad de turistas en todo el pa\u00eds, no le permiti\u00f3 dar un respiro al ministro de Turismo y Deporte Mat\u00edas Lammens, quien recibi\u00f3 esta tarde a los directivos de la C\u00e1mara Argentina de Turismo (<b>CAT<\/b>) que reclaman una\u00a0<b>extensi\u00f3n del ATP por seis meses<\/b>\u00a0m\u00e1s para las empresas del sector. Fuentes del gobierno informaron a\u00a0<b>P\u00e1ginaI12\u00a0<\/b>que la medida se est\u00e1 evaluando, pero\u00a0a\u00fan\u00a0 no est\u00e1 confirmada.<\/p>\n<p>Sobre la reuni\u00f3n,\u00a0desde el Ministerio de Turismo aseguraron que eval\u00faan opciones de ayuda sobre todo para los rubros m\u00e1s afectados por la pandemia, como el Hotelero. Adem\u00e1s de la\u00a0<a href=\"https:\/\/www.pagina12.com.ar\/318273-repro-ii-aque-empresas-llegara-para-los-salarios-de-diciembr\">segunda erogaci\u00f3n del programa de\u00a0Recuperaci\u00f3n Productiva (Repro II)<\/a>, que cubre un porcentaje de los salarios de empleados de empresas que atraviesan problemas econ\u00f3micos hasta lanzada hace una semana por el gobierno, analizan otros apoyos con programas desde el Ministerio.<\/p>\n<div id=\"talkFireEvent\"><\/div>\n<p>Como el programa Repro otorga hasta 9.000 pesos por empleado contra los 19.000 del ATP;\u00a0<strong>Aldo El\u00edas, presidente de la CAT,\u00a0<\/strong>inform\u00f3 a\u00a0<strong>P\u00e1ginaI12\u00a0<\/strong>que el Ministerio de Turismo eval\u00faa una opci\u00f3n intermedia que refiere a\u00a0<b>cubrir con presupuestro propio los 10.000 pesos faltantes por empleado<\/b>. Sin embargo, la soluci\u00f3n no los dejar\u00eda conformes: \u00abEl inconveniente es que son dos cajas. En vez de utilizar la herramienta eficiente y eficaz que es el ATP, donde se cobra de manera normalizada, corres el riesgo de que se cobre tarde (el Repro II se deposita el 20 de cada mes) y de dos fuentes distintas\u00bb, explica.<\/p>\n<p>Desde la CAT,\u00a0 insisten en que en la reuni\u00f3n hicieron foco en trabajar para asegurarse la continuidad del ATP en el marco de la ley de recuperaci\u00f3n tur\u00edstica votada hace seis meses por unanimidad en el Congreso; que le da al Jefe de gabinete Santiago Cafiero la potestad de extender erramientas que permitan ayudar a un sector que \u00abfue el primero que par\u00f3 y el \u00faltimo en arrancar\u00bb, concluye El\u00edas.<\/p>\n<h2><b>Fin de semana r\u00e9cord<\/b><\/h2>\n<p>A casi dos meses del comienzo de la temporada, la\u00a0<b>movilizaci\u00f3n de turistas por el pa\u00eds alcanz\u00f3 su pico<\/b>\u00a0durante el cuarto fin de semana del a\u00f1o: 2,4 millones de personas. De acuerdo a los datos relevados por autoridades nacionales, desde el inicio de la temporada se movilizaron\u00a0<b>m\u00e1s de 7,2 millones de argentinos<\/b>, principalmente a las provincias de C\u00f3rdoba, R\u00edo Negro y Buenos Aires.<\/p>\n<p>De acuerdo a los registros de los peajes de Aubasa y de los Certificados Verano emitidos, los destinos tur\u00edsticos bonaerenses recibieron este fin de semana la mayor cifra de visitas desde el inicio de la temporada: 745 mil personas. Adem\u00e1s, ya se emitieron 1,5 millones de certificados para viajar dentro de la provincia de Buenos Aires asociados a 3 millones de turistas<\/p>\n<p>La Costa concentr\u00f3 el 29 por ciento del total de certificados para la primera quincena de enero, seguido por General Pueyrredon con el 19 por ciento, Villa Gesell con 10\u00a0por ciento y Pinamar con el 9 por ciento.<\/p>\n<p>\u00abLas reservas para el mes de\u00a0<b>febrero nos dan perspectivas optimistas<\/b>\u201d, detall\u00f3 el ministro de Producci\u00f3n de la Provincia de Buenos Aires,<b>\u00a0Augusto Costa<\/b>, quien tiene bajo su cartera la Subsecretar\u00eda de Turismo. \u00abEn general en febrero cae mucho la gente que viaja, pero este a\u00f1o hay potencialmente demanda de alojamiento en los destinos de la provincia. Estamos teniendo una temporada y eso es fruto del trabajo de mucha gente\u201d, destac\u00f3.<\/p>\n<p>En tanto\u00a0<b>Jorge Ricillo<\/b>, presidente de la\u00a0C\u00e1mara de Empresarios Balnearios, Restaurantes y Afines de Mar del Plata\u00a0(<b>Cebra<\/b>), acompa\u00f1\u00f3 la sensaci\u00f3n de Costa: \u00ab<b>Tengo fe en febrero<\/b>, si nos acompa\u00f1a el clima, poder tener buenos fines de semana y eso nos ayudar\u00eda para poner las cuentas en orden\u00bb y agreg\u00f3 sobre la primera quincena que \u00ablas expectativas se cumplen en la medida que uno hab\u00eda pensado\u00bb.<\/p>\n<\/div>\n<\/div>\n","protected":false},"excerpt":{"rendered":"<p>La c\u00e1mara reclama que extiendan los ATP por otros 6 meses<\/p>\n","protected":false},"author":3,"featured_media":51699,"comment_status":"closed","ping_status":"open","sticky":false,"template":"","format":"standard","meta":{"footnotes":""},"categories":[36,33],"tags":[],"class_list":["post-51698","post","type-post","status-publish","format-standard","has-post-thumbnail","hentry","category-economia","category-turismo"],"yoast_head":"<!-- This site is optimized with the Yoast SEO plugin v25.9 - https:\/\/yoast.com\/wordpress\/plugins\/seo\/ -->\n<title>Eval\u00faan medidas de apoyo el turismo - Noticias Radio Reflejos<\/title>\n<meta name=\"robots\" content=\"index, follow, max-snippet:-1, max-image-preview:large, max-video-preview:-1\" \/>\n<link rel=\"canonical\" href=\"https:\/\/www.noticiasradioreflejos.com.ar\/2021\/evaluan-medidas-de-apoyo-el-turismo\/\" \/>\n<meta property=\"og:locale\" content=\"es_ES\" \/>\n<meta property=\"og:type\" content=\"article\" \/>\n<meta property=\"og:title\" content=\"Eval\u00faan medidas de apoyo el turismo - Noticias Radio Reflejos\" \/>\n<meta property=\"og:description\" content=\"La c\u00e1mara reclama que extiendan los ATP por otros 6 meses\" \/>\n<meta property=\"og:url\" content=\"https:\/\/www.noticiasradioreflejos.com.ar\/2021\/evaluan-medidas-de-apoyo-el-turismo\/\" \/>\n<meta property=\"og:site_name\" content=\"Noticias Radio Reflejos\" \/>\n<meta property=\"article:published_time\" content=\"2021-01-26T22:43:09+00:00\" \/>\n<meta property=\"og:image\" content=\"https:\/\/www.noticiasradioreflejos.com.ar\/2021\/wp-content\/uploads\/2021\/07\/logosol300x200.png\" \/>\n\t<meta property=\"og:image:width\" content=\"300\" \/>\n\t<meta property=\"og:image:height\" content=\"200\" \/>\n\t<meta property=\"og:image:type\" content=\"image\/png\" \/>\n<meta name=\"author\" content=\"Arnaldo Botto\" \/>\n<meta name=\"twitter:card\" content=\"summary_large_image\" \/>\n<script type=\"application\/ld+json\" class=\"yoast-schema-graph\">{\"@context\":\"https:\/\/schema.org\",\"@graph\":[{\"@type\":\"WebPage\",\"@id\":\"https:\/\/www.noticiasradioreflejos.com.ar\/2021\/evaluan-medidas-de-apoyo-el-turismo\/\",\"url\":\"https:\/\/www.noticiasradioreflejos.com.ar\/2021\/evaluan-medidas-de-apoyo-el-turismo\/\",\"name\":\"Eval\u00faan medidas de apoyo el turismo - Noticias Radio Reflejos\",\"isPartOf\":{\"@id\":\"https:\/\/www.noticiasradioreflejos.com.ar\/2021\/#website\"},\"primaryImageOfPage\":{\"@id\":\"https:\/\/www.noticiasradioreflejos.com.ar\/2021\/evaluan-medidas-de-apoyo-el-turismo\/#primaryimage\"},\"image\":{\"@id\":\"https:\/\/www.noticiasradioreflejos.com.ar\/2021\/evaluan-medidas-de-apoyo-el-turismo\/#primaryimage\"},\"thumbnailUrl\":\"\",\"datePublished\":\"2021-01-26T22:43:09+00:00\",\"author\":{\"@id\":\"https:\/\/www.noticiasradioreflejos.com.ar\/2021\/#\/schema\/person\/ad82545263dcc5ec0996818884fd5fb1\"},\"breadcrumb\":{\"@id\":\"https:\/\/www.noticiasradioreflejos.com.ar\/2021\/evaluan-medidas-de-apoyo-el-turismo\/#breadcrumb\"},\"inLanguage\":\"es\",\"potentialAction\":[{\"@type\":\"ReadAction\",\"target\":[\"https:\/\/www.noticiasradioreflejos.com.ar\/2021\/evaluan-medidas-de-apoyo-el-turismo\/\"]}]},{\"@type\":\"ImageObject\",\"inLanguage\":\"es\",\"@id\":\"https:\/\/www.noticiasradioreflejos.com.ar\/2021\/evaluan-medidas-de-apoyo-el-turismo\/#primaryimage\",\"url\":\"\",\"contentUrl\":\"\"},{\"@type\":\"BreadcrumbList\",\"@id\":\"https:\/\/www.noticiasradioreflejos.com.ar\/2021\/evaluan-medidas-de-apoyo-el-turismo\/#breadcrumb\",\"itemListElement\":[{\"@type\":\"ListItem\",\"position\":1,\"name\":\"Portada\",\"item\":\"https:\/\/www.noticiasradioreflejos.com.ar\/2021\/\"},{\"@type\":\"ListItem\",\"position\":2,\"name\":\"Eval\u00faan medidas de apoyo el turismo\"}]},{\"@type\":\"WebSite\",\"@id\":\"https:\/\/www.noticiasradioreflejos.com.ar\/2021\/#website\",\"url\":\"https:\/\/www.noticiasradioreflejos.com.ar\/2021\/\",\"name\":\"Noticias Radio Reflejos\",\"description\":\"Las noticias de mi comarca\",\"potentialAction\":[{\"@type\":\"SearchAction\",\"target\":{\"@type\":\"EntryPoint\",\"urlTemplate\":\"https:\/\/www.noticiasradioreflejos.com.ar\/2021\/?s={search_term_string}\"},\"query-input\":{\"@type\":\"PropertyValueSpecification\",\"valueRequired\":true,\"valueName\":\"search_term_string\"}}],\"inLanguage\":\"es\"},{\"@type\":\"Person\",\"@id\":\"https:\/\/www.noticiasradioreflejos.com.ar\/2021\/#\/schema\/person\/ad82545263dcc5ec0996818884fd5fb1\",\"name\":\"Arnaldo Botto\",\"image\":{\"@type\":\"ImageObject\",\"inLanguage\":\"es\",\"@id\":\"https:\/\/www.noticiasradioreflejos.com.ar\/2021\/#\/schema\/person\/image\/\",\"url\":\"https:\/\/secure.gravatar.com\/avatar\/55cb5e37c1efa326397366e6974cb338056df65cb50e7d64d1cf314e87504837?s=96&d=mm&r=g\",\"contentUrl\":\"https:\/\/secure.gravatar.com\/avatar\/55cb5e37c1efa326397366e6974cb338056df65cb50e7d64d1cf314e87504837?s=96&d=mm&r=g\",\"caption\":\"Arnaldo Botto\"},\"url\":\"https:\/\/www.noticiasradioreflejos.com.ar\/2021\/author\/arnaldo\/\"}]}<\/script>\n<!-- \/ Yoast SEO plugin. -->","yoast_head_json":{"title":"Eval\u00faan medidas de apoyo el turismo - Noticias Radio Reflejos","robots":{"index":"index","follow":"follow","max-snippet":"max-snippet:-1","max-image-preview":"max-image-preview:large","max-video-preview":"max-video-preview:-1"},"canonical":"https:\/\/www.noticiasradioreflejos.com.ar\/2021\/evaluan-medidas-de-apoyo-el-turismo\/","og_locale":"es_ES","og_type":"article","og_title":"Eval\u00faan medidas de apoyo el turismo - Noticias Radio Reflejos","og_description":"La c\u00e1mara reclama que extiendan los ATP por otros 6 meses","og_url":"https:\/\/www.noticiasradioreflejos.com.ar\/2021\/evaluan-medidas-de-apoyo-el-turismo\/","og_site_name":"Noticias Radio Reflejos","article_published_time":"2021-01-26T22:43:09+00:00","og_image":[{"width":300,"height":200,"url":"https:\/\/www.noticiasradioreflejos.com.ar\/2021\/wp-content\/uploads\/2021\/07\/logosol300x200.png","type":"image\/png"}],"author":"Arnaldo Botto","twitter_card":"summary_large_image","schema":{"@context":"https:\/\/schema.org","@graph":[{"@type":"WebPage","@id":"https:\/\/www.noticiasradioreflejos.com.ar\/2021\/evaluan-medidas-de-apoyo-el-turismo\/","url":"https:\/\/www.noticiasradioreflejos.com.ar\/2021\/evaluan-medidas-de-apoyo-el-turismo\/","name":"Eval\u00faan medidas de apoyo el turismo - Noticias Radio Reflejos","isPartOf":{"@id":"https:\/\/www.noticiasradioreflejos.com.ar\/2021\/#website"},"primaryImageOfPage":{"@id":"https:\/\/www.noticiasradioreflejos.com.ar\/2021\/evaluan-medidas-de-apoyo-el-turismo\/#primaryimage"},"image":{"@id":"https:\/\/www.noticiasradioreflejos.com.ar\/2021\/evaluan-medidas-de-apoyo-el-turismo\/#primaryimage"},"thumbnailUrl":"","datePublished":"2021-01-26T22:43:09+00:00","author":{"@id":"https:\/\/www.noticiasradioreflejos.com.ar\/2021\/#\/schema\/person\/ad82545263dcc5ec0996818884fd5fb1"},"breadcrumb":{"@id":"https:\/\/www.noticiasradioreflejos.com.ar\/2021\/evaluan-medidas-de-apoyo-el-turismo\/#breadcrumb"},"inLanguage":"es","potentialAction":[{"@type":"ReadAction","target":["https:\/\/www.noticiasradioreflejos.com.ar\/2021\/evaluan-medidas-de-apoyo-el-turismo\/"]}]},{"@type":"ImageObject","inLanguage":"es","@id":"https:\/\/www.noticiasradioreflejos.com.ar\/2021\/evaluan-medidas-de-apoyo-el-turismo\/#primaryimage","url":"","contentUrl":""},{"@type":"BreadcrumbList","@id":"https:\/\/www.noticiasradioreflejos.com.ar\/2021\/evaluan-medidas-de-apoyo-el-turismo\/#breadcrumb","itemListElement":[{"@type":"ListItem","position":1,"name":"Portada","item":"https:\/\/www.noticiasradioreflejos.com.ar\/2021\/"},{"@type":"ListItem","position":2,"name":"Eval\u00faan medidas de apoyo el turismo"}]},{"@type":"WebSite","@id":"https:\/\/www.noticiasradioreflejos.com.ar\/2021\/#website","url":"https:\/\/www.noticiasradioreflejos.com.ar\/2021\/","name":"Noticias Radio Reflejos","description":"Las noticias de mi comarca","potentialAction":[{"@type":"SearchAction","target":{"@type":"EntryPoint","urlTemplate":"https:\/\/www.noticiasradioreflejos.com.ar\/2021\/?s={search_term_string}"},"query-input":{"@type":"PropertyValueSpecification","valueRequired":true,"valueName":"search_term_string"}}],"inLanguage":"es"},{"@type":"Person","@id":"https:\/\/www.noticiasradioreflejos.com.ar\/2021\/#\/schema\/person\/ad82545263dcc5ec0996818884fd5fb1","name":"Arnaldo Botto","image":{"@type":"ImageObject","inLanguage":"es","@id":"https:\/\/www.noticiasradioreflejos.com.ar\/2021\/#\/schema\/person\/image\/","url":"https:\/\/secure.gravatar.com\/avatar\/55cb5e37c1efa326397366e6974cb338056df65cb50e7d64d1cf314e87504837?s=96&d=mm&r=g","contentUrl":"https:\/\/secure.gravatar.com\/avatar\/55cb5e37c1efa326397366e6974cb338056df65cb50e7d64d1cf314e87504837?s=96&d=mm&r=g","caption":"Arnaldo Botto"},"url":"https:\/\/www.noticiasradioreflejos.com.ar\/2021\/author\/arnaldo\/"}]}},"_links":{"self":[{"href":"https:\/\/www.noticiasradioreflejos.com.ar\/2021\/wp-json\/wp\/v2\/posts\/51698","targetHints":{"allow":["GET"]}}],"collection":[{"href":"https:\/\/www.noticiasradioreflejos.com.ar\/2021\/wp-json\/wp\/v2\/posts"}],"about":[{"href":"https:\/\/www.noticiasradioreflejos.com.ar\/2021\/wp-json\/wp\/v2\/types\/post"}],"author":[{"embeddable":true,"href":"https:\/\/www.noticiasradioreflejos.com.ar\/2021\/wp-json\/wp\/v2\/users\/3"}],"replies":[{"embeddable":true,"href":"https:\/\/www.noticiasradioreflejos.com.ar\/2021\/wp-json\/wp\/v2\/comments?post=51698"}],"version-history":[{"count":0,"href":"https:\/\/www.noticiasradioreflejos.com.ar\/2021\/wp-json\/wp\/v2\/posts\/51698\/revisions"}],"wp:featuredmedia":[{"embeddable":true,"href":"https:\/\/www.noticiasradioreflejos.com.ar\/2021\/wp-json\/"}],"wp:attachment":[{"href":"https:\/\/www.noticiasradioreflejos.com.ar\/2021\/wp-json\/wp\/v2\/media?parent=51698"}],"wp:term":[{"taxonomy":"category","embeddable":true,"href":"https:\/\/www.noticiasradioreflejos.com.ar\/2021\/wp-json\/wp\/v2\/categories?post=51698"},{"taxonomy":"post_tag","embeddable":true,"href":"https:\/\/www.noticiasradioreflejos.com.ar\/2021\/wp-json\/wp\/v2\/tags?post=51698"}],"curies":[{"name":"wp","href":"https:\/\/api.w.org\/{rel}","templated":true}]}}