{"id":51686,"date":"2021-01-26T12:44:00","date_gmt":"2021-01-26T15:44:00","guid":{"rendered":"http:\/\/www.noticiasradioreflejos.com.ar\/noticias\/?p=51686"},"modified":"2021-01-26T12:44:00","modified_gmt":"2021-01-26T15:44:00","slug":"recomiendan-realizar-la-vtv-para-salir-de-la-provincia","status":"publish","type":"post","link":"https:\/\/www.noticiasradioreflejos.com.ar\/2021\/recomiendan-realizar-la-vtv-para-salir-de-la-provincia\/","title":{"rendered":"Recomiendan realizar la VTV para salir de la Provincia"},"content":{"rendered":"<p>Sergio Virgili, encargado de la planta de <strong>Verificaci\u00f3n T\u00e9cnica Vehicular -VTV<\/strong>&#8211; local, dijo en <span style=\"color: #0000ff;\"><strong>LA BR\u00daJULA 24<\/strong><\/span> que \u00abse viene trabajando en forma ordenada, aunque mucho m\u00e1s tranquilo que otros a\u00f1os\u00bb.<!--more--><\/p>\n<p>De todos modos, aclar\u00f3 un punto importante destinado a aquellos que tienen pensado viajar en veh\u00edculo particular. \u00abLa pandemia, el factor econ\u00f3mico y la pr\u00f3rroga del Gobierno fueron factores determinantes, pero lo que vale la pena aclarar es que aquel que vaya a salir afuera de la provincia lo haga con la VTV actualizada\u00bb.<br \/>\n<iframe loading=\"lazy\" src=\"https:\/\/w.soundcloud.com\/player\/?url=https%3A\/\/api.soundcloud.com\/tracks\/973180621&amp;color=%23ff5500&amp;auto_play=false&amp;hide_related=false&amp;show_comments=true&amp;show_user=true&amp;show_reposts=false&amp;show_teaser=true\" width=\"100%\" height=\"166\" frameborder=\"no\" scrolling=\"no\"><\/iframe><\/p>\n<div style=\"font-size: 10px; color: #cccccc; line-break: anywhere; word-break: normal; overflow: hidden; white-space: nowrap; text-overflow: ellipsis; font-family: Interstate,Lucida Grande,Lucida Sans Unicode,Lucida Sans,Garuda,Verdana,Tahoma,sans-serif; font-weight: 100;\"><a style=\"color: #cccccc; text-decoration: none;\" title=\"La Br\u00fajula 24 FM 93.1\" href=\"https:\/\/soundcloud.com\/labrujula24\" target=\"_blank\" rel=\"noopener\">La Br\u00fajula 24 FM 93.1<\/a> \u00b7 <a style=\"color: #cccccc; text-decoration: none;\" title=\"LB24 Escuch\u00e1 A Sergio Virgili\" href=\"https:\/\/soundcloud.com\/labrujula24\/lb24-escucha-a-sergio-virgili\" target=\"_blank\" rel=\"noopener\">LB24 Escuch\u00e1 A Sergio Virgili<\/a><\/div>\n<p>\u00abEs una medida exclusiva de la Provincia de Buenos Aires, por eso para evitar dolores de cabeza lo mejor es estar al d\u00eda\u00bb.<\/p>\n<p>Y se refiri\u00f3 a los precios. \u00abEso sigue igual, 1108 pesos para veh\u00edculos livianos, 1996 para los pesados y motos 336. El sistema de turnos viene bien, desde el a\u00f1o pasado la atenci\u00f3n es exclusiva de ese modo\u00bb, cerr\u00f3.<\/p>\n","protected":false},"excerpt":{"rendered":"<p>Sergio Virgili, encargado de la planta de Verificaci\u00f3n T\u00e9cnica Vehicular -VTV&#8211; local, dijo en LA BR\u00daJULA 24 que \u00abse viene trabajando en forma ordenada, aunque mucho m\u00e1s tranquilo que otros a\u00f1os\u00bb.<\/p>\n","protected":false},"author":3,"featured_media":51687,"comment_status":"closed","ping_status":"open","sticky":false,"template":"","format":"standard","meta":{"footnotes":""},"categories":[26],"tags":[],"class_list":["post-51686","post","type-post","status-publish","format-standard","has-post-thumbnail","hentry","category-sociedad"],"yoast_head":"<!-- This site is optimized with the Yoast SEO plugin v25.9 - https:\/\/yoast.com\/wordpress\/plugins\/seo\/ -->\n<title>Recomiendan realizar la VTV para salir de la Provincia - Noticias Radio Reflejos<\/title>\n<meta name=\"robots\" content=\"index, follow, max-snippet:-1, max-image-preview:large, max-video-preview:-1\" \/>\n<link rel=\"canonical\" href=\"https:\/\/www.noticiasradioreflejos.com.ar\/2021\/recomiendan-realizar-la-vtv-para-salir-de-la-provincia\/\" \/>\n<meta property=\"og:locale\" content=\"es_ES\" \/>\n<meta property=\"og:type\" content=\"article\" \/>\n<meta property=\"og:title\" content=\"Recomiendan realizar la VTV para salir de la Provincia - Noticias Radio Reflejos\" \/>\n<meta property=\"og:description\" content=\"Sergio Virgili, encargado de la planta de Verificaci\u00f3n T\u00e9cnica Vehicular -VTV&#8211; local, dijo en LA BR\u00daJULA 24 que \u00abse viene trabajando en forma ordenada, aunque mucho m\u00e1s tranquilo que otros a\u00f1os\u00bb.\" \/>\n<meta property=\"og:url\" content=\"https:\/\/www.noticiasradioreflejos.com.ar\/2021\/recomiendan-realizar-la-vtv-para-salir-de-la-provincia\/\" \/>\n<meta property=\"og:site_name\" content=\"Noticias Radio Reflejos\" \/>\n<meta property=\"article:published_time\" content=\"2021-01-26T15:44:00+00:00\" \/>\n<meta property=\"og:image\" content=\"https:\/\/www.noticiasradioreflejos.com.ar\/2021\/wp-content\/uploads\/2021\/07\/logosol300x200.png\" \/>\n\t<meta property=\"og:image:width\" content=\"300\" \/>\n\t<meta property=\"og:image:height\" content=\"200\" \/>\n\t<meta property=\"og:image:type\" content=\"image\/png\" \/>\n<meta name=\"author\" content=\"Arnaldo Botto\" \/>\n<meta name=\"twitter:card\" content=\"summary_large_image\" \/>\n<script type=\"application\/ld+json\" class=\"yoast-schema-graph\">{\"@context\":\"https:\/\/schema.org\",\"@graph\":[{\"@type\":\"WebPage\",\"@id\":\"https:\/\/www.noticiasradioreflejos.com.ar\/2021\/recomiendan-realizar-la-vtv-para-salir-de-la-provincia\/\",\"url\":\"https:\/\/www.noticiasradioreflejos.com.ar\/2021\/recomiendan-realizar-la-vtv-para-salir-de-la-provincia\/\",\"name\":\"Recomiendan realizar la VTV para salir de la Provincia - Noticias Radio Reflejos\",\"isPartOf\":{\"@id\":\"https:\/\/www.noticiasradioreflejos.com.ar\/2021\/#website\"},\"primaryImageOfPage\":{\"@id\":\"https:\/\/www.noticiasradioreflejos.com.ar\/2021\/recomiendan-realizar-la-vtv-para-salir-de-la-provincia\/#primaryimage\"},\"image\":{\"@id\":\"https:\/\/www.noticiasradioreflejos.com.ar\/2021\/recomiendan-realizar-la-vtv-para-salir-de-la-provincia\/#primaryimage\"},\"thumbnailUrl\":\"\",\"datePublished\":\"2021-01-26T15:44:00+00:00\",\"author\":{\"@id\":\"https:\/\/www.noticiasradioreflejos.com.ar\/2021\/#\/schema\/person\/ad82545263dcc5ec0996818884fd5fb1\"},\"breadcrumb\":{\"@id\":\"https:\/\/www.noticiasradioreflejos.com.ar\/2021\/recomiendan-realizar-la-vtv-para-salir-de-la-provincia\/#breadcrumb\"},\"inLanguage\":\"es\",\"potentialAction\":[{\"@type\":\"ReadAction\",\"target\":[\"https:\/\/www.noticiasradioreflejos.com.ar\/2021\/recomiendan-realizar-la-vtv-para-salir-de-la-provincia\/\"]}]},{\"@type\":\"ImageObject\",\"inLanguage\":\"es\",\"@id\":\"https:\/\/www.noticiasradioreflejos.com.ar\/2021\/recomiendan-realizar-la-vtv-para-salir-de-la-provincia\/#primaryimage\",\"url\":\"\",\"contentUrl\":\"\"},{\"@type\":\"BreadcrumbList\",\"@id\":\"https:\/\/www.noticiasradioreflejos.com.ar\/2021\/recomiendan-realizar-la-vtv-para-salir-de-la-provincia\/#breadcrumb\",\"itemListElement\":[{\"@type\":\"ListItem\",\"position\":1,\"name\":\"Portada\",\"item\":\"https:\/\/www.noticiasradioreflejos.com.ar\/2021\/\"},{\"@type\":\"ListItem\",\"position\":2,\"name\":\"Recomiendan realizar la VTV para salir de la Provincia\"}]},{\"@type\":\"WebSite\",\"@id\":\"https:\/\/www.noticiasradioreflejos.com.ar\/2021\/#website\",\"url\":\"https:\/\/www.noticiasradioreflejos.com.ar\/2021\/\",\"name\":\"Noticias Radio Reflejos\",\"description\":\"Las noticias de mi comarca\",\"potentialAction\":[{\"@type\":\"SearchAction\",\"target\":{\"@type\":\"EntryPoint\",\"urlTemplate\":\"https:\/\/www.noticiasradioreflejos.com.ar\/2021\/?s={search_term_string}\"},\"query-input\":{\"@type\":\"PropertyValueSpecification\",\"valueRequired\":true,\"valueName\":\"search_term_string\"}}],\"inLanguage\":\"es\"},{\"@type\":\"Person\",\"@id\":\"https:\/\/www.noticiasradioreflejos.com.ar\/2021\/#\/schema\/person\/ad82545263dcc5ec0996818884fd5fb1\",\"name\":\"Arnaldo Botto\",\"image\":{\"@type\":\"ImageObject\",\"inLanguage\":\"es\",\"@id\":\"https:\/\/www.noticiasradioreflejos.com.ar\/2021\/#\/schema\/person\/image\/\",\"url\":\"https:\/\/secure.gravatar.com\/avatar\/55cb5e37c1efa326397366e6974cb338056df65cb50e7d64d1cf314e87504837?s=96&d=mm&r=g\",\"contentUrl\":\"https:\/\/secure.gravatar.com\/avatar\/55cb5e37c1efa326397366e6974cb338056df65cb50e7d64d1cf314e87504837?s=96&d=mm&r=g\",\"caption\":\"Arnaldo Botto\"},\"url\":\"https:\/\/www.noticiasradioreflejos.com.ar\/2021\/author\/arnaldo\/\"}]}<\/script>\n<!-- \/ Yoast SEO plugin. -->","yoast_head_json":{"title":"Recomiendan realizar la VTV para salir de la Provincia - Noticias Radio Reflejos","robots":{"index":"index","follow":"follow","max-snippet":"max-snippet:-1","max-image-preview":"max-image-preview:large","max-video-preview":"max-video-preview:-1"},"canonical":"https:\/\/www.noticiasradioreflejos.com.ar\/2021\/recomiendan-realizar-la-vtv-para-salir-de-la-provincia\/","og_locale":"es_ES","og_type":"article","og_title":"Recomiendan realizar la VTV para salir de la Provincia - Noticias Radio Reflejos","og_description":"Sergio Virgili, encargado de la planta de Verificaci\u00f3n T\u00e9cnica Vehicular -VTV&#8211; local, dijo en LA BR\u00daJULA 24 que \u00abse viene trabajando en forma ordenada, aunque mucho m\u00e1s tranquilo que otros a\u00f1os\u00bb.","og_url":"https:\/\/www.noticiasradioreflejos.com.ar\/2021\/recomiendan-realizar-la-vtv-para-salir-de-la-provincia\/","og_site_name":"Noticias Radio Reflejos","article_published_time":"2021-01-26T15:44:00+00:00","og_image":[{"width":300,"height":200,"url":"https:\/\/www.noticiasradioreflejos.com.ar\/2021\/wp-content\/uploads\/2021\/07\/logosol300x200.png","type":"image\/png"}],"author":"Arnaldo Botto","twitter_card":"summary_large_image","schema":{"@context":"https:\/\/schema.org","@graph":[{"@type":"WebPage","@id":"https:\/\/www.noticiasradioreflejos.com.ar\/2021\/recomiendan-realizar-la-vtv-para-salir-de-la-provincia\/","url":"https:\/\/www.noticiasradioreflejos.com.ar\/2021\/recomiendan-realizar-la-vtv-para-salir-de-la-provincia\/","name":"Recomiendan realizar la VTV para salir de la Provincia - Noticias Radio Reflejos","isPartOf":{"@id":"https:\/\/www.noticiasradioreflejos.com.ar\/2021\/#website"},"primaryImageOfPage":{"@id":"https:\/\/www.noticiasradioreflejos.com.ar\/2021\/recomiendan-realizar-la-vtv-para-salir-de-la-provincia\/#primaryimage"},"image":{"@id":"https:\/\/www.noticiasradioreflejos.com.ar\/2021\/recomiendan-realizar-la-vtv-para-salir-de-la-provincia\/#primaryimage"},"thumbnailUrl":"","datePublished":"2021-01-26T15:44:00+00:00","author":{"@id":"https:\/\/www.noticiasradioreflejos.com.ar\/2021\/#\/schema\/person\/ad82545263dcc5ec0996818884fd5fb1"},"breadcrumb":{"@id":"https:\/\/www.noticiasradioreflejos.com.ar\/2021\/recomiendan-realizar-la-vtv-para-salir-de-la-provincia\/#breadcrumb"},"inLanguage":"es","potentialAction":[{"@type":"ReadAction","target":["https:\/\/www.noticiasradioreflejos.com.ar\/2021\/recomiendan-realizar-la-vtv-para-salir-de-la-provincia\/"]}]},{"@type":"ImageObject","inLanguage":"es","@id":"https:\/\/www.noticiasradioreflejos.com.ar\/2021\/recomiendan-realizar-la-vtv-para-salir-de-la-provincia\/#primaryimage","url":"","contentUrl":""},{"@type":"BreadcrumbList","@id":"https:\/\/www.noticiasradioreflejos.com.ar\/2021\/recomiendan-realizar-la-vtv-para-salir-de-la-provincia\/#breadcrumb","itemListElement":[{"@type":"ListItem","position":1,"name":"Portada","item":"https:\/\/www.noticiasradioreflejos.com.ar\/2021\/"},{"@type":"ListItem","position":2,"name":"Recomiendan realizar la VTV para salir de la Provincia"}]},{"@type":"WebSite","@id":"https:\/\/www.noticiasradioreflejos.com.ar\/2021\/#website","url":"https:\/\/www.noticiasradioreflejos.com.ar\/2021\/","name":"Noticias Radio Reflejos","description":"Las noticias de mi comarca","potentialAction":[{"@type":"SearchAction","target":{"@type":"EntryPoint","urlTemplate":"https:\/\/www.noticiasradioreflejos.com.ar\/2021\/?s={search_term_string}"},"query-input":{"@type":"PropertyValueSpecification","valueRequired":true,"valueName":"search_term_string"}}],"inLanguage":"es"},{"@type":"Person","@id":"https:\/\/www.noticiasradioreflejos.com.ar\/2021\/#\/schema\/person\/ad82545263dcc5ec0996818884fd5fb1","name":"Arnaldo Botto","image":{"@type":"ImageObject","inLanguage":"es","@id":"https:\/\/www.noticiasradioreflejos.com.ar\/2021\/#\/schema\/person\/image\/","url":"https:\/\/secure.gravatar.com\/avatar\/55cb5e37c1efa326397366e6974cb338056df65cb50e7d64d1cf314e87504837?s=96&d=mm&r=g","contentUrl":"https:\/\/secure.gravatar.com\/avatar\/55cb5e37c1efa326397366e6974cb338056df65cb50e7d64d1cf314e87504837?s=96&d=mm&r=g","caption":"Arnaldo Botto"},"url":"https:\/\/www.noticiasradioreflejos.com.ar\/2021\/author\/arnaldo\/"}]}},"_links":{"self":[{"href":"https:\/\/www.noticiasradioreflejos.com.ar\/2021\/wp-json\/wp\/v2\/posts\/51686","targetHints":{"allow":["GET"]}}],"collection":[{"href":"https:\/\/www.noticiasradioreflejos.com.ar\/2021\/wp-json\/wp\/v2\/posts"}],"about":[{"href":"https:\/\/www.noticiasradioreflejos.com.ar\/2021\/wp-json\/wp\/v2\/types\/post"}],"author":[{"embeddable":true,"href":"https:\/\/www.noticiasradioreflejos.com.ar\/2021\/wp-json\/wp\/v2\/users\/3"}],"replies":[{"embeddable":true,"href":"https:\/\/www.noticiasradioreflejos.com.ar\/2021\/wp-json\/wp\/v2\/comments?post=51686"}],"version-history":[{"count":0,"href":"https:\/\/www.noticiasradioreflejos.com.ar\/2021\/wp-json\/wp\/v2\/posts\/51686\/revisions"}],"wp:featuredmedia":[{"embeddable":true,"href":"https:\/\/www.noticiasradioreflejos.com.ar\/2021\/wp-json\/"}],"wp:attachment":[{"href":"https:\/\/www.noticiasradioreflejos.com.ar\/2021\/wp-json\/wp\/v2\/media?parent=51686"}],"wp:term":[{"taxonomy":"category","embeddable":true,"href":"https:\/\/www.noticiasradioreflejos.com.ar\/2021\/wp-json\/wp\/v2\/categories?post=51686"},{"taxonomy":"post_tag","embeddable":true,"href":"https:\/\/www.noticiasradioreflejos.com.ar\/2021\/wp-json\/wp\/v2\/tags?post=51686"}],"curies":[{"name":"wp","href":"https:\/\/api.w.org\/{rel}","templated":true}]}}