{"id":51680,"date":"2021-01-26T12:31:55","date_gmt":"2021-01-26T15:31:55","guid":{"rendered":"http:\/\/www.noticiasradioreflejos.com.ar\/noticias\/?p=51680"},"modified":"2021-01-26T12:31:55","modified_gmt":"2021-01-26T15:31:55","slug":"existe-alguna-orientacion-especifica-sobre-el-uso-del-aire-acondicionado-durante-la-pandemia-de-covid-19","status":"publish","type":"post","link":"https:\/\/www.noticiasradioreflejos.com.ar\/2021\/existe-alguna-orientacion-especifica-sobre-el-uso-del-aire-acondicionado-durante-la-pandemia-de-covid-19\/","title":{"rendered":"\u00bfExiste alguna orientaci\u00f3n espec\u00edfica sobre el uso del aire acondicionado durante la pandemia de COVID-19?"},"content":{"rendered":"<p>Aire acondicionado y COVID-19. \u00bfExiste alguna orientaci\u00f3n espec\u00edfica sobre el uso del aire acondicionado durante la pandemia de COVID-19? Consultamos a la empresa<strong> <u>Surair<\/u><\/strong>, una empresa argentina de climatizaci\u00f3n con 30 a\u00f1os de experiencia, especializada en <a href=\"https:\/\/surair.com.ar\/\" target=\"_blank\" rel=\"noopener\"><strong>Aire Acondicionado y filtrado de aire<\/strong><\/a>. Cuenta con clientes como laboratorios Roemmers, Droguer\u00eda del Sud y Siemens y aqu\u00ed aclaramos tus dudas.<!--more--><\/p>\n<p>En este verano de COVID-19 existen dos escenarios posibles: un verano con la ventilaci\u00f3n y el distanciamiento recomendados por los organismos de la salud, y un verano sin la ventilaci\u00f3n\u00a0 y los distanciamientos adecuados. Sin lugar a dudas, el primer escenario representa la f\u00f3rmula \u00f3ptima para evitar contagios.<\/p>\n<p>La pregunta que surge inmediatamente es si existe alguna orientaci\u00f3n espec\u00edfica sobre el uso del aire acondicionado durante la pandemia de COVID-19. En primera instancia, hay que distinguir entre los equipos de\u00a0 aire. Los hay de gran capacidad que cuentan con una unidad central y los equipos Split, Multisplit y compactos.<\/p>\n<p><strong>\u00bfC\u00f3mo diferenciamos los equipos de aire?<\/strong><\/p>\n<p>Las unidades centrales son las que suelen encontrarse en espacios p\u00fablicos como hospitales, centros comerciales, hoteles, teatros y cines, donde el usuario final se desplaza y es un ocupante temporal. Estos equipos\u00a0 trabajan con renovaci\u00f3n de aire desde el exterior y se los conoce como HVAC, por sus siglas en ingl\u00e9s. Para conocer m\u00e1s sobre estos equipos de aire acondicionado y COVID-19, recomendamos referirse a la gu\u00eda elaborada por la Asociaci\u00f3n T\u00e9cnica Espa\u00f1ola de Climatizaci\u00f3n y Refrigeraci\u00f3n (1).<\/p>\n<p>Los equipos Split, Multisplit y compactos suelen instalarse en casas, peque\u00f1os comercios y\u00a0 oficinas. Como todo artefacto que tenemos en nuestros hogares, debemos prestarles atenci\u00f3n. Cuando aprendemos a cuidar de estos equipos, el aire acondicionado y COVID-19 no deber\u00eda representar un problema.<\/p>\n<p><strong>\u00bfC\u00f3mo proceder correctamente en el uso del aire acondicionado durante la pandemia?<\/strong><\/p>\n<p>Para minimizar los riesgos de contagio del aire acondicionado y COVID-19 los expertos sugieren seguir algunas pautas de correcto uso y mantenimiento del equipo.<\/p>\n<p><strong>Ventilaci\u00f3n adecuada<\/strong><\/p>\n<p>Ventilar las habitaciones adecuadamente antes, durante y despu\u00e9s de haber mantenido\u00a0 el\u00a0 aire acondicionado en funcionamiento. Mantener alguna ventana ligeramente abierta permitiendo el recambio continuo de aire y, de ser posible, la generaci\u00f3n de corrientes de aire cruzadas. Estas acelerar\u00e1n la renovaci\u00f3n de aire.<\/p>\n<p><strong>Limpieza de filtros<\/strong><\/p>\n<p>Realizar una\u00a0 limpieza peri\u00f3dica de los filtros y carcasa. Los filtros son los encargados de retener las impurezas que circulan con el aire. Mantener los filtros limpios permite que el aire est\u00e9 libre de \u00e1caros y sustancias nocivas. Lo m\u00e1s recomendable es siempre contar con la experiencia de un buen servicio t\u00e9cnico.<\/p>\n<p><strong>Velocidad recomendada<\/strong><\/p>\n<p>Se recomienda que\u00a0 los equipos Split y Multisplit se mantengan funcionando\u00a0 a velocidad m\u00ednima y de manera continua para evitar alteraciones en el movimiento de aire. Los equipos<u> <strong>Inverter<\/strong><\/u> son una excelente opci\u00f3n.<\/p>\n<p><strong>Filtros alternativos<\/strong><\/p>\n<p>Considerar que la opci\u00f3n de una buena ventilaci\u00f3n es siempre lo m\u00e1s recomendado. No obstante, un filtro HEPA (High Efficency Particulate Air filters) puede eliminar m\u00e1s del 90% de polvo, polen, bacterias y virus. Sin embargo, hay que tener presente que no todos los equipos Split son adaptables a los filtros HEPA.<\/p>\n<p><strong>Direcci\u00f3n del flujo de aire<\/strong><\/p>\n<p>Verificar que el flujo de aire no llegue a las personas en forma directa. El flujo nunca debe apuntar hacia la gente sino que debe llevar el aire fresco hacia el ambiente.<\/p>\n<p><strong>\u00bfQu\u00e9 dicen los expertos sobre el uso de aire acondicionado y COVID-19?<\/strong><\/p>\n<p>En un comunicado oficial, ASHRAE Argentina, el comit\u00e9 Argentino de la Asociaci\u00f3n Americana de Ingenieros, nos revela cu\u00e1l es su postura en la relaci\u00f3n del aire acondicionado y COVID-19 durante el verano en Argentina. Concluye sosteniendo que los aires acondicionados \u201c\u2026 Usados adecuadamente pueden ayudar a mitigar la expansi\u00f3n de la enfermedad\u2026\u201d (Sic)<\/p>\n<p><strong>\u00bfQu\u00e9 m\u00e1s debemos hacer?<\/strong><\/p>\n<p><strong>Estar informados<\/strong><\/p>\n<p>Siempre seguir los consejos de las entidades responsables de la salud. Estar atentos a las \u00faltimas noticias. Todas las entidades de la salud y <strong>entidades gubernamentales<\/strong> (2) coinciden en que llevar a cabo una ventilaci\u00f3n adecuada es tema fundamental. Se sabe que la gran mayor\u00eda de la transmisi\u00f3n del SARS-CoV-2 ocurre en interiores, la mayor parte por inhalaci\u00f3n de part\u00edculas en el aire que contiene el coronavirus.<\/p>\n<p><strong>Evitar el hacinamiento y lugares cerrados<\/strong><\/p>\n<p>Siempre evitar los ambientes cerrados y muy concurridos. El hacinamiento de gente genera un aire viciado que propicia el contagio. Optar, en cambio, por lugares abiertos y con buena circulaci\u00f3n de aire fresco.<\/p>\n<p><strong>Aprovechar el buen tiempo<\/strong><\/p>\n<p>De ser posible, aprovechar los espacios al aire libre en la \u00e9poca estival. Comer en el jard\u00edn o el balc\u00f3n, juntarse con amigos en lugares abiertos y hacer paseos por parques, playas o monta\u00f1a son buenas maneras de evitar los ambientes cerrados y con poca circulaci\u00f3n de aire. Afortunadamente, el verano argentino nos brinda todas estas posibilidades.<\/p>\n<p><strong>\u00bfQu\u00e9 m\u00e1s?<\/strong><\/p>\n<p>Y como \u00faltimo recordatorio, siempre usar barbijos, lavarse las manos con frecuencia y mantener una distancia de un par de metros con la persona m\u00e1s cercana.<\/p>\n<p>Si somos conscientes de c\u00f3mo tenemos que actuar para minimizar los riesgos de contagio de coronavirus y si tomamos los recaudos necesarios en el manejo de nuestros equipos de fr\u00edo, el uso del aire acondicionado y COVID-19 no deber\u00eda representar riesgo de contagio.<\/p>\n<p>&nbsp;<\/p>\n<p>Referencias:<\/p>\n<ul>\n<li><a href=\"https:\/\/www.atecyr.org\/actualidad\/noticias\/noticia-atecyr.php?nid=1293\">https:\/\/www.atecyr.org\/actualidad\/noticias\/noticia-atecyr.php?nid=1293<\/a><\/li>\n<li><a href=\"https:\/\/www.argentina.gob.ar\/coronavirus\/cuidarnos\">https:\/\/www.argentina.gob.ar\/coronavirus\/cuidarnos<\/a><\/li>\n<\/ul>\n","protected":false},"excerpt":{"rendered":"<p>Aire acondicionado y COVID-19. \u00bfExiste alguna orientaci\u00f3n espec\u00edfica sobre el uso del aire acondicionado durante la pandemia de COVID-19? Consultamos a la empresa Surair, una empresa argentina de climatizaci\u00f3n con 30 a\u00f1os de experiencia, especializada en Aire Acondicionado y filtrado de aire. Cuenta con clientes como laboratorios Roemmers, Droguer\u00eda del Sud y Siemens y aqu\u00ed [&hellip;]<\/p>\n","protected":false},"author":3,"featured_media":51681,"comment_status":"closed","ping_status":"open","sticky":false,"template":"","format":"standard","meta":{"footnotes":""},"categories":[30,26],"tags":[],"class_list":["post-51680","post","type-post","status-publish","format-standard","has-post-thumbnail","hentry","category-salud","category-sociedad"],"yoast_head":"<!-- This site is optimized with the Yoast SEO plugin v25.9 - https:\/\/yoast.com\/wordpress\/plugins\/seo\/ -->\n<title>\u00bfExiste alguna orientaci\u00f3n espec\u00edfica sobre el uso del aire acondicionado durante la pandemia de COVID-19? - Noticias Radio Reflejos<\/title>\n<meta name=\"robots\" content=\"index, follow, max-snippet:-1, max-image-preview:large, max-video-preview:-1\" \/>\n<link rel=\"canonical\" href=\"https:\/\/www.noticiasradioreflejos.com.ar\/2021\/existe-alguna-orientacion-especifica-sobre-el-uso-del-aire-acondicionado-durante-la-pandemia-de-covid-19\/\" \/>\n<meta property=\"og:locale\" content=\"es_ES\" \/>\n<meta property=\"og:type\" content=\"article\" \/>\n<meta property=\"og:title\" content=\"\u00bfExiste alguna orientaci\u00f3n espec\u00edfica sobre el uso del aire acondicionado durante la pandemia de COVID-19? - Noticias Radio Reflejos\" \/>\n<meta property=\"og:description\" content=\"Aire acondicionado y COVID-19. \u00bfExiste alguna orientaci\u00f3n espec\u00edfica sobre el uso del aire acondicionado durante la pandemia de COVID-19? Consultamos a la empresa Surair, una empresa argentina de climatizaci\u00f3n con 30 a\u00f1os de experiencia, especializada en Aire Acondicionado y filtrado de aire. Cuenta con clientes como laboratorios Roemmers, Droguer\u00eda del Sud y Siemens y aqu\u00ed [&hellip;]\" \/>\n<meta property=\"og:url\" content=\"https:\/\/www.noticiasradioreflejos.com.ar\/2021\/existe-alguna-orientacion-especifica-sobre-el-uso-del-aire-acondicionado-durante-la-pandemia-de-covid-19\/\" \/>\n<meta property=\"og:site_name\" content=\"Noticias Radio Reflejos\" \/>\n<meta property=\"article:published_time\" content=\"2021-01-26T15:31:55+00:00\" \/>\n<meta property=\"og:image\" content=\"https:\/\/www.noticiasradioreflejos.com.ar\/2021\/wp-content\/uploads\/2021\/07\/logosol300x200.png\" \/>\n\t<meta property=\"og:image:width\" content=\"300\" \/>\n\t<meta property=\"og:image:height\" content=\"200\" \/>\n\t<meta property=\"og:image:type\" content=\"image\/png\" \/>\n<meta name=\"author\" content=\"Arnaldo Botto\" \/>\n<meta name=\"twitter:card\" content=\"summary_large_image\" \/>\n<script type=\"application\/ld+json\" class=\"yoast-schema-graph\">{\"@context\":\"https:\/\/schema.org\",\"@graph\":[{\"@type\":\"WebPage\",\"@id\":\"https:\/\/www.noticiasradioreflejos.com.ar\/2021\/existe-alguna-orientacion-especifica-sobre-el-uso-del-aire-acondicionado-durante-la-pandemia-de-covid-19\/\",\"url\":\"https:\/\/www.noticiasradioreflejos.com.ar\/2021\/existe-alguna-orientacion-especifica-sobre-el-uso-del-aire-acondicionado-durante-la-pandemia-de-covid-19\/\",\"name\":\"\u00bfExiste alguna orientaci\u00f3n espec\u00edfica sobre el uso del aire acondicionado durante la pandemia de COVID-19? - Noticias Radio Reflejos\",\"isPartOf\":{\"@id\":\"https:\/\/www.noticiasradioreflejos.com.ar\/2021\/#website\"},\"primaryImageOfPage\":{\"@id\":\"https:\/\/www.noticiasradioreflejos.com.ar\/2021\/existe-alguna-orientacion-especifica-sobre-el-uso-del-aire-acondicionado-durante-la-pandemia-de-covid-19\/#primaryimage\"},\"image\":{\"@id\":\"https:\/\/www.noticiasradioreflejos.com.ar\/2021\/existe-alguna-orientacion-especifica-sobre-el-uso-del-aire-acondicionado-durante-la-pandemia-de-covid-19\/#primaryimage\"},\"thumbnailUrl\":\"\",\"datePublished\":\"2021-01-26T15:31:55+00:00\",\"author\":{\"@id\":\"https:\/\/www.noticiasradioreflejos.com.ar\/2021\/#\/schema\/person\/ad82545263dcc5ec0996818884fd5fb1\"},\"breadcrumb\":{\"@id\":\"https:\/\/www.noticiasradioreflejos.com.ar\/2021\/existe-alguna-orientacion-especifica-sobre-el-uso-del-aire-acondicionado-durante-la-pandemia-de-covid-19\/#breadcrumb\"},\"inLanguage\":\"es\",\"potentialAction\":[{\"@type\":\"ReadAction\",\"target\":[\"https:\/\/www.noticiasradioreflejos.com.ar\/2021\/existe-alguna-orientacion-especifica-sobre-el-uso-del-aire-acondicionado-durante-la-pandemia-de-covid-19\/\"]}]},{\"@type\":\"ImageObject\",\"inLanguage\":\"es\",\"@id\":\"https:\/\/www.noticiasradioreflejos.com.ar\/2021\/existe-alguna-orientacion-especifica-sobre-el-uso-del-aire-acondicionado-durante-la-pandemia-de-covid-19\/#primaryimage\",\"url\":\"\",\"contentUrl\":\"\"},{\"@type\":\"BreadcrumbList\",\"@id\":\"https:\/\/www.noticiasradioreflejos.com.ar\/2021\/existe-alguna-orientacion-especifica-sobre-el-uso-del-aire-acondicionado-durante-la-pandemia-de-covid-19\/#breadcrumb\",\"itemListElement\":[{\"@type\":\"ListItem\",\"position\":1,\"name\":\"Portada\",\"item\":\"https:\/\/www.noticiasradioreflejos.com.ar\/2021\/\"},{\"@type\":\"ListItem\",\"position\":2,\"name\":\"\u00bfExiste alguna orientaci\u00f3n espec\u00edfica sobre el uso del aire acondicionado durante la pandemia de COVID-19?\"}]},{\"@type\":\"WebSite\",\"@id\":\"https:\/\/www.noticiasradioreflejos.com.ar\/2021\/#website\",\"url\":\"https:\/\/www.noticiasradioreflejos.com.ar\/2021\/\",\"name\":\"Noticias Radio Reflejos\",\"description\":\"Las noticias de mi comarca\",\"potentialAction\":[{\"@type\":\"SearchAction\",\"target\":{\"@type\":\"EntryPoint\",\"urlTemplate\":\"https:\/\/www.noticiasradioreflejos.com.ar\/2021\/?s={search_term_string}\"},\"query-input\":{\"@type\":\"PropertyValueSpecification\",\"valueRequired\":true,\"valueName\":\"search_term_string\"}}],\"inLanguage\":\"es\"},{\"@type\":\"Person\",\"@id\":\"https:\/\/www.noticiasradioreflejos.com.ar\/2021\/#\/schema\/person\/ad82545263dcc5ec0996818884fd5fb1\",\"name\":\"Arnaldo Botto\",\"image\":{\"@type\":\"ImageObject\",\"inLanguage\":\"es\",\"@id\":\"https:\/\/www.noticiasradioreflejos.com.ar\/2021\/#\/schema\/person\/image\/\",\"url\":\"https:\/\/secure.gravatar.com\/avatar\/55cb5e37c1efa326397366e6974cb338056df65cb50e7d64d1cf314e87504837?s=96&d=mm&r=g\",\"contentUrl\":\"https:\/\/secure.gravatar.com\/avatar\/55cb5e37c1efa326397366e6974cb338056df65cb50e7d64d1cf314e87504837?s=96&d=mm&r=g\",\"caption\":\"Arnaldo Botto\"},\"url\":\"https:\/\/www.noticiasradioreflejos.com.ar\/2021\/author\/arnaldo\/\"}]}<\/script>\n<!-- \/ Yoast SEO plugin. -->","yoast_head_json":{"title":"\u00bfExiste alguna orientaci\u00f3n espec\u00edfica sobre el uso del aire acondicionado durante la pandemia de COVID-19? - Noticias Radio Reflejos","robots":{"index":"index","follow":"follow","max-snippet":"max-snippet:-1","max-image-preview":"max-image-preview:large","max-video-preview":"max-video-preview:-1"},"canonical":"https:\/\/www.noticiasradioreflejos.com.ar\/2021\/existe-alguna-orientacion-especifica-sobre-el-uso-del-aire-acondicionado-durante-la-pandemia-de-covid-19\/","og_locale":"es_ES","og_type":"article","og_title":"\u00bfExiste alguna orientaci\u00f3n espec\u00edfica sobre el uso del aire acondicionado durante la pandemia de COVID-19? - Noticias Radio Reflejos","og_description":"Aire acondicionado y COVID-19. \u00bfExiste alguna orientaci\u00f3n espec\u00edfica sobre el uso del aire acondicionado durante la pandemia de COVID-19? Consultamos a la empresa Surair, una empresa argentina de climatizaci\u00f3n con 30 a\u00f1os de experiencia, especializada en Aire Acondicionado y filtrado de aire. Cuenta con clientes como laboratorios Roemmers, Droguer\u00eda del Sud y Siemens y aqu\u00ed [&hellip;]","og_url":"https:\/\/www.noticiasradioreflejos.com.ar\/2021\/existe-alguna-orientacion-especifica-sobre-el-uso-del-aire-acondicionado-durante-la-pandemia-de-covid-19\/","og_site_name":"Noticias Radio Reflejos","article_published_time":"2021-01-26T15:31:55+00:00","og_image":[{"width":300,"height":200,"url":"https:\/\/www.noticiasradioreflejos.com.ar\/2021\/wp-content\/uploads\/2021\/07\/logosol300x200.png","type":"image\/png"}],"author":"Arnaldo Botto","twitter_card":"summary_large_image","schema":{"@context":"https:\/\/schema.org","@graph":[{"@type":"WebPage","@id":"https:\/\/www.noticiasradioreflejos.com.ar\/2021\/existe-alguna-orientacion-especifica-sobre-el-uso-del-aire-acondicionado-durante-la-pandemia-de-covid-19\/","url":"https:\/\/www.noticiasradioreflejos.com.ar\/2021\/existe-alguna-orientacion-especifica-sobre-el-uso-del-aire-acondicionado-durante-la-pandemia-de-covid-19\/","name":"\u00bfExiste alguna orientaci\u00f3n espec\u00edfica sobre el uso del aire acondicionado durante la pandemia de COVID-19? - Noticias Radio Reflejos","isPartOf":{"@id":"https:\/\/www.noticiasradioreflejos.com.ar\/2021\/#website"},"primaryImageOfPage":{"@id":"https:\/\/www.noticiasradioreflejos.com.ar\/2021\/existe-alguna-orientacion-especifica-sobre-el-uso-del-aire-acondicionado-durante-la-pandemia-de-covid-19\/#primaryimage"},"image":{"@id":"https:\/\/www.noticiasradioreflejos.com.ar\/2021\/existe-alguna-orientacion-especifica-sobre-el-uso-del-aire-acondicionado-durante-la-pandemia-de-covid-19\/#primaryimage"},"thumbnailUrl":"","datePublished":"2021-01-26T15:31:55+00:00","author":{"@id":"https:\/\/www.noticiasradioreflejos.com.ar\/2021\/#\/schema\/person\/ad82545263dcc5ec0996818884fd5fb1"},"breadcrumb":{"@id":"https:\/\/www.noticiasradioreflejos.com.ar\/2021\/existe-alguna-orientacion-especifica-sobre-el-uso-del-aire-acondicionado-durante-la-pandemia-de-covid-19\/#breadcrumb"},"inLanguage":"es","potentialAction":[{"@type":"ReadAction","target":["https:\/\/www.noticiasradioreflejos.com.ar\/2021\/existe-alguna-orientacion-especifica-sobre-el-uso-del-aire-acondicionado-durante-la-pandemia-de-covid-19\/"]}]},{"@type":"ImageObject","inLanguage":"es","@id":"https:\/\/www.noticiasradioreflejos.com.ar\/2021\/existe-alguna-orientacion-especifica-sobre-el-uso-del-aire-acondicionado-durante-la-pandemia-de-covid-19\/#primaryimage","url":"","contentUrl":""},{"@type":"BreadcrumbList","@id":"https:\/\/www.noticiasradioreflejos.com.ar\/2021\/existe-alguna-orientacion-especifica-sobre-el-uso-del-aire-acondicionado-durante-la-pandemia-de-covid-19\/#breadcrumb","itemListElement":[{"@type":"ListItem","position":1,"name":"Portada","item":"https:\/\/www.noticiasradioreflejos.com.ar\/2021\/"},{"@type":"ListItem","position":2,"name":"\u00bfExiste alguna orientaci\u00f3n espec\u00edfica sobre el uso del aire acondicionado durante la pandemia de COVID-19?"}]},{"@type":"WebSite","@id":"https:\/\/www.noticiasradioreflejos.com.ar\/2021\/#website","url":"https:\/\/www.noticiasradioreflejos.com.ar\/2021\/","name":"Noticias Radio Reflejos","description":"Las noticias de mi comarca","potentialAction":[{"@type":"SearchAction","target":{"@type":"EntryPoint","urlTemplate":"https:\/\/www.noticiasradioreflejos.com.ar\/2021\/?s={search_term_string}"},"query-input":{"@type":"PropertyValueSpecification","valueRequired":true,"valueName":"search_term_string"}}],"inLanguage":"es"},{"@type":"Person","@id":"https:\/\/www.noticiasradioreflejos.com.ar\/2021\/#\/schema\/person\/ad82545263dcc5ec0996818884fd5fb1","name":"Arnaldo Botto","image":{"@type":"ImageObject","inLanguage":"es","@id":"https:\/\/www.noticiasradioreflejos.com.ar\/2021\/#\/schema\/person\/image\/","url":"https:\/\/secure.gravatar.com\/avatar\/55cb5e37c1efa326397366e6974cb338056df65cb50e7d64d1cf314e87504837?s=96&d=mm&r=g","contentUrl":"https:\/\/secure.gravatar.com\/avatar\/55cb5e37c1efa326397366e6974cb338056df65cb50e7d64d1cf314e87504837?s=96&d=mm&r=g","caption":"Arnaldo Botto"},"url":"https:\/\/www.noticiasradioreflejos.com.ar\/2021\/author\/arnaldo\/"}]}},"_links":{"self":[{"href":"https:\/\/www.noticiasradioreflejos.com.ar\/2021\/wp-json\/wp\/v2\/posts\/51680","targetHints":{"allow":["GET"]}}],"collection":[{"href":"https:\/\/www.noticiasradioreflejos.com.ar\/2021\/wp-json\/wp\/v2\/posts"}],"about":[{"href":"https:\/\/www.noticiasradioreflejos.com.ar\/2021\/wp-json\/wp\/v2\/types\/post"}],"author":[{"embeddable":true,"href":"https:\/\/www.noticiasradioreflejos.com.ar\/2021\/wp-json\/wp\/v2\/users\/3"}],"replies":[{"embeddable":true,"href":"https:\/\/www.noticiasradioreflejos.com.ar\/2021\/wp-json\/wp\/v2\/comments?post=51680"}],"version-history":[{"count":0,"href":"https:\/\/www.noticiasradioreflejos.com.ar\/2021\/wp-json\/wp\/v2\/posts\/51680\/revisions"}],"wp:featuredmedia":[{"embeddable":true,"href":"https:\/\/www.noticiasradioreflejos.com.ar\/2021\/wp-json\/"}],"wp:attachment":[{"href":"https:\/\/www.noticiasradioreflejos.com.ar\/2021\/wp-json\/wp\/v2\/media?parent=51680"}],"wp:term":[{"taxonomy":"category","embeddable":true,"href":"https:\/\/www.noticiasradioreflejos.com.ar\/2021\/wp-json\/wp\/v2\/categories?post=51680"},{"taxonomy":"post_tag","embeddable":true,"href":"https:\/\/www.noticiasradioreflejos.com.ar\/2021\/wp-json\/wp\/v2\/tags?post=51680"}],"curies":[{"name":"wp","href":"https:\/\/api.w.org\/{rel}","templated":true}]}}