{"id":51670,"date":"2021-01-26T10:41:04","date_gmt":"2021-01-26T13:41:04","guid":{"rendered":"http:\/\/www.noticiasradioreflejos.com.ar\/noticias\/?p=51670"},"modified":"2021-01-26T10:41:04","modified_gmt":"2021-01-26T13:41:04","slug":"educar-ambientalmente-un-gran-desafio-en-manos-de-todos","status":"publish","type":"post","link":"https:\/\/www.noticiasradioreflejos.com.ar\/2021\/educar-ambientalmente-un-gran-desafio-en-manos-de-todos\/","title":{"rendered":"Educar ambientalmente, un gran desaf\u00edo en manos de todos"},"content":{"rendered":"<p>El impacto del ser humano sobre la naturaleza durante el \u00faltimo siglo ha sido vertiginoso. En este marco es clave formar ciudadanos comprometidos en la conservaci\u00f3n del planeta.<!--more--><br \/>\nSuelo preguntar a mis estudiantes qu\u00e9 necesitan para sobrevivir en este planeta y todos saben muy bien las respuestas: aire puro, agua no contaminada, alimento, refugio y algo para abrigarse. R\u00e1pidamente nos damos cuenta que\u00a0<b>todo lo que necesitamos para vivir nos lo entrega desinteresadamente la naturaleza<\/b>, quien lo produce gracias a un sinn\u00famero de procesos e interacciones entre todos sus componentes bi\u00f3ticos y abi\u00f3ticos, que resultan claves para la vida en este planeta.<\/p>\n<p class=\"paragraph\">Y digamos que el ser humano vivi\u00f3 aprovechando los recursos naturales sin causar mayores impactos hasta hace unos 300 a\u00f1os. Pero es una realidad que,\u00a0<b>especialmente en el \u00faltimo siglo, el impacto sobre la naturaleza ha sido vertiginoso.<\/b>\u00a0Nuestro estilo de vida actual, directa o indirectamente, en mayor o menor medida, deja una huella negativa tanto en el ambiente en el que vivimos (para la gran mayor\u00eda de nosotros las ciudades), como en la naturaleza silvestre, poniendo en riesgo la vida de todo el planeta.<\/p>\n<p class=\"paragraph\">Ante este panorama es entonces que aparece en escena la\u00a0<b>Educaci\u00f3n Ambiental<\/b>, una disciplina que no debe escapar a ning\u00fan ser humano y que atraviesa numerosos aspectos de la formaci\u00f3n de las personas. Desde el conocimiento biol\u00f3gico de la naturaleza, hasta otros aspectos que analizan nuestra relaci\u00f3n con ella como las formas de producci\u00f3n y elaboraci\u00f3n de nuestros alimentos, la elecci\u00f3n de los envases, la disposici\u00f3n de nuestros residuos, el an\u00e1lisis de las problem\u00e1ticas que da\u00f1an nuestro ambiente y potencialmente nuestra salud, nuestros h\u00e1bitos de consumo, estos y muchos otros temas, son los que aborda la educaci\u00f3n ambiental.<\/p>\n<p class=\"paragraph\"><b>Como todo proceso educativo, debe ser \u201cpermanente\u201d y esto significa \u201ctoda la vida\u201d<\/b>, ya que del ambiente no solo se aprende en el marco de la educaci\u00f3n formal (escuelas, universidades, institutos) sino que tambi\u00e9n se asimila en el marco de la educaci\u00f3n no formal como es el caso de la educaci\u00f3n ambiental en \u00e1reas naturales, clubes o asociaciones. En estos dos casos la educaci\u00f3n es planificada pero hay otro tipo de educaci\u00f3n ambiental no menos importante, una que suele ser muy potente, es la que se da en el marco de lo que llamamos<b>\u00a0la \u201ceducaci\u00f3n ambiental informal\u201d, \u00e9sta no est\u00e1 planificada, surge espont\u00e1neamente y generalmente se transmite de generaci\u00f3n en generaci\u00f3n, mediante actos y ejemplos cotidianos, entre familia, amigos o compa\u00f1eros de trabajo<\/b>\u00a0y que adem\u00e1s hoy se puede ejercer por numerosos medios de comunicaci\u00f3n.<\/p>\n<p class=\"paragraph\">En este marco es clave entonces formar ciudadanos comprometidos en la conservaci\u00f3n del ambiente y para ello necesitamos que la educaci\u00f3n ambiental sea efectiva. Tener conocimientos sobre la naturaleza, entender sus procesos, ciclos e interacciones, detectar problemas ambientales y buscar soluciones es important\u00edsimo.<\/p>\n<p class=\"paragraph\">Pero con esto no alcanza, necesitamos mucho m\u00e1s. Para lograr cambios profundos en nuestra relaci\u00f3n con la naturaleza,\u00a0<b>es indispensable que todos esos conocimientos se materialicen y atraviesen nuestros corazones.<\/b><\/p>\n<p class=\"paragraph\">Y aqu\u00ed la clave est\u00e1 en algo personal e irremplazable \u201cla vivencia en la naturaleza\u201d. Para esto son important\u00edsimas las \u00e1reas naturales, esas que a\u00fan albergan los ambientes originarios, con todos sus protagonistas; flora y fauna jugando ese maravilloso juego de adaptaciones, interrelaciones y procesos naturales.<\/p>\n<p class=\"paragraph\">Lugares donde poder ver un picaflor polinizando, oler el perfume de esas flores que tanto atraen a las mariposas, escuchar a las ranas croar en una laguna, sentir la brisa fluir entre las hojas de los \u00e1rboles y nuestros cabellos, emocionarse observando los pichones de cisnes sobre el lomo de sus padres, descubrir esa ara\u00f1a camuflada, maravillarse al saber c\u00f3mo las plantas palustres purifican y oxigenan el agua de las lagunas entre tantas otras experiencias.<\/p>\n<p class=\"paragraph\"><b>Disfrutar de todas y cada una de las cosas que podemos vivenciar en la naturaleza y que se acumular\u00e1n en recuerdos imborrables, all\u00ed radica el secreto de la efectividad de esta disciplina.<\/b><\/p>\n<p class=\"paragraph\">Ser\u00e1 entonces cuando haremos el \u201cclick\u201d, no importa nuestra edad, se generar\u00e1 esa chispa que nos har\u00e1 fusionar los conceptos te\u00f3ricos con nuestros sentimientos.<\/p>\n<p class=\"paragraph\">Ser\u00e1 esa chispa, con una mezcla de conocimiento y amor, la que finalmente nos mueva a ponernos en acci\u00f3n, a modificar nuestras conductas, a plantar ese \u00e1rbol nativo, a valorar una oruga, a entender el rol clave que cada uno de nosotros juega en este planeta maravilloso, tan diverso, tan m\u00e1gico.\u00a0<b>Todos podemos y debemos educar ambientalmente. Los pasos son sencillos: ayudar a conocer, disfrutar, amar y conservar este, nuestro \u00fanico planeta.<\/b><\/p>\n<p class=\"paragraph\"><img decoding=\"async\" src=\"https:\/\/s3.amazonaws.com\/arc-authors\/infobae\/ae84e87e-a809-4ed3-9f17-5a5fcada7d13.png\" alt=\"autor\" \/><\/p>\n<p><span style=\"color: #ff6600;\"><strong>Por Claudia Nardini<\/strong><\/span><br \/>\n<span style=\"color: #ff6600;\"><strong> Directora Departamento Educativo de Aves Argentinas<\/strong><\/span><\/p>\n<p><span style=\"color: #ff6600;\"><strong>Para INFOBAE<\/strong><\/span><\/p>\n","protected":false},"excerpt":{"rendered":"<p>El impacto del ser humano sobre la naturaleza durante el \u00faltimo siglo ha sido vertiginoso. En este marco es clave formar ciudadanos comprometidos en la conservaci\u00f3n del planeta.<\/p>\n","protected":false},"author":3,"featured_media":51671,"comment_status":"closed","ping_status":"open","sticky":false,"template":"","format":"standard","meta":{"footnotes":""},"categories":[34,26],"tags":[],"class_list":["post-51670","post","type-post","status-publish","format-standard","has-post-thumbnail","hentry","category-educacion","category-sociedad"],"yoast_head":"<!-- This site is optimized with the Yoast SEO plugin v25.9 - https:\/\/yoast.com\/wordpress\/plugins\/seo\/ -->\n<title>Educar ambientalmente, un gran desaf\u00edo en manos de todos - Noticias Radio Reflejos<\/title>\n<meta name=\"robots\" content=\"index, follow, max-snippet:-1, max-image-preview:large, max-video-preview:-1\" \/>\n<link rel=\"canonical\" href=\"https:\/\/www.noticiasradioreflejos.com.ar\/2021\/educar-ambientalmente-un-gran-desafio-en-manos-de-todos\/\" \/>\n<meta property=\"og:locale\" content=\"es_ES\" \/>\n<meta property=\"og:type\" content=\"article\" \/>\n<meta property=\"og:title\" content=\"Educar ambientalmente, un gran desaf\u00edo en manos de todos - Noticias Radio Reflejos\" \/>\n<meta property=\"og:description\" content=\"El impacto del ser humano sobre la naturaleza durante el \u00faltimo siglo ha sido vertiginoso. En este marco es clave formar ciudadanos comprometidos en la conservaci\u00f3n del planeta.\" \/>\n<meta property=\"og:url\" content=\"https:\/\/www.noticiasradioreflejos.com.ar\/2021\/educar-ambientalmente-un-gran-desafio-en-manos-de-todos\/\" \/>\n<meta property=\"og:site_name\" content=\"Noticias Radio Reflejos\" \/>\n<meta property=\"article:published_time\" content=\"2021-01-26T13:41:04+00:00\" \/>\n<meta property=\"og:image\" content=\"https:\/\/www.noticiasradioreflejos.com.ar\/2021\/wp-content\/uploads\/2021\/07\/logosol300x200.png\" \/>\n\t<meta property=\"og:image:width\" content=\"300\" \/>\n\t<meta property=\"og:image:height\" content=\"200\" \/>\n\t<meta property=\"og:image:type\" content=\"image\/png\" \/>\n<meta name=\"author\" content=\"Arnaldo Botto\" \/>\n<meta name=\"twitter:card\" content=\"summary_large_image\" \/>\n<script type=\"application\/ld+json\" class=\"yoast-schema-graph\">{\"@context\":\"https:\/\/schema.org\",\"@graph\":[{\"@type\":\"WebPage\",\"@id\":\"https:\/\/www.noticiasradioreflejos.com.ar\/2021\/educar-ambientalmente-un-gran-desafio-en-manos-de-todos\/\",\"url\":\"https:\/\/www.noticiasradioreflejos.com.ar\/2021\/educar-ambientalmente-un-gran-desafio-en-manos-de-todos\/\",\"name\":\"Educar ambientalmente, un gran desaf\u00edo en manos de todos - Noticias Radio Reflejos\",\"isPartOf\":{\"@id\":\"https:\/\/www.noticiasradioreflejos.com.ar\/2021\/#website\"},\"primaryImageOfPage\":{\"@id\":\"https:\/\/www.noticiasradioreflejos.com.ar\/2021\/educar-ambientalmente-un-gran-desafio-en-manos-de-todos\/#primaryimage\"},\"image\":{\"@id\":\"https:\/\/www.noticiasradioreflejos.com.ar\/2021\/educar-ambientalmente-un-gran-desafio-en-manos-de-todos\/#primaryimage\"},\"thumbnailUrl\":\"\",\"datePublished\":\"2021-01-26T13:41:04+00:00\",\"author\":{\"@id\":\"https:\/\/www.noticiasradioreflejos.com.ar\/2021\/#\/schema\/person\/ad82545263dcc5ec0996818884fd5fb1\"},\"breadcrumb\":{\"@id\":\"https:\/\/www.noticiasradioreflejos.com.ar\/2021\/educar-ambientalmente-un-gran-desafio-en-manos-de-todos\/#breadcrumb\"},\"inLanguage\":\"es\",\"potentialAction\":[{\"@type\":\"ReadAction\",\"target\":[\"https:\/\/www.noticiasradioreflejos.com.ar\/2021\/educar-ambientalmente-un-gran-desafio-en-manos-de-todos\/\"]}]},{\"@type\":\"ImageObject\",\"inLanguage\":\"es\",\"@id\":\"https:\/\/www.noticiasradioreflejos.com.ar\/2021\/educar-ambientalmente-un-gran-desafio-en-manos-de-todos\/#primaryimage\",\"url\":\"\",\"contentUrl\":\"\"},{\"@type\":\"BreadcrumbList\",\"@id\":\"https:\/\/www.noticiasradioreflejos.com.ar\/2021\/educar-ambientalmente-un-gran-desafio-en-manos-de-todos\/#breadcrumb\",\"itemListElement\":[{\"@type\":\"ListItem\",\"position\":1,\"name\":\"Portada\",\"item\":\"https:\/\/www.noticiasradioreflejos.com.ar\/2021\/\"},{\"@type\":\"ListItem\",\"position\":2,\"name\":\"Educar ambientalmente, un gran desaf\u00edo en manos de todos\"}]},{\"@type\":\"WebSite\",\"@id\":\"https:\/\/www.noticiasradioreflejos.com.ar\/2021\/#website\",\"url\":\"https:\/\/www.noticiasradioreflejos.com.ar\/2021\/\",\"name\":\"Noticias Radio Reflejos\",\"description\":\"Las noticias de mi comarca\",\"potentialAction\":[{\"@type\":\"SearchAction\",\"target\":{\"@type\":\"EntryPoint\",\"urlTemplate\":\"https:\/\/www.noticiasradioreflejos.com.ar\/2021\/?s={search_term_string}\"},\"query-input\":{\"@type\":\"PropertyValueSpecification\",\"valueRequired\":true,\"valueName\":\"search_term_string\"}}],\"inLanguage\":\"es\"},{\"@type\":\"Person\",\"@id\":\"https:\/\/www.noticiasradioreflejos.com.ar\/2021\/#\/schema\/person\/ad82545263dcc5ec0996818884fd5fb1\",\"name\":\"Arnaldo Botto\",\"image\":{\"@type\":\"ImageObject\",\"inLanguage\":\"es\",\"@id\":\"https:\/\/www.noticiasradioreflejos.com.ar\/2021\/#\/schema\/person\/image\/\",\"url\":\"https:\/\/secure.gravatar.com\/avatar\/55cb5e37c1efa326397366e6974cb338056df65cb50e7d64d1cf314e87504837?s=96&d=mm&r=g\",\"contentUrl\":\"https:\/\/secure.gravatar.com\/avatar\/55cb5e37c1efa326397366e6974cb338056df65cb50e7d64d1cf314e87504837?s=96&d=mm&r=g\",\"caption\":\"Arnaldo Botto\"},\"url\":\"https:\/\/www.noticiasradioreflejos.com.ar\/2021\/author\/arnaldo\/\"}]}<\/script>\n<!-- \/ Yoast SEO plugin. -->","yoast_head_json":{"title":"Educar ambientalmente, un gran desaf\u00edo en manos de todos - Noticias Radio Reflejos","robots":{"index":"index","follow":"follow","max-snippet":"max-snippet:-1","max-image-preview":"max-image-preview:large","max-video-preview":"max-video-preview:-1"},"canonical":"https:\/\/www.noticiasradioreflejos.com.ar\/2021\/educar-ambientalmente-un-gran-desafio-en-manos-de-todos\/","og_locale":"es_ES","og_type":"article","og_title":"Educar ambientalmente, un gran desaf\u00edo en manos de todos - Noticias Radio Reflejos","og_description":"El impacto del ser humano sobre la naturaleza durante el \u00faltimo siglo ha sido vertiginoso. En este marco es clave formar ciudadanos comprometidos en la conservaci\u00f3n del planeta.","og_url":"https:\/\/www.noticiasradioreflejos.com.ar\/2021\/educar-ambientalmente-un-gran-desafio-en-manos-de-todos\/","og_site_name":"Noticias Radio Reflejos","article_published_time":"2021-01-26T13:41:04+00:00","og_image":[{"width":300,"height":200,"url":"https:\/\/www.noticiasradioreflejos.com.ar\/2021\/wp-content\/uploads\/2021\/07\/logosol300x200.png","type":"image\/png"}],"author":"Arnaldo Botto","twitter_card":"summary_large_image","schema":{"@context":"https:\/\/schema.org","@graph":[{"@type":"WebPage","@id":"https:\/\/www.noticiasradioreflejos.com.ar\/2021\/educar-ambientalmente-un-gran-desafio-en-manos-de-todos\/","url":"https:\/\/www.noticiasradioreflejos.com.ar\/2021\/educar-ambientalmente-un-gran-desafio-en-manos-de-todos\/","name":"Educar ambientalmente, un gran desaf\u00edo en manos de todos - Noticias Radio Reflejos","isPartOf":{"@id":"https:\/\/www.noticiasradioreflejos.com.ar\/2021\/#website"},"primaryImageOfPage":{"@id":"https:\/\/www.noticiasradioreflejos.com.ar\/2021\/educar-ambientalmente-un-gran-desafio-en-manos-de-todos\/#primaryimage"},"image":{"@id":"https:\/\/www.noticiasradioreflejos.com.ar\/2021\/educar-ambientalmente-un-gran-desafio-en-manos-de-todos\/#primaryimage"},"thumbnailUrl":"","datePublished":"2021-01-26T13:41:04+00:00","author":{"@id":"https:\/\/www.noticiasradioreflejos.com.ar\/2021\/#\/schema\/person\/ad82545263dcc5ec0996818884fd5fb1"},"breadcrumb":{"@id":"https:\/\/www.noticiasradioreflejos.com.ar\/2021\/educar-ambientalmente-un-gran-desafio-en-manos-de-todos\/#breadcrumb"},"inLanguage":"es","potentialAction":[{"@type":"ReadAction","target":["https:\/\/www.noticiasradioreflejos.com.ar\/2021\/educar-ambientalmente-un-gran-desafio-en-manos-de-todos\/"]}]},{"@type":"ImageObject","inLanguage":"es","@id":"https:\/\/www.noticiasradioreflejos.com.ar\/2021\/educar-ambientalmente-un-gran-desafio-en-manos-de-todos\/#primaryimage","url":"","contentUrl":""},{"@type":"BreadcrumbList","@id":"https:\/\/www.noticiasradioreflejos.com.ar\/2021\/educar-ambientalmente-un-gran-desafio-en-manos-de-todos\/#breadcrumb","itemListElement":[{"@type":"ListItem","position":1,"name":"Portada","item":"https:\/\/www.noticiasradioreflejos.com.ar\/2021\/"},{"@type":"ListItem","position":2,"name":"Educar ambientalmente, un gran desaf\u00edo en manos de todos"}]},{"@type":"WebSite","@id":"https:\/\/www.noticiasradioreflejos.com.ar\/2021\/#website","url":"https:\/\/www.noticiasradioreflejos.com.ar\/2021\/","name":"Noticias Radio Reflejos","description":"Las noticias de mi comarca","potentialAction":[{"@type":"SearchAction","target":{"@type":"EntryPoint","urlTemplate":"https:\/\/www.noticiasradioreflejos.com.ar\/2021\/?s={search_term_string}"},"query-input":{"@type":"PropertyValueSpecification","valueRequired":true,"valueName":"search_term_string"}}],"inLanguage":"es"},{"@type":"Person","@id":"https:\/\/www.noticiasradioreflejos.com.ar\/2021\/#\/schema\/person\/ad82545263dcc5ec0996818884fd5fb1","name":"Arnaldo Botto","image":{"@type":"ImageObject","inLanguage":"es","@id":"https:\/\/www.noticiasradioreflejos.com.ar\/2021\/#\/schema\/person\/image\/","url":"https:\/\/secure.gravatar.com\/avatar\/55cb5e37c1efa326397366e6974cb338056df65cb50e7d64d1cf314e87504837?s=96&d=mm&r=g","contentUrl":"https:\/\/secure.gravatar.com\/avatar\/55cb5e37c1efa326397366e6974cb338056df65cb50e7d64d1cf314e87504837?s=96&d=mm&r=g","caption":"Arnaldo Botto"},"url":"https:\/\/www.noticiasradioreflejos.com.ar\/2021\/author\/arnaldo\/"}]}},"_links":{"self":[{"href":"https:\/\/www.noticiasradioreflejos.com.ar\/2021\/wp-json\/wp\/v2\/posts\/51670","targetHints":{"allow":["GET"]}}],"collection":[{"href":"https:\/\/www.noticiasradioreflejos.com.ar\/2021\/wp-json\/wp\/v2\/posts"}],"about":[{"href":"https:\/\/www.noticiasradioreflejos.com.ar\/2021\/wp-json\/wp\/v2\/types\/post"}],"author":[{"embeddable":true,"href":"https:\/\/www.noticiasradioreflejos.com.ar\/2021\/wp-json\/wp\/v2\/users\/3"}],"replies":[{"embeddable":true,"href":"https:\/\/www.noticiasradioreflejos.com.ar\/2021\/wp-json\/wp\/v2\/comments?post=51670"}],"version-history":[{"count":0,"href":"https:\/\/www.noticiasradioreflejos.com.ar\/2021\/wp-json\/wp\/v2\/posts\/51670\/revisions"}],"wp:featuredmedia":[{"embeddable":true,"href":"https:\/\/www.noticiasradioreflejos.com.ar\/2021\/wp-json\/"}],"wp:attachment":[{"href":"https:\/\/www.noticiasradioreflejos.com.ar\/2021\/wp-json\/wp\/v2\/media?parent=51670"}],"wp:term":[{"taxonomy":"category","embeddable":true,"href":"https:\/\/www.noticiasradioreflejos.com.ar\/2021\/wp-json\/wp\/v2\/categories?post=51670"},{"taxonomy":"post_tag","embeddable":true,"href":"https:\/\/www.noticiasradioreflejos.com.ar\/2021\/wp-json\/wp\/v2\/tags?post=51670"}],"curies":[{"name":"wp","href":"https:\/\/api.w.org\/{rel}","templated":true}]}}