{"id":51640,"date":"2021-01-25T16:12:28","date_gmt":"2021-01-25T19:12:28","guid":{"rendered":"http:\/\/www.noticiasradioreflejos.com.ar\/noticias\/?p=51640"},"modified":"2021-01-25T16:12:28","modified_gmt":"2021-01-25T19:12:28","slug":"premio-8m","status":"publish","type":"post","link":"https:\/\/www.noticiasradioreflejos.com.ar\/2021\/premio-8m\/","title":{"rendered":"Premio 8M"},"content":{"rendered":"<p>En el marco del D\u00eda Internacional de la Mujer, el Ministerio de Cultura de la Naci\u00f3n convoca un concurso para exhibir y premiar obras realizadas por artistas mujeres o personas LGBTI+.<!--more--><\/p>\n<div class=\"label label-success abierta\">ABIERTA Del\u00a0<strong>21 de Enero de 2021<\/strong>\u00a0al\u00a0<strong>20 de Febrero de 2021<\/strong>.<\/div>\n<p>En el marco del D\u00eda Internacional de la Mujer, que se celebra el 8 de marzo, el\u00a0<strong>Ministerio de Cultura de la Naci\u00f3n,<\/strong>\u00a0a trav\u00e9s de la\u00a0<strong>Secretar\u00eda de Patrimonio Cultural<\/strong>\u00a0y con el apoyo de la\u00a0<strong>Direcci\u00f3n Nacional de Pol\u00edticas Culturales para la Igualdad de G\u00e9neros<\/strong>\u00a0de la<strong>\u00a0Subsecretar\u00eda de Formaci\u00f3n, Investigaci\u00f3n y Pol\u00edticas Culturales para la Igualdad\u00a0<\/strong>del<strong>\u00a0Ministerio de las Mujeres, G\u00e9neros y Diversidad<\/strong>, convoca un concurso para exhibir y premiar obras realizadas por artistas mujeres o personas LGBTI+.<\/p>\n<p>La convocatoria est\u00e1\u00a0<strong>destinada a creadoras\/es y artistas de todas las disciplinas de las artes visuales<\/strong>, sin l\u00edmite de edad ni requerimientos de trayectoria, y se aceptar\u00e1 solo una obra por participante. Se podr\u00e1n presentar obras en cualquier t\u00e9cnica y\/o soporte (pinturas, dibujos, grabados, fotograf\u00edas, collages, esculturas, instalaciones y videos, entre otros). No es necesario ni excluyente que las obras sean in\u00e9ditas. No se considerar\u00e1n restricciones de fecha de realizaci\u00f3n ni de participaci\u00f3n previa en exposiciones.El plazo para la inscripci\u00f3n cierra el 20 de febrero de 2021<\/p>\n<p>&nbsp;<\/p>\n<h3>\u00bfCu\u00e1l es su objetivo?<\/h3>\n<p>Exhibir y premiar obras realizadas por artistas mujeres o personas LGBTI+. Se busca iniciar una pol\u00edtica de adquisici\u00f3n de obras de arte que visualice como criterio fundamental la necesidad de revertir la conformaci\u00f3n patriarcal del patrimonio cultural nacional y la situaci\u00f3n cr\u00edtica de paridad de g\u00e9nero en la conformaci\u00f3n de las colecciones p\u00fablicas.<\/p>\n<h3>\u00bfQu\u00e9 premios se otorgan?<\/h3>\n<p>Se destinar\u00e1 en concepto de premios la suma de CUATRO MILLONES DE PESOS ($4.000.000.-), distribuidos en OCHO (8) premios de QUINIENTOS MIL PESOS ($500.000.-) cada uno. Las obras presentadas ser\u00e1n exhibidas de manera virtual o presencial (dependiendo de las condiciones sanitarias imperantes) en el CENTRO CULTURAL DEL BICENTENARIO \u201cPRESIDENTE DR. N\u00c9STOR CARLOS KIRCHNER\u201d para su posterior selecci\u00f3n y premiaci\u00f3n.<\/p>\n<h3>\u00bfA qui\u00e9nes est\u00e1 dirigido?<\/h3>\n<p>A creadoras\/es y artistas de todas las disciplinas de las artes visuales, sin l\u00edmite de edad ni requerimientos de trayectoria.<\/p>\n<h3>\u00bfQu\u00e9 tipo de obras se pueden presentar?<\/h3>\n<p>Se podr\u00e1 presentar una sola obra por participante, en cualquier t\u00e9cnica y\/o soporte (pintura, dibujo, grabado, fotograf\u00eda, collage, escultura, instalaci\u00f3n y video, entre otros). No es necesario ni excluyente que las obras sean in\u00e9ditas. No se considerar\u00e1n restricciones de fecha de realizaci\u00f3n ni de participaci\u00f3n previa en exposiciones. En el caso de t\u00e9cnicas o disciplinas art\u00edsticas que admitan la multiejemplaridad, no se podr\u00e1n presentar copias o ejemplares de obras que integren las colecciones de museos ni organismos p\u00fablicos.<\/p>\n<h3>\u00bfC\u00f3mo puedo inscribirme?<\/h3>\n<p>La inscripci\u00f3n se har\u00e1 exclusivamente completando el\u00a0<a href=\"https:\/\/forms.cultura.gob.ar\/index.php\/758214?lang=es\" target=\"_blank\" rel=\"noopener\"><strong>Formulario de inscripci\u00f3n<\/strong><\/a><\/p>\n<p>Adem\u00e1s de completar el formulario, se deber\u00e1n adjuntar entre una y cinco im\u00e1genes de la obra en formato .jpg, de un tama\u00f1o no mayor a los 10 MB. Si es necesario, se podr\u00e1 incorporar material audiovisual a la postulaci\u00f3n, proporcionando en la secci\u00f3n correspondiente los enlaces a las plataformas Vimeo o YouTube.<\/p>\n<h3>Requisitos para la inscripci\u00f3n<\/h3>\n<p>Para postularse al presente concurso, los\/as interesados\/as deber\u00e1n cumplir con los siguientes requisitos:<\/p>\n<ul>\n<li>Contar con ciudadan\u00eda argentina o residencia permanente en el pa\u00eds.<\/li>\n<li>Ser mayores de edad.<\/li>\n<li>Contar con una cuenta bancaria (caja de ahorros o cuenta corriente) para el dep\u00f3sito correspondiente en caso de obtener un premio.<\/li>\n<\/ul>\n<h3>\u00bfHasta qu\u00e9 fecha puedo enviar mi postulaci\u00f3n?<\/h3>\n<p>El plazo para la inscripci\u00f3n cierra el 20 de febrero de 2021.<\/p>\n<h3>\u00bfD\u00f3nde puedo obtener m\u00e1s informaci\u00f3n?<\/h3>\n<p>En las\u00a0<a href=\"https:\/\/www.cultura.gob.ar\/media\/uploads\/premio_8m_-_bases.pdf\" target=\"_blank\" rel=\"noopener\">Bases y condiciones<\/a>\u00a0o escribiendo un mail a\u00a0premio8m@cultura.gob.a<\/p>\n","protected":false},"excerpt":{"rendered":"<p>En el marco del D\u00eda Internacional de la Mujer, el Ministerio de Cultura de la Naci\u00f3n convoca un concurso para exhibir y premiar obras realizadas por artistas mujeres o personas LGBTI+.<\/p>\n","protected":false},"author":3,"featured_media":0,"comment_status":"closed","ping_status":"open","sticky":false,"template":"","format":"standard","meta":{"footnotes":""},"categories":[35,24],"tags":[],"class_list":["post-51640","post","type-post","status-publish","format-standard","hentry","category-cultura","category-politica"],"yoast_head":"<!-- This site is optimized with the Yoast SEO plugin v25.9 - https:\/\/yoast.com\/wordpress\/plugins\/seo\/ -->\n<title>Premio 8M - Noticias Radio Reflejos<\/title>\n<meta name=\"robots\" content=\"index, follow, max-snippet:-1, max-image-preview:large, max-video-preview:-1\" \/>\n<link rel=\"canonical\" href=\"https:\/\/www.noticiasradioreflejos.com.ar\/2021\/premio-8m\/\" \/>\n<meta property=\"og:locale\" content=\"es_ES\" \/>\n<meta property=\"og:type\" content=\"article\" \/>\n<meta property=\"og:title\" content=\"Premio 8M - Noticias Radio Reflejos\" \/>\n<meta property=\"og:description\" content=\"En el marco del D\u00eda Internacional de la Mujer, el Ministerio de Cultura de la Naci\u00f3n convoca un concurso para exhibir y premiar obras realizadas por artistas mujeres o personas LGBTI+.\" \/>\n<meta property=\"og:url\" content=\"https:\/\/www.noticiasradioreflejos.com.ar\/2021\/premio-8m\/\" \/>\n<meta property=\"og:site_name\" content=\"Noticias Radio Reflejos\" \/>\n<meta property=\"article:published_time\" content=\"2021-01-25T19:12:28+00:00\" \/>\n<meta property=\"og:image\" content=\"https:\/\/www.noticiasradioreflejos.com.ar\/2021\/wp-content\/uploads\/2021\/07\/logosol300x200.png\" \/>\n\t<meta property=\"og:image:width\" content=\"300\" \/>\n\t<meta property=\"og:image:height\" content=\"200\" \/>\n\t<meta property=\"og:image:type\" content=\"image\/png\" \/>\n<meta name=\"author\" content=\"Arnaldo Botto\" \/>\n<meta name=\"twitter:card\" content=\"summary_large_image\" \/>\n<script type=\"application\/ld+json\" class=\"yoast-schema-graph\">{\"@context\":\"https:\/\/schema.org\",\"@graph\":[{\"@type\":\"WebPage\",\"@id\":\"https:\/\/www.noticiasradioreflejos.com.ar\/2021\/premio-8m\/\",\"url\":\"https:\/\/www.noticiasradioreflejos.com.ar\/2021\/premio-8m\/\",\"name\":\"Premio 8M - Noticias Radio Reflejos\",\"isPartOf\":{\"@id\":\"https:\/\/www.noticiasradioreflejos.com.ar\/2021\/#website\"},\"datePublished\":\"2021-01-25T19:12:28+00:00\",\"author\":{\"@id\":\"https:\/\/www.noticiasradioreflejos.com.ar\/2021\/#\/schema\/person\/ad82545263dcc5ec0996818884fd5fb1\"},\"breadcrumb\":{\"@id\":\"https:\/\/www.noticiasradioreflejos.com.ar\/2021\/premio-8m\/#breadcrumb\"},\"inLanguage\":\"es\",\"potentialAction\":[{\"@type\":\"ReadAction\",\"target\":[\"https:\/\/www.noticiasradioreflejos.com.ar\/2021\/premio-8m\/\"]}]},{\"@type\":\"BreadcrumbList\",\"@id\":\"https:\/\/www.noticiasradioreflejos.com.ar\/2021\/premio-8m\/#breadcrumb\",\"itemListElement\":[{\"@type\":\"ListItem\",\"position\":1,\"name\":\"Portada\",\"item\":\"https:\/\/www.noticiasradioreflejos.com.ar\/2021\/\"},{\"@type\":\"ListItem\",\"position\":2,\"name\":\"Premio 8M\"}]},{\"@type\":\"WebSite\",\"@id\":\"https:\/\/www.noticiasradioreflejos.com.ar\/2021\/#website\",\"url\":\"https:\/\/www.noticiasradioreflejos.com.ar\/2021\/\",\"name\":\"Noticias Radio Reflejos\",\"description\":\"Las noticias de mi comarca\",\"potentialAction\":[{\"@type\":\"SearchAction\",\"target\":{\"@type\":\"EntryPoint\",\"urlTemplate\":\"https:\/\/www.noticiasradioreflejos.com.ar\/2021\/?s={search_term_string}\"},\"query-input\":{\"@type\":\"PropertyValueSpecification\",\"valueRequired\":true,\"valueName\":\"search_term_string\"}}],\"inLanguage\":\"es\"},{\"@type\":\"Person\",\"@id\":\"https:\/\/www.noticiasradioreflejos.com.ar\/2021\/#\/schema\/person\/ad82545263dcc5ec0996818884fd5fb1\",\"name\":\"Arnaldo Botto\",\"image\":{\"@type\":\"ImageObject\",\"inLanguage\":\"es\",\"@id\":\"https:\/\/www.noticiasradioreflejos.com.ar\/2021\/#\/schema\/person\/image\/\",\"url\":\"https:\/\/secure.gravatar.com\/avatar\/55cb5e37c1efa326397366e6974cb338056df65cb50e7d64d1cf314e87504837?s=96&d=mm&r=g\",\"contentUrl\":\"https:\/\/secure.gravatar.com\/avatar\/55cb5e37c1efa326397366e6974cb338056df65cb50e7d64d1cf314e87504837?s=96&d=mm&r=g\",\"caption\":\"Arnaldo Botto\"},\"url\":\"https:\/\/www.noticiasradioreflejos.com.ar\/2021\/author\/arnaldo\/\"}]}<\/script>\n<!-- \/ Yoast SEO plugin. -->","yoast_head_json":{"title":"Premio 8M - Noticias Radio Reflejos","robots":{"index":"index","follow":"follow","max-snippet":"max-snippet:-1","max-image-preview":"max-image-preview:large","max-video-preview":"max-video-preview:-1"},"canonical":"https:\/\/www.noticiasradioreflejos.com.ar\/2021\/premio-8m\/","og_locale":"es_ES","og_type":"article","og_title":"Premio 8M - Noticias Radio Reflejos","og_description":"En el marco del D\u00eda Internacional de la Mujer, el Ministerio de Cultura de la Naci\u00f3n convoca un concurso para exhibir y premiar obras realizadas por artistas mujeres o personas LGBTI+.","og_url":"https:\/\/www.noticiasradioreflejos.com.ar\/2021\/premio-8m\/","og_site_name":"Noticias Radio Reflejos","article_published_time":"2021-01-25T19:12:28+00:00","og_image":[{"width":300,"height":200,"url":"https:\/\/www.noticiasradioreflejos.com.ar\/2021\/wp-content\/uploads\/2021\/07\/logosol300x200.png","type":"image\/png"}],"author":"Arnaldo Botto","twitter_card":"summary_large_image","schema":{"@context":"https:\/\/schema.org","@graph":[{"@type":"WebPage","@id":"https:\/\/www.noticiasradioreflejos.com.ar\/2021\/premio-8m\/","url":"https:\/\/www.noticiasradioreflejos.com.ar\/2021\/premio-8m\/","name":"Premio 8M - Noticias Radio Reflejos","isPartOf":{"@id":"https:\/\/www.noticiasradioreflejos.com.ar\/2021\/#website"},"datePublished":"2021-01-25T19:12:28+00:00","author":{"@id":"https:\/\/www.noticiasradioreflejos.com.ar\/2021\/#\/schema\/person\/ad82545263dcc5ec0996818884fd5fb1"},"breadcrumb":{"@id":"https:\/\/www.noticiasradioreflejos.com.ar\/2021\/premio-8m\/#breadcrumb"},"inLanguage":"es","potentialAction":[{"@type":"ReadAction","target":["https:\/\/www.noticiasradioreflejos.com.ar\/2021\/premio-8m\/"]}]},{"@type":"BreadcrumbList","@id":"https:\/\/www.noticiasradioreflejos.com.ar\/2021\/premio-8m\/#breadcrumb","itemListElement":[{"@type":"ListItem","position":1,"name":"Portada","item":"https:\/\/www.noticiasradioreflejos.com.ar\/2021\/"},{"@type":"ListItem","position":2,"name":"Premio 8M"}]},{"@type":"WebSite","@id":"https:\/\/www.noticiasradioreflejos.com.ar\/2021\/#website","url":"https:\/\/www.noticiasradioreflejos.com.ar\/2021\/","name":"Noticias Radio Reflejos","description":"Las noticias de mi comarca","potentialAction":[{"@type":"SearchAction","target":{"@type":"EntryPoint","urlTemplate":"https:\/\/www.noticiasradioreflejos.com.ar\/2021\/?s={search_term_string}"},"query-input":{"@type":"PropertyValueSpecification","valueRequired":true,"valueName":"search_term_string"}}],"inLanguage":"es"},{"@type":"Person","@id":"https:\/\/www.noticiasradioreflejos.com.ar\/2021\/#\/schema\/person\/ad82545263dcc5ec0996818884fd5fb1","name":"Arnaldo Botto","image":{"@type":"ImageObject","inLanguage":"es","@id":"https:\/\/www.noticiasradioreflejos.com.ar\/2021\/#\/schema\/person\/image\/","url":"https:\/\/secure.gravatar.com\/avatar\/55cb5e37c1efa326397366e6974cb338056df65cb50e7d64d1cf314e87504837?s=96&d=mm&r=g","contentUrl":"https:\/\/secure.gravatar.com\/avatar\/55cb5e37c1efa326397366e6974cb338056df65cb50e7d64d1cf314e87504837?s=96&d=mm&r=g","caption":"Arnaldo Botto"},"url":"https:\/\/www.noticiasradioreflejos.com.ar\/2021\/author\/arnaldo\/"}]}},"_links":{"self":[{"href":"https:\/\/www.noticiasradioreflejos.com.ar\/2021\/wp-json\/wp\/v2\/posts\/51640","targetHints":{"allow":["GET"]}}],"collection":[{"href":"https:\/\/www.noticiasradioreflejos.com.ar\/2021\/wp-json\/wp\/v2\/posts"}],"about":[{"href":"https:\/\/www.noticiasradioreflejos.com.ar\/2021\/wp-json\/wp\/v2\/types\/post"}],"author":[{"embeddable":true,"href":"https:\/\/www.noticiasradioreflejos.com.ar\/2021\/wp-json\/wp\/v2\/users\/3"}],"replies":[{"embeddable":true,"href":"https:\/\/www.noticiasradioreflejos.com.ar\/2021\/wp-json\/wp\/v2\/comments?post=51640"}],"version-history":[{"count":0,"href":"https:\/\/www.noticiasradioreflejos.com.ar\/2021\/wp-json\/wp\/v2\/posts\/51640\/revisions"}],"wp:attachment":[{"href":"https:\/\/www.noticiasradioreflejos.com.ar\/2021\/wp-json\/wp\/v2\/media?parent=51640"}],"wp:term":[{"taxonomy":"category","embeddable":true,"href":"https:\/\/www.noticiasradioreflejos.com.ar\/2021\/wp-json\/wp\/v2\/categories?post=51640"},{"taxonomy":"post_tag","embeddable":true,"href":"https:\/\/www.noticiasradioreflejos.com.ar\/2021\/wp-json\/wp\/v2\/tags?post=51640"}],"curies":[{"name":"wp","href":"https:\/\/api.w.org\/{rel}","templated":true}]}}