{"id":51636,"date":"2021-01-25T13:01:32","date_gmt":"2021-01-25T16:01:32","guid":{"rendered":"http:\/\/www.noticiasradioreflejos.com.ar\/noticias\/?p=51636"},"modified":"2021-01-25T13:01:32","modified_gmt":"2021-01-25T16:01:32","slug":"el-museo-casa-de-la-historia-y-un-2020-con-una-importante-tarea","status":"publish","type":"post","link":"https:\/\/www.noticiasradioreflejos.com.ar\/2021\/el-museo-casa-de-la-historia-y-un-2020-con-una-importante-tarea\/","title":{"rendered":"El Museo Casa de la Historia y un 2020 con una importante tarea"},"content":{"rendered":"<p>El a\u00f1o 2020 fue especial para sitios como el Museo Casa de la Historia Tornquist, donde el contacto con la gente es fundamental y, lamentablemente, no se pudo tener.<!--more--><br \/>\nA pesar de que la pandemia no permiti\u00f3 estar en cerca de manera f\u00edsica, desde la instituci\u00f3n se reinventaron y, mediante la virtualidad, continuaron compartiendo material con el que se cuenta.<br \/>\nEntre todo lo negativo que deja la experiencia de la pandemia, hay un lado positivo y es que ese tiempo permiti\u00f3 retomar trabajos que, en una situaci\u00f3n de normalidad, eran relegados por el d\u00eda a d\u00eda del Museo.<br \/>\nEntre otras cosas, se destacan:<br \/>\n\uf0d8 Digitalizaci\u00f3n y clasificaci\u00f3n de m\u00e1s de mil fotos que se encontraban en el archivo hist\u00f3rico y otras entregadas por vecinos de la localidad;<br \/>\n\uf0d8 Digitalizaci\u00f3n de importante cantidad de material documental;<br \/>\n\uf0d8 Reubicaci\u00f3n y adecuaci\u00f3n de un nuevo espacio (fog\u00f3n), para ser utilizado como dep\u00f3sito y guarda de material perteneciente a las colecciones del Museo.<br \/>\n\uf0d8 Adecuaci\u00f3n y renovaci\u00f3n de objetos en exhibici\u00f3n en las distintas muestras permanentes;<br \/>\n\uf0d8 Recepci\u00f3n de donaciones de objetos.<br \/>\n\uf0d8 Refacci\u00f3n a nuevo de la instalaci\u00f3n de agua del Museo y reacondicionamiento de los ba\u00f1os.<br \/>\n\uf0d8 Catalogo y clasificaci\u00f3n del material del archivo hist\u00f3rico (material en papel).<\/p>\n<p>La pandemia proporcion\u00f3 nuevas herramientas para estar en contacto, aun estando distanciados. A trav\u00e9s de ellas se pudo:<br \/>\n\uf0d8 Asistir de manera remota a distintos niveles educativos y familias;<br \/>\n\uf0d8 Realizar publicaciones diarias en las redes sociales (Facebook: Museo Casa de la Historia \/\/ IG: @Casadelahistoriatqt) durante todo el a\u00f1o;<br \/>\n\uf0d8 Crear y poner en funcionamiento el canal de YOUTUBE: Museo Casa de la Historia;<br \/>\n\uf0d8 Realizar conferencias v\u00eda redes sociales:<br \/>\n\uf0fc 17 de abril, aniversario del Museo<br \/>\n\uf0fc 25 de mayo<br \/>\n\uf0fc 20 de junio<br \/>\n\uf0fc 9 de julio<br \/>\n\uf0fc 17 de agosto<br \/>\n\uf0fc D\u00eda del ni\u00f1o<br \/>\n\uf0fc 4 de noviembre<\/p>\n<p>\uf0d8 Continuaci\u00f3n de las entrevistas del Archivo Oral v\u00eda Zoom e inicio del segmento del archivo denominado \u2018Encuentro de Generaciones\u2019, donde se entrevist\u00f3 a un grupo de j\u00f3venes del pueblo;<br \/>\n\uf0d8 Participaci\u00f3n en reuniones v\u00eda Zoom con la Comisi\u00f3n Nacional de Lugares, Bienes y Sitios Hist\u00f3ricos;<br \/>\n\uf0d8 Vivos de Instagram:<br \/>\n\uf0fc Carlos Fern\u00e1ndez Balboa \u201cLa Patria en Objetos\u201d<br \/>\n\uf0fc Emmanuel Cornelio \u201cTurismo y Patrimonio\u201d<br \/>\n\uf0fc Coco Gherbi \u201cUna nomade Tornquistense\u201d<br \/>\n\uf0fc Renata Ceballos \u201cLa se\u00f1ora narradora\u201d<br \/>\n\uf0fc Soledad Pessi \u201cQue decimos cuando hablamos\u201d<\/p>\n<p>Otra de las nuevas actividades concretadas durante 2020 fue la producci\u00f3n, filmaci\u00f3n, edici\u00f3n y publicaci\u00f3n de contenidos audiovisuales propios. La iniciativa comenz\u00f3 con la producci\u00f3n del Institucional por los 100 a\u00f1os de la radiofon\u00eda argentina y continu\u00f3 con el primer audiovisual de la serie \u2018Encuentro de Generaciones\u2019. Ambos est\u00e1n subidos en el canal de You Tube.<br \/>\nPor \u00faltimo, para cerrar el a\u00f1o, el Museo tuvo el honor de ser invitado a disertar en el Encuentro Provincial ABM (Archivos Bibliotecas y Museos), organizado por el Archivo Provincial Ricardo Levene, cuyo eje fue \u201cLos p\u00fablicos en la pos pandemia\u201d.<br \/>\nComo se detalla en el presente informa, a pesar de haber sido un a\u00f1o raro, se lograron desarrollar una importante cantidad de tareas, y se contin\u00faa planificando y desarrollando actividades.<\/p>\n","protected":false},"excerpt":{"rendered":"<p>El a\u00f1o 2020 fue especial para sitios como el Museo Casa de la Historia Tornquist, donde el contacto con la gente es fundamental y, lamentablemente, no se pudo tener.<\/p>\n","protected":false},"author":3,"featured_media":51637,"comment_status":"closed","ping_status":"open","sticky":false,"template":"","format":"standard","meta":{"footnotes":""},"categories":[35],"tags":[],"class_list":["post-51636","post","type-post","status-publish","format-standard","has-post-thumbnail","hentry","category-cultura"],"yoast_head":"<!-- This site is optimized with the Yoast SEO plugin v25.9 - https:\/\/yoast.com\/wordpress\/plugins\/seo\/ -->\n<title>El Museo Casa de la Historia y un 2020 con una importante tarea - Noticias Radio Reflejos<\/title>\n<meta name=\"robots\" content=\"index, follow, max-snippet:-1, max-image-preview:large, max-video-preview:-1\" \/>\n<link rel=\"canonical\" href=\"https:\/\/www.noticiasradioreflejos.com.ar\/2021\/el-museo-casa-de-la-historia-y-un-2020-con-una-importante-tarea\/\" \/>\n<meta property=\"og:locale\" content=\"es_ES\" \/>\n<meta property=\"og:type\" content=\"article\" \/>\n<meta property=\"og:title\" content=\"El Museo Casa de la Historia y un 2020 con una importante tarea - Noticias Radio Reflejos\" \/>\n<meta property=\"og:description\" content=\"El a\u00f1o 2020 fue especial para sitios como el Museo Casa de la Historia Tornquist, donde el contacto con la gente es fundamental y, lamentablemente, no se pudo tener.\" \/>\n<meta property=\"og:url\" content=\"https:\/\/www.noticiasradioreflejos.com.ar\/2021\/el-museo-casa-de-la-historia-y-un-2020-con-una-importante-tarea\/\" \/>\n<meta property=\"og:site_name\" content=\"Noticias Radio Reflejos\" \/>\n<meta property=\"article:published_time\" content=\"2021-01-25T16:01:32+00:00\" \/>\n<meta property=\"og:image\" content=\"https:\/\/www.noticiasradioreflejos.com.ar\/2021\/wp-content\/uploads\/2021\/07\/logosol300x200.png\" \/>\n\t<meta property=\"og:image:width\" content=\"300\" \/>\n\t<meta property=\"og:image:height\" content=\"200\" \/>\n\t<meta property=\"og:image:type\" content=\"image\/png\" \/>\n<meta name=\"author\" content=\"Arnaldo Botto\" \/>\n<meta name=\"twitter:card\" content=\"summary_large_image\" \/>\n<script type=\"application\/ld+json\" class=\"yoast-schema-graph\">{\"@context\":\"https:\/\/schema.org\",\"@graph\":[{\"@type\":\"WebPage\",\"@id\":\"https:\/\/www.noticiasradioreflejos.com.ar\/2021\/el-museo-casa-de-la-historia-y-un-2020-con-una-importante-tarea\/\",\"url\":\"https:\/\/www.noticiasradioreflejos.com.ar\/2021\/el-museo-casa-de-la-historia-y-un-2020-con-una-importante-tarea\/\",\"name\":\"El Museo Casa de la Historia y un 2020 con una importante tarea - Noticias Radio Reflejos\",\"isPartOf\":{\"@id\":\"https:\/\/www.noticiasradioreflejos.com.ar\/2021\/#website\"},\"primaryImageOfPage\":{\"@id\":\"https:\/\/www.noticiasradioreflejos.com.ar\/2021\/el-museo-casa-de-la-historia-y-un-2020-con-una-importante-tarea\/#primaryimage\"},\"image\":{\"@id\":\"https:\/\/www.noticiasradioreflejos.com.ar\/2021\/el-museo-casa-de-la-historia-y-un-2020-con-una-importante-tarea\/#primaryimage\"},\"thumbnailUrl\":\"\",\"datePublished\":\"2021-01-25T16:01:32+00:00\",\"author\":{\"@id\":\"https:\/\/www.noticiasradioreflejos.com.ar\/2021\/#\/schema\/person\/ad82545263dcc5ec0996818884fd5fb1\"},\"breadcrumb\":{\"@id\":\"https:\/\/www.noticiasradioreflejos.com.ar\/2021\/el-museo-casa-de-la-historia-y-un-2020-con-una-importante-tarea\/#breadcrumb\"},\"inLanguage\":\"es\",\"potentialAction\":[{\"@type\":\"ReadAction\",\"target\":[\"https:\/\/www.noticiasradioreflejos.com.ar\/2021\/el-museo-casa-de-la-historia-y-un-2020-con-una-importante-tarea\/\"]}]},{\"@type\":\"ImageObject\",\"inLanguage\":\"es\",\"@id\":\"https:\/\/www.noticiasradioreflejos.com.ar\/2021\/el-museo-casa-de-la-historia-y-un-2020-con-una-importante-tarea\/#primaryimage\",\"url\":\"\",\"contentUrl\":\"\"},{\"@type\":\"BreadcrumbList\",\"@id\":\"https:\/\/www.noticiasradioreflejos.com.ar\/2021\/el-museo-casa-de-la-historia-y-un-2020-con-una-importante-tarea\/#breadcrumb\",\"itemListElement\":[{\"@type\":\"ListItem\",\"position\":1,\"name\":\"Portada\",\"item\":\"https:\/\/www.noticiasradioreflejos.com.ar\/2021\/\"},{\"@type\":\"ListItem\",\"position\":2,\"name\":\"El Museo Casa de la Historia y un 2020 con una importante tarea\"}]},{\"@type\":\"WebSite\",\"@id\":\"https:\/\/www.noticiasradioreflejos.com.ar\/2021\/#website\",\"url\":\"https:\/\/www.noticiasradioreflejos.com.ar\/2021\/\",\"name\":\"Noticias Radio Reflejos\",\"description\":\"Las noticias de mi comarca\",\"potentialAction\":[{\"@type\":\"SearchAction\",\"target\":{\"@type\":\"EntryPoint\",\"urlTemplate\":\"https:\/\/www.noticiasradioreflejos.com.ar\/2021\/?s={search_term_string}\"},\"query-input\":{\"@type\":\"PropertyValueSpecification\",\"valueRequired\":true,\"valueName\":\"search_term_string\"}}],\"inLanguage\":\"es\"},{\"@type\":\"Person\",\"@id\":\"https:\/\/www.noticiasradioreflejos.com.ar\/2021\/#\/schema\/person\/ad82545263dcc5ec0996818884fd5fb1\",\"name\":\"Arnaldo Botto\",\"image\":{\"@type\":\"ImageObject\",\"inLanguage\":\"es\",\"@id\":\"https:\/\/www.noticiasradioreflejos.com.ar\/2021\/#\/schema\/person\/image\/\",\"url\":\"https:\/\/secure.gravatar.com\/avatar\/55cb5e37c1efa326397366e6974cb338056df65cb50e7d64d1cf314e87504837?s=96&d=mm&r=g\",\"contentUrl\":\"https:\/\/secure.gravatar.com\/avatar\/55cb5e37c1efa326397366e6974cb338056df65cb50e7d64d1cf314e87504837?s=96&d=mm&r=g\",\"caption\":\"Arnaldo Botto\"},\"url\":\"https:\/\/www.noticiasradioreflejos.com.ar\/2021\/author\/arnaldo\/\"}]}<\/script>\n<!-- \/ Yoast SEO plugin. -->","yoast_head_json":{"title":"El Museo Casa de la Historia y un 2020 con una importante tarea - Noticias Radio Reflejos","robots":{"index":"index","follow":"follow","max-snippet":"max-snippet:-1","max-image-preview":"max-image-preview:large","max-video-preview":"max-video-preview:-1"},"canonical":"https:\/\/www.noticiasradioreflejos.com.ar\/2021\/el-museo-casa-de-la-historia-y-un-2020-con-una-importante-tarea\/","og_locale":"es_ES","og_type":"article","og_title":"El Museo Casa de la Historia y un 2020 con una importante tarea - Noticias Radio Reflejos","og_description":"El a\u00f1o 2020 fue especial para sitios como el Museo Casa de la Historia Tornquist, donde el contacto con la gente es fundamental y, lamentablemente, no se pudo tener.","og_url":"https:\/\/www.noticiasradioreflejos.com.ar\/2021\/el-museo-casa-de-la-historia-y-un-2020-con-una-importante-tarea\/","og_site_name":"Noticias Radio Reflejos","article_published_time":"2021-01-25T16:01:32+00:00","og_image":[{"width":300,"height":200,"url":"https:\/\/www.noticiasradioreflejos.com.ar\/2021\/wp-content\/uploads\/2021\/07\/logosol300x200.png","type":"image\/png"}],"author":"Arnaldo Botto","twitter_card":"summary_large_image","schema":{"@context":"https:\/\/schema.org","@graph":[{"@type":"WebPage","@id":"https:\/\/www.noticiasradioreflejos.com.ar\/2021\/el-museo-casa-de-la-historia-y-un-2020-con-una-importante-tarea\/","url":"https:\/\/www.noticiasradioreflejos.com.ar\/2021\/el-museo-casa-de-la-historia-y-un-2020-con-una-importante-tarea\/","name":"El Museo Casa de la Historia y un 2020 con una importante tarea - Noticias Radio Reflejos","isPartOf":{"@id":"https:\/\/www.noticiasradioreflejos.com.ar\/2021\/#website"},"primaryImageOfPage":{"@id":"https:\/\/www.noticiasradioreflejos.com.ar\/2021\/el-museo-casa-de-la-historia-y-un-2020-con-una-importante-tarea\/#primaryimage"},"image":{"@id":"https:\/\/www.noticiasradioreflejos.com.ar\/2021\/el-museo-casa-de-la-historia-y-un-2020-con-una-importante-tarea\/#primaryimage"},"thumbnailUrl":"","datePublished":"2021-01-25T16:01:32+00:00","author":{"@id":"https:\/\/www.noticiasradioreflejos.com.ar\/2021\/#\/schema\/person\/ad82545263dcc5ec0996818884fd5fb1"},"breadcrumb":{"@id":"https:\/\/www.noticiasradioreflejos.com.ar\/2021\/el-museo-casa-de-la-historia-y-un-2020-con-una-importante-tarea\/#breadcrumb"},"inLanguage":"es","potentialAction":[{"@type":"ReadAction","target":["https:\/\/www.noticiasradioreflejos.com.ar\/2021\/el-museo-casa-de-la-historia-y-un-2020-con-una-importante-tarea\/"]}]},{"@type":"ImageObject","inLanguage":"es","@id":"https:\/\/www.noticiasradioreflejos.com.ar\/2021\/el-museo-casa-de-la-historia-y-un-2020-con-una-importante-tarea\/#primaryimage","url":"","contentUrl":""},{"@type":"BreadcrumbList","@id":"https:\/\/www.noticiasradioreflejos.com.ar\/2021\/el-museo-casa-de-la-historia-y-un-2020-con-una-importante-tarea\/#breadcrumb","itemListElement":[{"@type":"ListItem","position":1,"name":"Portada","item":"https:\/\/www.noticiasradioreflejos.com.ar\/2021\/"},{"@type":"ListItem","position":2,"name":"El Museo Casa de la Historia y un 2020 con una importante tarea"}]},{"@type":"WebSite","@id":"https:\/\/www.noticiasradioreflejos.com.ar\/2021\/#website","url":"https:\/\/www.noticiasradioreflejos.com.ar\/2021\/","name":"Noticias Radio Reflejos","description":"Las noticias de mi comarca","potentialAction":[{"@type":"SearchAction","target":{"@type":"EntryPoint","urlTemplate":"https:\/\/www.noticiasradioreflejos.com.ar\/2021\/?s={search_term_string}"},"query-input":{"@type":"PropertyValueSpecification","valueRequired":true,"valueName":"search_term_string"}}],"inLanguage":"es"},{"@type":"Person","@id":"https:\/\/www.noticiasradioreflejos.com.ar\/2021\/#\/schema\/person\/ad82545263dcc5ec0996818884fd5fb1","name":"Arnaldo Botto","image":{"@type":"ImageObject","inLanguage":"es","@id":"https:\/\/www.noticiasradioreflejos.com.ar\/2021\/#\/schema\/person\/image\/","url":"https:\/\/secure.gravatar.com\/avatar\/55cb5e37c1efa326397366e6974cb338056df65cb50e7d64d1cf314e87504837?s=96&d=mm&r=g","contentUrl":"https:\/\/secure.gravatar.com\/avatar\/55cb5e37c1efa326397366e6974cb338056df65cb50e7d64d1cf314e87504837?s=96&d=mm&r=g","caption":"Arnaldo Botto"},"url":"https:\/\/www.noticiasradioreflejos.com.ar\/2021\/author\/arnaldo\/"}]}},"_links":{"self":[{"href":"https:\/\/www.noticiasradioreflejos.com.ar\/2021\/wp-json\/wp\/v2\/posts\/51636","targetHints":{"allow":["GET"]}}],"collection":[{"href":"https:\/\/www.noticiasradioreflejos.com.ar\/2021\/wp-json\/wp\/v2\/posts"}],"about":[{"href":"https:\/\/www.noticiasradioreflejos.com.ar\/2021\/wp-json\/wp\/v2\/types\/post"}],"author":[{"embeddable":true,"href":"https:\/\/www.noticiasradioreflejos.com.ar\/2021\/wp-json\/wp\/v2\/users\/3"}],"replies":[{"embeddable":true,"href":"https:\/\/www.noticiasradioreflejos.com.ar\/2021\/wp-json\/wp\/v2\/comments?post=51636"}],"version-history":[{"count":0,"href":"https:\/\/www.noticiasradioreflejos.com.ar\/2021\/wp-json\/wp\/v2\/posts\/51636\/revisions"}],"wp:featuredmedia":[{"embeddable":true,"href":"https:\/\/www.noticiasradioreflejos.com.ar\/2021\/wp-json\/"}],"wp:attachment":[{"href":"https:\/\/www.noticiasradioreflejos.com.ar\/2021\/wp-json\/wp\/v2\/media?parent=51636"}],"wp:term":[{"taxonomy":"category","embeddable":true,"href":"https:\/\/www.noticiasradioreflejos.com.ar\/2021\/wp-json\/wp\/v2\/categories?post=51636"},{"taxonomy":"post_tag","embeddable":true,"href":"https:\/\/www.noticiasradioreflejos.com.ar\/2021\/wp-json\/wp\/v2\/tags?post=51636"}],"curies":[{"name":"wp","href":"https:\/\/api.w.org\/{rel}","templated":true}]}}