{"id":51633,"date":"2021-01-25T11:53:16","date_gmt":"2021-01-25T14:53:16","guid":{"rendered":"http:\/\/www.noticiasradioreflejos.com.ar\/noticias\/?p=51633"},"modified":"2021-01-25T11:53:16","modified_gmt":"2021-01-25T14:53:16","slug":"la-modificacion-de-los-datos-en-la-anses-del-expresidente-macri-sucedio-durante-su-gestion","status":"publish","type":"post","link":"https:\/\/www.noticiasradioreflejos.com.ar\/2021\/la-modificacion-de-los-datos-en-la-anses-del-expresidente-macri-sucedio-durante-su-gestion\/","title":{"rendered":"La modificaci\u00f3n de los datos en la Anses del expresidente Macri sucedi\u00f3 durante su gesti\u00f3n"},"content":{"rendered":"<p style=\"font-weight: 400;\">La ANSES comunica que el informe preliminar realizado por el organismo ha arrojado como resultado que la alteraci\u00f3n de los datos personales de la aplicaci\u00f3n\u00a0<em>MI Anses<\/em>\u00a0del expresidente\u00a0<strong>Mauricio Macri<\/strong>\u00a0ha sido realizada en el a\u00f1o 2018.<!--more--><\/p>\n<p style=\"font-weight: 400;\">La modificaci\u00f3n inclu\u00eda, entre otros datos err\u00f3neos, una direcci\u00f3n de mail ap\u00f3crifa denominada\u00a0<a href=\"mailto:mmlpqtp@hotmail.com\">mmlpqtp@hotmail.com<\/a>.<\/p>\n<p style=\"font-weight: 400;\">Por otro lado, dicho informe pudo constatar que no ha sido personal de planta del organismo quien ha modificado esos datos en el a\u00f1o 2018.<\/p>\n<p style=\"font-weight: 400;\">\u00a0<strong><a href=\"http:\/\/www.anses.gob.ar\/\" data-saferedirecturl=\"https:\/\/www.google.com\/url?q=http:\/\/www.anses.gob.ar&amp;source=gmail&amp;ust=1611671898165000&amp;usg=AFQjCNGURSLdpXnIiu4FaTLg1hNXxzh8bQ\">www.anses.gob.ar<\/a><\/strong><\/p>\n","protected":false},"excerpt":{"rendered":"<p>La ANSES comunica que el informe preliminar realizado por el organismo ha arrojado como resultado que la alteraci\u00f3n de los datos personales de la aplicaci\u00f3n\u00a0MI Anses\u00a0del expresidente\u00a0Mauricio Macri\u00a0ha sido realizada en el a\u00f1o 2018.<\/p>\n","protected":false},"author":3,"featured_media":51634,"comment_status":"closed","ping_status":"open","sticky":false,"template":"","format":"standard","meta":{"footnotes":""},"categories":[24],"tags":[],"class_list":["post-51633","post","type-post","status-publish","format-standard","has-post-thumbnail","hentry","category-politica"],"yoast_head":"<!-- This site is optimized with the Yoast SEO plugin v25.9 - https:\/\/yoast.com\/wordpress\/plugins\/seo\/ -->\n<title>La modificaci\u00f3n de los datos en la Anses del expresidente Macri sucedi\u00f3 durante su gesti\u00f3n - Noticias Radio Reflejos<\/title>\n<meta name=\"robots\" content=\"index, follow, max-snippet:-1, max-image-preview:large, max-video-preview:-1\" \/>\n<link rel=\"canonical\" href=\"https:\/\/www.noticiasradioreflejos.com.ar\/2021\/la-modificacion-de-los-datos-en-la-anses-del-expresidente-macri-sucedio-durante-su-gestion\/\" \/>\n<meta property=\"og:locale\" content=\"es_ES\" \/>\n<meta property=\"og:type\" content=\"article\" \/>\n<meta property=\"og:title\" content=\"La modificaci\u00f3n de los datos en la Anses del expresidente Macri sucedi\u00f3 durante su gesti\u00f3n - Noticias Radio Reflejos\" \/>\n<meta property=\"og:description\" content=\"La ANSES comunica que el informe preliminar realizado por el organismo ha arrojado como resultado que la alteraci\u00f3n de los datos personales de la aplicaci\u00f3n\u00a0MI Anses\u00a0del expresidente\u00a0Mauricio Macri\u00a0ha sido realizada en el a\u00f1o 2018.\" \/>\n<meta property=\"og:url\" content=\"https:\/\/www.noticiasradioreflejos.com.ar\/2021\/la-modificacion-de-los-datos-en-la-anses-del-expresidente-macri-sucedio-durante-su-gestion\/\" \/>\n<meta property=\"og:site_name\" content=\"Noticias Radio Reflejos\" \/>\n<meta property=\"article:published_time\" content=\"2021-01-25T14:53:16+00:00\" \/>\n<meta property=\"og:image\" content=\"https:\/\/www.noticiasradioreflejos.com.ar\/2021\/wp-content\/uploads\/2021\/07\/logosol300x200.png\" \/>\n\t<meta property=\"og:image:width\" content=\"300\" \/>\n\t<meta property=\"og:image:height\" content=\"200\" \/>\n\t<meta property=\"og:image:type\" content=\"image\/png\" \/>\n<meta name=\"author\" content=\"Arnaldo Botto\" \/>\n<meta name=\"twitter:card\" content=\"summary_large_image\" \/>\n<script type=\"application\/ld+json\" class=\"yoast-schema-graph\">{\"@context\":\"https:\/\/schema.org\",\"@graph\":[{\"@type\":\"WebPage\",\"@id\":\"https:\/\/www.noticiasradioreflejos.com.ar\/2021\/la-modificacion-de-los-datos-en-la-anses-del-expresidente-macri-sucedio-durante-su-gestion\/\",\"url\":\"https:\/\/www.noticiasradioreflejos.com.ar\/2021\/la-modificacion-de-los-datos-en-la-anses-del-expresidente-macri-sucedio-durante-su-gestion\/\",\"name\":\"La modificaci\u00f3n de los datos en la Anses del expresidente Macri sucedi\u00f3 durante su gesti\u00f3n - Noticias Radio Reflejos\",\"isPartOf\":{\"@id\":\"https:\/\/www.noticiasradioreflejos.com.ar\/2021\/#website\"},\"primaryImageOfPage\":{\"@id\":\"https:\/\/www.noticiasradioreflejos.com.ar\/2021\/la-modificacion-de-los-datos-en-la-anses-del-expresidente-macri-sucedio-durante-su-gestion\/#primaryimage\"},\"image\":{\"@id\":\"https:\/\/www.noticiasradioreflejos.com.ar\/2021\/la-modificacion-de-los-datos-en-la-anses-del-expresidente-macri-sucedio-durante-su-gestion\/#primaryimage\"},\"thumbnailUrl\":\"\",\"datePublished\":\"2021-01-25T14:53:16+00:00\",\"author\":{\"@id\":\"https:\/\/www.noticiasradioreflejos.com.ar\/2021\/#\/schema\/person\/ad82545263dcc5ec0996818884fd5fb1\"},\"breadcrumb\":{\"@id\":\"https:\/\/www.noticiasradioreflejos.com.ar\/2021\/la-modificacion-de-los-datos-en-la-anses-del-expresidente-macri-sucedio-durante-su-gestion\/#breadcrumb\"},\"inLanguage\":\"es\",\"potentialAction\":[{\"@type\":\"ReadAction\",\"target\":[\"https:\/\/www.noticiasradioreflejos.com.ar\/2021\/la-modificacion-de-los-datos-en-la-anses-del-expresidente-macri-sucedio-durante-su-gestion\/\"]}]},{\"@type\":\"ImageObject\",\"inLanguage\":\"es\",\"@id\":\"https:\/\/www.noticiasradioreflejos.com.ar\/2021\/la-modificacion-de-los-datos-en-la-anses-del-expresidente-macri-sucedio-durante-su-gestion\/#primaryimage\",\"url\":\"\",\"contentUrl\":\"\"},{\"@type\":\"BreadcrumbList\",\"@id\":\"https:\/\/www.noticiasradioreflejos.com.ar\/2021\/la-modificacion-de-los-datos-en-la-anses-del-expresidente-macri-sucedio-durante-su-gestion\/#breadcrumb\",\"itemListElement\":[{\"@type\":\"ListItem\",\"position\":1,\"name\":\"Portada\",\"item\":\"https:\/\/www.noticiasradioreflejos.com.ar\/2021\/\"},{\"@type\":\"ListItem\",\"position\":2,\"name\":\"La modificaci\u00f3n de los datos en la Anses del expresidente Macri sucedi\u00f3 durante su gesti\u00f3n\"}]},{\"@type\":\"WebSite\",\"@id\":\"https:\/\/www.noticiasradioreflejos.com.ar\/2021\/#website\",\"url\":\"https:\/\/www.noticiasradioreflejos.com.ar\/2021\/\",\"name\":\"Noticias Radio Reflejos\",\"description\":\"Las noticias de mi comarca\",\"potentialAction\":[{\"@type\":\"SearchAction\",\"target\":{\"@type\":\"EntryPoint\",\"urlTemplate\":\"https:\/\/www.noticiasradioreflejos.com.ar\/2021\/?s={search_term_string}\"},\"query-input\":{\"@type\":\"PropertyValueSpecification\",\"valueRequired\":true,\"valueName\":\"search_term_string\"}}],\"inLanguage\":\"es\"},{\"@type\":\"Person\",\"@id\":\"https:\/\/www.noticiasradioreflejos.com.ar\/2021\/#\/schema\/person\/ad82545263dcc5ec0996818884fd5fb1\",\"name\":\"Arnaldo Botto\",\"image\":{\"@type\":\"ImageObject\",\"inLanguage\":\"es\",\"@id\":\"https:\/\/www.noticiasradioreflejos.com.ar\/2021\/#\/schema\/person\/image\/\",\"url\":\"https:\/\/secure.gravatar.com\/avatar\/55cb5e37c1efa326397366e6974cb338056df65cb50e7d64d1cf314e87504837?s=96&d=mm&r=g\",\"contentUrl\":\"https:\/\/secure.gravatar.com\/avatar\/55cb5e37c1efa326397366e6974cb338056df65cb50e7d64d1cf314e87504837?s=96&d=mm&r=g\",\"caption\":\"Arnaldo Botto\"},\"url\":\"https:\/\/www.noticiasradioreflejos.com.ar\/2021\/author\/arnaldo\/\"}]}<\/script>\n<!-- \/ Yoast SEO plugin. -->","yoast_head_json":{"title":"La modificaci\u00f3n de los datos en la Anses del expresidente Macri sucedi\u00f3 durante su gesti\u00f3n - Noticias Radio Reflejos","robots":{"index":"index","follow":"follow","max-snippet":"max-snippet:-1","max-image-preview":"max-image-preview:large","max-video-preview":"max-video-preview:-1"},"canonical":"https:\/\/www.noticiasradioreflejos.com.ar\/2021\/la-modificacion-de-los-datos-en-la-anses-del-expresidente-macri-sucedio-durante-su-gestion\/","og_locale":"es_ES","og_type":"article","og_title":"La modificaci\u00f3n de los datos en la Anses del expresidente Macri sucedi\u00f3 durante su gesti\u00f3n - Noticias Radio Reflejos","og_description":"La ANSES comunica que el informe preliminar realizado por el organismo ha arrojado como resultado que la alteraci\u00f3n de los datos personales de la aplicaci\u00f3n\u00a0MI Anses\u00a0del expresidente\u00a0Mauricio Macri\u00a0ha sido realizada en el a\u00f1o 2018.","og_url":"https:\/\/www.noticiasradioreflejos.com.ar\/2021\/la-modificacion-de-los-datos-en-la-anses-del-expresidente-macri-sucedio-durante-su-gestion\/","og_site_name":"Noticias Radio Reflejos","article_published_time":"2021-01-25T14:53:16+00:00","og_image":[{"width":300,"height":200,"url":"https:\/\/www.noticiasradioreflejos.com.ar\/2021\/wp-content\/uploads\/2021\/07\/logosol300x200.png","type":"image\/png"}],"author":"Arnaldo Botto","twitter_card":"summary_large_image","schema":{"@context":"https:\/\/schema.org","@graph":[{"@type":"WebPage","@id":"https:\/\/www.noticiasradioreflejos.com.ar\/2021\/la-modificacion-de-los-datos-en-la-anses-del-expresidente-macri-sucedio-durante-su-gestion\/","url":"https:\/\/www.noticiasradioreflejos.com.ar\/2021\/la-modificacion-de-los-datos-en-la-anses-del-expresidente-macri-sucedio-durante-su-gestion\/","name":"La modificaci\u00f3n de los datos en la Anses del expresidente Macri sucedi\u00f3 durante su gesti\u00f3n - Noticias Radio Reflejos","isPartOf":{"@id":"https:\/\/www.noticiasradioreflejos.com.ar\/2021\/#website"},"primaryImageOfPage":{"@id":"https:\/\/www.noticiasradioreflejos.com.ar\/2021\/la-modificacion-de-los-datos-en-la-anses-del-expresidente-macri-sucedio-durante-su-gestion\/#primaryimage"},"image":{"@id":"https:\/\/www.noticiasradioreflejos.com.ar\/2021\/la-modificacion-de-los-datos-en-la-anses-del-expresidente-macri-sucedio-durante-su-gestion\/#primaryimage"},"thumbnailUrl":"","datePublished":"2021-01-25T14:53:16+00:00","author":{"@id":"https:\/\/www.noticiasradioreflejos.com.ar\/2021\/#\/schema\/person\/ad82545263dcc5ec0996818884fd5fb1"},"breadcrumb":{"@id":"https:\/\/www.noticiasradioreflejos.com.ar\/2021\/la-modificacion-de-los-datos-en-la-anses-del-expresidente-macri-sucedio-durante-su-gestion\/#breadcrumb"},"inLanguage":"es","potentialAction":[{"@type":"ReadAction","target":["https:\/\/www.noticiasradioreflejos.com.ar\/2021\/la-modificacion-de-los-datos-en-la-anses-del-expresidente-macri-sucedio-durante-su-gestion\/"]}]},{"@type":"ImageObject","inLanguage":"es","@id":"https:\/\/www.noticiasradioreflejos.com.ar\/2021\/la-modificacion-de-los-datos-en-la-anses-del-expresidente-macri-sucedio-durante-su-gestion\/#primaryimage","url":"","contentUrl":""},{"@type":"BreadcrumbList","@id":"https:\/\/www.noticiasradioreflejos.com.ar\/2021\/la-modificacion-de-los-datos-en-la-anses-del-expresidente-macri-sucedio-durante-su-gestion\/#breadcrumb","itemListElement":[{"@type":"ListItem","position":1,"name":"Portada","item":"https:\/\/www.noticiasradioreflejos.com.ar\/2021\/"},{"@type":"ListItem","position":2,"name":"La modificaci\u00f3n de los datos en la Anses del expresidente Macri sucedi\u00f3 durante su gesti\u00f3n"}]},{"@type":"WebSite","@id":"https:\/\/www.noticiasradioreflejos.com.ar\/2021\/#website","url":"https:\/\/www.noticiasradioreflejos.com.ar\/2021\/","name":"Noticias Radio Reflejos","description":"Las noticias de mi comarca","potentialAction":[{"@type":"SearchAction","target":{"@type":"EntryPoint","urlTemplate":"https:\/\/www.noticiasradioreflejos.com.ar\/2021\/?s={search_term_string}"},"query-input":{"@type":"PropertyValueSpecification","valueRequired":true,"valueName":"search_term_string"}}],"inLanguage":"es"},{"@type":"Person","@id":"https:\/\/www.noticiasradioreflejos.com.ar\/2021\/#\/schema\/person\/ad82545263dcc5ec0996818884fd5fb1","name":"Arnaldo Botto","image":{"@type":"ImageObject","inLanguage":"es","@id":"https:\/\/www.noticiasradioreflejos.com.ar\/2021\/#\/schema\/person\/image\/","url":"https:\/\/secure.gravatar.com\/avatar\/55cb5e37c1efa326397366e6974cb338056df65cb50e7d64d1cf314e87504837?s=96&d=mm&r=g","contentUrl":"https:\/\/secure.gravatar.com\/avatar\/55cb5e37c1efa326397366e6974cb338056df65cb50e7d64d1cf314e87504837?s=96&d=mm&r=g","caption":"Arnaldo Botto"},"url":"https:\/\/www.noticiasradioreflejos.com.ar\/2021\/author\/arnaldo\/"}]}},"_links":{"self":[{"href":"https:\/\/www.noticiasradioreflejos.com.ar\/2021\/wp-json\/wp\/v2\/posts\/51633","targetHints":{"allow":["GET"]}}],"collection":[{"href":"https:\/\/www.noticiasradioreflejos.com.ar\/2021\/wp-json\/wp\/v2\/posts"}],"about":[{"href":"https:\/\/www.noticiasradioreflejos.com.ar\/2021\/wp-json\/wp\/v2\/types\/post"}],"author":[{"embeddable":true,"href":"https:\/\/www.noticiasradioreflejos.com.ar\/2021\/wp-json\/wp\/v2\/users\/3"}],"replies":[{"embeddable":true,"href":"https:\/\/www.noticiasradioreflejos.com.ar\/2021\/wp-json\/wp\/v2\/comments?post=51633"}],"version-history":[{"count":0,"href":"https:\/\/www.noticiasradioreflejos.com.ar\/2021\/wp-json\/wp\/v2\/posts\/51633\/revisions"}],"wp:featuredmedia":[{"embeddable":true,"href":"https:\/\/www.noticiasradioreflejos.com.ar\/2021\/wp-json\/"}],"wp:attachment":[{"href":"https:\/\/www.noticiasradioreflejos.com.ar\/2021\/wp-json\/wp\/v2\/media?parent=51633"}],"wp:term":[{"taxonomy":"category","embeddable":true,"href":"https:\/\/www.noticiasradioreflejos.com.ar\/2021\/wp-json\/wp\/v2\/categories?post=51633"},{"taxonomy":"post_tag","embeddable":true,"href":"https:\/\/www.noticiasradioreflejos.com.ar\/2021\/wp-json\/wp\/v2\/tags?post=51633"}],"curies":[{"name":"wp","href":"https:\/\/api.w.org\/{rel}","templated":true}]}}