{"id":51625,"date":"2021-01-25T08:37:47","date_gmt":"2021-01-25T11:37:47","guid":{"rendered":"http:\/\/www.noticiasradioreflejos.com.ar\/noticias\/?p=51625"},"modified":"2021-01-25T08:37:47","modified_gmt":"2021-01-25T11:37:47","slug":"volvio-la-musica-y-los-espectaculos-al-boulevard-de-av-san-martin-en-sierra-de-la-ventana","status":"publish","type":"post","link":"https:\/\/www.noticiasradioreflejos.com.ar\/2021\/volvio-la-musica-y-los-espectaculos-al-boulevard-de-av-san-martin-en-sierra-de-la-ventana\/","title":{"rendered":"Volvi\u00f3 la m\u00fasica y los espect\u00e1culos al boulevard de Av. San Mart\u00edn en Sierra de la Ventana."},"content":{"rendered":"<p>Si bien siempre se encuentran espect\u00e1culos de circo callejero, la \u00abPlazoleta del reloj\u00bb, como se la conoci\u00f3 por d\u00e9cadas; recuper\u00f3 el esplendor de a\u00f1os atr\u00e1s con la presencia de bandas locales y el sonido profesional que aport\u00f3 el municipio.<!--more--><br \/>\n<a title=\"IMG_20210124_201010\" href=\"http:\/\/live.staticflickr.com\/65535\/50873714387_e36051a0d6_s.jpg\" rel=\"\"><img loading=\"lazy\" decoding=\"async\" class=\"aligncenter\" title=\"IMG_20210124_201010\" src=\"http:\/\/live.staticflickr.com\/65535\/50873714387_e36051a0d6_c.jpg\" alt=\"IMG_20210124_201010\" width=\"800\" height=\"450\" \/><\/a><\/p>\n<p>Una noche pintada para poder disfrutar del aire libre, cuid\u00e1ndose escuchando m\u00fasica y viendo a los artistas locales. As\u00ed fue la tarde y noche del domingo 24 de enero en Sierra de la Ventana, donde vecinos y turistas tuvieron la posibilidad de encontrar en forma gratuita un espacio para compartir en familia.<br \/>\nLa propuesta que surgi\u00f3 de los propios artistas locales encontr\u00f3 eco en el las autoridades municipales, y gorra de por medio para poder apaciguar la sequ\u00eda que gener\u00f3 la pandemia en el sector, con el Sonido profesional de \u00abTute Chuliver\u00bb, permiti\u00f3 que la comunidad tenga un lugar con la m\u00fasica y el espect\u00e1culo.<\/p>\n<p><a title=\"Finde 24 de enero\" href=\"http:\/\/live.staticflickr.com\/65535\/50873609571_c2f84b8330_s.jpg\" rel=\"\"><img loading=\"lazy\" decoding=\"async\" class=\"aligncenter\" title=\"Finde 24 de enero\" src=\"http:\/\/live.staticflickr.com\/65535\/50873609571_c2f84b8330_c.jpg\" alt=\"Finde 24 de enero\" width=\"800\" height=\"450\" \/><\/a><br \/>\nBajo el t\u00edtulo de \u2018Nuestra M\u00fasica\u2019, se desarrollaron desde las 19 hs en adelante en el bulevar central de Avenida San Mart\u00edn de la localidad una serie de espect\u00e1culos que tuvieron como protagonistas a \u00abPrecisos Indecisos\u00bb, d\u00fao humor\u00edstico musical infantil en primer turno, Ra\u00edces Rock a cargo de Nico Peralta y Seba Carroso en segundo lugar y finaliz\u00f3 con el show de Discovers, banda musical que interpret\u00f3 covers de todas las \u00e9pocas.<br \/>\nMas de un centenar de personas con sus reposeras y ocupando en partes el \u00abpastito\u00bb de la plaza participaron de la velada.<br \/>\nLa organizaci\u00f3n estuvo a cargo del Centro Cultural de Sierra de la Ventana, que a ra\u00edz de la pandemia, decidi\u00f3 llevar la m\u00fasica a su lugar remoto de atracci\u00f3n.<\/p>\n<p><a title=\"IMG_20210124_220339\" href=\"http:\/\/live.staticflickr.com\/65535\/50873703987_cd5f8a08a2_s.jpg\" rel=\"\"><img loading=\"lazy\" decoding=\"async\" class=\"aligncenter\" title=\"IMG_20210124_220339\" src=\"http:\/\/live.staticflickr.com\/65535\/50873703987_cd5f8a08a2_c.jpg\" alt=\"IMG_20210124_220339\" width=\"800\" height=\"450\" \/><\/a><\/p>\n<p><a title=\"IMG_20210124_220405\" href=\"http:\/\/live.staticflickr.com\/65535\/50872895183_96de4e39fe_s.jpg\" rel=\"\"><img loading=\"lazy\" decoding=\"async\" class=\"aligncenter\" title=\"IMG_20210124_220405\" src=\"http:\/\/live.staticflickr.com\/65535\/50872895183_96de4e39fe_c.jpg\" alt=\"IMG_20210124_220405\" width=\"800\" height=\"450\" \/><\/a><\/p>\n<p><a title=\"IMG_20210124_220849\" href=\"http:\/\/live.staticflickr.com\/65535\/50872890583_83fa7dd296_s.jpg\" rel=\"\"><img loading=\"lazy\" decoding=\"async\" class=\"aligncenter\" title=\"IMG_20210124_220849\" src=\"http:\/\/live.staticflickr.com\/65535\/50872890583_83fa7dd296_c.jpg\" alt=\"IMG_20210124_220849\" width=\"800\" height=\"450\" \/><\/a><\/p>\n<p>&nbsp;<\/p>\n<p><span style=\"color: #ff6600;\"><strong>Ver mas fotos <a href=\"https:\/\/www.facebook.com\/NoticiasRadioReflejos\/photos\/pcb.1308826909485214\/1308826399485265\/\">AQU\u00cd<\/a><\/strong><\/span><\/p>\n","protected":false},"excerpt":{"rendered":"<p>Si bien siempre se encuentran espect\u00e1culos de circo callejero, la \u00abPlazoleta del reloj\u00bb, como se la conoci\u00f3 por d\u00e9cadas; recuper\u00f3 el esplendor de a\u00f1os atr\u00e1s con la presencia de bandas locales y el sonido profesional que aport\u00f3 el municipio.<\/p>\n","protected":false},"author":3,"featured_media":51627,"comment_status":"closed","ping_status":"open","sticky":false,"template":"","format":"standard","meta":{"footnotes":""},"categories":[35,33],"tags":[],"class_list":["post-51625","post","type-post","status-publish","format-standard","has-post-thumbnail","hentry","category-cultura","category-turismo"],"yoast_head":"<!-- This site is optimized with the Yoast SEO plugin v25.9 - https:\/\/yoast.com\/wordpress\/plugins\/seo\/ -->\n<title>Volvi\u00f3 la m\u00fasica y los espect\u00e1culos al boulevard de Av. San Mart\u00edn en Sierra de la Ventana. - Noticias Radio Reflejos<\/title>\n<meta name=\"robots\" content=\"index, follow, max-snippet:-1, max-image-preview:large, max-video-preview:-1\" \/>\n<link rel=\"canonical\" href=\"https:\/\/www.noticiasradioreflejos.com.ar\/2021\/volvio-la-musica-y-los-espectaculos-al-boulevard-de-av-san-martin-en-sierra-de-la-ventana\/\" \/>\n<meta property=\"og:locale\" content=\"es_ES\" \/>\n<meta property=\"og:type\" content=\"article\" \/>\n<meta property=\"og:title\" content=\"Volvi\u00f3 la m\u00fasica y los espect\u00e1culos al boulevard de Av. San Mart\u00edn en Sierra de la Ventana. - Noticias Radio Reflejos\" \/>\n<meta property=\"og:description\" content=\"Si bien siempre se encuentran espect\u00e1culos de circo callejero, la \u00abPlazoleta del reloj\u00bb, como se la conoci\u00f3 por d\u00e9cadas; recuper\u00f3 el esplendor de a\u00f1os atr\u00e1s con la presencia de bandas locales y el sonido profesional que aport\u00f3 el municipio.\" \/>\n<meta property=\"og:url\" content=\"https:\/\/www.noticiasradioreflejos.com.ar\/2021\/volvio-la-musica-y-los-espectaculos-al-boulevard-de-av-san-martin-en-sierra-de-la-ventana\/\" \/>\n<meta property=\"og:site_name\" content=\"Noticias Radio Reflejos\" \/>\n<meta property=\"article:published_time\" content=\"2021-01-25T11:37:47+00:00\" \/>\n<meta property=\"og:image\" content=\"https:\/\/www.noticiasradioreflejos.com.ar\/2021\/wp-content\/uploads\/2021\/07\/logosol300x200.png\" \/>\n\t<meta property=\"og:image:width\" content=\"300\" \/>\n\t<meta property=\"og:image:height\" content=\"200\" \/>\n\t<meta property=\"og:image:type\" content=\"image\/png\" \/>\n<meta name=\"author\" content=\"Arnaldo Botto\" \/>\n<meta name=\"twitter:card\" content=\"summary_large_image\" \/>\n<script type=\"application\/ld+json\" class=\"yoast-schema-graph\">{\"@context\":\"https:\/\/schema.org\",\"@graph\":[{\"@type\":\"WebPage\",\"@id\":\"https:\/\/www.noticiasradioreflejos.com.ar\/2021\/volvio-la-musica-y-los-espectaculos-al-boulevard-de-av-san-martin-en-sierra-de-la-ventana\/\",\"url\":\"https:\/\/www.noticiasradioreflejos.com.ar\/2021\/volvio-la-musica-y-los-espectaculos-al-boulevard-de-av-san-martin-en-sierra-de-la-ventana\/\",\"name\":\"Volvi\u00f3 la m\u00fasica y los espect\u00e1culos al boulevard de Av. San Mart\u00edn en Sierra de la Ventana. - Noticias Radio Reflejos\",\"isPartOf\":{\"@id\":\"https:\/\/www.noticiasradioreflejos.com.ar\/2021\/#website\"},\"primaryImageOfPage\":{\"@id\":\"https:\/\/www.noticiasradioreflejos.com.ar\/2021\/volvio-la-musica-y-los-espectaculos-al-boulevard-de-av-san-martin-en-sierra-de-la-ventana\/#primaryimage\"},\"image\":{\"@id\":\"https:\/\/www.noticiasradioreflejos.com.ar\/2021\/volvio-la-musica-y-los-espectaculos-al-boulevard-de-av-san-martin-en-sierra-de-la-ventana\/#primaryimage\"},\"thumbnailUrl\":\"\",\"datePublished\":\"2021-01-25T11:37:47+00:00\",\"author\":{\"@id\":\"https:\/\/www.noticiasradioreflejos.com.ar\/2021\/#\/schema\/person\/ad82545263dcc5ec0996818884fd5fb1\"},\"breadcrumb\":{\"@id\":\"https:\/\/www.noticiasradioreflejos.com.ar\/2021\/volvio-la-musica-y-los-espectaculos-al-boulevard-de-av-san-martin-en-sierra-de-la-ventana\/#breadcrumb\"},\"inLanguage\":\"es\",\"potentialAction\":[{\"@type\":\"ReadAction\",\"target\":[\"https:\/\/www.noticiasradioreflejos.com.ar\/2021\/volvio-la-musica-y-los-espectaculos-al-boulevard-de-av-san-martin-en-sierra-de-la-ventana\/\"]}]},{\"@type\":\"ImageObject\",\"inLanguage\":\"es\",\"@id\":\"https:\/\/www.noticiasradioreflejos.com.ar\/2021\/volvio-la-musica-y-los-espectaculos-al-boulevard-de-av-san-martin-en-sierra-de-la-ventana\/#primaryimage\",\"url\":\"\",\"contentUrl\":\"\"},{\"@type\":\"BreadcrumbList\",\"@id\":\"https:\/\/www.noticiasradioreflejos.com.ar\/2021\/volvio-la-musica-y-los-espectaculos-al-boulevard-de-av-san-martin-en-sierra-de-la-ventana\/#breadcrumb\",\"itemListElement\":[{\"@type\":\"ListItem\",\"position\":1,\"name\":\"Portada\",\"item\":\"https:\/\/www.noticiasradioreflejos.com.ar\/2021\/\"},{\"@type\":\"ListItem\",\"position\":2,\"name\":\"Volvi\u00f3 la m\u00fasica y los espect\u00e1culos al boulevard de Av. San Mart\u00edn en Sierra de la Ventana.\"}]},{\"@type\":\"WebSite\",\"@id\":\"https:\/\/www.noticiasradioreflejos.com.ar\/2021\/#website\",\"url\":\"https:\/\/www.noticiasradioreflejos.com.ar\/2021\/\",\"name\":\"Noticias Radio Reflejos\",\"description\":\"Las noticias de mi comarca\",\"potentialAction\":[{\"@type\":\"SearchAction\",\"target\":{\"@type\":\"EntryPoint\",\"urlTemplate\":\"https:\/\/www.noticiasradioreflejos.com.ar\/2021\/?s={search_term_string}\"},\"query-input\":{\"@type\":\"PropertyValueSpecification\",\"valueRequired\":true,\"valueName\":\"search_term_string\"}}],\"inLanguage\":\"es\"},{\"@type\":\"Person\",\"@id\":\"https:\/\/www.noticiasradioreflejos.com.ar\/2021\/#\/schema\/person\/ad82545263dcc5ec0996818884fd5fb1\",\"name\":\"Arnaldo Botto\",\"image\":{\"@type\":\"ImageObject\",\"inLanguage\":\"es\",\"@id\":\"https:\/\/www.noticiasradioreflejos.com.ar\/2021\/#\/schema\/person\/image\/\",\"url\":\"https:\/\/secure.gravatar.com\/avatar\/55cb5e37c1efa326397366e6974cb338056df65cb50e7d64d1cf314e87504837?s=96&d=mm&r=g\",\"contentUrl\":\"https:\/\/secure.gravatar.com\/avatar\/55cb5e37c1efa326397366e6974cb338056df65cb50e7d64d1cf314e87504837?s=96&d=mm&r=g\",\"caption\":\"Arnaldo Botto\"},\"url\":\"https:\/\/www.noticiasradioreflejos.com.ar\/2021\/author\/arnaldo\/\"}]}<\/script>\n<!-- \/ Yoast SEO plugin. -->","yoast_head_json":{"title":"Volvi\u00f3 la m\u00fasica y los espect\u00e1culos al boulevard de Av. San Mart\u00edn en Sierra de la Ventana. - Noticias Radio Reflejos","robots":{"index":"index","follow":"follow","max-snippet":"max-snippet:-1","max-image-preview":"max-image-preview:large","max-video-preview":"max-video-preview:-1"},"canonical":"https:\/\/www.noticiasradioreflejos.com.ar\/2021\/volvio-la-musica-y-los-espectaculos-al-boulevard-de-av-san-martin-en-sierra-de-la-ventana\/","og_locale":"es_ES","og_type":"article","og_title":"Volvi\u00f3 la m\u00fasica y los espect\u00e1culos al boulevard de Av. San Mart\u00edn en Sierra de la Ventana. - Noticias Radio Reflejos","og_description":"Si bien siempre se encuentran espect\u00e1culos de circo callejero, la \u00abPlazoleta del reloj\u00bb, como se la conoci\u00f3 por d\u00e9cadas; recuper\u00f3 el esplendor de a\u00f1os atr\u00e1s con la presencia de bandas locales y el sonido profesional que aport\u00f3 el municipio.","og_url":"https:\/\/www.noticiasradioreflejos.com.ar\/2021\/volvio-la-musica-y-los-espectaculos-al-boulevard-de-av-san-martin-en-sierra-de-la-ventana\/","og_site_name":"Noticias Radio Reflejos","article_published_time":"2021-01-25T11:37:47+00:00","og_image":[{"width":300,"height":200,"url":"https:\/\/www.noticiasradioreflejos.com.ar\/2021\/wp-content\/uploads\/2021\/07\/logosol300x200.png","type":"image\/png"}],"author":"Arnaldo Botto","twitter_card":"summary_large_image","schema":{"@context":"https:\/\/schema.org","@graph":[{"@type":"WebPage","@id":"https:\/\/www.noticiasradioreflejos.com.ar\/2021\/volvio-la-musica-y-los-espectaculos-al-boulevard-de-av-san-martin-en-sierra-de-la-ventana\/","url":"https:\/\/www.noticiasradioreflejos.com.ar\/2021\/volvio-la-musica-y-los-espectaculos-al-boulevard-de-av-san-martin-en-sierra-de-la-ventana\/","name":"Volvi\u00f3 la m\u00fasica y los espect\u00e1culos al boulevard de Av. San Mart\u00edn en Sierra de la Ventana. - Noticias Radio Reflejos","isPartOf":{"@id":"https:\/\/www.noticiasradioreflejos.com.ar\/2021\/#website"},"primaryImageOfPage":{"@id":"https:\/\/www.noticiasradioreflejos.com.ar\/2021\/volvio-la-musica-y-los-espectaculos-al-boulevard-de-av-san-martin-en-sierra-de-la-ventana\/#primaryimage"},"image":{"@id":"https:\/\/www.noticiasradioreflejos.com.ar\/2021\/volvio-la-musica-y-los-espectaculos-al-boulevard-de-av-san-martin-en-sierra-de-la-ventana\/#primaryimage"},"thumbnailUrl":"","datePublished":"2021-01-25T11:37:47+00:00","author":{"@id":"https:\/\/www.noticiasradioreflejos.com.ar\/2021\/#\/schema\/person\/ad82545263dcc5ec0996818884fd5fb1"},"breadcrumb":{"@id":"https:\/\/www.noticiasradioreflejos.com.ar\/2021\/volvio-la-musica-y-los-espectaculos-al-boulevard-de-av-san-martin-en-sierra-de-la-ventana\/#breadcrumb"},"inLanguage":"es","potentialAction":[{"@type":"ReadAction","target":["https:\/\/www.noticiasradioreflejos.com.ar\/2021\/volvio-la-musica-y-los-espectaculos-al-boulevard-de-av-san-martin-en-sierra-de-la-ventana\/"]}]},{"@type":"ImageObject","inLanguage":"es","@id":"https:\/\/www.noticiasradioreflejos.com.ar\/2021\/volvio-la-musica-y-los-espectaculos-al-boulevard-de-av-san-martin-en-sierra-de-la-ventana\/#primaryimage","url":"","contentUrl":""},{"@type":"BreadcrumbList","@id":"https:\/\/www.noticiasradioreflejos.com.ar\/2021\/volvio-la-musica-y-los-espectaculos-al-boulevard-de-av-san-martin-en-sierra-de-la-ventana\/#breadcrumb","itemListElement":[{"@type":"ListItem","position":1,"name":"Portada","item":"https:\/\/www.noticiasradioreflejos.com.ar\/2021\/"},{"@type":"ListItem","position":2,"name":"Volvi\u00f3 la m\u00fasica y los espect\u00e1culos al boulevard de Av. San Mart\u00edn en Sierra de la Ventana."}]},{"@type":"WebSite","@id":"https:\/\/www.noticiasradioreflejos.com.ar\/2021\/#website","url":"https:\/\/www.noticiasradioreflejos.com.ar\/2021\/","name":"Noticias Radio Reflejos","description":"Las noticias de mi comarca","potentialAction":[{"@type":"SearchAction","target":{"@type":"EntryPoint","urlTemplate":"https:\/\/www.noticiasradioreflejos.com.ar\/2021\/?s={search_term_string}"},"query-input":{"@type":"PropertyValueSpecification","valueRequired":true,"valueName":"search_term_string"}}],"inLanguage":"es"},{"@type":"Person","@id":"https:\/\/www.noticiasradioreflejos.com.ar\/2021\/#\/schema\/person\/ad82545263dcc5ec0996818884fd5fb1","name":"Arnaldo Botto","image":{"@type":"ImageObject","inLanguage":"es","@id":"https:\/\/www.noticiasradioreflejos.com.ar\/2021\/#\/schema\/person\/image\/","url":"https:\/\/secure.gravatar.com\/avatar\/55cb5e37c1efa326397366e6974cb338056df65cb50e7d64d1cf314e87504837?s=96&d=mm&r=g","contentUrl":"https:\/\/secure.gravatar.com\/avatar\/55cb5e37c1efa326397366e6974cb338056df65cb50e7d64d1cf314e87504837?s=96&d=mm&r=g","caption":"Arnaldo Botto"},"url":"https:\/\/www.noticiasradioreflejos.com.ar\/2021\/author\/arnaldo\/"}]}},"_links":{"self":[{"href":"https:\/\/www.noticiasradioreflejos.com.ar\/2021\/wp-json\/wp\/v2\/posts\/51625","targetHints":{"allow":["GET"]}}],"collection":[{"href":"https:\/\/www.noticiasradioreflejos.com.ar\/2021\/wp-json\/wp\/v2\/posts"}],"about":[{"href":"https:\/\/www.noticiasradioreflejos.com.ar\/2021\/wp-json\/wp\/v2\/types\/post"}],"author":[{"embeddable":true,"href":"https:\/\/www.noticiasradioreflejos.com.ar\/2021\/wp-json\/wp\/v2\/users\/3"}],"replies":[{"embeddable":true,"href":"https:\/\/www.noticiasradioreflejos.com.ar\/2021\/wp-json\/wp\/v2\/comments?post=51625"}],"version-history":[{"count":0,"href":"https:\/\/www.noticiasradioreflejos.com.ar\/2021\/wp-json\/wp\/v2\/posts\/51625\/revisions"}],"wp:featuredmedia":[{"embeddable":true,"href":"https:\/\/www.noticiasradioreflejos.com.ar\/2021\/wp-json\/"}],"wp:attachment":[{"href":"https:\/\/www.noticiasradioreflejos.com.ar\/2021\/wp-json\/wp\/v2\/media?parent=51625"}],"wp:term":[{"taxonomy":"category","embeddable":true,"href":"https:\/\/www.noticiasradioreflejos.com.ar\/2021\/wp-json\/wp\/v2\/categories?post=51625"},{"taxonomy":"post_tag","embeddable":true,"href":"https:\/\/www.noticiasradioreflejos.com.ar\/2021\/wp-json\/wp\/v2\/tags?post=51625"}],"curies":[{"name":"wp","href":"https:\/\/api.w.org\/{rel}","templated":true}]}}