{"id":51618,"date":"2021-01-25T08:12:40","date_gmt":"2021-01-25T11:12:40","guid":{"rendered":"http:\/\/www.noticiasradioreflejos.com.ar\/noticias\/?p=51618"},"modified":"2021-01-25T08:12:40","modified_gmt":"2021-01-25T11:12:40","slug":"fin-de-semana-con-record-de-turismo-en-la-comarca-de-sierra-de-la-ventana-y-todo-el-pais","status":"publish","type":"post","link":"https:\/\/www.noticiasradioreflejos.com.ar\/2021\/fin-de-semana-con-record-de-turismo-en-la-comarca-de-sierra-de-la-ventana-y-todo-el-pais\/","title":{"rendered":"Fin de semana con r\u00e9cord de turismo en la Comarca de Sierra de la Ventana y todo el pa\u00eds."},"content":{"rendered":"<p>Las provincias que totalizaron una mayor afluencia de turistas fueron Buenos Aires, C\u00f3rdoba y R\u00edo Negro, agreg\u00f3 un comunicado del Ministerio de Turismo y Deportes.<!--more--><\/p>\n<p><a title=\"IMG_20210124_200915\" href=\"http:\/\/live.staticflickr.com\/65535\/50872905738_388057b004_s.jpg\" rel=\"\"><img loading=\"lazy\" decoding=\"async\" class=\"aligncenter\" title=\"IMG_20210124_200915\" src=\"http:\/\/live.staticflickr.com\/65535\/50872905738_388057b004_c.jpg\" alt=\"IMG_20210124_200915\" width=\"800\" height=\"450\" \/><\/a><\/p>\n<p><strong>M\u00e1s de 2,4 millones de personas se movilizaron por todo el pa\u00eds durante el cuarto fin de semana del a\u00f1o, entre las cuales dos millones completaron el Certificado Verano y 400.000 son turistas de destinos que no lo solicitan, se inform\u00f3.<\/strong><\/p>\n<p>Seg\u00fan estad\u00edsticas oficiales, destinos bonaerenses como Sierra de la Ventana, el Partido de la Costa, Mar del Plata, Villa Gesell, Pinamar y Monte Hermoso tuvieron el mayor caudal tur\u00edstico.<\/p>\n<p><a title=\"135815394_1096584484191689_1612421161260459460_n\" href=\"http:\/\/live.staticflickr.com\/65535\/50873050528_303bba5f39_s.jpg\" rel=\"\"><img loading=\"lazy\" decoding=\"async\" class=\"aligncenter\" title=\"135815394_1096584484191689_1612421161260459460_n\" src=\"http:\/\/live.staticflickr.com\/65535\/50873050528_303bba5f39_c.jpg\" alt=\"135815394_1096584484191689_1612421161260459460_n\" width=\"800\" height=\"800\" \/><\/a><\/p>\n<p>Tambi\u00e9n hubo un intenso movimiento en otras regiones del pa\u00eds como Bariloche, San Mart\u00edn de los Andes, Villa Carlos Paz, Mina Clavero, Salta, Merlo, San Rafael y Gualeguaych\u00fa.<\/p>\n<p>Las provincias que totalizaron una mayor afluencia de turistas fueron Buenos Aires, C\u00f3rdoba y R\u00edo Negro, agreg\u00f3 un comunicado del Ministerio de Turismo y Deportes.<\/p>\n<p>&nbsp;<\/p>\n<p><a title=\"IMG_20210124_201912\" href=\"http:\/\/live.staticflickr.com\/65535\/50873596931_02ff2d6a12_s.jpg\" rel=\"\"><img loading=\"lazy\" decoding=\"async\" class=\"aligncenter\" title=\"IMG_20210124_201912\" src=\"http:\/\/live.staticflickr.com\/65535\/50873596931_02ff2d6a12_c.jpg\" alt=\"IMG_20210124_201912\" width=\"800\" height=\"486\" \/><\/a><\/p>\n<p><strong>Desde el inicio de la temporada ya se movilizaron por todo el pa\u00eds m\u00e1s de 7.2 millones de argentinos y argentinas, agreg\u00f3 el comunicado oficial.<\/strong><\/p>\n<p>\u00abCon la decisi\u00f3n pol\u00edtica de tener temporada de verano, se conform\u00f3 el Consejo Interministerial para la apertura progresiva y responsable del turismo, que defini\u00f3 la puesta en marcha de Centros Modulares Sanitarios, el despliegue del plan DetectAr y la presencia de promotores tur\u00edsticos en los centros tur\u00edsticos, entre otras medidas\u00bb, abund\u00f3.<\/p>\n<p>\u00abEn el mismo sentido, se llev\u00f3 adelante, junto con la Secretar\u00eda de Innovaci\u00f3n P\u00fablica, la Web Verano, donde se puede acceder a los requisitos para ingresar a todas las provincias y completar el Certificado Verano, un registro para que los destinos est\u00e9n mejor preparados para recibir turistas\u00bb, indic\u00f3.<\/p>\n<p>\u00abAdem\u00e1s, se pueden descargar los protocolos con recomendaciones sanitarias para playas, balnearios, alojamientos y establecimientos gastron\u00f3micos, entre otros\u00bb, complet\u00f3 el Ministerio.<\/p>\n<p><a title=\"140070347_3082171855356650_5880127586373054715_n\" href=\"http:\/\/live.staticflickr.com\/65535\/50873050498_ee39b1dd0b_s.jpg\" rel=\"\"><img loading=\"lazy\" decoding=\"async\" class=\"aligncenter\" title=\"140070347_3082171855356650_5880127586373054715_n\" src=\"http:\/\/live.staticflickr.com\/65535\/50873050498_ee39b1dd0b_c.jpg\" alt=\"140070347_3082171855356650_5880127586373054715_n\" width=\"800\" height=\"800\" \/><\/a><\/p>\n<p>&nbsp;<\/p>\n<p><strong>Fotos de Reserva Natural Sierras Grandes<\/strong><\/p>\n","protected":false},"excerpt":{"rendered":"<p>Las provincias que totalizaron una mayor afluencia de turistas fueron Buenos Aires, C\u00f3rdoba y R\u00edo Negro, agreg\u00f3 un comunicado del Ministerio de Turismo y Deportes.<\/p>\n","protected":false},"author":3,"featured_media":51619,"comment_status":"closed","ping_status":"open","sticky":false,"template":"","format":"standard","meta":{"footnotes":""},"categories":[25],"tags":[],"class_list":["post-51618","post","type-post","status-publish","format-standard","has-post-thumbnail","hentry","category-uncategorized"],"yoast_head":"<!-- This site is optimized with the Yoast SEO plugin v25.9 - https:\/\/yoast.com\/wordpress\/plugins\/seo\/ -->\n<title>Fin de semana con r\u00e9cord de turismo en la Comarca de Sierra de la Ventana y todo el pa\u00eds. - Noticias Radio Reflejos<\/title>\n<meta name=\"robots\" content=\"index, follow, max-snippet:-1, max-image-preview:large, max-video-preview:-1\" \/>\n<link rel=\"canonical\" href=\"https:\/\/www.noticiasradioreflejos.com.ar\/2021\/fin-de-semana-con-record-de-turismo-en-la-comarca-de-sierra-de-la-ventana-y-todo-el-pais\/\" \/>\n<meta property=\"og:locale\" content=\"es_ES\" \/>\n<meta property=\"og:type\" content=\"article\" \/>\n<meta property=\"og:title\" content=\"Fin de semana con r\u00e9cord de turismo en la Comarca de Sierra de la Ventana y todo el pa\u00eds. - Noticias Radio Reflejos\" \/>\n<meta property=\"og:description\" content=\"Las provincias que totalizaron una mayor afluencia de turistas fueron Buenos Aires, C\u00f3rdoba y R\u00edo Negro, agreg\u00f3 un comunicado del Ministerio de Turismo y Deportes.\" \/>\n<meta property=\"og:url\" content=\"https:\/\/www.noticiasradioreflejos.com.ar\/2021\/fin-de-semana-con-record-de-turismo-en-la-comarca-de-sierra-de-la-ventana-y-todo-el-pais\/\" \/>\n<meta property=\"og:site_name\" content=\"Noticias Radio Reflejos\" \/>\n<meta property=\"article:published_time\" content=\"2021-01-25T11:12:40+00:00\" \/>\n<meta property=\"og:image\" content=\"https:\/\/www.noticiasradioreflejos.com.ar\/2021\/wp-content\/uploads\/2021\/07\/logosol300x200.png\" \/>\n\t<meta property=\"og:image:width\" content=\"300\" \/>\n\t<meta property=\"og:image:height\" content=\"200\" \/>\n\t<meta property=\"og:image:type\" content=\"image\/png\" \/>\n<meta name=\"author\" content=\"Arnaldo Botto\" \/>\n<meta name=\"twitter:card\" content=\"summary_large_image\" \/>\n<script type=\"application\/ld+json\" class=\"yoast-schema-graph\">{\"@context\":\"https:\/\/schema.org\",\"@graph\":[{\"@type\":\"WebPage\",\"@id\":\"https:\/\/www.noticiasradioreflejos.com.ar\/2021\/fin-de-semana-con-record-de-turismo-en-la-comarca-de-sierra-de-la-ventana-y-todo-el-pais\/\",\"url\":\"https:\/\/www.noticiasradioreflejos.com.ar\/2021\/fin-de-semana-con-record-de-turismo-en-la-comarca-de-sierra-de-la-ventana-y-todo-el-pais\/\",\"name\":\"Fin de semana con r\u00e9cord de turismo en la Comarca de Sierra de la Ventana y todo el pa\u00eds. - Noticias Radio Reflejos\",\"isPartOf\":{\"@id\":\"https:\/\/www.noticiasradioreflejos.com.ar\/2021\/#website\"},\"primaryImageOfPage\":{\"@id\":\"https:\/\/www.noticiasradioreflejos.com.ar\/2021\/fin-de-semana-con-record-de-turismo-en-la-comarca-de-sierra-de-la-ventana-y-todo-el-pais\/#primaryimage\"},\"image\":{\"@id\":\"https:\/\/www.noticiasradioreflejos.com.ar\/2021\/fin-de-semana-con-record-de-turismo-en-la-comarca-de-sierra-de-la-ventana-y-todo-el-pais\/#primaryimage\"},\"thumbnailUrl\":\"\",\"datePublished\":\"2021-01-25T11:12:40+00:00\",\"author\":{\"@id\":\"https:\/\/www.noticiasradioreflejos.com.ar\/2021\/#\/schema\/person\/ad82545263dcc5ec0996818884fd5fb1\"},\"breadcrumb\":{\"@id\":\"https:\/\/www.noticiasradioreflejos.com.ar\/2021\/fin-de-semana-con-record-de-turismo-en-la-comarca-de-sierra-de-la-ventana-y-todo-el-pais\/#breadcrumb\"},\"inLanguage\":\"es\",\"potentialAction\":[{\"@type\":\"ReadAction\",\"target\":[\"https:\/\/www.noticiasradioreflejos.com.ar\/2021\/fin-de-semana-con-record-de-turismo-en-la-comarca-de-sierra-de-la-ventana-y-todo-el-pais\/\"]}]},{\"@type\":\"ImageObject\",\"inLanguage\":\"es\",\"@id\":\"https:\/\/www.noticiasradioreflejos.com.ar\/2021\/fin-de-semana-con-record-de-turismo-en-la-comarca-de-sierra-de-la-ventana-y-todo-el-pais\/#primaryimage\",\"url\":\"\",\"contentUrl\":\"\"},{\"@type\":\"BreadcrumbList\",\"@id\":\"https:\/\/www.noticiasradioreflejos.com.ar\/2021\/fin-de-semana-con-record-de-turismo-en-la-comarca-de-sierra-de-la-ventana-y-todo-el-pais\/#breadcrumb\",\"itemListElement\":[{\"@type\":\"ListItem\",\"position\":1,\"name\":\"Portada\",\"item\":\"https:\/\/www.noticiasradioreflejos.com.ar\/2021\/\"},{\"@type\":\"ListItem\",\"position\":2,\"name\":\"Fin de semana con r\u00e9cord de turismo en la Comarca de Sierra de la Ventana y todo el pa\u00eds.\"}]},{\"@type\":\"WebSite\",\"@id\":\"https:\/\/www.noticiasradioreflejos.com.ar\/2021\/#website\",\"url\":\"https:\/\/www.noticiasradioreflejos.com.ar\/2021\/\",\"name\":\"Noticias Radio Reflejos\",\"description\":\"Las noticias de mi comarca\",\"potentialAction\":[{\"@type\":\"SearchAction\",\"target\":{\"@type\":\"EntryPoint\",\"urlTemplate\":\"https:\/\/www.noticiasradioreflejos.com.ar\/2021\/?s={search_term_string}\"},\"query-input\":{\"@type\":\"PropertyValueSpecification\",\"valueRequired\":true,\"valueName\":\"search_term_string\"}}],\"inLanguage\":\"es\"},{\"@type\":\"Person\",\"@id\":\"https:\/\/www.noticiasradioreflejos.com.ar\/2021\/#\/schema\/person\/ad82545263dcc5ec0996818884fd5fb1\",\"name\":\"Arnaldo Botto\",\"image\":{\"@type\":\"ImageObject\",\"inLanguage\":\"es\",\"@id\":\"https:\/\/www.noticiasradioreflejos.com.ar\/2021\/#\/schema\/person\/image\/\",\"url\":\"https:\/\/secure.gravatar.com\/avatar\/55cb5e37c1efa326397366e6974cb338056df65cb50e7d64d1cf314e87504837?s=96&d=mm&r=g\",\"contentUrl\":\"https:\/\/secure.gravatar.com\/avatar\/55cb5e37c1efa326397366e6974cb338056df65cb50e7d64d1cf314e87504837?s=96&d=mm&r=g\",\"caption\":\"Arnaldo Botto\"},\"url\":\"https:\/\/www.noticiasradioreflejos.com.ar\/2021\/author\/arnaldo\/\"}]}<\/script>\n<!-- \/ Yoast SEO plugin. -->","yoast_head_json":{"title":"Fin de semana con r\u00e9cord de turismo en la Comarca de Sierra de la Ventana y todo el pa\u00eds. - Noticias Radio Reflejos","robots":{"index":"index","follow":"follow","max-snippet":"max-snippet:-1","max-image-preview":"max-image-preview:large","max-video-preview":"max-video-preview:-1"},"canonical":"https:\/\/www.noticiasradioreflejos.com.ar\/2021\/fin-de-semana-con-record-de-turismo-en-la-comarca-de-sierra-de-la-ventana-y-todo-el-pais\/","og_locale":"es_ES","og_type":"article","og_title":"Fin de semana con r\u00e9cord de turismo en la Comarca de Sierra de la Ventana y todo el pa\u00eds. - Noticias Radio Reflejos","og_description":"Las provincias que totalizaron una mayor afluencia de turistas fueron Buenos Aires, C\u00f3rdoba y R\u00edo Negro, agreg\u00f3 un comunicado del Ministerio de Turismo y Deportes.","og_url":"https:\/\/www.noticiasradioreflejos.com.ar\/2021\/fin-de-semana-con-record-de-turismo-en-la-comarca-de-sierra-de-la-ventana-y-todo-el-pais\/","og_site_name":"Noticias Radio Reflejos","article_published_time":"2021-01-25T11:12:40+00:00","og_image":[{"width":300,"height":200,"url":"https:\/\/www.noticiasradioreflejos.com.ar\/2021\/wp-content\/uploads\/2021\/07\/logosol300x200.png","type":"image\/png"}],"author":"Arnaldo Botto","twitter_card":"summary_large_image","schema":{"@context":"https:\/\/schema.org","@graph":[{"@type":"WebPage","@id":"https:\/\/www.noticiasradioreflejos.com.ar\/2021\/fin-de-semana-con-record-de-turismo-en-la-comarca-de-sierra-de-la-ventana-y-todo-el-pais\/","url":"https:\/\/www.noticiasradioreflejos.com.ar\/2021\/fin-de-semana-con-record-de-turismo-en-la-comarca-de-sierra-de-la-ventana-y-todo-el-pais\/","name":"Fin de semana con r\u00e9cord de turismo en la Comarca de Sierra de la Ventana y todo el pa\u00eds. - Noticias Radio Reflejos","isPartOf":{"@id":"https:\/\/www.noticiasradioreflejos.com.ar\/2021\/#website"},"primaryImageOfPage":{"@id":"https:\/\/www.noticiasradioreflejos.com.ar\/2021\/fin-de-semana-con-record-de-turismo-en-la-comarca-de-sierra-de-la-ventana-y-todo-el-pais\/#primaryimage"},"image":{"@id":"https:\/\/www.noticiasradioreflejos.com.ar\/2021\/fin-de-semana-con-record-de-turismo-en-la-comarca-de-sierra-de-la-ventana-y-todo-el-pais\/#primaryimage"},"thumbnailUrl":"","datePublished":"2021-01-25T11:12:40+00:00","author":{"@id":"https:\/\/www.noticiasradioreflejos.com.ar\/2021\/#\/schema\/person\/ad82545263dcc5ec0996818884fd5fb1"},"breadcrumb":{"@id":"https:\/\/www.noticiasradioreflejos.com.ar\/2021\/fin-de-semana-con-record-de-turismo-en-la-comarca-de-sierra-de-la-ventana-y-todo-el-pais\/#breadcrumb"},"inLanguage":"es","potentialAction":[{"@type":"ReadAction","target":["https:\/\/www.noticiasradioreflejos.com.ar\/2021\/fin-de-semana-con-record-de-turismo-en-la-comarca-de-sierra-de-la-ventana-y-todo-el-pais\/"]}]},{"@type":"ImageObject","inLanguage":"es","@id":"https:\/\/www.noticiasradioreflejos.com.ar\/2021\/fin-de-semana-con-record-de-turismo-en-la-comarca-de-sierra-de-la-ventana-y-todo-el-pais\/#primaryimage","url":"","contentUrl":""},{"@type":"BreadcrumbList","@id":"https:\/\/www.noticiasradioreflejos.com.ar\/2021\/fin-de-semana-con-record-de-turismo-en-la-comarca-de-sierra-de-la-ventana-y-todo-el-pais\/#breadcrumb","itemListElement":[{"@type":"ListItem","position":1,"name":"Portada","item":"https:\/\/www.noticiasradioreflejos.com.ar\/2021\/"},{"@type":"ListItem","position":2,"name":"Fin de semana con r\u00e9cord de turismo en la Comarca de Sierra de la Ventana y todo el pa\u00eds."}]},{"@type":"WebSite","@id":"https:\/\/www.noticiasradioreflejos.com.ar\/2021\/#website","url":"https:\/\/www.noticiasradioreflejos.com.ar\/2021\/","name":"Noticias Radio Reflejos","description":"Las noticias de mi comarca","potentialAction":[{"@type":"SearchAction","target":{"@type":"EntryPoint","urlTemplate":"https:\/\/www.noticiasradioreflejos.com.ar\/2021\/?s={search_term_string}"},"query-input":{"@type":"PropertyValueSpecification","valueRequired":true,"valueName":"search_term_string"}}],"inLanguage":"es"},{"@type":"Person","@id":"https:\/\/www.noticiasradioreflejos.com.ar\/2021\/#\/schema\/person\/ad82545263dcc5ec0996818884fd5fb1","name":"Arnaldo Botto","image":{"@type":"ImageObject","inLanguage":"es","@id":"https:\/\/www.noticiasradioreflejos.com.ar\/2021\/#\/schema\/person\/image\/","url":"https:\/\/secure.gravatar.com\/avatar\/55cb5e37c1efa326397366e6974cb338056df65cb50e7d64d1cf314e87504837?s=96&d=mm&r=g","contentUrl":"https:\/\/secure.gravatar.com\/avatar\/55cb5e37c1efa326397366e6974cb338056df65cb50e7d64d1cf314e87504837?s=96&d=mm&r=g","caption":"Arnaldo Botto"},"url":"https:\/\/www.noticiasradioreflejos.com.ar\/2021\/author\/arnaldo\/"}]}},"_links":{"self":[{"href":"https:\/\/www.noticiasradioreflejos.com.ar\/2021\/wp-json\/wp\/v2\/posts\/51618","targetHints":{"allow":["GET"]}}],"collection":[{"href":"https:\/\/www.noticiasradioreflejos.com.ar\/2021\/wp-json\/wp\/v2\/posts"}],"about":[{"href":"https:\/\/www.noticiasradioreflejos.com.ar\/2021\/wp-json\/wp\/v2\/types\/post"}],"author":[{"embeddable":true,"href":"https:\/\/www.noticiasradioreflejos.com.ar\/2021\/wp-json\/wp\/v2\/users\/3"}],"replies":[{"embeddable":true,"href":"https:\/\/www.noticiasradioreflejos.com.ar\/2021\/wp-json\/wp\/v2\/comments?post=51618"}],"version-history":[{"count":0,"href":"https:\/\/www.noticiasradioreflejos.com.ar\/2021\/wp-json\/wp\/v2\/posts\/51618\/revisions"}],"wp:featuredmedia":[{"embeddable":true,"href":"https:\/\/www.noticiasradioreflejos.com.ar\/2021\/wp-json\/"}],"wp:attachment":[{"href":"https:\/\/www.noticiasradioreflejos.com.ar\/2021\/wp-json\/wp\/v2\/media?parent=51618"}],"wp:term":[{"taxonomy":"category","embeddable":true,"href":"https:\/\/www.noticiasradioreflejos.com.ar\/2021\/wp-json\/wp\/v2\/categories?post=51618"},{"taxonomy":"post_tag","embeddable":true,"href":"https:\/\/www.noticiasradioreflejos.com.ar\/2021\/wp-json\/wp\/v2\/tags?post=51618"}],"curies":[{"name":"wp","href":"https:\/\/api.w.org\/{rel}","templated":true}]}}