{"id":51614,"date":"2021-01-25T07:58:46","date_gmt":"2021-01-25T10:58:46","guid":{"rendered":"http:\/\/www.noticiasradioreflejos.com.ar\/noticias\/?p=51614"},"modified":"2021-01-25T07:58:46","modified_gmt":"2021-01-25T10:58:46","slug":"comarca-al-horno-la-ola-de-calor-lleva-9-dias-con-temperaturas-superiores-a-los-33","status":"publish","type":"post","link":"https:\/\/www.noticiasradioreflejos.com.ar\/2021\/comarca-al-horno-la-ola-de-calor-lleva-9-dias-con-temperaturas-superiores-a-los-33\/","title":{"rendered":"Comarca al horno: La ola de calor lleva 9 d\u00edas con temperaturas superiores a los 33\u00b0."},"content":{"rendered":"<p>Este domingo 24 de enero se cumpli\u00f3 el 9\u00b0 d\u00eda con temperaturas superiores a los 33\u00b0 en forma continua y teniendo el s\u00e1bado 23 una m\u00e1xima de 36,2\u00b0 y la t\u00e9rmica por encima de los 39\u00b0. Autoridades de salud alertaron por posibles \u00abGolpes de Calor\u00bb en la poblaci\u00f3n.<!--more--><\/p>\n<p>Desde el jueves 14 de enero de este 2021, una intensa ola de calor lleg\u00f3 a gran parte del pa\u00eds, el sudoeste bonaerense no estuvo exento del fen\u00f3meno que llev\u00f3 a subir a <strong><span style=\"background-color: #ff00ff;\">\u00abalerta Violeta\u00bb<\/span><\/strong> la calificaci\u00f3n de la situaci\u00f3n por el SMN.<\/p>\n<p>El fin de semana pasado el calor comenz\u00f3 a subir y sostener m\u00ednimas de entre 22\u00b0 y 25\u00b0, durante las tardes de estos 9 d\u00edas las m\u00e1ximas siempre estuvieron por encima de los 33\u00b0alcanzando este s\u00e1bado 23 de enero la m\u00e1xima de 36,2\u00b0 con una ST de 39.4\u00b0.<\/p>\n<p>La misma situaci\u00f3n se vivi\u00f3 en Bah\u00eda Blanca donde ese mismo d\u00eda la m\u00e1xima alcanz\u00f3 los 36,6\u00b0 convirtiendo a la ciudad en una de las mas calurosas del pa\u00eds.<\/p>\n<p>Por su parte, la gente que inund\u00f3 todo el distrito,\u00a0 vivi\u00f3 las jornadas colmando las orillas de los arroyos, paradores sobre el r\u00edo, piletas y cuanto sector de sombra les permitiera calmar la intensidad del calor reinante.<\/p>\n<p><strong>Y no termina aqu\u00ed<\/strong><br \/>\nLa cosa contin\u00faa por algunos d\u00edas m\u00e1s, para hoy y ma\u00f1ana se esperan temperaturas superiores a los 34\u00b0 de term\u00f3metro, lo que asegura las t\u00e9rmicas por encima de los 37\u00b0; reci\u00e9n el pr\u00f3ximo mi\u00e9rcoles tendremos una jornada de alivio donde el cambio del viento al sur har\u00e1 descender las m\u00ednimas a 14\u00b0 y la m\u00e1xima no superar\u00eda los 28\u00b0. Para el viernes 29 de enero llegar\u00eda una sudestada que mantendr\u00e1 las condiciones de temperaturas entre los 12 y 22 grados, con precipitaciones aisladas durante todo el fin de semana.<\/p>\n<p><strong>Alerta para la salud<\/strong><\/p>\n<p>El Ministerio de Salud de la Naci\u00f3n emiti\u00f3 una serie de recomendaciones para cuidar la piel, \u00abevitar el golpe de calor, la deshidrataci\u00f3n y otros problemas de salud\u00bb estos d\u00edas de altas temperaturas.<\/p>\n<p><strong>\u00abProtegete del sol y del calor: evit\u00e1 la exposici\u00f3n entre las 10 y las 16, quedate preferentemente a la sombra y permanec\u00e9 en espacios ventilados\u00bb, dice el video explicativo que poste\u00f3 esta ma\u00f1ana en sus redes el Ministerio de Salud.<\/strong><\/p>\n<p>En su p\u00e1gina web, la cartera advierte que en caso de ola de calor como la que atraviesa la CABA, el centro y norte del pa\u00eds es necesario prevenir el golpe de calor y el agotamiento por calor, que son trastornos ocasionados por el aumento de la temperatura del cuerpo como consecuencia de la exposici\u00f3n prolongada a altas temperaturas y humedad o el esfuerzo f\u00edsico intenso (ejercicios) en estos contextos.<\/p>\n<p>En estas situaciones, se agreg\u00f3, el organismo tiene dificultades para regular la temperatura corporal que puede alcanzar los 40\u00b0 C o m\u00e1s.<\/p>\n<div class=\"js-code\">\n<div class=\"twitter-tweet twitter-tweet-rendered\"><iframe loading=\"lazy\" id=\"twitter-widget-0\" class=\"\" title=\"Twitter Tweet\" src=\"https:\/\/platform.twitter.com\/embed\/index.html?creatorScreenName=agenciatelam&amp;dnt=false&amp;embedId=twitter-widget-0&amp;frame=false&amp;hideCard=false&amp;hideThread=false&amp;id=1353319377039462401&amp;lang=en&amp;origin=https%3A%2F%2Fwww.telam.com.ar%2Fnotas%2F202101%2F542488-cuidar-la-piel-deshidratacion-golpe-de-calor.html&amp;siteScreenName=agenciatelam&amp;theme=light&amp;widgetsVersion=ed20a2b%3A1601588405575&amp;width=550px\" width=\"300\" height=\"150\" frameborder=\"0\" scrolling=\"no\" allowfullscreen=\"allowfullscreen\" data-tweet-id=\"1353319377039462401\"><\/iframe><\/div>\n<\/div>\n<p>El agotamiento por calor es un estadio previo al golpe de calor al que hay que reconocer para prevenir una situaci\u00f3n m\u00e1s grave y cuyos s\u00edntomas son: sudoraci\u00f3n excesiva; piel p\u00e1lida y fresca; sensaci\u00f3n de calor sofocante; sed intensa y sequedad en la boca; calambres musculares, agotamiento, cansancio o debilidad; dolores de est\u00f3mago, inapetencia, n\u00e1useas o v\u00f3mitos; dolor de cabeza, irritabilidad, mareos o desmayo.<\/p>\n<p><strong>En el caso del golpe de calor propiamente dicho, los s\u00edntomas son:\u00a0<\/strong>temperatura del cuerpo 39-40\u00b0C o mayor (medida en la axila), piel roja caliente y seca (se agota la transpiraci\u00f3n), respiraci\u00f3n y frecuencia cardiaca acelerada, dolor palpitante de cabeza, alteraci\u00f3n del estado mental y del comportamiento (v\u00e9rtigos, mareos desorientaci\u00f3n, delirios, confusi\u00f3n o p\u00e9rdida de conocimiento) y convulsiones.<\/p>\n<p><strong>Los grupos poblacionales m\u00e1s vulnerables al golpe de calor son los menores de 5 a\u00f1os y m\u00e1s a\u00fan los menores de 1 a\u00f1o y los adultos mayores, las personas con enfermedades cr\u00f3nicas (card\u00edacas, renales, mentales o neurol\u00f3gicas y otras), con fiebre o diarrea por otra causa, las que presentan obesidad o desnutrici\u00f3n y las que tienen la piel quemada por el sol.<\/strong><\/p>\n<p>Para evitar estos cuadros<strong>\u00a0es importante cuidar la hidrataci\u00f3n y la alimentaci\u00f3n, consumir agua segura y jugos naturales durante todo el d\u00eda;\u00a0<\/strong>no tomar bebidas con cafe\u00edna o con alto contenido en az\u00facar (como las gaseosas corrientes), muy fr\u00edas o calientes; preferir las comidas frescas y livianas a las pesadas; reducir la actividad f\u00edsica; cubrirse la cabeza con un gorro o pa\u00f1uelo al salir y llevar agua para mantenerse hidratado.<\/p>\n<p>Tambi\u00e9n<strong>\u00a0se recomienda no consumir alcohol;<\/strong>\u00a0permanecer en lugares ventilados y frescos; vestir ropa holgada, liviana, de algod\u00f3n y colores claros; no exponerse al sol directo entre las 10 de la ma\u00f1ana y las 4 de la tarde; tomar abundante agua antes, durante y despu\u00e9s de hacer ejercicio.<\/p>\n<p>Adem\u00e1s, pidieron\u00a0<strong>mantener a los ni\u00f1os, los mayores y las personas m\u00e1s vulnerables, en lugares bien ventilados, usar ventiladores o aire acondicionado<\/strong>\u00a0(ya sea en casa o lugares p\u00fablicos) cuando la temperatura ambiente es muy elevada.<\/p>\n<div id=\"image\" class=\"image\">\n<p><img decoding=\"async\" title=\"Se recomienda evitar la exposici\u00f3n al sol entre las 10 y las 16\" src=\"https:\/\/www.telam.com.ar\/advf\/imagenes\/2020\/02\/5e39506f531e7_1004x565.jpg\" alt=\"Se recomienda evitar la exposici\u00f3n al sol entre las 10 y las 16\" \/><\/p>\n<div class=\"epigrafe\">Se recomienda evitar la exposici\u00f3n al sol entre las 10 y las 16<\/div>\n<\/div>\n<p>En caso de golpe de calor hay que llamar inmediatamente a un servicio de emergencia o trasladarse hasta el centro de salud m\u00e1s cercano, permanecer mientras tanto en un lugar fresco y ventilado, enfriar r\u00e1pidamente el cuerpo moj\u00e1ndolo con agua fr\u00eda y beber agua.<\/p>\n<p>Lo que\u00a0<strong>no se debe hacer bajo ninguna circunstancia es administrar medicamentos antifebriles y friccionar la piel con alcohol\u00a0<\/strong>(porque causa intoxicaci\u00f3n).<\/p>\n<p>Por otro lado,<strong>\u00a0la exposici\u00f3n excesiva al sol puede producir envejecimiento de la piel, cataratas y c\u00e1ncer de piel<\/strong>, por eso el Ministerio recomienda adem\u00e1s usar protector solar con factor de 30 o m\u00e1s para estar al sol y renovarlo cada 2 horas o despu\u00e9s de salir del agua.<\/p>\n<p><strong>Los beb\u00e9s menores de un a\u00f1o no deben recibir el sol directo<\/strong>\u00a0y desde los seis meses en adelante deben usar protector solar factor 50 o mayor.<\/p>\n<p>El Pami y el propio Servicio Meteorol\u00f3gico Nacional emitieron similares consejos.<\/p>\n<div class=\"js-code\">\n<div class=\"twitter-tweet twitter-tweet-rendered\"><iframe loading=\"lazy\" id=\"twitter-widget-1\" class=\"\" title=\"Twitter Tweet\" src=\"https:\/\/platform.twitter.com\/embed\/index.html?creatorScreenName=agenciatelam&amp;dnt=false&amp;embedId=twitter-widget-1&amp;frame=false&amp;hideCard=false&amp;hideThread=false&amp;id=1353345503673638914&amp;lang=en&amp;origin=https%3A%2F%2Fwww.telam.com.ar%2Fnotas%2F202101%2F542488-cuidar-la-piel-deshidratacion-golpe-de-calor.html&amp;siteScreenName=agenciatelam&amp;theme=light&amp;widgetsVersion=ed20a2b%3A1601588405575&amp;width=550px\" width=\"300\" height=\"150\" frameborder=\"0\" scrolling=\"no\" allowfullscreen=\"allowfullscreen\" data-tweet-id=\"1353345503673638914\"><\/iframe><\/div>\n<\/div>\n","protected":false},"excerpt":{"rendered":"<p>Este domingo 24 de enero se cumpli\u00f3 el 9\u00b0 d\u00eda con temperaturas superiores a los 33\u00b0 en forma continua y teniendo el s\u00e1bado 23 una m\u00e1xima de 36,2\u00b0 y la t\u00e9rmica por encima de los 39\u00b0. Autoridades de salud alertaron por posibles \u00abGolpes de Calor\u00bb en la poblaci\u00f3n.<\/p>\n","protected":false},"author":3,"featured_media":51615,"comment_status":"closed","ping_status":"open","sticky":false,"template":"","format":"standard","meta":{"footnotes":""},"categories":[25],"tags":[],"class_list":["post-51614","post","type-post","status-publish","format-standard","has-post-thumbnail","hentry","category-uncategorized"],"yoast_head":"<!-- This site is optimized with the Yoast SEO plugin v25.9 - https:\/\/yoast.com\/wordpress\/plugins\/seo\/ -->\n<title>Comarca al horno: La ola de calor lleva 9 d\u00edas con temperaturas superiores a los 33\u00b0. - Noticias Radio Reflejos<\/title>\n<meta name=\"robots\" content=\"index, follow, max-snippet:-1, max-image-preview:large, max-video-preview:-1\" \/>\n<link rel=\"canonical\" href=\"https:\/\/www.noticiasradioreflejos.com.ar\/2021\/comarca-al-horno-la-ola-de-calor-lleva-9-dias-con-temperaturas-superiores-a-los-33\/\" \/>\n<meta property=\"og:locale\" content=\"es_ES\" \/>\n<meta property=\"og:type\" content=\"article\" \/>\n<meta property=\"og:title\" content=\"Comarca al horno: La ola de calor lleva 9 d\u00edas con temperaturas superiores a los 33\u00b0. - Noticias Radio Reflejos\" \/>\n<meta property=\"og:description\" content=\"Este domingo 24 de enero se cumpli\u00f3 el 9\u00b0 d\u00eda con temperaturas superiores a los 33\u00b0 en forma continua y teniendo el s\u00e1bado 23 una m\u00e1xima de 36,2\u00b0 y la t\u00e9rmica por encima de los 39\u00b0. Autoridades de salud alertaron por posibles \u00abGolpes de Calor\u00bb en la poblaci\u00f3n.\" \/>\n<meta property=\"og:url\" content=\"https:\/\/www.noticiasradioreflejos.com.ar\/2021\/comarca-al-horno-la-ola-de-calor-lleva-9-dias-con-temperaturas-superiores-a-los-33\/\" \/>\n<meta property=\"og:site_name\" content=\"Noticias Radio Reflejos\" \/>\n<meta property=\"article:published_time\" content=\"2021-01-25T10:58:46+00:00\" \/>\n<meta property=\"og:image\" content=\"https:\/\/www.noticiasradioreflejos.com.ar\/2021\/wp-content\/uploads\/2021\/07\/logosol300x200.png\" \/>\n\t<meta property=\"og:image:width\" content=\"300\" \/>\n\t<meta property=\"og:image:height\" content=\"200\" \/>\n\t<meta property=\"og:image:type\" content=\"image\/png\" \/>\n<meta name=\"author\" content=\"Arnaldo Botto\" \/>\n<meta name=\"twitter:card\" content=\"summary_large_image\" \/>\n<script type=\"application\/ld+json\" class=\"yoast-schema-graph\">{\"@context\":\"https:\/\/schema.org\",\"@graph\":[{\"@type\":\"WebPage\",\"@id\":\"https:\/\/www.noticiasradioreflejos.com.ar\/2021\/comarca-al-horno-la-ola-de-calor-lleva-9-dias-con-temperaturas-superiores-a-los-33\/\",\"url\":\"https:\/\/www.noticiasradioreflejos.com.ar\/2021\/comarca-al-horno-la-ola-de-calor-lleva-9-dias-con-temperaturas-superiores-a-los-33\/\",\"name\":\"Comarca al horno: La ola de calor lleva 9 d\u00edas con temperaturas superiores a los 33\u00b0. - Noticias Radio Reflejos\",\"isPartOf\":{\"@id\":\"https:\/\/www.noticiasradioreflejos.com.ar\/2021\/#website\"},\"primaryImageOfPage\":{\"@id\":\"https:\/\/www.noticiasradioreflejos.com.ar\/2021\/comarca-al-horno-la-ola-de-calor-lleva-9-dias-con-temperaturas-superiores-a-los-33\/#primaryimage\"},\"image\":{\"@id\":\"https:\/\/www.noticiasradioreflejos.com.ar\/2021\/comarca-al-horno-la-ola-de-calor-lleva-9-dias-con-temperaturas-superiores-a-los-33\/#primaryimage\"},\"thumbnailUrl\":\"\",\"datePublished\":\"2021-01-25T10:58:46+00:00\",\"author\":{\"@id\":\"https:\/\/www.noticiasradioreflejos.com.ar\/2021\/#\/schema\/person\/ad82545263dcc5ec0996818884fd5fb1\"},\"breadcrumb\":{\"@id\":\"https:\/\/www.noticiasradioreflejos.com.ar\/2021\/comarca-al-horno-la-ola-de-calor-lleva-9-dias-con-temperaturas-superiores-a-los-33\/#breadcrumb\"},\"inLanguage\":\"es\",\"potentialAction\":[{\"@type\":\"ReadAction\",\"target\":[\"https:\/\/www.noticiasradioreflejos.com.ar\/2021\/comarca-al-horno-la-ola-de-calor-lleva-9-dias-con-temperaturas-superiores-a-los-33\/\"]}]},{\"@type\":\"ImageObject\",\"inLanguage\":\"es\",\"@id\":\"https:\/\/www.noticiasradioreflejos.com.ar\/2021\/comarca-al-horno-la-ola-de-calor-lleva-9-dias-con-temperaturas-superiores-a-los-33\/#primaryimage\",\"url\":\"\",\"contentUrl\":\"\"},{\"@type\":\"BreadcrumbList\",\"@id\":\"https:\/\/www.noticiasradioreflejos.com.ar\/2021\/comarca-al-horno-la-ola-de-calor-lleva-9-dias-con-temperaturas-superiores-a-los-33\/#breadcrumb\",\"itemListElement\":[{\"@type\":\"ListItem\",\"position\":1,\"name\":\"Portada\",\"item\":\"https:\/\/www.noticiasradioreflejos.com.ar\/2021\/\"},{\"@type\":\"ListItem\",\"position\":2,\"name\":\"Comarca al horno: La ola de calor lleva 9 d\u00edas con temperaturas superiores a los 33\u00b0.\"}]},{\"@type\":\"WebSite\",\"@id\":\"https:\/\/www.noticiasradioreflejos.com.ar\/2021\/#website\",\"url\":\"https:\/\/www.noticiasradioreflejos.com.ar\/2021\/\",\"name\":\"Noticias Radio Reflejos\",\"description\":\"Las noticias de mi comarca\",\"potentialAction\":[{\"@type\":\"SearchAction\",\"target\":{\"@type\":\"EntryPoint\",\"urlTemplate\":\"https:\/\/www.noticiasradioreflejos.com.ar\/2021\/?s={search_term_string}\"},\"query-input\":{\"@type\":\"PropertyValueSpecification\",\"valueRequired\":true,\"valueName\":\"search_term_string\"}}],\"inLanguage\":\"es\"},{\"@type\":\"Person\",\"@id\":\"https:\/\/www.noticiasradioreflejos.com.ar\/2021\/#\/schema\/person\/ad82545263dcc5ec0996818884fd5fb1\",\"name\":\"Arnaldo Botto\",\"image\":{\"@type\":\"ImageObject\",\"inLanguage\":\"es\",\"@id\":\"https:\/\/www.noticiasradioreflejos.com.ar\/2021\/#\/schema\/person\/image\/\",\"url\":\"https:\/\/secure.gravatar.com\/avatar\/55cb5e37c1efa326397366e6974cb338056df65cb50e7d64d1cf314e87504837?s=96&d=mm&r=g\",\"contentUrl\":\"https:\/\/secure.gravatar.com\/avatar\/55cb5e37c1efa326397366e6974cb338056df65cb50e7d64d1cf314e87504837?s=96&d=mm&r=g\",\"caption\":\"Arnaldo Botto\"},\"url\":\"https:\/\/www.noticiasradioreflejos.com.ar\/2021\/author\/arnaldo\/\"}]}<\/script>\n<!-- \/ Yoast SEO plugin. -->","yoast_head_json":{"title":"Comarca al horno: La ola de calor lleva 9 d\u00edas con temperaturas superiores a los 33\u00b0. - Noticias Radio Reflejos","robots":{"index":"index","follow":"follow","max-snippet":"max-snippet:-1","max-image-preview":"max-image-preview:large","max-video-preview":"max-video-preview:-1"},"canonical":"https:\/\/www.noticiasradioreflejos.com.ar\/2021\/comarca-al-horno-la-ola-de-calor-lleva-9-dias-con-temperaturas-superiores-a-los-33\/","og_locale":"es_ES","og_type":"article","og_title":"Comarca al horno: La ola de calor lleva 9 d\u00edas con temperaturas superiores a los 33\u00b0. - Noticias Radio Reflejos","og_description":"Este domingo 24 de enero se cumpli\u00f3 el 9\u00b0 d\u00eda con temperaturas superiores a los 33\u00b0 en forma continua y teniendo el s\u00e1bado 23 una m\u00e1xima de 36,2\u00b0 y la t\u00e9rmica por encima de los 39\u00b0. Autoridades de salud alertaron por posibles \u00abGolpes de Calor\u00bb en la poblaci\u00f3n.","og_url":"https:\/\/www.noticiasradioreflejos.com.ar\/2021\/comarca-al-horno-la-ola-de-calor-lleva-9-dias-con-temperaturas-superiores-a-los-33\/","og_site_name":"Noticias Radio Reflejos","article_published_time":"2021-01-25T10:58:46+00:00","og_image":[{"width":300,"height":200,"url":"https:\/\/www.noticiasradioreflejos.com.ar\/2021\/wp-content\/uploads\/2021\/07\/logosol300x200.png","type":"image\/png"}],"author":"Arnaldo Botto","twitter_card":"summary_large_image","schema":{"@context":"https:\/\/schema.org","@graph":[{"@type":"WebPage","@id":"https:\/\/www.noticiasradioreflejos.com.ar\/2021\/comarca-al-horno-la-ola-de-calor-lleva-9-dias-con-temperaturas-superiores-a-los-33\/","url":"https:\/\/www.noticiasradioreflejos.com.ar\/2021\/comarca-al-horno-la-ola-de-calor-lleva-9-dias-con-temperaturas-superiores-a-los-33\/","name":"Comarca al horno: La ola de calor lleva 9 d\u00edas con temperaturas superiores a los 33\u00b0. - Noticias Radio Reflejos","isPartOf":{"@id":"https:\/\/www.noticiasradioreflejos.com.ar\/2021\/#website"},"primaryImageOfPage":{"@id":"https:\/\/www.noticiasradioreflejos.com.ar\/2021\/comarca-al-horno-la-ola-de-calor-lleva-9-dias-con-temperaturas-superiores-a-los-33\/#primaryimage"},"image":{"@id":"https:\/\/www.noticiasradioreflejos.com.ar\/2021\/comarca-al-horno-la-ola-de-calor-lleva-9-dias-con-temperaturas-superiores-a-los-33\/#primaryimage"},"thumbnailUrl":"","datePublished":"2021-01-25T10:58:46+00:00","author":{"@id":"https:\/\/www.noticiasradioreflejos.com.ar\/2021\/#\/schema\/person\/ad82545263dcc5ec0996818884fd5fb1"},"breadcrumb":{"@id":"https:\/\/www.noticiasradioreflejos.com.ar\/2021\/comarca-al-horno-la-ola-de-calor-lleva-9-dias-con-temperaturas-superiores-a-los-33\/#breadcrumb"},"inLanguage":"es","potentialAction":[{"@type":"ReadAction","target":["https:\/\/www.noticiasradioreflejos.com.ar\/2021\/comarca-al-horno-la-ola-de-calor-lleva-9-dias-con-temperaturas-superiores-a-los-33\/"]}]},{"@type":"ImageObject","inLanguage":"es","@id":"https:\/\/www.noticiasradioreflejos.com.ar\/2021\/comarca-al-horno-la-ola-de-calor-lleva-9-dias-con-temperaturas-superiores-a-los-33\/#primaryimage","url":"","contentUrl":""},{"@type":"BreadcrumbList","@id":"https:\/\/www.noticiasradioreflejos.com.ar\/2021\/comarca-al-horno-la-ola-de-calor-lleva-9-dias-con-temperaturas-superiores-a-los-33\/#breadcrumb","itemListElement":[{"@type":"ListItem","position":1,"name":"Portada","item":"https:\/\/www.noticiasradioreflejos.com.ar\/2021\/"},{"@type":"ListItem","position":2,"name":"Comarca al horno: La ola de calor lleva 9 d\u00edas con temperaturas superiores a los 33\u00b0."}]},{"@type":"WebSite","@id":"https:\/\/www.noticiasradioreflejos.com.ar\/2021\/#website","url":"https:\/\/www.noticiasradioreflejos.com.ar\/2021\/","name":"Noticias Radio Reflejos","description":"Las noticias de mi comarca","potentialAction":[{"@type":"SearchAction","target":{"@type":"EntryPoint","urlTemplate":"https:\/\/www.noticiasradioreflejos.com.ar\/2021\/?s={search_term_string}"},"query-input":{"@type":"PropertyValueSpecification","valueRequired":true,"valueName":"search_term_string"}}],"inLanguage":"es"},{"@type":"Person","@id":"https:\/\/www.noticiasradioreflejos.com.ar\/2021\/#\/schema\/person\/ad82545263dcc5ec0996818884fd5fb1","name":"Arnaldo Botto","image":{"@type":"ImageObject","inLanguage":"es","@id":"https:\/\/www.noticiasradioreflejos.com.ar\/2021\/#\/schema\/person\/image\/","url":"https:\/\/secure.gravatar.com\/avatar\/55cb5e37c1efa326397366e6974cb338056df65cb50e7d64d1cf314e87504837?s=96&d=mm&r=g","contentUrl":"https:\/\/secure.gravatar.com\/avatar\/55cb5e37c1efa326397366e6974cb338056df65cb50e7d64d1cf314e87504837?s=96&d=mm&r=g","caption":"Arnaldo Botto"},"url":"https:\/\/www.noticiasradioreflejos.com.ar\/2021\/author\/arnaldo\/"}]}},"_links":{"self":[{"href":"https:\/\/www.noticiasradioreflejos.com.ar\/2021\/wp-json\/wp\/v2\/posts\/51614","targetHints":{"allow":["GET"]}}],"collection":[{"href":"https:\/\/www.noticiasradioreflejos.com.ar\/2021\/wp-json\/wp\/v2\/posts"}],"about":[{"href":"https:\/\/www.noticiasradioreflejos.com.ar\/2021\/wp-json\/wp\/v2\/types\/post"}],"author":[{"embeddable":true,"href":"https:\/\/www.noticiasradioreflejos.com.ar\/2021\/wp-json\/wp\/v2\/users\/3"}],"replies":[{"embeddable":true,"href":"https:\/\/www.noticiasradioreflejos.com.ar\/2021\/wp-json\/wp\/v2\/comments?post=51614"}],"version-history":[{"count":0,"href":"https:\/\/www.noticiasradioreflejos.com.ar\/2021\/wp-json\/wp\/v2\/posts\/51614\/revisions"}],"wp:featuredmedia":[{"embeddable":true,"href":"https:\/\/www.noticiasradioreflejos.com.ar\/2021\/wp-json\/"}],"wp:attachment":[{"href":"https:\/\/www.noticiasradioreflejos.com.ar\/2021\/wp-json\/wp\/v2\/media?parent=51614"}],"wp:term":[{"taxonomy":"category","embeddable":true,"href":"https:\/\/www.noticiasradioreflejos.com.ar\/2021\/wp-json\/wp\/v2\/categories?post=51614"},{"taxonomy":"post_tag","embeddable":true,"href":"https:\/\/www.noticiasradioreflejos.com.ar\/2021\/wp-json\/wp\/v2\/tags?post=51614"}],"curies":[{"name":"wp","href":"https:\/\/api.w.org\/{rel}","templated":true}]}}