{"id":51609,"date":"2021-01-25T07:34:38","date_gmt":"2021-01-25T10:34:38","guid":{"rendered":"http:\/\/www.noticiasradioreflejos.com.ar\/noticias\/?p=51609"},"modified":"2021-01-25T07:34:38","modified_gmt":"2021-01-25T10:34:38","slug":"se-reactivo-la-obra-de-autopista-paso-urbano-por-bahia-blanca","status":"publish","type":"post","link":"https:\/\/www.noticiasradioreflejos.com.ar\/2021\/se-reactivo-la-obra-de-autopista-paso-urbano-por-bahia-blanca\/","title":{"rendered":"Se reactiv\u00f3 la obra de autopista \u201cPaso Urbano por Bah\u00eda Blanca\u201d"},"content":{"rendered":"<p>El proyecto se encontraba detenido desde diciembre de 2019 y es de gran importancia para mejorar las condiciones de circulaci\u00f3n y la integraci\u00f3n regional.<!--more--><\/p>\n<p>El Ministerio de Obras P\u00fablicas, a trav\u00e9s de Vialidad Nacional, anuncia la reactivaci\u00f3n de la obra Paso Urbano por Bah\u00eda Blanca, sobre las rutas 3 y 33. Los trabajos que abarcan 11 km de las rutas 3 y 33, incluida la intersecci\u00f3n conocida como \u201cEl Cholo\u201d, se encontraban neutralizados desde diciembre de 2019, momento en el que comenzaron a detectarse una serie de interferencias (infraestructuras de gas, luz, agua, etc.) Esta situaci\u00f3n gener\u00f3 una demora en los trabajos ante la necesidad de resolver t\u00e9cnica y econ\u00f3micamente cada uno de estos cruces.<\/p>\n<p><a title=\"IMG-20210125-WA0002\" href=\"http:\/\/live.staticflickr.com\/65535\/50873640996_07253ee64f_s.jpg\" rel=\"\"><img loading=\"lazy\" decoding=\"async\" class=\"aligncenter\" title=\"IMG-20210125-WA0002\" src=\"http:\/\/live.staticflickr.com\/65535\/50873640996_07253ee64f_c.jpg\" alt=\"IMG-20210125-WA0002\" width=\"800\" height=\"466\" \/><\/a><br \/>\nA la fecha se ha logrado alcanzar la soluci\u00f3n a los inconvenientes t\u00e9cnicos no previstos en el contrato y se ha definido la situaci\u00f3n\u00a0 econ\u00f3mica. De esta manera se reactivar\u00e1n en primera instancia los trabajos que ata\u00f1en a esas interferencias para luego continuar con la obra, cuyo monto de contrato ser\u00e1 de $ 1.953.017.917,89, correspondiente a un incremento del 3,38%.<br \/>\n\u201cLa obra que tuvo un bajo ritmo durante la gesti\u00f3n anterior, se fren\u00f3 totalmente en 2019 por estas interferencias que no hab\u00edan sido contempladas en el proyecto original.\u201d afirm\u00f3 Gustavo Arrieta, Administrador General de Vialidad Nacional. \u201cDespu\u00e9s de los estudios correspondientes, pudimos finalmente comenzar a trabajar para subsanarlas y poder dar inicio a los principales trabajos de esta obra tan necesaria para Bah\u00eda Blanca\u201d concluy\u00f3.<\/p>\n<p><a title=\"IMG-20210125-WA0001\" href=\"http:\/\/live.staticflickr.com\/65535\/50873741857_7782b71c11_s.jpg\" rel=\"\"><img loading=\"lazy\" decoding=\"async\" class=\"aligncenter\" title=\"IMG-20210125-WA0001\" src=\"http:\/\/live.staticflickr.com\/65535\/50873741857_7782b71c11_c.jpg\" alt=\"IMG-20210125-WA0001\" width=\"800\" height=\"470\" \/><\/a><br \/>\nCabe aclarar que el proyecto t\u00e9cnico no se modifica. La obra incluye una calzada de 2 carriles ascendentes y dos carriles descendientes, colectoras, la construcci\u00f3n de 11 puentes, 9 pasarelas peatonales y una nueva rotonda, as\u00ed como la instalaci\u00f3n de 1.500 luminarias y 12.000 \u00e1rboles, que mejorar\u00e1n la inserci\u00f3n de la nueva infraestructura con el medioambiente.<br \/>\nLa nueva autopista es una gran deuda que los vecinos del sur de la provincia de Buenos Aires necesitan para mejorar las condiciones de circulaci\u00f3n y seguridad para los m\u00e1s de 20.000 usuarios de la red de accesos bahiense. El turismo, la producci\u00f3n y la industria que circular por nuestras rutas demandan la construcci\u00f3n de proyectos modernos que faciliten el acceso a lo largo y ancho del pa\u00eds.<\/p>\n","protected":false},"excerpt":{"rendered":"<p>El proyecto se encontraba detenido desde diciembre de 2019 y es de gran importancia para mejorar las condiciones de circulaci\u00f3n y la integraci\u00f3n regional.<\/p>\n","protected":false},"author":3,"featured_media":51610,"comment_status":"closed","ping_status":"open","sticky":false,"template":"","format":"standard","meta":{"footnotes":""},"categories":[24,26],"tags":[],"class_list":["post-51609","post","type-post","status-publish","format-standard","has-post-thumbnail","hentry","category-politica","category-sociedad"],"yoast_head":"<!-- This site is optimized with the Yoast SEO plugin v25.9 - https:\/\/yoast.com\/wordpress\/plugins\/seo\/ -->\n<title>Se reactiv\u00f3 la obra de autopista \u201cPaso Urbano por Bah\u00eda Blanca\u201d - Noticias Radio Reflejos<\/title>\n<meta name=\"robots\" content=\"index, follow, max-snippet:-1, max-image-preview:large, max-video-preview:-1\" \/>\n<link rel=\"canonical\" href=\"https:\/\/www.noticiasradioreflejos.com.ar\/2021\/se-reactivo-la-obra-de-autopista-paso-urbano-por-bahia-blanca\/\" \/>\n<meta property=\"og:locale\" content=\"es_ES\" \/>\n<meta property=\"og:type\" content=\"article\" \/>\n<meta property=\"og:title\" content=\"Se reactiv\u00f3 la obra de autopista \u201cPaso Urbano por Bah\u00eda Blanca\u201d - Noticias Radio Reflejos\" \/>\n<meta property=\"og:description\" content=\"El proyecto se encontraba detenido desde diciembre de 2019 y es de gran importancia para mejorar las condiciones de circulaci\u00f3n y la integraci\u00f3n regional.\" \/>\n<meta property=\"og:url\" content=\"https:\/\/www.noticiasradioreflejos.com.ar\/2021\/se-reactivo-la-obra-de-autopista-paso-urbano-por-bahia-blanca\/\" \/>\n<meta property=\"og:site_name\" content=\"Noticias Radio Reflejos\" \/>\n<meta property=\"article:published_time\" content=\"2021-01-25T10:34:38+00:00\" \/>\n<meta property=\"og:image\" content=\"https:\/\/www.noticiasradioreflejos.com.ar\/2021\/wp-content\/uploads\/2021\/07\/logosol300x200.png\" \/>\n\t<meta property=\"og:image:width\" content=\"300\" \/>\n\t<meta property=\"og:image:height\" content=\"200\" \/>\n\t<meta property=\"og:image:type\" content=\"image\/png\" \/>\n<meta name=\"author\" content=\"Arnaldo Botto\" \/>\n<meta name=\"twitter:card\" content=\"summary_large_image\" \/>\n<script type=\"application\/ld+json\" class=\"yoast-schema-graph\">{\"@context\":\"https:\/\/schema.org\",\"@graph\":[{\"@type\":\"WebPage\",\"@id\":\"https:\/\/www.noticiasradioreflejos.com.ar\/2021\/se-reactivo-la-obra-de-autopista-paso-urbano-por-bahia-blanca\/\",\"url\":\"https:\/\/www.noticiasradioreflejos.com.ar\/2021\/se-reactivo-la-obra-de-autopista-paso-urbano-por-bahia-blanca\/\",\"name\":\"Se reactiv\u00f3 la obra de autopista \u201cPaso Urbano por Bah\u00eda Blanca\u201d - Noticias Radio Reflejos\",\"isPartOf\":{\"@id\":\"https:\/\/www.noticiasradioreflejos.com.ar\/2021\/#website\"},\"primaryImageOfPage\":{\"@id\":\"https:\/\/www.noticiasradioreflejos.com.ar\/2021\/se-reactivo-la-obra-de-autopista-paso-urbano-por-bahia-blanca\/#primaryimage\"},\"image\":{\"@id\":\"https:\/\/www.noticiasradioreflejos.com.ar\/2021\/se-reactivo-la-obra-de-autopista-paso-urbano-por-bahia-blanca\/#primaryimage\"},\"thumbnailUrl\":\"\",\"datePublished\":\"2021-01-25T10:34:38+00:00\",\"author\":{\"@id\":\"https:\/\/www.noticiasradioreflejos.com.ar\/2021\/#\/schema\/person\/ad82545263dcc5ec0996818884fd5fb1\"},\"breadcrumb\":{\"@id\":\"https:\/\/www.noticiasradioreflejos.com.ar\/2021\/se-reactivo-la-obra-de-autopista-paso-urbano-por-bahia-blanca\/#breadcrumb\"},\"inLanguage\":\"es\",\"potentialAction\":[{\"@type\":\"ReadAction\",\"target\":[\"https:\/\/www.noticiasradioreflejos.com.ar\/2021\/se-reactivo-la-obra-de-autopista-paso-urbano-por-bahia-blanca\/\"]}]},{\"@type\":\"ImageObject\",\"inLanguage\":\"es\",\"@id\":\"https:\/\/www.noticiasradioreflejos.com.ar\/2021\/se-reactivo-la-obra-de-autopista-paso-urbano-por-bahia-blanca\/#primaryimage\",\"url\":\"\",\"contentUrl\":\"\"},{\"@type\":\"BreadcrumbList\",\"@id\":\"https:\/\/www.noticiasradioreflejos.com.ar\/2021\/se-reactivo-la-obra-de-autopista-paso-urbano-por-bahia-blanca\/#breadcrumb\",\"itemListElement\":[{\"@type\":\"ListItem\",\"position\":1,\"name\":\"Portada\",\"item\":\"https:\/\/www.noticiasradioreflejos.com.ar\/2021\/\"},{\"@type\":\"ListItem\",\"position\":2,\"name\":\"Se reactiv\u00f3 la obra de autopista \u201cPaso Urbano por Bah\u00eda Blanca\u201d\"}]},{\"@type\":\"WebSite\",\"@id\":\"https:\/\/www.noticiasradioreflejos.com.ar\/2021\/#website\",\"url\":\"https:\/\/www.noticiasradioreflejos.com.ar\/2021\/\",\"name\":\"Noticias Radio Reflejos\",\"description\":\"Las noticias de mi comarca\",\"potentialAction\":[{\"@type\":\"SearchAction\",\"target\":{\"@type\":\"EntryPoint\",\"urlTemplate\":\"https:\/\/www.noticiasradioreflejos.com.ar\/2021\/?s={search_term_string}\"},\"query-input\":{\"@type\":\"PropertyValueSpecification\",\"valueRequired\":true,\"valueName\":\"search_term_string\"}}],\"inLanguage\":\"es\"},{\"@type\":\"Person\",\"@id\":\"https:\/\/www.noticiasradioreflejos.com.ar\/2021\/#\/schema\/person\/ad82545263dcc5ec0996818884fd5fb1\",\"name\":\"Arnaldo Botto\",\"image\":{\"@type\":\"ImageObject\",\"inLanguage\":\"es\",\"@id\":\"https:\/\/www.noticiasradioreflejos.com.ar\/2021\/#\/schema\/person\/image\/\",\"url\":\"https:\/\/secure.gravatar.com\/avatar\/55cb5e37c1efa326397366e6974cb338056df65cb50e7d64d1cf314e87504837?s=96&d=mm&r=g\",\"contentUrl\":\"https:\/\/secure.gravatar.com\/avatar\/55cb5e37c1efa326397366e6974cb338056df65cb50e7d64d1cf314e87504837?s=96&d=mm&r=g\",\"caption\":\"Arnaldo Botto\"},\"url\":\"https:\/\/www.noticiasradioreflejos.com.ar\/2021\/author\/arnaldo\/\"}]}<\/script>\n<!-- \/ Yoast SEO plugin. -->","yoast_head_json":{"title":"Se reactiv\u00f3 la obra de autopista \u201cPaso Urbano por Bah\u00eda Blanca\u201d - Noticias Radio Reflejos","robots":{"index":"index","follow":"follow","max-snippet":"max-snippet:-1","max-image-preview":"max-image-preview:large","max-video-preview":"max-video-preview:-1"},"canonical":"https:\/\/www.noticiasradioreflejos.com.ar\/2021\/se-reactivo-la-obra-de-autopista-paso-urbano-por-bahia-blanca\/","og_locale":"es_ES","og_type":"article","og_title":"Se reactiv\u00f3 la obra de autopista \u201cPaso Urbano por Bah\u00eda Blanca\u201d - Noticias Radio Reflejos","og_description":"El proyecto se encontraba detenido desde diciembre de 2019 y es de gran importancia para mejorar las condiciones de circulaci\u00f3n y la integraci\u00f3n regional.","og_url":"https:\/\/www.noticiasradioreflejos.com.ar\/2021\/se-reactivo-la-obra-de-autopista-paso-urbano-por-bahia-blanca\/","og_site_name":"Noticias Radio Reflejos","article_published_time":"2021-01-25T10:34:38+00:00","og_image":[{"width":300,"height":200,"url":"https:\/\/www.noticiasradioreflejos.com.ar\/2021\/wp-content\/uploads\/2021\/07\/logosol300x200.png","type":"image\/png"}],"author":"Arnaldo Botto","twitter_card":"summary_large_image","schema":{"@context":"https:\/\/schema.org","@graph":[{"@type":"WebPage","@id":"https:\/\/www.noticiasradioreflejos.com.ar\/2021\/se-reactivo-la-obra-de-autopista-paso-urbano-por-bahia-blanca\/","url":"https:\/\/www.noticiasradioreflejos.com.ar\/2021\/se-reactivo-la-obra-de-autopista-paso-urbano-por-bahia-blanca\/","name":"Se reactiv\u00f3 la obra de autopista \u201cPaso Urbano por Bah\u00eda Blanca\u201d - Noticias Radio Reflejos","isPartOf":{"@id":"https:\/\/www.noticiasradioreflejos.com.ar\/2021\/#website"},"primaryImageOfPage":{"@id":"https:\/\/www.noticiasradioreflejos.com.ar\/2021\/se-reactivo-la-obra-de-autopista-paso-urbano-por-bahia-blanca\/#primaryimage"},"image":{"@id":"https:\/\/www.noticiasradioreflejos.com.ar\/2021\/se-reactivo-la-obra-de-autopista-paso-urbano-por-bahia-blanca\/#primaryimage"},"thumbnailUrl":"","datePublished":"2021-01-25T10:34:38+00:00","author":{"@id":"https:\/\/www.noticiasradioreflejos.com.ar\/2021\/#\/schema\/person\/ad82545263dcc5ec0996818884fd5fb1"},"breadcrumb":{"@id":"https:\/\/www.noticiasradioreflejos.com.ar\/2021\/se-reactivo-la-obra-de-autopista-paso-urbano-por-bahia-blanca\/#breadcrumb"},"inLanguage":"es","potentialAction":[{"@type":"ReadAction","target":["https:\/\/www.noticiasradioreflejos.com.ar\/2021\/se-reactivo-la-obra-de-autopista-paso-urbano-por-bahia-blanca\/"]}]},{"@type":"ImageObject","inLanguage":"es","@id":"https:\/\/www.noticiasradioreflejos.com.ar\/2021\/se-reactivo-la-obra-de-autopista-paso-urbano-por-bahia-blanca\/#primaryimage","url":"","contentUrl":""},{"@type":"BreadcrumbList","@id":"https:\/\/www.noticiasradioreflejos.com.ar\/2021\/se-reactivo-la-obra-de-autopista-paso-urbano-por-bahia-blanca\/#breadcrumb","itemListElement":[{"@type":"ListItem","position":1,"name":"Portada","item":"https:\/\/www.noticiasradioreflejos.com.ar\/2021\/"},{"@type":"ListItem","position":2,"name":"Se reactiv\u00f3 la obra de autopista \u201cPaso Urbano por Bah\u00eda Blanca\u201d"}]},{"@type":"WebSite","@id":"https:\/\/www.noticiasradioreflejos.com.ar\/2021\/#website","url":"https:\/\/www.noticiasradioreflejos.com.ar\/2021\/","name":"Noticias Radio Reflejos","description":"Las noticias de mi comarca","potentialAction":[{"@type":"SearchAction","target":{"@type":"EntryPoint","urlTemplate":"https:\/\/www.noticiasradioreflejos.com.ar\/2021\/?s={search_term_string}"},"query-input":{"@type":"PropertyValueSpecification","valueRequired":true,"valueName":"search_term_string"}}],"inLanguage":"es"},{"@type":"Person","@id":"https:\/\/www.noticiasradioreflejos.com.ar\/2021\/#\/schema\/person\/ad82545263dcc5ec0996818884fd5fb1","name":"Arnaldo Botto","image":{"@type":"ImageObject","inLanguage":"es","@id":"https:\/\/www.noticiasradioreflejos.com.ar\/2021\/#\/schema\/person\/image\/","url":"https:\/\/secure.gravatar.com\/avatar\/55cb5e37c1efa326397366e6974cb338056df65cb50e7d64d1cf314e87504837?s=96&d=mm&r=g","contentUrl":"https:\/\/secure.gravatar.com\/avatar\/55cb5e37c1efa326397366e6974cb338056df65cb50e7d64d1cf314e87504837?s=96&d=mm&r=g","caption":"Arnaldo Botto"},"url":"https:\/\/www.noticiasradioreflejos.com.ar\/2021\/author\/arnaldo\/"}]}},"_links":{"self":[{"href":"https:\/\/www.noticiasradioreflejos.com.ar\/2021\/wp-json\/wp\/v2\/posts\/51609","targetHints":{"allow":["GET"]}}],"collection":[{"href":"https:\/\/www.noticiasradioreflejos.com.ar\/2021\/wp-json\/wp\/v2\/posts"}],"about":[{"href":"https:\/\/www.noticiasradioreflejos.com.ar\/2021\/wp-json\/wp\/v2\/types\/post"}],"author":[{"embeddable":true,"href":"https:\/\/www.noticiasradioreflejos.com.ar\/2021\/wp-json\/wp\/v2\/users\/3"}],"replies":[{"embeddable":true,"href":"https:\/\/www.noticiasradioreflejos.com.ar\/2021\/wp-json\/wp\/v2\/comments?post=51609"}],"version-history":[{"count":0,"href":"https:\/\/www.noticiasradioreflejos.com.ar\/2021\/wp-json\/wp\/v2\/posts\/51609\/revisions"}],"wp:featuredmedia":[{"embeddable":true,"href":"https:\/\/www.noticiasradioreflejos.com.ar\/2021\/wp-json\/"}],"wp:attachment":[{"href":"https:\/\/www.noticiasradioreflejos.com.ar\/2021\/wp-json\/wp\/v2\/media?parent=51609"}],"wp:term":[{"taxonomy":"category","embeddable":true,"href":"https:\/\/www.noticiasradioreflejos.com.ar\/2021\/wp-json\/wp\/v2\/categories?post=51609"},{"taxonomy":"post_tag","embeddable":true,"href":"https:\/\/www.noticiasradioreflejos.com.ar\/2021\/wp-json\/wp\/v2\/tags?post=51609"}],"curies":[{"name":"wp","href":"https:\/\/api.w.org\/{rel}","templated":true}]}}