{"id":51606,"date":"2021-01-25T07:26:55","date_gmt":"2021-01-25T10:26:55","guid":{"rendered":"http:\/\/www.noticiasradioreflejos.com.ar\/noticias\/?p=51606"},"modified":"2021-01-25T07:26:55","modified_gmt":"2021-01-25T10:26:55","slug":"la-vida-de-laura-vicuna-me-alento-a-hacer-mi-propia-resiliencia-padre-adrian-martinez","status":"publish","type":"post","link":"https:\/\/www.noticiasradioreflejos.com.ar\/2021\/la-vida-de-laura-vicuna-me-alento-a-hacer-mi-propia-resiliencia-padre-adrian-martinez\/","title":{"rendered":"\u201cLa vida de Laura Vicu\u00f1a me alent\u00f3 a hacer mi propia resiliencia\u201d &#8211; padre Adri\u00e1n Mart\u00ednez."},"content":{"rendered":"<p>En el micro Tiempo Educativo durante el programa Un Mate y Un Caf\u00e9, entrevistamos al sacerdote Adri\u00e1n Mart\u00ednez, qui\u00e9n fuera p\u00e1rroco de nuestra comarca serrana y ahora se desempe\u00f1a como responsable de la parroquia San Jos\u00e9 del barrio de Villa Mitre y de la parroquia San Miguel Arc\u00e1ngel de la localidad de General Cerri.<!--more--><\/p>\n<p>El motivo de la nota fue actualizar y ponernos m\u00e1s cerca la figura de Laura del Carmen Vicu\u00f1a Pino, (Santiago de Chile 5\/4\/1891 \u2013 Jun\u00edn de los Andes 22\/01\/1904), quien fuera protagonista de nuestro juego semanal en el cual sorteamos dos libros entre quienes aciertan la consigna. Adri\u00e1n comenz\u00f3 diciendo que era un gusto saludar a la audiencia y un gusto hacerlo para compartir la persona de Laura vicu\u00f1a y de la manera como ella afront\u00f3 su vida.<br \/>\n<a title=\"WhatsApp Image 2021-01-22 at 07.06.57 (3)\" href=\"http:\/\/live.staticflickr.com\/65535\/50873627601_fa42fbf6b5_s.jpg\" rel=\"\"><img loading=\"lazy\" decoding=\"async\" class=\"aligncenter\" title=\"WhatsApp Image 2021-01-22 at 07.06.57 (3)\" src=\"http:\/\/live.staticflickr.com\/65535\/50873627601_fa42fbf6b5_z.jpg\" alt=\"WhatsApp Image 2021-01-22 at 07.06.57 (3)\" width=\"369\" height=\"613\" \/><\/a><br \/>\nExpresa de una forma personal y cercana que, \u201clo que m\u00e1s me impact\u00f3 fue la capacidad de resiliencia de Laura, ella vive una historia muy com\u00fan, como much\u00edsima gente y le encuentra la vuelta para sobreponerse a algunas circunstancias que no las puede modificar, pero que la ayudan a vivir con sentido y disfrutar de la vida; vida que fue muy breve porque como la vida de muchas migrantes empobrecidas muere de una de las pandemia que asol\u00f3 estas tierras mucho tiempo como lo fue la tuberculosis.<br \/>\n\u201cAntes de enfermarse ella le encuentra el sentido a una vida muy dura y eso me alent\u00f3 a hacer mi propia resiliencia.\u201d<br \/>\nPara actualizar el mensaje de la vida de la Beata Laura Vicu\u00f1a para los\/as j\u00f3venes de hoy, el Padre Adri\u00e1n, cree que \u201cLaura descubre dos secretos sin ning\u00fan camino complicado, se encuentra en Jun\u00edn de los Andes, con una comunidad cristiana con todas sus luces y sombras no era un grupo de gente maravillosa como pasa en casi todos lados, y ella descubre como dos claves: una cosa muy t\u00edpica de los curas y las monjas de Don Bosco como lo es la alegr\u00eda, la otra disfrutar de las cosas que el d\u00eda me presenta y que me hace gozarlo las cosas sencillas\u201d.<\/p>\n<p><a title=\"WhatsApp Image 2021-01-22 at 07.06.57\" href=\"http:\/\/live.staticflickr.com\/65535\/50873627491_46b9f0790d_s.jpg\" rel=\"\"><img loading=\"lazy\" decoding=\"async\" class=\"alignleft\" style=\"float: left;\" title=\"WhatsApp Image 2021-01-22 at 07.06.57\" src=\"http:\/\/live.staticflickr.com\/65535\/50873627491_46b9f0790d.jpg\" alt=\"WhatsApp Image 2021-01-22 at 07.06.57\" width=\"375\" height=\"500\" \/><\/a>Agrega que, \u201cEl otro secreto es que Laura descubre en Jes\u00fas y en los cristianos un lugar donde ella se pudo centrar en hacer que el otro la pase bien. As\u00ed ella se centr\u00f3 en que sus compa\u00f1eras estuvieran bien, en que no deban hacer los trabajos feos. Es decir en s\u00edntesis, la alegr\u00eda y que el otro est\u00e9 bien.\u201d<br \/>\nAdem\u00e1s, \u201cLaura fue una ni\u00f1a que sufri\u00f3 violencia de g\u00e9nero y violencia familiar, y se sobrepuso con estas dos herramientas que pudo encontrar en el contacto con el colegio cristiano.<br \/>\nPara dar contenido al evocar a Laura Vicu\u00f1a como protectora de la familia Adri\u00e1n relata pasajes centrales de su vida familiar, con sus luces y sus sombras, donde se puede apreciar claramente las adversidades durante la ni\u00f1ez y la adolescencia de Laura \u2013con episodios de mucha actualidad-, y en estos contextos la joven descubre que esto no es todo, que la vida vale la pena disfrutarla, y que hay otras cosas que vale la pena gozarlas y compartirlas. Se va encari\u00f1ando con las compa\u00f1eras y hermanas religiosas del colegio. Laura descubre la grandeza del cuidado al otro\/a.<br \/>\nLa vida de Laura es a\u00fan hoy muy desconocida, y el padre Adri\u00e1n cree que se debe a, \u201cque es una ni\u00f1a, es pobre, viene de un lugar que hoy es un centro tur\u00edsticos muy conocido pero en aquel momento era un peque\u00f1o y empobrecido paraje rural en la cordillera. No es una persona que ha encontrado valoraci\u00f3n y relevancia reci\u00e9n ahora y muy lentamente. Como dir\u00eda Eduardo Galeano, es parte de los nadies de la historia, de la gente que pasa desapercibida en nuestra Patria y nuestra Patria Grande.\u201d<br \/>\nAgrega que \u201cfue una jovencita que fue una ni\u00f1a buena que supo valorarse que supo valorar a su madre, que le insisti\u00f3 mucho a su mama sobre que ella pod\u00eda tener una vida m\u00e1s digna, que no tuviera miedo en pasar hambre o que no les alcanzara, le expresaba que no ten\u00eda que quedarse a vivir con ese hombre que la maltrataba y no las respetaba; hab\u00eda que tomar una decisi\u00f3n para salir de esa encrucijada.\u201d<br \/>\nSobre su vida familiar el padre Adri\u00e1n finaliza diciendo que, \u201cIncluso cuando se mor\u00eda, Laura que hab\u00eda escuchado que Jes\u00fas hab\u00eda entregado la vida, le dice a su mama que no quiere morirse para si sola y que quiere que su muerte tenga alg\u00fan sentido y que le hab\u00eda dicho a Jes\u00fas que ella quer\u00eda morirse para que su madre tengas el coraje de tomar la decisi\u00f3n de salir de la situaci\u00f3n en la que est\u00e1 viviendo.\u201d<br \/>\n<a title=\"WhatsApp Image 2021-01-22 at 07.06.57 (1)\" href=\"http:\/\/live.staticflickr.com\/65535\/50873627531_0e84ce5437_s.jpg\" rel=\"\"><img loading=\"lazy\" decoding=\"async\" class=\"alignleft\" style=\"float: left;\" title=\"WhatsApp Image 2021-01-22 at 07.06.57 (1)\" src=\"http:\/\/live.staticflickr.com\/65535\/50873627531_0e84ce5437_w.jpg\" alt=\"WhatsApp Image 2021-01-22 at 07.06.57 (1)\" width=\"225\" height=\"400\" \/><\/a>Por \u00faltimo nos cuenta que luego de ser sepultada en San Martin de los Andes y ante peligro de inundaciones las hermanas de Mar\u00eda Auxiliadora, traen sus restos que est\u00e1n en una urna en el templo del colegio Mar\u00eda Auxiliadora de Bah\u00eda Blanca.<br \/>\nAl respecto de la actual pandemia nos dice claramente que con sensatez y apertura de coraz\u00f3n esta pandemia nos va ayudar a ser mejores y que ni bien tengamos oportunidad nos vacunemos porque como expres\u00f3 el Papa Francisco, vacunarse es una cuesti\u00f3n \u00e9tica, lo tengo que hacer por mi vecino por el bien del otro, no le puedo negar el derecho a vivir sanos que tiene el otro. La Pandemia creo que nos ayudo a recuperar la idea de que puedo ciudarte y que necesito que me cuides.<br \/>\nAprovechamos a conversar sobre el Papa Francisco, sobre su decisi\u00f3n de ser sacerdote y nos deja un mensaje para toda nuestra comarca que como siempre nos deja mucha ense\u00f1anza e invita a la reflexi\u00f3n con raz\u00f3n y coraz\u00f3n.<\/p>\n<p><strong>Invitamos a escuchar toda la nota<\/strong><\/p>\n<p><iframe loading=\"lazy\" src=\"https:\/\/w.soundcloud.com\/player\/?url=https%3A\/\/api.soundcloud.com\/tracks\/970603126&amp;color=%23ff5500&amp;auto_play=false&amp;hide_related=false&amp;show_comments=true&amp;show_user=true&amp;show_reposts=false&amp;show_teaser=true\" width=\"100%\" height=\"166\" frameborder=\"no\" scrolling=\"no\"><\/iframe><\/p>\n<div style=\"font-size: 10px; color: #cccccc; line-break: anywhere; word-break: normal; overflow: hidden; white-space: nowrap; text-overflow: ellipsis; font-family: Interstate,Lucida Grande,Lucida Sans Unicode,Lucida Sans,Garuda,Verdana,Tahoma,sans-serif; font-weight: 100;\"><a style=\"color: #cccccc; text-decoration: none;\" title=\"fmreflejos 103.7\" href=\"https:\/\/soundcloud.com\/fmreflejos-103-7\" target=\"_blank\" rel=\"noopener\">fmreflejos 103.7<\/a> \u00b7 <a style=\"color: #cccccc; text-decoration: none;\" title=\"NOTA SACERDOTE ADRIAN MARTINEZ\" href=\"https:\/\/soundcloud.com\/fmreflejos-103-7\/nota-sacerdote-adrian-martinez\" target=\"_blank\" rel=\"noopener\">NOTA SACERDOTE ADRIAN MARTINEZ<\/a><\/div>\n","protected":false},"excerpt":{"rendered":"<p>En el micro Tiempo Educativo durante el programa Un Mate y Un Caf\u00e9, entrevistamos al sacerdote Adri\u00e1n Mart\u00ednez, qui\u00e9n fuera p\u00e1rroco de nuestra comarca serrana y ahora se desempe\u00f1a como responsable de la parroquia San Jos\u00e9 del barrio de Villa Mitre y de la parroquia San Miguel Arc\u00e1ngel de la localidad de General Cerri.<\/p>\n","protected":false},"author":3,"featured_media":51607,"comment_status":"closed","ping_status":"open","sticky":false,"template":"","format":"standard","meta":{"footnotes":""},"categories":[35,34,26],"tags":[],"class_list":["post-51606","post","type-post","status-publish","format-standard","has-post-thumbnail","hentry","category-cultura","category-educacion","category-sociedad"],"yoast_head":"<!-- This site is optimized with the Yoast SEO plugin v25.9 - https:\/\/yoast.com\/wordpress\/plugins\/seo\/ -->\n<title>\u201cLa vida de Laura Vicu\u00f1a me alent\u00f3 a hacer mi propia resiliencia\u201d - padre Adri\u00e1n Mart\u00ednez. - Noticias Radio Reflejos<\/title>\n<meta name=\"robots\" content=\"index, follow, max-snippet:-1, max-image-preview:large, max-video-preview:-1\" \/>\n<link rel=\"canonical\" href=\"https:\/\/www.noticiasradioreflejos.com.ar\/2021\/la-vida-de-laura-vicuna-me-alento-a-hacer-mi-propia-resiliencia-padre-adrian-martinez\/\" \/>\n<meta property=\"og:locale\" content=\"es_ES\" \/>\n<meta property=\"og:type\" content=\"article\" \/>\n<meta property=\"og:title\" content=\"\u201cLa vida de Laura Vicu\u00f1a me alent\u00f3 a hacer mi propia resiliencia\u201d - padre Adri\u00e1n Mart\u00ednez. - Noticias Radio Reflejos\" \/>\n<meta property=\"og:description\" content=\"En el micro Tiempo Educativo durante el programa Un Mate y Un Caf\u00e9, entrevistamos al sacerdote Adri\u00e1n Mart\u00ednez, qui\u00e9n fuera p\u00e1rroco de nuestra comarca serrana y ahora se desempe\u00f1a como responsable de la parroquia San Jos\u00e9 del barrio de Villa Mitre y de la parroquia San Miguel Arc\u00e1ngel de la localidad de General Cerri.\" \/>\n<meta property=\"og:url\" content=\"https:\/\/www.noticiasradioreflejos.com.ar\/2021\/la-vida-de-laura-vicuna-me-alento-a-hacer-mi-propia-resiliencia-padre-adrian-martinez\/\" \/>\n<meta property=\"og:site_name\" content=\"Noticias Radio Reflejos\" \/>\n<meta property=\"article:published_time\" content=\"2021-01-25T10:26:55+00:00\" \/>\n<meta property=\"og:image\" content=\"https:\/\/www.noticiasradioreflejos.com.ar\/2021\/wp-content\/uploads\/2021\/07\/logosol300x200.png\" \/>\n\t<meta property=\"og:image:width\" content=\"300\" \/>\n\t<meta property=\"og:image:height\" content=\"200\" \/>\n\t<meta property=\"og:image:type\" content=\"image\/png\" \/>\n<meta name=\"author\" content=\"Arnaldo Botto\" \/>\n<meta name=\"twitter:card\" content=\"summary_large_image\" \/>\n<script type=\"application\/ld+json\" class=\"yoast-schema-graph\">{\"@context\":\"https:\/\/schema.org\",\"@graph\":[{\"@type\":\"WebPage\",\"@id\":\"https:\/\/www.noticiasradioreflejos.com.ar\/2021\/la-vida-de-laura-vicuna-me-alento-a-hacer-mi-propia-resiliencia-padre-adrian-martinez\/\",\"url\":\"https:\/\/www.noticiasradioreflejos.com.ar\/2021\/la-vida-de-laura-vicuna-me-alento-a-hacer-mi-propia-resiliencia-padre-adrian-martinez\/\",\"name\":\"\u201cLa vida de Laura Vicu\u00f1a me alent\u00f3 a hacer mi propia resiliencia\u201d - padre Adri\u00e1n Mart\u00ednez. - Noticias Radio Reflejos\",\"isPartOf\":{\"@id\":\"https:\/\/www.noticiasradioreflejos.com.ar\/2021\/#website\"},\"primaryImageOfPage\":{\"@id\":\"https:\/\/www.noticiasradioreflejos.com.ar\/2021\/la-vida-de-laura-vicuna-me-alento-a-hacer-mi-propia-resiliencia-padre-adrian-martinez\/#primaryimage\"},\"image\":{\"@id\":\"https:\/\/www.noticiasradioreflejos.com.ar\/2021\/la-vida-de-laura-vicuna-me-alento-a-hacer-mi-propia-resiliencia-padre-adrian-martinez\/#primaryimage\"},\"thumbnailUrl\":\"\",\"datePublished\":\"2021-01-25T10:26:55+00:00\",\"author\":{\"@id\":\"https:\/\/www.noticiasradioreflejos.com.ar\/2021\/#\/schema\/person\/ad82545263dcc5ec0996818884fd5fb1\"},\"breadcrumb\":{\"@id\":\"https:\/\/www.noticiasradioreflejos.com.ar\/2021\/la-vida-de-laura-vicuna-me-alento-a-hacer-mi-propia-resiliencia-padre-adrian-martinez\/#breadcrumb\"},\"inLanguage\":\"es\",\"potentialAction\":[{\"@type\":\"ReadAction\",\"target\":[\"https:\/\/www.noticiasradioreflejos.com.ar\/2021\/la-vida-de-laura-vicuna-me-alento-a-hacer-mi-propia-resiliencia-padre-adrian-martinez\/\"]}]},{\"@type\":\"ImageObject\",\"inLanguage\":\"es\",\"@id\":\"https:\/\/www.noticiasradioreflejos.com.ar\/2021\/la-vida-de-laura-vicuna-me-alento-a-hacer-mi-propia-resiliencia-padre-adrian-martinez\/#primaryimage\",\"url\":\"\",\"contentUrl\":\"\"},{\"@type\":\"BreadcrumbList\",\"@id\":\"https:\/\/www.noticiasradioreflejos.com.ar\/2021\/la-vida-de-laura-vicuna-me-alento-a-hacer-mi-propia-resiliencia-padre-adrian-martinez\/#breadcrumb\",\"itemListElement\":[{\"@type\":\"ListItem\",\"position\":1,\"name\":\"Portada\",\"item\":\"https:\/\/www.noticiasradioreflejos.com.ar\/2021\/\"},{\"@type\":\"ListItem\",\"position\":2,\"name\":\"\u201cLa vida de Laura Vicu\u00f1a me alent\u00f3 a hacer mi propia resiliencia\u201d &#8211; padre Adri\u00e1n Mart\u00ednez.\"}]},{\"@type\":\"WebSite\",\"@id\":\"https:\/\/www.noticiasradioreflejos.com.ar\/2021\/#website\",\"url\":\"https:\/\/www.noticiasradioreflejos.com.ar\/2021\/\",\"name\":\"Noticias Radio Reflejos\",\"description\":\"Las noticias de mi comarca\",\"potentialAction\":[{\"@type\":\"SearchAction\",\"target\":{\"@type\":\"EntryPoint\",\"urlTemplate\":\"https:\/\/www.noticiasradioreflejos.com.ar\/2021\/?s={search_term_string}\"},\"query-input\":{\"@type\":\"PropertyValueSpecification\",\"valueRequired\":true,\"valueName\":\"search_term_string\"}}],\"inLanguage\":\"es\"},{\"@type\":\"Person\",\"@id\":\"https:\/\/www.noticiasradioreflejos.com.ar\/2021\/#\/schema\/person\/ad82545263dcc5ec0996818884fd5fb1\",\"name\":\"Arnaldo Botto\",\"image\":{\"@type\":\"ImageObject\",\"inLanguage\":\"es\",\"@id\":\"https:\/\/www.noticiasradioreflejos.com.ar\/2021\/#\/schema\/person\/image\/\",\"url\":\"https:\/\/secure.gravatar.com\/avatar\/55cb5e37c1efa326397366e6974cb338056df65cb50e7d64d1cf314e87504837?s=96&d=mm&r=g\",\"contentUrl\":\"https:\/\/secure.gravatar.com\/avatar\/55cb5e37c1efa326397366e6974cb338056df65cb50e7d64d1cf314e87504837?s=96&d=mm&r=g\",\"caption\":\"Arnaldo Botto\"},\"url\":\"https:\/\/www.noticiasradioreflejos.com.ar\/2021\/author\/arnaldo\/\"}]}<\/script>\n<!-- \/ Yoast SEO plugin. -->","yoast_head_json":{"title":"\u201cLa vida de Laura Vicu\u00f1a me alent\u00f3 a hacer mi propia resiliencia\u201d - padre Adri\u00e1n Mart\u00ednez. - Noticias Radio Reflejos","robots":{"index":"index","follow":"follow","max-snippet":"max-snippet:-1","max-image-preview":"max-image-preview:large","max-video-preview":"max-video-preview:-1"},"canonical":"https:\/\/www.noticiasradioreflejos.com.ar\/2021\/la-vida-de-laura-vicuna-me-alento-a-hacer-mi-propia-resiliencia-padre-adrian-martinez\/","og_locale":"es_ES","og_type":"article","og_title":"\u201cLa vida de Laura Vicu\u00f1a me alent\u00f3 a hacer mi propia resiliencia\u201d - padre Adri\u00e1n Mart\u00ednez. - Noticias Radio Reflejos","og_description":"En el micro Tiempo Educativo durante el programa Un Mate y Un Caf\u00e9, entrevistamos al sacerdote Adri\u00e1n Mart\u00ednez, qui\u00e9n fuera p\u00e1rroco de nuestra comarca serrana y ahora se desempe\u00f1a como responsable de la parroquia San Jos\u00e9 del barrio de Villa Mitre y de la parroquia San Miguel Arc\u00e1ngel de la localidad de General Cerri.","og_url":"https:\/\/www.noticiasradioreflejos.com.ar\/2021\/la-vida-de-laura-vicuna-me-alento-a-hacer-mi-propia-resiliencia-padre-adrian-martinez\/","og_site_name":"Noticias Radio Reflejos","article_published_time":"2021-01-25T10:26:55+00:00","og_image":[{"width":300,"height":200,"url":"https:\/\/www.noticiasradioreflejos.com.ar\/2021\/wp-content\/uploads\/2021\/07\/logosol300x200.png","type":"image\/png"}],"author":"Arnaldo Botto","twitter_card":"summary_large_image","schema":{"@context":"https:\/\/schema.org","@graph":[{"@type":"WebPage","@id":"https:\/\/www.noticiasradioreflejos.com.ar\/2021\/la-vida-de-laura-vicuna-me-alento-a-hacer-mi-propia-resiliencia-padre-adrian-martinez\/","url":"https:\/\/www.noticiasradioreflejos.com.ar\/2021\/la-vida-de-laura-vicuna-me-alento-a-hacer-mi-propia-resiliencia-padre-adrian-martinez\/","name":"\u201cLa vida de Laura Vicu\u00f1a me alent\u00f3 a hacer mi propia resiliencia\u201d - padre Adri\u00e1n Mart\u00ednez. - Noticias Radio Reflejos","isPartOf":{"@id":"https:\/\/www.noticiasradioreflejos.com.ar\/2021\/#website"},"primaryImageOfPage":{"@id":"https:\/\/www.noticiasradioreflejos.com.ar\/2021\/la-vida-de-laura-vicuna-me-alento-a-hacer-mi-propia-resiliencia-padre-adrian-martinez\/#primaryimage"},"image":{"@id":"https:\/\/www.noticiasradioreflejos.com.ar\/2021\/la-vida-de-laura-vicuna-me-alento-a-hacer-mi-propia-resiliencia-padre-adrian-martinez\/#primaryimage"},"thumbnailUrl":"","datePublished":"2021-01-25T10:26:55+00:00","author":{"@id":"https:\/\/www.noticiasradioreflejos.com.ar\/2021\/#\/schema\/person\/ad82545263dcc5ec0996818884fd5fb1"},"breadcrumb":{"@id":"https:\/\/www.noticiasradioreflejos.com.ar\/2021\/la-vida-de-laura-vicuna-me-alento-a-hacer-mi-propia-resiliencia-padre-adrian-martinez\/#breadcrumb"},"inLanguage":"es","potentialAction":[{"@type":"ReadAction","target":["https:\/\/www.noticiasradioreflejos.com.ar\/2021\/la-vida-de-laura-vicuna-me-alento-a-hacer-mi-propia-resiliencia-padre-adrian-martinez\/"]}]},{"@type":"ImageObject","inLanguage":"es","@id":"https:\/\/www.noticiasradioreflejos.com.ar\/2021\/la-vida-de-laura-vicuna-me-alento-a-hacer-mi-propia-resiliencia-padre-adrian-martinez\/#primaryimage","url":"","contentUrl":""},{"@type":"BreadcrumbList","@id":"https:\/\/www.noticiasradioreflejos.com.ar\/2021\/la-vida-de-laura-vicuna-me-alento-a-hacer-mi-propia-resiliencia-padre-adrian-martinez\/#breadcrumb","itemListElement":[{"@type":"ListItem","position":1,"name":"Portada","item":"https:\/\/www.noticiasradioreflejos.com.ar\/2021\/"},{"@type":"ListItem","position":2,"name":"\u201cLa vida de Laura Vicu\u00f1a me alent\u00f3 a hacer mi propia resiliencia\u201d &#8211; padre Adri\u00e1n Mart\u00ednez."}]},{"@type":"WebSite","@id":"https:\/\/www.noticiasradioreflejos.com.ar\/2021\/#website","url":"https:\/\/www.noticiasradioreflejos.com.ar\/2021\/","name":"Noticias Radio Reflejos","description":"Las noticias de mi comarca","potentialAction":[{"@type":"SearchAction","target":{"@type":"EntryPoint","urlTemplate":"https:\/\/www.noticiasradioreflejos.com.ar\/2021\/?s={search_term_string}"},"query-input":{"@type":"PropertyValueSpecification","valueRequired":true,"valueName":"search_term_string"}}],"inLanguage":"es"},{"@type":"Person","@id":"https:\/\/www.noticiasradioreflejos.com.ar\/2021\/#\/schema\/person\/ad82545263dcc5ec0996818884fd5fb1","name":"Arnaldo Botto","image":{"@type":"ImageObject","inLanguage":"es","@id":"https:\/\/www.noticiasradioreflejos.com.ar\/2021\/#\/schema\/person\/image\/","url":"https:\/\/secure.gravatar.com\/avatar\/55cb5e37c1efa326397366e6974cb338056df65cb50e7d64d1cf314e87504837?s=96&d=mm&r=g","contentUrl":"https:\/\/secure.gravatar.com\/avatar\/55cb5e37c1efa326397366e6974cb338056df65cb50e7d64d1cf314e87504837?s=96&d=mm&r=g","caption":"Arnaldo Botto"},"url":"https:\/\/www.noticiasradioreflejos.com.ar\/2021\/author\/arnaldo\/"}]}},"_links":{"self":[{"href":"https:\/\/www.noticiasradioreflejos.com.ar\/2021\/wp-json\/wp\/v2\/posts\/51606","targetHints":{"allow":["GET"]}}],"collection":[{"href":"https:\/\/www.noticiasradioreflejos.com.ar\/2021\/wp-json\/wp\/v2\/posts"}],"about":[{"href":"https:\/\/www.noticiasradioreflejos.com.ar\/2021\/wp-json\/wp\/v2\/types\/post"}],"author":[{"embeddable":true,"href":"https:\/\/www.noticiasradioreflejos.com.ar\/2021\/wp-json\/wp\/v2\/users\/3"}],"replies":[{"embeddable":true,"href":"https:\/\/www.noticiasradioreflejos.com.ar\/2021\/wp-json\/wp\/v2\/comments?post=51606"}],"version-history":[{"count":0,"href":"https:\/\/www.noticiasradioreflejos.com.ar\/2021\/wp-json\/wp\/v2\/posts\/51606\/revisions"}],"wp:featuredmedia":[{"embeddable":true,"href":"https:\/\/www.noticiasradioreflejos.com.ar\/2021\/wp-json\/"}],"wp:attachment":[{"href":"https:\/\/www.noticiasradioreflejos.com.ar\/2021\/wp-json\/wp\/v2\/media?parent=51606"}],"wp:term":[{"taxonomy":"category","embeddable":true,"href":"https:\/\/www.noticiasradioreflejos.com.ar\/2021\/wp-json\/wp\/v2\/categories?post=51606"},{"taxonomy":"post_tag","embeddable":true,"href":"https:\/\/www.noticiasradioreflejos.com.ar\/2021\/wp-json\/wp\/v2\/tags?post=51606"}],"curies":[{"name":"wp","href":"https:\/\/api.w.org\/{rel}","templated":true}]}}