{"id":51603,"date":"2021-01-24T15:41:13","date_gmt":"2021-01-24T18:41:13","guid":{"rendered":"http:\/\/www.noticiasradioreflejos.com.ar\/noticias\/?p=51603"},"modified":"2021-01-24T15:41:13","modified_gmt":"2021-01-24T18:41:13","slug":"el-servicio-meteorologico-nacional-emitio-una-advertencia-nivel-violeta-por-altas-temperaturas","status":"publish","type":"post","link":"https:\/\/www.noticiasradioreflejos.com.ar\/2021\/el-servicio-meteorologico-nacional-emitio-una-advertencia-nivel-violeta-por-altas-temperaturas\/","title":{"rendered":"El Servicio Meteorol\u00f3gico Nacional emiti\u00f3 una advertencia nivel violeta por altas temperaturas"},"content":{"rendered":"<p>El Servicio Meteorol\u00f3gico Nacional (SMN) public\u00f3 esta ma\u00f1ana una advertencia en la franja central del territorio nacional por temperaturas m\u00e1ximas de hasta 40\u00b0C. Las recomendaciones del organismo para afrontar una ola de calor<!--more--><\/p>\n<p>El mapa del pa\u00eds en el nuevo sistema informativo del Servicio Meteorol\u00f3gico Nacional (SMN) tiene \u00e1reas te\u00f1idas de violeta. El resto est\u00e1 pintado de color verde: significa \u201ctranquilidad\u201d. El violeta es lo contrario, la \u201cadvertencia\u201d. En las zonas que se ti\u00f1en de este tono \u201cse esperan\u00a0<mark class=\"hl_yellow\">fen\u00f3menos que pueden presentar inconvenientes o dificultades en el normal desenvolvimiento de la vida social<\/mark>\u201d.<b>\u00a0En once provincias del centro del pa\u00eds, rige una \u201cadvertencia\u201d por las altas temperaturas.<\/b><\/p>\n<p class=\"paragraph\">El aviso tiene vigencia desde las seis de la ma\u00f1ana del domingo y se prev\u00e9 que contin\u00fae hasta la tarde del lunes. Comprende a\u00a0<b>la Ciudad y la Provincia de Buenos Aires, C\u00f3rdoba, Entre R\u00edos, La Pampa, La Rioja, Mendoza, Neuqu\u00e9n, R\u00edo Negro, San Luis, San Juan y Santa Fe<\/b>. No constituye una alerta, que toma como referencias a las lluvias, tormentas, nevadas o vientos fuertes, sino que supone una advertencia por fen\u00f3menos como altas o bajas temperaturas, niebla, polvo, humo o ceniza volc\u00e1nica.<br \/>\nEl organismo nacional espera que en el territorio porte\u00f1o y bonaerense se registre una\u00a0<b>temperatura m\u00e1xima que se ubiquen entre 34\u00b0C y 39\u00b0C<\/b>, mientras que las temperaturas m\u00ednimas oscilen entre los 22\u00b0C y 25\u00b0C. Y contempla que las condiciones meteorol\u00f3gicas se prolonguen, al menos, un d\u00eda m\u00e1s. El martes, el Servicio Meteorol\u00f3gico Nacional, pronostica tormentas aisladas.<\/p>\n<div class=\"Ad_1 | ad-wrapper display_flex align_items_center width_full justify_center\"><\/div>\n<div><\/div>\n<div><\/div>\n<p class=\"paragraph\">En casi toda la provincia de San Luis, el sur de La Rioja, el este de San Juan y Mendoza, las \u00e1reas afectadas por las altas temperaturas tienen como margen\u00a0<mark class=\"hl_yellow\">un 40\u00b0C de m\u00e1xima<\/mark>. El noreste de Neuqu\u00e9n y el norte de R\u00edo Negro presentan condiciones algo m\u00e1s ben\u00e9volas con par\u00e1metros meteorol\u00f3gicos de entre 36\u00b0C como m\u00e1xima y 19\u00b0C como m\u00ednima. En ambos casos, la advertencia violeta rige solo para el domingo.<\/p>\n<p class=\"paragraph\">Las recomendaciones frente a una ola de calor del SMN son varias. Para evitar sus efectos, recomienda aumentar el consumo de l\u00edquidos sin esperar a tener sed para mantener una hidrataci\u00f3n adecuada; no exponerse al sol en exceso, ni en horas centrales del d\u00eda (entre las 11 y las 17 horas); evitar las bebidas alcoh\u00f3licas o muy azucaradas; evitar comidas muy abundantes; ingerir verduras y frutas; reducir la actividad f\u00edsica; usar ropa ligera, holgada y de colores claros, sombrero, anteojos oscuros; permanecer en espacios ventilados o<br \/>\nAnte dolor de cabeza, v\u00e9rtigos, n\u00e1useas, confusi\u00f3n, convulsiones y p\u00e9rdida de conciencia, piel enrojecida, caliente y seca, respiraci\u00f3n y pulso d\u00e9bil, y elevada temperatura corporal (entre 41 y 42 grados cent\u00edgrados), el organismo aconseja: \u201cTrasladar al afectado a la sombra, a un lugar fresco y tranquilo. Hacer que mantenga la cabeza un poco alta. Intentar refrescarlo, moj\u00e1ndole la ropa, aplicarle hielo en la cabeza, darle de beber agua fresca o un poco salada, y solicitar ayuda m\u00e9dica\u201d.<\/p>\n","protected":false},"excerpt":{"rendered":"<p>El Servicio Meteorol\u00f3gico Nacional (SMN) public\u00f3 esta ma\u00f1ana una advertencia en la franja central del territorio nacional por temperaturas m\u00e1ximas de hasta 40\u00b0C. Las recomendaciones del organismo para afrontar una ola de calor<\/p>\n","protected":false},"author":3,"featured_media":51604,"comment_status":"closed","ping_status":"open","sticky":false,"template":"","format":"standard","meta":{"footnotes":""},"categories":[30],"tags":[],"class_list":["post-51603","post","type-post","status-publish","format-standard","has-post-thumbnail","hentry","category-salud"],"yoast_head":"<!-- This site is optimized with the Yoast SEO plugin v25.9 - https:\/\/yoast.com\/wordpress\/plugins\/seo\/ -->\n<title>El Servicio Meteorol\u00f3gico Nacional emiti\u00f3 una advertencia nivel violeta por altas temperaturas - Noticias Radio Reflejos<\/title>\n<meta name=\"robots\" content=\"index, follow, max-snippet:-1, max-image-preview:large, max-video-preview:-1\" \/>\n<link rel=\"canonical\" href=\"https:\/\/www.noticiasradioreflejos.com.ar\/2021\/el-servicio-meteorologico-nacional-emitio-una-advertencia-nivel-violeta-por-altas-temperaturas\/\" \/>\n<meta property=\"og:locale\" content=\"es_ES\" \/>\n<meta property=\"og:type\" content=\"article\" \/>\n<meta property=\"og:title\" content=\"El Servicio Meteorol\u00f3gico Nacional emiti\u00f3 una advertencia nivel violeta por altas temperaturas - Noticias Radio Reflejos\" \/>\n<meta property=\"og:description\" content=\"El Servicio Meteorol\u00f3gico Nacional (SMN) public\u00f3 esta ma\u00f1ana una advertencia en la franja central del territorio nacional por temperaturas m\u00e1ximas de hasta 40\u00b0C. Las recomendaciones del organismo para afrontar una ola de calor\" \/>\n<meta property=\"og:url\" content=\"https:\/\/www.noticiasradioreflejos.com.ar\/2021\/el-servicio-meteorologico-nacional-emitio-una-advertencia-nivel-violeta-por-altas-temperaturas\/\" \/>\n<meta property=\"og:site_name\" content=\"Noticias Radio Reflejos\" \/>\n<meta property=\"article:published_time\" content=\"2021-01-24T18:41:13+00:00\" \/>\n<meta property=\"og:image\" content=\"https:\/\/www.noticiasradioreflejos.com.ar\/2021\/wp-content\/uploads\/2021\/07\/logosol300x200.png\" \/>\n\t<meta property=\"og:image:width\" content=\"300\" \/>\n\t<meta property=\"og:image:height\" content=\"200\" \/>\n\t<meta property=\"og:image:type\" content=\"image\/png\" \/>\n<meta name=\"author\" content=\"Arnaldo Botto\" \/>\n<meta name=\"twitter:card\" content=\"summary_large_image\" \/>\n<script type=\"application\/ld+json\" class=\"yoast-schema-graph\">{\"@context\":\"https:\/\/schema.org\",\"@graph\":[{\"@type\":\"WebPage\",\"@id\":\"https:\/\/www.noticiasradioreflejos.com.ar\/2021\/el-servicio-meteorologico-nacional-emitio-una-advertencia-nivel-violeta-por-altas-temperaturas\/\",\"url\":\"https:\/\/www.noticiasradioreflejos.com.ar\/2021\/el-servicio-meteorologico-nacional-emitio-una-advertencia-nivel-violeta-por-altas-temperaturas\/\",\"name\":\"El Servicio Meteorol\u00f3gico Nacional emiti\u00f3 una advertencia nivel violeta por altas temperaturas - Noticias Radio Reflejos\",\"isPartOf\":{\"@id\":\"https:\/\/www.noticiasradioreflejos.com.ar\/2021\/#website\"},\"primaryImageOfPage\":{\"@id\":\"https:\/\/www.noticiasradioreflejos.com.ar\/2021\/el-servicio-meteorologico-nacional-emitio-una-advertencia-nivel-violeta-por-altas-temperaturas\/#primaryimage\"},\"image\":{\"@id\":\"https:\/\/www.noticiasradioreflejos.com.ar\/2021\/el-servicio-meteorologico-nacional-emitio-una-advertencia-nivel-violeta-por-altas-temperaturas\/#primaryimage\"},\"thumbnailUrl\":\"\",\"datePublished\":\"2021-01-24T18:41:13+00:00\",\"author\":{\"@id\":\"https:\/\/www.noticiasradioreflejos.com.ar\/2021\/#\/schema\/person\/ad82545263dcc5ec0996818884fd5fb1\"},\"breadcrumb\":{\"@id\":\"https:\/\/www.noticiasradioreflejos.com.ar\/2021\/el-servicio-meteorologico-nacional-emitio-una-advertencia-nivel-violeta-por-altas-temperaturas\/#breadcrumb\"},\"inLanguage\":\"es\",\"potentialAction\":[{\"@type\":\"ReadAction\",\"target\":[\"https:\/\/www.noticiasradioreflejos.com.ar\/2021\/el-servicio-meteorologico-nacional-emitio-una-advertencia-nivel-violeta-por-altas-temperaturas\/\"]}]},{\"@type\":\"ImageObject\",\"inLanguage\":\"es\",\"@id\":\"https:\/\/www.noticiasradioreflejos.com.ar\/2021\/el-servicio-meteorologico-nacional-emitio-una-advertencia-nivel-violeta-por-altas-temperaturas\/#primaryimage\",\"url\":\"\",\"contentUrl\":\"\"},{\"@type\":\"BreadcrumbList\",\"@id\":\"https:\/\/www.noticiasradioreflejos.com.ar\/2021\/el-servicio-meteorologico-nacional-emitio-una-advertencia-nivel-violeta-por-altas-temperaturas\/#breadcrumb\",\"itemListElement\":[{\"@type\":\"ListItem\",\"position\":1,\"name\":\"Portada\",\"item\":\"https:\/\/www.noticiasradioreflejos.com.ar\/2021\/\"},{\"@type\":\"ListItem\",\"position\":2,\"name\":\"El Servicio Meteorol\u00f3gico Nacional emiti\u00f3 una advertencia nivel violeta por altas temperaturas\"}]},{\"@type\":\"WebSite\",\"@id\":\"https:\/\/www.noticiasradioreflejos.com.ar\/2021\/#website\",\"url\":\"https:\/\/www.noticiasradioreflejos.com.ar\/2021\/\",\"name\":\"Noticias Radio Reflejos\",\"description\":\"Las noticias de mi comarca\",\"potentialAction\":[{\"@type\":\"SearchAction\",\"target\":{\"@type\":\"EntryPoint\",\"urlTemplate\":\"https:\/\/www.noticiasradioreflejos.com.ar\/2021\/?s={search_term_string}\"},\"query-input\":{\"@type\":\"PropertyValueSpecification\",\"valueRequired\":true,\"valueName\":\"search_term_string\"}}],\"inLanguage\":\"es\"},{\"@type\":\"Person\",\"@id\":\"https:\/\/www.noticiasradioreflejos.com.ar\/2021\/#\/schema\/person\/ad82545263dcc5ec0996818884fd5fb1\",\"name\":\"Arnaldo Botto\",\"image\":{\"@type\":\"ImageObject\",\"inLanguage\":\"es\",\"@id\":\"https:\/\/www.noticiasradioreflejos.com.ar\/2021\/#\/schema\/person\/image\/\",\"url\":\"https:\/\/secure.gravatar.com\/avatar\/55cb5e37c1efa326397366e6974cb338056df65cb50e7d64d1cf314e87504837?s=96&d=mm&r=g\",\"contentUrl\":\"https:\/\/secure.gravatar.com\/avatar\/55cb5e37c1efa326397366e6974cb338056df65cb50e7d64d1cf314e87504837?s=96&d=mm&r=g\",\"caption\":\"Arnaldo Botto\"},\"url\":\"https:\/\/www.noticiasradioreflejos.com.ar\/2021\/author\/arnaldo\/\"}]}<\/script>\n<!-- \/ Yoast SEO plugin. -->","yoast_head_json":{"title":"El Servicio Meteorol\u00f3gico Nacional emiti\u00f3 una advertencia nivel violeta por altas temperaturas - Noticias Radio Reflejos","robots":{"index":"index","follow":"follow","max-snippet":"max-snippet:-1","max-image-preview":"max-image-preview:large","max-video-preview":"max-video-preview:-1"},"canonical":"https:\/\/www.noticiasradioreflejos.com.ar\/2021\/el-servicio-meteorologico-nacional-emitio-una-advertencia-nivel-violeta-por-altas-temperaturas\/","og_locale":"es_ES","og_type":"article","og_title":"El Servicio Meteorol\u00f3gico Nacional emiti\u00f3 una advertencia nivel violeta por altas temperaturas - Noticias Radio Reflejos","og_description":"El Servicio Meteorol\u00f3gico Nacional (SMN) public\u00f3 esta ma\u00f1ana una advertencia en la franja central del territorio nacional por temperaturas m\u00e1ximas de hasta 40\u00b0C. Las recomendaciones del organismo para afrontar una ola de calor","og_url":"https:\/\/www.noticiasradioreflejos.com.ar\/2021\/el-servicio-meteorologico-nacional-emitio-una-advertencia-nivel-violeta-por-altas-temperaturas\/","og_site_name":"Noticias Radio Reflejos","article_published_time":"2021-01-24T18:41:13+00:00","og_image":[{"width":300,"height":200,"url":"https:\/\/www.noticiasradioreflejos.com.ar\/2021\/wp-content\/uploads\/2021\/07\/logosol300x200.png","type":"image\/png"}],"author":"Arnaldo Botto","twitter_card":"summary_large_image","schema":{"@context":"https:\/\/schema.org","@graph":[{"@type":"WebPage","@id":"https:\/\/www.noticiasradioreflejos.com.ar\/2021\/el-servicio-meteorologico-nacional-emitio-una-advertencia-nivel-violeta-por-altas-temperaturas\/","url":"https:\/\/www.noticiasradioreflejos.com.ar\/2021\/el-servicio-meteorologico-nacional-emitio-una-advertencia-nivel-violeta-por-altas-temperaturas\/","name":"El Servicio Meteorol\u00f3gico Nacional emiti\u00f3 una advertencia nivel violeta por altas temperaturas - Noticias Radio Reflejos","isPartOf":{"@id":"https:\/\/www.noticiasradioreflejos.com.ar\/2021\/#website"},"primaryImageOfPage":{"@id":"https:\/\/www.noticiasradioreflejos.com.ar\/2021\/el-servicio-meteorologico-nacional-emitio-una-advertencia-nivel-violeta-por-altas-temperaturas\/#primaryimage"},"image":{"@id":"https:\/\/www.noticiasradioreflejos.com.ar\/2021\/el-servicio-meteorologico-nacional-emitio-una-advertencia-nivel-violeta-por-altas-temperaturas\/#primaryimage"},"thumbnailUrl":"","datePublished":"2021-01-24T18:41:13+00:00","author":{"@id":"https:\/\/www.noticiasradioreflejos.com.ar\/2021\/#\/schema\/person\/ad82545263dcc5ec0996818884fd5fb1"},"breadcrumb":{"@id":"https:\/\/www.noticiasradioreflejos.com.ar\/2021\/el-servicio-meteorologico-nacional-emitio-una-advertencia-nivel-violeta-por-altas-temperaturas\/#breadcrumb"},"inLanguage":"es","potentialAction":[{"@type":"ReadAction","target":["https:\/\/www.noticiasradioreflejos.com.ar\/2021\/el-servicio-meteorologico-nacional-emitio-una-advertencia-nivel-violeta-por-altas-temperaturas\/"]}]},{"@type":"ImageObject","inLanguage":"es","@id":"https:\/\/www.noticiasradioreflejos.com.ar\/2021\/el-servicio-meteorologico-nacional-emitio-una-advertencia-nivel-violeta-por-altas-temperaturas\/#primaryimage","url":"","contentUrl":""},{"@type":"BreadcrumbList","@id":"https:\/\/www.noticiasradioreflejos.com.ar\/2021\/el-servicio-meteorologico-nacional-emitio-una-advertencia-nivel-violeta-por-altas-temperaturas\/#breadcrumb","itemListElement":[{"@type":"ListItem","position":1,"name":"Portada","item":"https:\/\/www.noticiasradioreflejos.com.ar\/2021\/"},{"@type":"ListItem","position":2,"name":"El Servicio Meteorol\u00f3gico Nacional emiti\u00f3 una advertencia nivel violeta por altas temperaturas"}]},{"@type":"WebSite","@id":"https:\/\/www.noticiasradioreflejos.com.ar\/2021\/#website","url":"https:\/\/www.noticiasradioreflejos.com.ar\/2021\/","name":"Noticias Radio Reflejos","description":"Las noticias de mi comarca","potentialAction":[{"@type":"SearchAction","target":{"@type":"EntryPoint","urlTemplate":"https:\/\/www.noticiasradioreflejos.com.ar\/2021\/?s={search_term_string}"},"query-input":{"@type":"PropertyValueSpecification","valueRequired":true,"valueName":"search_term_string"}}],"inLanguage":"es"},{"@type":"Person","@id":"https:\/\/www.noticiasradioreflejos.com.ar\/2021\/#\/schema\/person\/ad82545263dcc5ec0996818884fd5fb1","name":"Arnaldo Botto","image":{"@type":"ImageObject","inLanguage":"es","@id":"https:\/\/www.noticiasradioreflejos.com.ar\/2021\/#\/schema\/person\/image\/","url":"https:\/\/secure.gravatar.com\/avatar\/55cb5e37c1efa326397366e6974cb338056df65cb50e7d64d1cf314e87504837?s=96&d=mm&r=g","contentUrl":"https:\/\/secure.gravatar.com\/avatar\/55cb5e37c1efa326397366e6974cb338056df65cb50e7d64d1cf314e87504837?s=96&d=mm&r=g","caption":"Arnaldo Botto"},"url":"https:\/\/www.noticiasradioreflejos.com.ar\/2021\/author\/arnaldo\/"}]}},"_links":{"self":[{"href":"https:\/\/www.noticiasradioreflejos.com.ar\/2021\/wp-json\/wp\/v2\/posts\/51603","targetHints":{"allow":["GET"]}}],"collection":[{"href":"https:\/\/www.noticiasradioreflejos.com.ar\/2021\/wp-json\/wp\/v2\/posts"}],"about":[{"href":"https:\/\/www.noticiasradioreflejos.com.ar\/2021\/wp-json\/wp\/v2\/types\/post"}],"author":[{"embeddable":true,"href":"https:\/\/www.noticiasradioreflejos.com.ar\/2021\/wp-json\/wp\/v2\/users\/3"}],"replies":[{"embeddable":true,"href":"https:\/\/www.noticiasradioreflejos.com.ar\/2021\/wp-json\/wp\/v2\/comments?post=51603"}],"version-history":[{"count":0,"href":"https:\/\/www.noticiasradioreflejos.com.ar\/2021\/wp-json\/wp\/v2\/posts\/51603\/revisions"}],"wp:featuredmedia":[{"embeddable":true,"href":"https:\/\/www.noticiasradioreflejos.com.ar\/2021\/wp-json\/"}],"wp:attachment":[{"href":"https:\/\/www.noticiasradioreflejos.com.ar\/2021\/wp-json\/wp\/v2\/media?parent=51603"}],"wp:term":[{"taxonomy":"category","embeddable":true,"href":"https:\/\/www.noticiasradioreflejos.com.ar\/2021\/wp-json\/wp\/v2\/categories?post=51603"},{"taxonomy":"post_tag","embeddable":true,"href":"https:\/\/www.noticiasradioreflejos.com.ar\/2021\/wp-json\/wp\/v2\/tags?post=51603"}],"curies":[{"name":"wp","href":"https:\/\/api.w.org\/{rel}","templated":true}]}}