{"id":51593,"date":"2021-01-22T16:40:23","date_gmt":"2021-01-22T19:40:23","guid":{"rendered":"http:\/\/www.noticiasradioreflejos.com.ar\/noticias\/?p=51593"},"modified":"2021-01-22T16:40:23","modified_gmt":"2021-01-22T19:40:23","slug":"comenzo-en-tornquist-la-aplicacion-de-la-segunda-dosis-de-la-vacuna-contra-el-covid-19","status":"publish","type":"post","link":"https:\/\/www.noticiasradioreflejos.com.ar\/2021\/comenzo-en-tornquist-la-aplicacion-de-la-segunda-dosis-de-la-vacuna-contra-el-covid-19\/","title":{"rendered":"Comenz\u00f3 en Tornquist la aplicaci\u00f3n de la segunda dosis de la vacuna contra el Covid-19"},"content":{"rendered":"<p>Este viernes en el Hospital Municipal \u2018Dr. Alberto Castro\u2019 de Tornquist, se puso en marcha la aplicaci\u00f3n de la segunda dosis de la vacuna Sputnik V contra el coronavirus, en el marco de Plan provincial p\u00fablico, gratuito y optativo \u2018Buenos Aires Vacunate\u2019.<!--more--><br \/>\n<a href=\"http:\/\/live.staticflickr.com\/65535\/50863355678_c65269454d_s.jpg\" title=\"1611344337990\" rel=\"\"><img loading=\"lazy\" decoding=\"async\" src=\"http:\/\/live.staticflickr.com\/65535\/50863355678_c65269454d_c.jpg\" width=\"800\" height=\"534\" alt=\"1611344337990\" title=\"1611344337990\" class=\"aligncenter\"><\/a><\/p>\n<p>Para esta nueva etapa, arribaron al nosocomio local, donde se concentra la vacunaci\u00f3n del distrito, un total de 300 unidades que ser\u00e1n recibidas, en primer t\u00e9rmino, por el personal de salud al que ya se le aplic\u00f3 la primera dosis.<br \/>\nDe esta manera, se completar\u00e1 el esquema de vacunaci\u00f3n contra el Covid-19 en todos los trabajadores que se desempe\u00f1an en el \u00e1rea de salud del distrito y que optaron por recibir la aplicaci\u00f3n.<br \/>\nPor otro lado, la Secretar\u00eda de Salud recuerda que en el sitio web vacunatepba.gba.gob.ar contin\u00faa abierta la inscripci\u00f3n para acceder a la vacunaci\u00f3n masiva que iniciar\u00e1 en las pr\u00f3ximas semanas, priorizando a personas de entre 18 y 59 a\u00f1os con enfermedades preexistentes y a mayores de 60 a\u00f1os.<\/p>\n<p><a href=\"http:\/\/live.staticflickr.com\/65535\/50863355663_c3da39fd09_s.jpg\" title=\"1611344337977\" rel=\"\"><img loading=\"lazy\" decoding=\"async\" src=\"http:\/\/live.staticflickr.com\/65535\/50863355663_c3da39fd09_c.jpg\" width=\"800\" height=\"534\" alt=\"1611344337977\" title=\"1611344337977\" class=\"aligncenter\"><\/a><a href=\"http:\/\/live.staticflickr.com\/65535\/50864172702_926932e107_s.jpg\" title=\"1611344337984\" rel=\"\"><img loading=\"lazy\" decoding=\"async\" src=\"http:\/\/live.staticflickr.com\/65535\/50864172702_926932e107_c.jpg\" width=\"800\" height=\"534\" alt=\"1611344337984\" title=\"1611344337984\" class=\"aligncenter\"><\/a><\/p>\n","protected":false},"excerpt":{"rendered":"<p>Este viernes en el Hospital Municipal \u2018Dr. Alberto Castro\u2019 de Tornquist, se puso en marcha la aplicaci\u00f3n de la segunda dosis de la vacuna Sputnik V contra el coronavirus, en el marco de Plan provincial p\u00fablico, gratuito y optativo \u2018Buenos Aires Vacunate\u2019.<\/p>\n","protected":false},"author":3,"featured_media":51594,"comment_status":"closed","ping_status":"open","sticky":false,"template":"","format":"standard","meta":{"footnotes":""},"categories":[30],"tags":[],"class_list":["post-51593","post","type-post","status-publish","format-standard","has-post-thumbnail","hentry","category-salud"],"yoast_head":"<!-- This site is optimized with the Yoast SEO plugin v25.9 - https:\/\/yoast.com\/wordpress\/plugins\/seo\/ -->\n<title>Comenz\u00f3 en Tornquist la aplicaci\u00f3n de la segunda dosis de la vacuna contra el Covid-19 - Noticias Radio Reflejos<\/title>\n<meta name=\"robots\" content=\"index, follow, max-snippet:-1, max-image-preview:large, max-video-preview:-1\" \/>\n<link rel=\"canonical\" href=\"https:\/\/www.noticiasradioreflejos.com.ar\/2021\/comenzo-en-tornquist-la-aplicacion-de-la-segunda-dosis-de-la-vacuna-contra-el-covid-19\/\" \/>\n<meta property=\"og:locale\" content=\"es_ES\" \/>\n<meta property=\"og:type\" content=\"article\" \/>\n<meta property=\"og:title\" content=\"Comenz\u00f3 en Tornquist la aplicaci\u00f3n de la segunda dosis de la vacuna contra el Covid-19 - Noticias Radio Reflejos\" \/>\n<meta property=\"og:description\" content=\"Este viernes en el Hospital Municipal \u2018Dr. Alberto Castro\u2019 de Tornquist, se puso en marcha la aplicaci\u00f3n de la segunda dosis de la vacuna Sputnik V contra el coronavirus, en el marco de Plan provincial p\u00fablico, gratuito y optativo \u2018Buenos Aires Vacunate\u2019.\" \/>\n<meta property=\"og:url\" content=\"https:\/\/www.noticiasradioreflejos.com.ar\/2021\/comenzo-en-tornquist-la-aplicacion-de-la-segunda-dosis-de-la-vacuna-contra-el-covid-19\/\" \/>\n<meta property=\"og:site_name\" content=\"Noticias Radio Reflejos\" \/>\n<meta property=\"article:published_time\" content=\"2021-01-22T19:40:23+00:00\" \/>\n<meta property=\"og:image\" content=\"https:\/\/www.noticiasradioreflejos.com.ar\/2021\/wp-content\/uploads\/2021\/07\/logosol300x200.png\" \/>\n\t<meta property=\"og:image:width\" content=\"300\" \/>\n\t<meta property=\"og:image:height\" content=\"200\" \/>\n\t<meta property=\"og:image:type\" content=\"image\/png\" \/>\n<meta name=\"author\" content=\"Arnaldo Botto\" \/>\n<meta name=\"twitter:card\" content=\"summary_large_image\" \/>\n<script type=\"application\/ld+json\" class=\"yoast-schema-graph\">{\"@context\":\"https:\/\/schema.org\",\"@graph\":[{\"@type\":\"WebPage\",\"@id\":\"https:\/\/www.noticiasradioreflejos.com.ar\/2021\/comenzo-en-tornquist-la-aplicacion-de-la-segunda-dosis-de-la-vacuna-contra-el-covid-19\/\",\"url\":\"https:\/\/www.noticiasradioreflejos.com.ar\/2021\/comenzo-en-tornquist-la-aplicacion-de-la-segunda-dosis-de-la-vacuna-contra-el-covid-19\/\",\"name\":\"Comenz\u00f3 en Tornquist la aplicaci\u00f3n de la segunda dosis de la vacuna contra el Covid-19 - Noticias Radio Reflejos\",\"isPartOf\":{\"@id\":\"https:\/\/www.noticiasradioreflejos.com.ar\/2021\/#website\"},\"primaryImageOfPage\":{\"@id\":\"https:\/\/www.noticiasradioreflejos.com.ar\/2021\/comenzo-en-tornquist-la-aplicacion-de-la-segunda-dosis-de-la-vacuna-contra-el-covid-19\/#primaryimage\"},\"image\":{\"@id\":\"https:\/\/www.noticiasradioreflejos.com.ar\/2021\/comenzo-en-tornquist-la-aplicacion-de-la-segunda-dosis-de-la-vacuna-contra-el-covid-19\/#primaryimage\"},\"thumbnailUrl\":\"\",\"datePublished\":\"2021-01-22T19:40:23+00:00\",\"author\":{\"@id\":\"https:\/\/www.noticiasradioreflejos.com.ar\/2021\/#\/schema\/person\/ad82545263dcc5ec0996818884fd5fb1\"},\"breadcrumb\":{\"@id\":\"https:\/\/www.noticiasradioreflejos.com.ar\/2021\/comenzo-en-tornquist-la-aplicacion-de-la-segunda-dosis-de-la-vacuna-contra-el-covid-19\/#breadcrumb\"},\"inLanguage\":\"es\",\"potentialAction\":[{\"@type\":\"ReadAction\",\"target\":[\"https:\/\/www.noticiasradioreflejos.com.ar\/2021\/comenzo-en-tornquist-la-aplicacion-de-la-segunda-dosis-de-la-vacuna-contra-el-covid-19\/\"]}]},{\"@type\":\"ImageObject\",\"inLanguage\":\"es\",\"@id\":\"https:\/\/www.noticiasradioreflejos.com.ar\/2021\/comenzo-en-tornquist-la-aplicacion-de-la-segunda-dosis-de-la-vacuna-contra-el-covid-19\/#primaryimage\",\"url\":\"\",\"contentUrl\":\"\"},{\"@type\":\"BreadcrumbList\",\"@id\":\"https:\/\/www.noticiasradioreflejos.com.ar\/2021\/comenzo-en-tornquist-la-aplicacion-de-la-segunda-dosis-de-la-vacuna-contra-el-covid-19\/#breadcrumb\",\"itemListElement\":[{\"@type\":\"ListItem\",\"position\":1,\"name\":\"Portada\",\"item\":\"https:\/\/www.noticiasradioreflejos.com.ar\/2021\/\"},{\"@type\":\"ListItem\",\"position\":2,\"name\":\"Comenz\u00f3 en Tornquist la aplicaci\u00f3n de la segunda dosis de la vacuna contra el Covid-19\"}]},{\"@type\":\"WebSite\",\"@id\":\"https:\/\/www.noticiasradioreflejos.com.ar\/2021\/#website\",\"url\":\"https:\/\/www.noticiasradioreflejos.com.ar\/2021\/\",\"name\":\"Noticias Radio Reflejos\",\"description\":\"Las noticias de mi comarca\",\"potentialAction\":[{\"@type\":\"SearchAction\",\"target\":{\"@type\":\"EntryPoint\",\"urlTemplate\":\"https:\/\/www.noticiasradioreflejos.com.ar\/2021\/?s={search_term_string}\"},\"query-input\":{\"@type\":\"PropertyValueSpecification\",\"valueRequired\":true,\"valueName\":\"search_term_string\"}}],\"inLanguage\":\"es\"},{\"@type\":\"Person\",\"@id\":\"https:\/\/www.noticiasradioreflejos.com.ar\/2021\/#\/schema\/person\/ad82545263dcc5ec0996818884fd5fb1\",\"name\":\"Arnaldo Botto\",\"image\":{\"@type\":\"ImageObject\",\"inLanguage\":\"es\",\"@id\":\"https:\/\/www.noticiasradioreflejos.com.ar\/2021\/#\/schema\/person\/image\/\",\"url\":\"https:\/\/secure.gravatar.com\/avatar\/55cb5e37c1efa326397366e6974cb338056df65cb50e7d64d1cf314e87504837?s=96&d=mm&r=g\",\"contentUrl\":\"https:\/\/secure.gravatar.com\/avatar\/55cb5e37c1efa326397366e6974cb338056df65cb50e7d64d1cf314e87504837?s=96&d=mm&r=g\",\"caption\":\"Arnaldo Botto\"},\"url\":\"https:\/\/www.noticiasradioreflejos.com.ar\/2021\/author\/arnaldo\/\"}]}<\/script>\n<!-- \/ Yoast SEO plugin. -->","yoast_head_json":{"title":"Comenz\u00f3 en Tornquist la aplicaci\u00f3n de la segunda dosis de la vacuna contra el Covid-19 - Noticias Radio Reflejos","robots":{"index":"index","follow":"follow","max-snippet":"max-snippet:-1","max-image-preview":"max-image-preview:large","max-video-preview":"max-video-preview:-1"},"canonical":"https:\/\/www.noticiasradioreflejos.com.ar\/2021\/comenzo-en-tornquist-la-aplicacion-de-la-segunda-dosis-de-la-vacuna-contra-el-covid-19\/","og_locale":"es_ES","og_type":"article","og_title":"Comenz\u00f3 en Tornquist la aplicaci\u00f3n de la segunda dosis de la vacuna contra el Covid-19 - Noticias Radio Reflejos","og_description":"Este viernes en el Hospital Municipal \u2018Dr. Alberto Castro\u2019 de Tornquist, se puso en marcha la aplicaci\u00f3n de la segunda dosis de la vacuna Sputnik V contra el coronavirus, en el marco de Plan provincial p\u00fablico, gratuito y optativo \u2018Buenos Aires Vacunate\u2019.","og_url":"https:\/\/www.noticiasradioreflejos.com.ar\/2021\/comenzo-en-tornquist-la-aplicacion-de-la-segunda-dosis-de-la-vacuna-contra-el-covid-19\/","og_site_name":"Noticias Radio Reflejos","article_published_time":"2021-01-22T19:40:23+00:00","og_image":[{"width":300,"height":200,"url":"https:\/\/www.noticiasradioreflejos.com.ar\/2021\/wp-content\/uploads\/2021\/07\/logosol300x200.png","type":"image\/png"}],"author":"Arnaldo Botto","twitter_card":"summary_large_image","schema":{"@context":"https:\/\/schema.org","@graph":[{"@type":"WebPage","@id":"https:\/\/www.noticiasradioreflejos.com.ar\/2021\/comenzo-en-tornquist-la-aplicacion-de-la-segunda-dosis-de-la-vacuna-contra-el-covid-19\/","url":"https:\/\/www.noticiasradioreflejos.com.ar\/2021\/comenzo-en-tornquist-la-aplicacion-de-la-segunda-dosis-de-la-vacuna-contra-el-covid-19\/","name":"Comenz\u00f3 en Tornquist la aplicaci\u00f3n de la segunda dosis de la vacuna contra el Covid-19 - Noticias Radio Reflejos","isPartOf":{"@id":"https:\/\/www.noticiasradioreflejos.com.ar\/2021\/#website"},"primaryImageOfPage":{"@id":"https:\/\/www.noticiasradioreflejos.com.ar\/2021\/comenzo-en-tornquist-la-aplicacion-de-la-segunda-dosis-de-la-vacuna-contra-el-covid-19\/#primaryimage"},"image":{"@id":"https:\/\/www.noticiasradioreflejos.com.ar\/2021\/comenzo-en-tornquist-la-aplicacion-de-la-segunda-dosis-de-la-vacuna-contra-el-covid-19\/#primaryimage"},"thumbnailUrl":"","datePublished":"2021-01-22T19:40:23+00:00","author":{"@id":"https:\/\/www.noticiasradioreflejos.com.ar\/2021\/#\/schema\/person\/ad82545263dcc5ec0996818884fd5fb1"},"breadcrumb":{"@id":"https:\/\/www.noticiasradioreflejos.com.ar\/2021\/comenzo-en-tornquist-la-aplicacion-de-la-segunda-dosis-de-la-vacuna-contra-el-covid-19\/#breadcrumb"},"inLanguage":"es","potentialAction":[{"@type":"ReadAction","target":["https:\/\/www.noticiasradioreflejos.com.ar\/2021\/comenzo-en-tornquist-la-aplicacion-de-la-segunda-dosis-de-la-vacuna-contra-el-covid-19\/"]}]},{"@type":"ImageObject","inLanguage":"es","@id":"https:\/\/www.noticiasradioreflejos.com.ar\/2021\/comenzo-en-tornquist-la-aplicacion-de-la-segunda-dosis-de-la-vacuna-contra-el-covid-19\/#primaryimage","url":"","contentUrl":""},{"@type":"BreadcrumbList","@id":"https:\/\/www.noticiasradioreflejos.com.ar\/2021\/comenzo-en-tornquist-la-aplicacion-de-la-segunda-dosis-de-la-vacuna-contra-el-covid-19\/#breadcrumb","itemListElement":[{"@type":"ListItem","position":1,"name":"Portada","item":"https:\/\/www.noticiasradioreflejos.com.ar\/2021\/"},{"@type":"ListItem","position":2,"name":"Comenz\u00f3 en Tornquist la aplicaci\u00f3n de la segunda dosis de la vacuna contra el Covid-19"}]},{"@type":"WebSite","@id":"https:\/\/www.noticiasradioreflejos.com.ar\/2021\/#website","url":"https:\/\/www.noticiasradioreflejos.com.ar\/2021\/","name":"Noticias Radio Reflejos","description":"Las noticias de mi comarca","potentialAction":[{"@type":"SearchAction","target":{"@type":"EntryPoint","urlTemplate":"https:\/\/www.noticiasradioreflejos.com.ar\/2021\/?s={search_term_string}"},"query-input":{"@type":"PropertyValueSpecification","valueRequired":true,"valueName":"search_term_string"}}],"inLanguage":"es"},{"@type":"Person","@id":"https:\/\/www.noticiasradioreflejos.com.ar\/2021\/#\/schema\/person\/ad82545263dcc5ec0996818884fd5fb1","name":"Arnaldo Botto","image":{"@type":"ImageObject","inLanguage":"es","@id":"https:\/\/www.noticiasradioreflejos.com.ar\/2021\/#\/schema\/person\/image\/","url":"https:\/\/secure.gravatar.com\/avatar\/55cb5e37c1efa326397366e6974cb338056df65cb50e7d64d1cf314e87504837?s=96&d=mm&r=g","contentUrl":"https:\/\/secure.gravatar.com\/avatar\/55cb5e37c1efa326397366e6974cb338056df65cb50e7d64d1cf314e87504837?s=96&d=mm&r=g","caption":"Arnaldo Botto"},"url":"https:\/\/www.noticiasradioreflejos.com.ar\/2021\/author\/arnaldo\/"}]}},"_links":{"self":[{"href":"https:\/\/www.noticiasradioreflejos.com.ar\/2021\/wp-json\/wp\/v2\/posts\/51593","targetHints":{"allow":["GET"]}}],"collection":[{"href":"https:\/\/www.noticiasradioreflejos.com.ar\/2021\/wp-json\/wp\/v2\/posts"}],"about":[{"href":"https:\/\/www.noticiasradioreflejos.com.ar\/2021\/wp-json\/wp\/v2\/types\/post"}],"author":[{"embeddable":true,"href":"https:\/\/www.noticiasradioreflejos.com.ar\/2021\/wp-json\/wp\/v2\/users\/3"}],"replies":[{"embeddable":true,"href":"https:\/\/www.noticiasradioreflejos.com.ar\/2021\/wp-json\/wp\/v2\/comments?post=51593"}],"version-history":[{"count":0,"href":"https:\/\/www.noticiasradioreflejos.com.ar\/2021\/wp-json\/wp\/v2\/posts\/51593\/revisions"}],"wp:featuredmedia":[{"embeddable":true,"href":"https:\/\/www.noticiasradioreflejos.com.ar\/2021\/wp-json\/"}],"wp:attachment":[{"href":"https:\/\/www.noticiasradioreflejos.com.ar\/2021\/wp-json\/wp\/v2\/media?parent=51593"}],"wp:term":[{"taxonomy":"category","embeddable":true,"href":"https:\/\/www.noticiasradioreflejos.com.ar\/2021\/wp-json\/wp\/v2\/categories?post=51593"},{"taxonomy":"post_tag","embeddable":true,"href":"https:\/\/www.noticiasradioreflejos.com.ar\/2021\/wp-json\/wp\/v2\/tags?post=51593"}],"curies":[{"name":"wp","href":"https:\/\/api.w.org\/{rel}","templated":true}]}}