{"id":51576,"date":"2021-01-22T11:17:20","date_gmt":"2021-01-22T14:17:20","guid":{"rendered":"http:\/\/www.noticiasradioreflejos.com.ar\/noticias\/?p=51576"},"modified":"2021-01-22T11:17:20","modified_gmt":"2021-01-22T14:17:20","slug":"tres-lagunas-bonaerenses-para-refugiarse-del-calor","status":"publish","type":"post","link":"https:\/\/www.noticiasradioreflejos.com.ar\/2021\/tres-lagunas-bonaerenses-para-refugiarse-del-calor\/","title":{"rendered":"Tres lagunas bonaerenses para refugiarse del calor."},"content":{"rendered":"<p>El paisaje de las lagunas bonaerenses es la opci\u00f3n ideal para explorar la naturaleza en cualquier \u00e9poca del a\u00f1o. Durante el verano la posibilidad de zambullirse en sus aguas o practicar alg\u00fan deporte acu\u00e1tico se convierte en un atractivo especial para los d\u00edas calurosos.<!--more--><\/p>\n<p>Los espejos de agua de Villarino, Chascom\u00fas y Lobos resultan una propuesta irresistible para quienes se deleitan con la tranquilidad, los asados al aire libre, la pesca y el ambiente familiar.<\/p>\n<p><strong>Atardeceres y flamencos<\/strong><br \/>\n\u201cEl turista que nos visita ama la naturaleza y la exploraci\u00f3n\u201d. As\u00ed describi\u00f3 Marcos Kunich, director del municipio de Villarino, a quienes llegan a la laguna de Chasic\u00f3 y al Lago Parque La Salada para disfrutar de su estad\u00eda.<\/p>\n<p>Chasic\u00f3 es una de las lagunas m\u00e1s grandes de la provincia de Buenos Aires con una extensi\u00f3n de doce mil hect\u00e1reas, y adem\u00e1s es una de las m\u00e1s importantes en la pesca de pejerrey, seg\u00fan informaron desde la comuna.<\/p>\n<p>Hasta esta regi\u00f3n del sur provincial arriban pescadores deportivos de R\u00edo Negro, Mendoza, C\u00f3rdoba y de la Ciudad Aut\u00f3noma de Buenos Aires. La captura de piezas se puede realizar desde una embarcaci\u00f3n o desde la costa.<\/p>\n<p>El balneario de Chapalc\u00f3, ubicado sobre la laguna, se caracteriza por sus playas de suaves declives. \u201cTambi\u00e9n vienen familias con hijos peque\u00f1os porque las lagunas tienen poca profundidad\u201d, explic\u00f3 Kunich.<\/p>\n<p>Los aficionados a la fotograf\u00eda buscan retratar la fauna y la flora lacustre y tambi\u00e9n la puesta de sol con su diversa gama de colores. Esa postal crom\u00e1tica se encuentra camino a la laguna. Se trata de un trayecto de 35 kil\u00f3metros por fuera de la Ruta Nacional 22, donde se ubican las salinas chicas que forman la depresi\u00f3n m\u00e1s profunda de la provincia por estar a 42 metros debajo del nivel del mar.<\/p>\n<p>El cielo se espeja sobre la sal y el sol se refracta en ella, lo que lo convierte en un paisaje inolvidable. Adem\u00e1s los atardeceres de noviembre y diciembre tienen una tonalidad entre viol\u00e1cea y rosada en la que se funden los flamencos.<\/p>\n<p>En 1999 este lugar, compartido con Pu\u00e1n, fue declarado Reserva Natural de Objetivos Definidos Mixtos para proteger a m\u00e1s de 140 especies de aves y mam\u00edferos, y diferentes variedades de plantas en peligro de extinci\u00f3n como el cald\u00e9n. Es toda una aventura conocerlo a trav\u00e9s de las visitas guiadas.<\/p>\n<p>Adem\u00e1s, esta villa tur\u00edstica cuenta con todos los servicios: caba\u00f1as, casas de alquiler, proveedur\u00eda, restaurante, ba\u00f1os y duchas p\u00fablicas, fogones, camping, sala m\u00e9dica, polic\u00eda, guardavidas y guardaparque.<\/p>\n<p><strong>La Laguna de los Lobos<\/strong><\/p>\n<p>Tanto el partido como la laguna deben su nombre a los coipos o lobitos de r\u00edo que habitaban esta regi\u00f3n. Fue una zona preciada para los Pampas y Querand\u00edes por sus aguas, el barro arcilloso para hacer vasijas, la pesca y el cuero que les prove\u00eda ese animal.<\/p>\n<p><a title=\"Lobos 4\" href=\"http:\/\/live.staticflickr.com\/65535\/50862387858_505ff7b276_s.jpg\" rel=\"\"><img loading=\"lazy\" decoding=\"async\" class=\"aligncenter\" title=\"Lobos 4\" src=\"http:\/\/live.staticflickr.com\/65535\/50862387858_505ff7b276_c.jpg\" alt=\"Lobos 4\" width=\"800\" height=\"686\" \/><\/a><\/p>\n<p>Con el tiempo se transform\u00f3 en el principal centro tur\u00edstico del municipio ya que el pueblo de Villa Log\u00fcercio y los barrios Bah\u00eda de los Lobos y Araucaria viven de esa actividad.<\/p>\n<p>Los fan\u00e1ticos de la adrenalina pueden disfrutar de hacer windsurf, kitesurf y moton\u00e1utica. Adem\u00e1s se pueden alquilar botes o kayaks, y pescar carpas, bagres y pejerreyes desde la costa o en embarcaci\u00f3n.<\/p>\n<p>Pasar una tarde frente a la laguna es una experiencia recomendable para cualquier persona que ame los sonidos del agua, los p\u00e1jaros y disfrute perderse en los atardeceres. Es el momento perfecto que se puede experimentar en la costanera de este municipio bonaerense.<\/p>\n<p>All\u00ed, en los d\u00edas largos de verano se llevan adelante avistaje de aves, astroturismo, caminatas, actividades recreativas y feria de artesanos y emprendedores.<\/p>\n<p>Adem\u00e1s, este destino tiene una variada oferta de alojamientos: campings, glampings y el hist\u00f3rico hotel El Pescador, que naci\u00f3 en los a\u00f1os cincuenta con el inicio del turismo en esta zona.<\/p>\n<p>La laguna de Lobos es un \u00e1rea de una gran riqueza natural por tratarse de un humedal de ochocientas hect\u00e1reas en la que conviven diversas especies vegetales y animales.<\/p>\n<p><strong>Entre lo urbano y lo natural<\/strong><\/p>\n<p>En la costanera de Chascom\u00fas los bares con luces de colores cerca de la laguna conforman un pintoresco cuadro. En estos establecimientos la experiencia de la comida se aprecia con todos los sentidos por las incre\u00edbles vistas del entorno lacustre.<\/p>\n<p>El espejo de agua cuenta con una extensi\u00f3n de 3.044 hect\u00e1reas, dos metros de profundidad promedio, se ubica en la Cuenca del R\u00edo Salado y es la m\u00e1s grande del sistema Las encadenadas.<\/p>\n<p><a title=\"Chascomus (8) (1)\" href=\"http:\/\/live.staticflickr.com\/65535\/50862388323_99dd5101c5_s.jpg\" rel=\"\"><img loading=\"lazy\" decoding=\"async\" class=\"aligncenter\" title=\"Chascomus (8) (1)\" src=\"http:\/\/live.staticflickr.com\/65535\/50862388323_99dd5101c5_c.jpg\" alt=\"Chascomus (8) (1)\" width=\"800\" height=\"686\" \/><\/a><\/p>\n<p>Es una de las m\u00e1s elegidas para competencias de nataci\u00f3n, regatas y triatlones, por sus vientos y f\u00e1cil acceso. Tambi\u00e9n es un lugar privilegiado para realizar kitesurf, windsurf, kayak, nadar y pescar. Adem\u00e1s, quienes quieran navegar pueden alquilar botes a remo.<\/p>\n<p>Los treinta kil\u00f3metros del camino de circunvalaci\u00f3n en el per\u00edmetro de la laguna proponen un recorrido singular entre puentes y miradores. Muchos eligen hacer el trayecto en bicicleta y otros realizan safaris fotogr\u00e1ficos para captar aves y animales en su ambiente natural.<\/p>\n<p>La ciudad tiene una gran oferta de alojamientos desde caba\u00f1as, hoteles, hoteles boutique y campings para tu estad\u00eda en Chascom\u00fas.<\/p>\n<p>Las lagunas de la provincia de Buenos Aires atraen a los turistas durante todo el a\u00f1o pero en cada estaci\u00f3n el paisaje sorprende con nuevos colores y experiencias.<\/p>\n<p>&nbsp;<\/p>\n","protected":false},"excerpt":{"rendered":"<p>El paisaje de las lagunas bonaerenses es la opci\u00f3n ideal para explorar la naturaleza en cualquier \u00e9poca del a\u00f1o. Durante el verano la posibilidad de zambullirse en sus aguas o practicar alg\u00fan deporte acu\u00e1tico se convierte en un atractivo especial para los d\u00edas calurosos.<\/p>\n","protected":false},"author":3,"featured_media":51577,"comment_status":"closed","ping_status":"open","sticky":false,"template":"","format":"standard","meta":{"footnotes":""},"categories":[33],"tags":[],"class_list":["post-51576","post","type-post","status-publish","format-standard","has-post-thumbnail","hentry","category-turismo"],"yoast_head":"<!-- This site is optimized with the Yoast SEO plugin v25.9 - https:\/\/yoast.com\/wordpress\/plugins\/seo\/ -->\n<title>Tres lagunas bonaerenses para refugiarse del calor. - Noticias Radio Reflejos<\/title>\n<meta name=\"robots\" content=\"index, follow, max-snippet:-1, max-image-preview:large, max-video-preview:-1\" \/>\n<link rel=\"canonical\" href=\"https:\/\/www.noticiasradioreflejos.com.ar\/2021\/tres-lagunas-bonaerenses-para-refugiarse-del-calor\/\" \/>\n<meta property=\"og:locale\" content=\"es_ES\" \/>\n<meta property=\"og:type\" content=\"article\" \/>\n<meta property=\"og:title\" content=\"Tres lagunas bonaerenses para refugiarse del calor. - Noticias Radio Reflejos\" \/>\n<meta property=\"og:description\" content=\"El paisaje de las lagunas bonaerenses es la opci\u00f3n ideal para explorar la naturaleza en cualquier \u00e9poca del a\u00f1o. Durante el verano la posibilidad de zambullirse en sus aguas o practicar alg\u00fan deporte acu\u00e1tico se convierte en un atractivo especial para los d\u00edas calurosos.\" \/>\n<meta property=\"og:url\" content=\"https:\/\/www.noticiasradioreflejos.com.ar\/2021\/tres-lagunas-bonaerenses-para-refugiarse-del-calor\/\" \/>\n<meta property=\"og:site_name\" content=\"Noticias Radio Reflejos\" \/>\n<meta property=\"article:published_time\" content=\"2021-01-22T14:17:20+00:00\" \/>\n<meta property=\"og:image\" content=\"https:\/\/www.noticiasradioreflejos.com.ar\/2021\/wp-content\/uploads\/2021\/07\/logosol300x200.png\" \/>\n\t<meta property=\"og:image:width\" content=\"300\" \/>\n\t<meta property=\"og:image:height\" content=\"200\" \/>\n\t<meta property=\"og:image:type\" content=\"image\/png\" \/>\n<meta name=\"author\" content=\"Arnaldo Botto\" \/>\n<meta name=\"twitter:card\" content=\"summary_large_image\" \/>\n<script type=\"application\/ld+json\" class=\"yoast-schema-graph\">{\"@context\":\"https:\/\/schema.org\",\"@graph\":[{\"@type\":\"WebPage\",\"@id\":\"https:\/\/www.noticiasradioreflejos.com.ar\/2021\/tres-lagunas-bonaerenses-para-refugiarse-del-calor\/\",\"url\":\"https:\/\/www.noticiasradioreflejos.com.ar\/2021\/tres-lagunas-bonaerenses-para-refugiarse-del-calor\/\",\"name\":\"Tres lagunas bonaerenses para refugiarse del calor. - Noticias Radio Reflejos\",\"isPartOf\":{\"@id\":\"https:\/\/www.noticiasradioreflejos.com.ar\/2021\/#website\"},\"primaryImageOfPage\":{\"@id\":\"https:\/\/www.noticiasradioreflejos.com.ar\/2021\/tres-lagunas-bonaerenses-para-refugiarse-del-calor\/#primaryimage\"},\"image\":{\"@id\":\"https:\/\/www.noticiasradioreflejos.com.ar\/2021\/tres-lagunas-bonaerenses-para-refugiarse-del-calor\/#primaryimage\"},\"thumbnailUrl\":\"\",\"datePublished\":\"2021-01-22T14:17:20+00:00\",\"author\":{\"@id\":\"https:\/\/www.noticiasradioreflejos.com.ar\/2021\/#\/schema\/person\/ad82545263dcc5ec0996818884fd5fb1\"},\"breadcrumb\":{\"@id\":\"https:\/\/www.noticiasradioreflejos.com.ar\/2021\/tres-lagunas-bonaerenses-para-refugiarse-del-calor\/#breadcrumb\"},\"inLanguage\":\"es\",\"potentialAction\":[{\"@type\":\"ReadAction\",\"target\":[\"https:\/\/www.noticiasradioreflejos.com.ar\/2021\/tres-lagunas-bonaerenses-para-refugiarse-del-calor\/\"]}]},{\"@type\":\"ImageObject\",\"inLanguage\":\"es\",\"@id\":\"https:\/\/www.noticiasradioreflejos.com.ar\/2021\/tres-lagunas-bonaerenses-para-refugiarse-del-calor\/#primaryimage\",\"url\":\"\",\"contentUrl\":\"\"},{\"@type\":\"BreadcrumbList\",\"@id\":\"https:\/\/www.noticiasradioreflejos.com.ar\/2021\/tres-lagunas-bonaerenses-para-refugiarse-del-calor\/#breadcrumb\",\"itemListElement\":[{\"@type\":\"ListItem\",\"position\":1,\"name\":\"Portada\",\"item\":\"https:\/\/www.noticiasradioreflejos.com.ar\/2021\/\"},{\"@type\":\"ListItem\",\"position\":2,\"name\":\"Tres lagunas bonaerenses para refugiarse del calor.\"}]},{\"@type\":\"WebSite\",\"@id\":\"https:\/\/www.noticiasradioreflejos.com.ar\/2021\/#website\",\"url\":\"https:\/\/www.noticiasradioreflejos.com.ar\/2021\/\",\"name\":\"Noticias Radio Reflejos\",\"description\":\"Las noticias de mi comarca\",\"potentialAction\":[{\"@type\":\"SearchAction\",\"target\":{\"@type\":\"EntryPoint\",\"urlTemplate\":\"https:\/\/www.noticiasradioreflejos.com.ar\/2021\/?s={search_term_string}\"},\"query-input\":{\"@type\":\"PropertyValueSpecification\",\"valueRequired\":true,\"valueName\":\"search_term_string\"}}],\"inLanguage\":\"es\"},{\"@type\":\"Person\",\"@id\":\"https:\/\/www.noticiasradioreflejos.com.ar\/2021\/#\/schema\/person\/ad82545263dcc5ec0996818884fd5fb1\",\"name\":\"Arnaldo Botto\",\"image\":{\"@type\":\"ImageObject\",\"inLanguage\":\"es\",\"@id\":\"https:\/\/www.noticiasradioreflejos.com.ar\/2021\/#\/schema\/person\/image\/\",\"url\":\"https:\/\/secure.gravatar.com\/avatar\/55cb5e37c1efa326397366e6974cb338056df65cb50e7d64d1cf314e87504837?s=96&d=mm&r=g\",\"contentUrl\":\"https:\/\/secure.gravatar.com\/avatar\/55cb5e37c1efa326397366e6974cb338056df65cb50e7d64d1cf314e87504837?s=96&d=mm&r=g\",\"caption\":\"Arnaldo Botto\"},\"url\":\"https:\/\/www.noticiasradioreflejos.com.ar\/2021\/author\/arnaldo\/\"}]}<\/script>\n<!-- \/ Yoast SEO plugin. -->","yoast_head_json":{"title":"Tres lagunas bonaerenses para refugiarse del calor. - Noticias Radio Reflejos","robots":{"index":"index","follow":"follow","max-snippet":"max-snippet:-1","max-image-preview":"max-image-preview:large","max-video-preview":"max-video-preview:-1"},"canonical":"https:\/\/www.noticiasradioreflejos.com.ar\/2021\/tres-lagunas-bonaerenses-para-refugiarse-del-calor\/","og_locale":"es_ES","og_type":"article","og_title":"Tres lagunas bonaerenses para refugiarse del calor. - Noticias Radio Reflejos","og_description":"El paisaje de las lagunas bonaerenses es la opci\u00f3n ideal para explorar la naturaleza en cualquier \u00e9poca del a\u00f1o. Durante el verano la posibilidad de zambullirse en sus aguas o practicar alg\u00fan deporte acu\u00e1tico se convierte en un atractivo especial para los d\u00edas calurosos.","og_url":"https:\/\/www.noticiasradioreflejos.com.ar\/2021\/tres-lagunas-bonaerenses-para-refugiarse-del-calor\/","og_site_name":"Noticias Radio Reflejos","article_published_time":"2021-01-22T14:17:20+00:00","og_image":[{"width":300,"height":200,"url":"https:\/\/www.noticiasradioreflejos.com.ar\/2021\/wp-content\/uploads\/2021\/07\/logosol300x200.png","type":"image\/png"}],"author":"Arnaldo Botto","twitter_card":"summary_large_image","schema":{"@context":"https:\/\/schema.org","@graph":[{"@type":"WebPage","@id":"https:\/\/www.noticiasradioreflejos.com.ar\/2021\/tres-lagunas-bonaerenses-para-refugiarse-del-calor\/","url":"https:\/\/www.noticiasradioreflejos.com.ar\/2021\/tres-lagunas-bonaerenses-para-refugiarse-del-calor\/","name":"Tres lagunas bonaerenses para refugiarse del calor. - Noticias Radio Reflejos","isPartOf":{"@id":"https:\/\/www.noticiasradioreflejos.com.ar\/2021\/#website"},"primaryImageOfPage":{"@id":"https:\/\/www.noticiasradioreflejos.com.ar\/2021\/tres-lagunas-bonaerenses-para-refugiarse-del-calor\/#primaryimage"},"image":{"@id":"https:\/\/www.noticiasradioreflejos.com.ar\/2021\/tres-lagunas-bonaerenses-para-refugiarse-del-calor\/#primaryimage"},"thumbnailUrl":"","datePublished":"2021-01-22T14:17:20+00:00","author":{"@id":"https:\/\/www.noticiasradioreflejos.com.ar\/2021\/#\/schema\/person\/ad82545263dcc5ec0996818884fd5fb1"},"breadcrumb":{"@id":"https:\/\/www.noticiasradioreflejos.com.ar\/2021\/tres-lagunas-bonaerenses-para-refugiarse-del-calor\/#breadcrumb"},"inLanguage":"es","potentialAction":[{"@type":"ReadAction","target":["https:\/\/www.noticiasradioreflejos.com.ar\/2021\/tres-lagunas-bonaerenses-para-refugiarse-del-calor\/"]}]},{"@type":"ImageObject","inLanguage":"es","@id":"https:\/\/www.noticiasradioreflejos.com.ar\/2021\/tres-lagunas-bonaerenses-para-refugiarse-del-calor\/#primaryimage","url":"","contentUrl":""},{"@type":"BreadcrumbList","@id":"https:\/\/www.noticiasradioreflejos.com.ar\/2021\/tres-lagunas-bonaerenses-para-refugiarse-del-calor\/#breadcrumb","itemListElement":[{"@type":"ListItem","position":1,"name":"Portada","item":"https:\/\/www.noticiasradioreflejos.com.ar\/2021\/"},{"@type":"ListItem","position":2,"name":"Tres lagunas bonaerenses para refugiarse del calor."}]},{"@type":"WebSite","@id":"https:\/\/www.noticiasradioreflejos.com.ar\/2021\/#website","url":"https:\/\/www.noticiasradioreflejos.com.ar\/2021\/","name":"Noticias Radio Reflejos","description":"Las noticias de mi comarca","potentialAction":[{"@type":"SearchAction","target":{"@type":"EntryPoint","urlTemplate":"https:\/\/www.noticiasradioreflejos.com.ar\/2021\/?s={search_term_string}"},"query-input":{"@type":"PropertyValueSpecification","valueRequired":true,"valueName":"search_term_string"}}],"inLanguage":"es"},{"@type":"Person","@id":"https:\/\/www.noticiasradioreflejos.com.ar\/2021\/#\/schema\/person\/ad82545263dcc5ec0996818884fd5fb1","name":"Arnaldo Botto","image":{"@type":"ImageObject","inLanguage":"es","@id":"https:\/\/www.noticiasradioreflejos.com.ar\/2021\/#\/schema\/person\/image\/","url":"https:\/\/secure.gravatar.com\/avatar\/55cb5e37c1efa326397366e6974cb338056df65cb50e7d64d1cf314e87504837?s=96&d=mm&r=g","contentUrl":"https:\/\/secure.gravatar.com\/avatar\/55cb5e37c1efa326397366e6974cb338056df65cb50e7d64d1cf314e87504837?s=96&d=mm&r=g","caption":"Arnaldo Botto"},"url":"https:\/\/www.noticiasradioreflejos.com.ar\/2021\/author\/arnaldo\/"}]}},"_links":{"self":[{"href":"https:\/\/www.noticiasradioreflejos.com.ar\/2021\/wp-json\/wp\/v2\/posts\/51576","targetHints":{"allow":["GET"]}}],"collection":[{"href":"https:\/\/www.noticiasradioreflejos.com.ar\/2021\/wp-json\/wp\/v2\/posts"}],"about":[{"href":"https:\/\/www.noticiasradioreflejos.com.ar\/2021\/wp-json\/wp\/v2\/types\/post"}],"author":[{"embeddable":true,"href":"https:\/\/www.noticiasradioreflejos.com.ar\/2021\/wp-json\/wp\/v2\/users\/3"}],"replies":[{"embeddable":true,"href":"https:\/\/www.noticiasradioreflejos.com.ar\/2021\/wp-json\/wp\/v2\/comments?post=51576"}],"version-history":[{"count":0,"href":"https:\/\/www.noticiasradioreflejos.com.ar\/2021\/wp-json\/wp\/v2\/posts\/51576\/revisions"}],"wp:featuredmedia":[{"embeddable":true,"href":"https:\/\/www.noticiasradioreflejos.com.ar\/2021\/wp-json\/"}],"wp:attachment":[{"href":"https:\/\/www.noticiasradioreflejos.com.ar\/2021\/wp-json\/wp\/v2\/media?parent=51576"}],"wp:term":[{"taxonomy":"category","embeddable":true,"href":"https:\/\/www.noticiasradioreflejos.com.ar\/2021\/wp-json\/wp\/v2\/categories?post=51576"},{"taxonomy":"post_tag","embeddable":true,"href":"https:\/\/www.noticiasradioreflejos.com.ar\/2021\/wp-json\/wp\/v2\/tags?post=51576"}],"curies":[{"name":"wp","href":"https:\/\/api.w.org\/{rel}","templated":true}]}}