{"id":51573,"date":"2021-01-22T09:46:03","date_gmt":"2021-01-22T12:46:03","guid":{"rendered":"http:\/\/www.noticiasradioreflejos.com.ar\/noticias\/?p=51573"},"modified":"2021-01-22T09:46:03","modified_gmt":"2021-01-22T12:46:03","slug":"monte-hermoso-brutal-asalto-a-un-comerciante-y-una-casa-desvalijada","status":"publish","type":"post","link":"https:\/\/www.noticiasradioreflejos.com.ar\/2021\/monte-hermoso-brutal-asalto-a-un-comerciante-y-una-casa-desvalijada\/","title":{"rendered":"Monte Hermoso: brutal asalto a un comerciante y una casa desvalijada"},"content":{"rendered":"<p>En el primero de los hechos golpearon al due\u00f1o de conocido autoservicio y se alzaron con una abultada suma de dinero. En el otro, aprovecharon que los veraneantes hab\u00edan salido a cenar y se llevaron hasta la ropa.<!--more--><\/p>\n<div class=\"mvp-post-main-out left relative\">\n<div class=\"mvp-post-main-in\">\n<div id=\"mvp-post-content\" class=\"left relative\">\n<div id=\"mvp-post-feat-img\" class=\"left relative mvp-post-feat-img-wide2\"><img loading=\"lazy\" decoding=\"async\" class=\"attachment- size- wp-post-image\" src=\"https:\/\/www.labrujula24.com\/wp-content\/uploads\/2021\/01\/patrullero.jpg\" sizes=\"auto, (max-width: 1200px) 100vw, 1200px\" srcset=\"https:\/\/www.labrujula24.com\/wp-content\/uploads\/2021\/01\/patrullero.jpg 1200w, https:\/\/www.labrujula24.com\/wp-content\/uploads\/2021\/01\/patrullero-768x461.jpg 768w, https:\/\/www.labrujula24.com\/wp-content\/uploads\/2021\/01\/patrullero-1000x600.jpg 1000w, https:\/\/www.labrujula24.com\/wp-content\/uploads\/2021\/01\/patrullero-590x354.jpg 590w, https:\/\/www.labrujula24.com\/wp-content\/uploads\/2021\/01\/patrullero-400x240.jpg 400w\" alt=\"\" width=\"1200\" height=\"720\" \/><\/div>\n<div id=\"mvp-content-wrap\" class=\"left relative\">\n<div class=\"mvp-post-soc-out right relative\">\n<div class=\"mvp-post-soc-in\">\n<div id=\"mvp-content-body\" class=\"left relative\">\n<div id=\"mvp-content-body-top\" class=\"left relative\">\n<div id=\"mvp-content-main\" class=\"left relative\">\n<div id=\"textbody\">\n<div class=\"code-block code-block-9\"><\/div>\n<div class=\"code-block code-block-2\"><\/div>\n<p>La calma de Monte Hermoso se vio sorpresivamente alterada por un par de hechos de inseguridad, en plena temporada alta donde el movimiento en las calles es alto con relaci\u00f3n al invierno. En ambos casos, los ribetes de los il\u00edcitos son graves y cuantiosos.<\/p>\n<figure><iframe loading=\"lazy\" src=\"https:\/\/w.soundcloud.com\/player\/?url=https%3A\/\/api.soundcloud.com\/tracks\/970529965&amp;color=%233597c6&amp;auto_play=false&amp;hide_related=true&amp;show_comments=false&amp;show_user=true&amp;show_reposts=false&amp;show_teaser=false\" width=\"100%\" height=\"166\"><\/iframe><\/figure>\n<p>El primero de los hechos tuvo lugar anoche, minutos antes de la madrugada y en el cual result\u00f3 v\u00edctima un conocido comerciante de la vecina localidad balnearia, cuando se dispon\u00eda a ingresar a su domicilio de R\u00edo Asunci\u00f3n al 500.<\/p>\n<div class=\"code-block code-block-11\"><\/div>\n<p>Seg\u00fan relat\u00f3 Edgardo Mastr\u00e1ngelo, de 52 a\u00f1os, fue abordado por dos sujetos armados con pistolas 9 mil\u00edmetros y encapuchados, quienes de manera muy violenta le solicitaron que les entregue dinero.<\/p>\n<p>R\u00e1pidamente, los malvivientes se alzaron con la plata prevista para pagarle a los proveedores de su supermercado ubicado en San Mart\u00edn al 900. Fueron directamente a la guantera y, frente a la insistencia de los ladrones, les suministr\u00f3 otra parte del bot\u00edn (oculto debajo del asiento de su veh\u00edculo) en el que se inclu\u00eda la recaudaci\u00f3n de la semana.<\/p>\n<div class=\"code-block code-block-1\"><\/div>\n<p>Fuentes consultadas por la redacci\u00f3n de este diario digital se\u00f1alaron que al titular del conocido autoservicio llamado Rosarino 2 fue ingresado a la fuerza a su domicilio, atado con precintos y hasta lo golpearon en la cabeza.<\/p>\n<p>Las primeras pesquisas de la Polic\u00eda sostienen que los vecinos del sector no observaron nada. Adem\u00e1s, confirmaron que el domicilio de Mastr\u00e1ngelo no tiene c\u00e1maras de seguridad.<\/p>\n<p>Casi en simult\u00e1neo, Gabriela Cuesta, doctora bahiense que se encuentra descansando en la ciudad revel\u00f3 en di\u00e1logo con\u00a0<strong>LA BR\u00daJULA 24<\/strong>\u00a0que cerca de las 23, fue a cenar junto a su familia a un parador y, cuando regresaron, encontraron total desorden y casi ninguna de sus pertenencias.<\/p>\n<div class=\"wp-block-image\">\n<figure class=\"aligncenter size-large is-resized\"><img loading=\"lazy\" decoding=\"async\" class=\"wp-image-102655\" src=\"https:\/\/www.labrujula24.com\/wp-content\/uploads\/2021\/01\/robo-2.jpg\" alt=\"\" width=\"384\" height=\"512\" \/><\/figure>\n<\/div>\n<p>\u00abEs la tercera vez que pasamos un robo de estas caracter\u00edsticas y esta vez fue estando ac\u00e1 en Monte. Es una verg\u00fcenza, nadie te da soluciones. Uno viene a pasarla bien y se encuentra con esto. En una hora te sacan todo\u00bb, detall\u00f3 la mujer, visiblemente dolida y confirmando que su inmueble est\u00e1 en la zona c\u00e9ntrica, cerca del Parador Rojo.<\/p>\n<p>Por \u00faltimo, cuando hizo un recuento de lo sustra\u00eddo, sintetiz\u00f3: \u00abSe llevaron toda la ropa, los pocos elementos de tecnolog\u00eda que hab\u00eda y tambi\u00e9n plata en efectivo\u00bb.<\/p>\n<\/div>\n<\/div>\n<\/div>\n<\/div>\n<\/div>\n<\/div>\n<\/div>\n<\/div>\n<\/div>\n<\/div>\n","protected":false},"excerpt":{"rendered":"<p>En el primero de los hechos golpearon al due\u00f1o de conocido autoservicio y se alzaron con una abultada suma de dinero. En el otro, aprovecharon que los veraneantes hab\u00edan salido a cenar y se llevaron hasta la ropa.<\/p>\n","protected":false},"author":3,"featured_media":0,"comment_status":"closed","ping_status":"open","sticky":false,"template":"","format":"standard","meta":{"footnotes":""},"categories":[29],"tags":[],"class_list":["post-51573","post","type-post","status-publish","format-standard","hentry","category-policiales"],"yoast_head":"<!-- This site is optimized with the Yoast SEO plugin v25.9 - https:\/\/yoast.com\/wordpress\/plugins\/seo\/ -->\n<title>Monte Hermoso: brutal asalto a un comerciante y una casa desvalijada - Noticias Radio Reflejos<\/title>\n<meta name=\"robots\" content=\"index, follow, max-snippet:-1, max-image-preview:large, max-video-preview:-1\" \/>\n<link rel=\"canonical\" href=\"https:\/\/www.noticiasradioreflejos.com.ar\/2021\/monte-hermoso-brutal-asalto-a-un-comerciante-y-una-casa-desvalijada\/\" \/>\n<meta property=\"og:locale\" content=\"es_ES\" \/>\n<meta property=\"og:type\" content=\"article\" \/>\n<meta property=\"og:title\" content=\"Monte Hermoso: brutal asalto a un comerciante y una casa desvalijada - Noticias Radio Reflejos\" \/>\n<meta property=\"og:description\" content=\"En el primero de los hechos golpearon al due\u00f1o de conocido autoservicio y se alzaron con una abultada suma de dinero. En el otro, aprovecharon que los veraneantes hab\u00edan salido a cenar y se llevaron hasta la ropa.\" \/>\n<meta property=\"og:url\" content=\"https:\/\/www.noticiasradioreflejos.com.ar\/2021\/monte-hermoso-brutal-asalto-a-un-comerciante-y-una-casa-desvalijada\/\" \/>\n<meta property=\"og:site_name\" content=\"Noticias Radio Reflejos\" \/>\n<meta property=\"article:published_time\" content=\"2021-01-22T12:46:03+00:00\" \/>\n<meta property=\"og:image\" content=\"https:\/\/www.labrujula24.com\/wp-content\/uploads\/2021\/01\/patrullero.jpg\" \/>\n<meta name=\"author\" content=\"Arnaldo Botto\" \/>\n<meta name=\"twitter:card\" content=\"summary_large_image\" \/>\n<script type=\"application\/ld+json\" class=\"yoast-schema-graph\">{\"@context\":\"https:\/\/schema.org\",\"@graph\":[{\"@type\":\"WebPage\",\"@id\":\"https:\/\/www.noticiasradioreflejos.com.ar\/2021\/monte-hermoso-brutal-asalto-a-un-comerciante-y-una-casa-desvalijada\/\",\"url\":\"https:\/\/www.noticiasradioreflejos.com.ar\/2021\/monte-hermoso-brutal-asalto-a-un-comerciante-y-una-casa-desvalijada\/\",\"name\":\"Monte Hermoso: brutal asalto a un comerciante y una casa desvalijada - Noticias Radio Reflejos\",\"isPartOf\":{\"@id\":\"https:\/\/www.noticiasradioreflejos.com.ar\/2021\/#website\"},\"primaryImageOfPage\":{\"@id\":\"https:\/\/www.noticiasradioreflejos.com.ar\/2021\/monte-hermoso-brutal-asalto-a-un-comerciante-y-una-casa-desvalijada\/#primaryimage\"},\"image\":{\"@id\":\"https:\/\/www.noticiasradioreflejos.com.ar\/2021\/monte-hermoso-brutal-asalto-a-un-comerciante-y-una-casa-desvalijada\/#primaryimage\"},\"thumbnailUrl\":\"https:\/\/www.labrujula24.com\/wp-content\/uploads\/2021\/01\/patrullero.jpg\",\"datePublished\":\"2021-01-22T12:46:03+00:00\",\"author\":{\"@id\":\"https:\/\/www.noticiasradioreflejos.com.ar\/2021\/#\/schema\/person\/ad82545263dcc5ec0996818884fd5fb1\"},\"breadcrumb\":{\"@id\":\"https:\/\/www.noticiasradioreflejos.com.ar\/2021\/monte-hermoso-brutal-asalto-a-un-comerciante-y-una-casa-desvalijada\/#breadcrumb\"},\"inLanguage\":\"es\",\"potentialAction\":[{\"@type\":\"ReadAction\",\"target\":[\"https:\/\/www.noticiasradioreflejos.com.ar\/2021\/monte-hermoso-brutal-asalto-a-un-comerciante-y-una-casa-desvalijada\/\"]}]},{\"@type\":\"ImageObject\",\"inLanguage\":\"es\",\"@id\":\"https:\/\/www.noticiasradioreflejos.com.ar\/2021\/monte-hermoso-brutal-asalto-a-un-comerciante-y-una-casa-desvalijada\/#primaryimage\",\"url\":\"https:\/\/www.labrujula24.com\/wp-content\/uploads\/2021\/01\/patrullero.jpg\",\"contentUrl\":\"https:\/\/www.labrujula24.com\/wp-content\/uploads\/2021\/01\/patrullero.jpg\"},{\"@type\":\"BreadcrumbList\",\"@id\":\"https:\/\/www.noticiasradioreflejos.com.ar\/2021\/monte-hermoso-brutal-asalto-a-un-comerciante-y-una-casa-desvalijada\/#breadcrumb\",\"itemListElement\":[{\"@type\":\"ListItem\",\"position\":1,\"name\":\"Portada\",\"item\":\"https:\/\/www.noticiasradioreflejos.com.ar\/2021\/\"},{\"@type\":\"ListItem\",\"position\":2,\"name\":\"Monte Hermoso: brutal asalto a un comerciante y una casa desvalijada\"}]},{\"@type\":\"WebSite\",\"@id\":\"https:\/\/www.noticiasradioreflejos.com.ar\/2021\/#website\",\"url\":\"https:\/\/www.noticiasradioreflejos.com.ar\/2021\/\",\"name\":\"Noticias Radio Reflejos\",\"description\":\"Las noticias de mi comarca\",\"potentialAction\":[{\"@type\":\"SearchAction\",\"target\":{\"@type\":\"EntryPoint\",\"urlTemplate\":\"https:\/\/www.noticiasradioreflejos.com.ar\/2021\/?s={search_term_string}\"},\"query-input\":{\"@type\":\"PropertyValueSpecification\",\"valueRequired\":true,\"valueName\":\"search_term_string\"}}],\"inLanguage\":\"es\"},{\"@type\":\"Person\",\"@id\":\"https:\/\/www.noticiasradioreflejos.com.ar\/2021\/#\/schema\/person\/ad82545263dcc5ec0996818884fd5fb1\",\"name\":\"Arnaldo Botto\",\"image\":{\"@type\":\"ImageObject\",\"inLanguage\":\"es\",\"@id\":\"https:\/\/www.noticiasradioreflejos.com.ar\/2021\/#\/schema\/person\/image\/\",\"url\":\"https:\/\/secure.gravatar.com\/avatar\/55cb5e37c1efa326397366e6974cb338056df65cb50e7d64d1cf314e87504837?s=96&d=mm&r=g\",\"contentUrl\":\"https:\/\/secure.gravatar.com\/avatar\/55cb5e37c1efa326397366e6974cb338056df65cb50e7d64d1cf314e87504837?s=96&d=mm&r=g\",\"caption\":\"Arnaldo Botto\"},\"url\":\"https:\/\/www.noticiasradioreflejos.com.ar\/2021\/author\/arnaldo\/\"}]}<\/script>\n<!-- \/ Yoast SEO plugin. -->","yoast_head_json":{"title":"Monte Hermoso: brutal asalto a un comerciante y una casa desvalijada - Noticias Radio Reflejos","robots":{"index":"index","follow":"follow","max-snippet":"max-snippet:-1","max-image-preview":"max-image-preview:large","max-video-preview":"max-video-preview:-1"},"canonical":"https:\/\/www.noticiasradioreflejos.com.ar\/2021\/monte-hermoso-brutal-asalto-a-un-comerciante-y-una-casa-desvalijada\/","og_locale":"es_ES","og_type":"article","og_title":"Monte Hermoso: brutal asalto a un comerciante y una casa desvalijada - Noticias Radio Reflejos","og_description":"En el primero de los hechos golpearon al due\u00f1o de conocido autoservicio y se alzaron con una abultada suma de dinero. En el otro, aprovecharon que los veraneantes hab\u00edan salido a cenar y se llevaron hasta la ropa.","og_url":"https:\/\/www.noticiasradioreflejos.com.ar\/2021\/monte-hermoso-brutal-asalto-a-un-comerciante-y-una-casa-desvalijada\/","og_site_name":"Noticias Radio Reflejos","article_published_time":"2021-01-22T12:46:03+00:00","og_image":[{"url":"https:\/\/www.labrujula24.com\/wp-content\/uploads\/2021\/01\/patrullero.jpg","type":"","width":"","height":""}],"author":"Arnaldo Botto","twitter_card":"summary_large_image","schema":{"@context":"https:\/\/schema.org","@graph":[{"@type":"WebPage","@id":"https:\/\/www.noticiasradioreflejos.com.ar\/2021\/monte-hermoso-brutal-asalto-a-un-comerciante-y-una-casa-desvalijada\/","url":"https:\/\/www.noticiasradioreflejos.com.ar\/2021\/monte-hermoso-brutal-asalto-a-un-comerciante-y-una-casa-desvalijada\/","name":"Monte Hermoso: brutal asalto a un comerciante y una casa desvalijada - Noticias Radio Reflejos","isPartOf":{"@id":"https:\/\/www.noticiasradioreflejos.com.ar\/2021\/#website"},"primaryImageOfPage":{"@id":"https:\/\/www.noticiasradioreflejos.com.ar\/2021\/monte-hermoso-brutal-asalto-a-un-comerciante-y-una-casa-desvalijada\/#primaryimage"},"image":{"@id":"https:\/\/www.noticiasradioreflejos.com.ar\/2021\/monte-hermoso-brutal-asalto-a-un-comerciante-y-una-casa-desvalijada\/#primaryimage"},"thumbnailUrl":"https:\/\/www.labrujula24.com\/wp-content\/uploads\/2021\/01\/patrullero.jpg","datePublished":"2021-01-22T12:46:03+00:00","author":{"@id":"https:\/\/www.noticiasradioreflejos.com.ar\/2021\/#\/schema\/person\/ad82545263dcc5ec0996818884fd5fb1"},"breadcrumb":{"@id":"https:\/\/www.noticiasradioreflejos.com.ar\/2021\/monte-hermoso-brutal-asalto-a-un-comerciante-y-una-casa-desvalijada\/#breadcrumb"},"inLanguage":"es","potentialAction":[{"@type":"ReadAction","target":["https:\/\/www.noticiasradioreflejos.com.ar\/2021\/monte-hermoso-brutal-asalto-a-un-comerciante-y-una-casa-desvalijada\/"]}]},{"@type":"ImageObject","inLanguage":"es","@id":"https:\/\/www.noticiasradioreflejos.com.ar\/2021\/monte-hermoso-brutal-asalto-a-un-comerciante-y-una-casa-desvalijada\/#primaryimage","url":"https:\/\/www.labrujula24.com\/wp-content\/uploads\/2021\/01\/patrullero.jpg","contentUrl":"https:\/\/www.labrujula24.com\/wp-content\/uploads\/2021\/01\/patrullero.jpg"},{"@type":"BreadcrumbList","@id":"https:\/\/www.noticiasradioreflejos.com.ar\/2021\/monte-hermoso-brutal-asalto-a-un-comerciante-y-una-casa-desvalijada\/#breadcrumb","itemListElement":[{"@type":"ListItem","position":1,"name":"Portada","item":"https:\/\/www.noticiasradioreflejos.com.ar\/2021\/"},{"@type":"ListItem","position":2,"name":"Monte Hermoso: brutal asalto a un comerciante y una casa desvalijada"}]},{"@type":"WebSite","@id":"https:\/\/www.noticiasradioreflejos.com.ar\/2021\/#website","url":"https:\/\/www.noticiasradioreflejos.com.ar\/2021\/","name":"Noticias Radio Reflejos","description":"Las noticias de mi comarca","potentialAction":[{"@type":"SearchAction","target":{"@type":"EntryPoint","urlTemplate":"https:\/\/www.noticiasradioreflejos.com.ar\/2021\/?s={search_term_string}"},"query-input":{"@type":"PropertyValueSpecification","valueRequired":true,"valueName":"search_term_string"}}],"inLanguage":"es"},{"@type":"Person","@id":"https:\/\/www.noticiasradioreflejos.com.ar\/2021\/#\/schema\/person\/ad82545263dcc5ec0996818884fd5fb1","name":"Arnaldo Botto","image":{"@type":"ImageObject","inLanguage":"es","@id":"https:\/\/www.noticiasradioreflejos.com.ar\/2021\/#\/schema\/person\/image\/","url":"https:\/\/secure.gravatar.com\/avatar\/55cb5e37c1efa326397366e6974cb338056df65cb50e7d64d1cf314e87504837?s=96&d=mm&r=g","contentUrl":"https:\/\/secure.gravatar.com\/avatar\/55cb5e37c1efa326397366e6974cb338056df65cb50e7d64d1cf314e87504837?s=96&d=mm&r=g","caption":"Arnaldo Botto"},"url":"https:\/\/www.noticiasradioreflejos.com.ar\/2021\/author\/arnaldo\/"}]}},"_links":{"self":[{"href":"https:\/\/www.noticiasradioreflejos.com.ar\/2021\/wp-json\/wp\/v2\/posts\/51573","targetHints":{"allow":["GET"]}}],"collection":[{"href":"https:\/\/www.noticiasradioreflejos.com.ar\/2021\/wp-json\/wp\/v2\/posts"}],"about":[{"href":"https:\/\/www.noticiasradioreflejos.com.ar\/2021\/wp-json\/wp\/v2\/types\/post"}],"author":[{"embeddable":true,"href":"https:\/\/www.noticiasradioreflejos.com.ar\/2021\/wp-json\/wp\/v2\/users\/3"}],"replies":[{"embeddable":true,"href":"https:\/\/www.noticiasradioreflejos.com.ar\/2021\/wp-json\/wp\/v2\/comments?post=51573"}],"version-history":[{"count":0,"href":"https:\/\/www.noticiasradioreflejos.com.ar\/2021\/wp-json\/wp\/v2\/posts\/51573\/revisions"}],"wp:attachment":[{"href":"https:\/\/www.noticiasradioreflejos.com.ar\/2021\/wp-json\/wp\/v2\/media?parent=51573"}],"wp:term":[{"taxonomy":"category","embeddable":true,"href":"https:\/\/www.noticiasradioreflejos.com.ar\/2021\/wp-json\/wp\/v2\/categories?post=51573"},{"taxonomy":"post_tag","embeddable":true,"href":"https:\/\/www.noticiasradioreflejos.com.ar\/2021\/wp-json\/wp\/v2\/tags?post=51573"}],"curies":[{"name":"wp","href":"https:\/\/api.w.org\/{rel}","templated":true}]}}