{"id":51561,"date":"2021-01-22T08:18:18","date_gmt":"2021-01-22T11:18:18","guid":{"rendered":"http:\/\/www.noticiasradioreflejos.com.ar\/noticias\/?p=51561"},"modified":"2021-01-22T08:18:18","modified_gmt":"2021-01-22T11:18:18","slug":"infocoa-pato-barcino-o-pato-maicero","status":"publish","type":"post","link":"https:\/\/www.noticiasradioreflejos.com.ar\/2021\/infocoa-pato-barcino-o-pato-maicero\/","title":{"rendered":"Infocoa &#8211; \u00bf Pato barcino o pato maicero ?"},"content":{"rendered":"<p>Los Patos tienen el pico ancho y aplanado, alas muy bien desarrolladas, cuerpo comprimido, sus patas cortas y retrasadas con tres dedos unidos por membranas. Todo esto hace que sean excelentes nadando y volando, pero que deambulen lentamente en tierra.<!--more--><\/p>\n<p>Pertenecen a la <em>Familia Anatidae<\/em> en la que junto a los Cisnes, los Cauquenes y los Gansos\u00a0 suman 38 especies en nuestro pa\u00eds. Los hay de diferentes tama\u00f1os, de bellos y coloridos plumajes, con picos rojos, celestes, negros, azulados, amarillos, con cara o garganta blanca, con ojos rojos, todos detalles caracter\u00edsticos que facilitan la identificaci\u00f3n.<\/p>\n<p>En nuestra zona, podemos encontrar casi la mitad de las especies, pero resulta que los m\u00e1s frecuentes de ver -en estas serran\u00edas- son el Pato Barcino y el Pato Maicero, ambos de plumajes pardos con brillante pico amarillo y negro, que pueden confundir a quien se inicie en la observaci\u00f3n. Haremos una sencilla descripci\u00f3n de cada uno.<\/p>\n<p>El Pato Barcino (<em>Anas flavirostris<\/em>) mide unos 38 cm, tiene el pico amarillo con negro en la parte dorsal y punta, su cabeza y corto cuello son m\u00e1s oscuros que su cuerpo, que dorsalmente es negruzco y pardo y, en sus flancos, gris\u00e1ceo liso. Tiene frente protuberante \u00a0y, \u00a0si \u00a0lo observamos al abrir sus alas, veremos un verde met\u00e1lico. Anida frecuentemente en \u00e1rboles y su voz es un agudo silbido.<br \/>\n<iframe loading=\"lazy\" src=\"https:\/\/w.soundcloud.com\/player\/?url=https%3A\/\/api.soundcloud.com\/tracks\/970495921&amp;color=%23ff5500&amp;auto_play=false&amp;hide_related=false&amp;show_comments=true&amp;show_user=true&amp;show_reposts=false&amp;show_teaser=true\" width=\"100%\" height=\"166\" frameborder=\"no\" scrolling=\"no\"><\/iframe><\/p>\n<div style=\"font-size: 10px; color: #cccccc; line-break: anywhere; word-break: normal; overflow: hidden; white-space: nowrap; text-overflow: ellipsis; font-family: Interstate,Lucida Grande,Lucida Sans Unicode,Lucida Sans,Garuda,Verdana,Tahoma,sans-serif; font-weight: 100;\"><a style=\"color: #cccccc; text-decoration: none;\" title=\"fmreflejos 103.7\" href=\"https:\/\/soundcloud.com\/fmreflejos-103-7\" target=\"_blank\" rel=\"noopener\">fmreflejos 103.7<\/a> \u00b7 <a style=\"color: #cccccc; text-decoration: none;\" title=\"Audio Pato BARCINO\" href=\"https:\/\/soundcloud.com\/fmreflejos-103-7\/audio-pato-barcino\" target=\"_blank\" rel=\"noopener\">Audio Pato BARCINO<\/a><\/div>\n<p><a title=\"pato barcino (1)\" href=\"http:\/\/live.staticflickr.com\/65535\/50862745372_b0afe57643_s.jpg\" rel=\"\"><img loading=\"lazy\" decoding=\"async\" class=\"alignleft\" style=\"float: left;\" title=\"pato barcino (1)\" src=\"http:\/\/live.staticflickr.com\/65535\/50862745372_b0afe57643_n.jpg\" alt=\"pato barcino (1)\" width=\"320\" height=\"240\" \/><\/a><a title=\"pato barcino (3)\" href=\"http:\/\/live.staticflickr.com\/65535\/50862643116_b73ae3b6e0_s.jpg\" rel=\"\"><img loading=\"lazy\" decoding=\"async\" class=\"alignright\" style=\"float: right;\" title=\"pato barcino (3)\" src=\"http:\/\/live.staticflickr.com\/65535\/50862643116_b73ae3b6e0_n.jpg\" alt=\"pato barcino (3)\" width=\"320\" height=\"240\" \/><\/a><\/p>\n<p>&nbsp;<\/p>\n<p>&nbsp;<\/p>\n<p>&nbsp;<\/p>\n<p>&nbsp;<\/p>\n<p>&nbsp;<\/p>\n<p>&nbsp;<\/p>\n<p>&nbsp;<\/p>\n<p>&nbsp;<\/p>\n<p>El Pato Maicero (<em>Anas georgica<\/em>) es m\u00e1s grande, de unos 48 cm, su pico es amarillo y negro pero con el extremo\u00a0 azulado, la cabeza es marr\u00f3n suave sobre un largo cuello con tonos ocres, el dorso pardo oscuro y lateralmente gris\u00e1ceo con manchas pardas. La cola es puntiaguda y un poco m\u00e1s corta en las hembras. Hace su nido en el suelo entre pastos y bases de arbustos, y su voz es un silbido algo m\u00e1s grave que el anterior.<\/p>\n<p><a title=\"pato maicero (1)\" href=\"http:\/\/live.staticflickr.com\/65535\/50862643136_035c40354f_s.jpg\" rel=\"\"><img loading=\"lazy\" decoding=\"async\" class=\"alignleft\" style=\"float: left;\" title=\"pato maicero (1)\" src=\"http:\/\/live.staticflickr.com\/65535\/50862643136_035c40354f_n.jpg\" alt=\"pato maicero (1)\" width=\"320\" height=\"240\" \/><\/a><a title=\"pato maicero (3)\" href=\"http:\/\/live.staticflickr.com\/65535\/50862643141_1c5a139eb2_s.jpg\" rel=\"\"><img loading=\"lazy\" decoding=\"async\" class=\"alignright\" style=\"float: right;\" title=\"pato maicero (3)\" src=\"http:\/\/live.staticflickr.com\/65535\/50862643141_1c5a139eb2_n.jpg\" alt=\"pato maicero (3)\" width=\"320\" height=\"240\" \/><\/a><\/p>\n<p>&nbsp;<\/p>\n<p>&nbsp;<\/p>\n<p>&nbsp;<\/p>\n<p>&nbsp;<\/p>\n<p>&nbsp;<\/p>\n<p>&nbsp;<\/p>\n<p>&nbsp;<\/p>\n<p>Estas dos especies suelen compartir espacios. Entonces&#8230; \u00bfc\u00f3mo identificarlos?<\/p>\n<p>Si encontramos un pato con pico amarillo y negro tengamos en cuenta lo siguiente:<\/p>\n<ul>\n<li>Si tiene cuello largo y claro, frente no protuberante, cola puntiaguda y flancos manchados, seguramente es <strong>Pato Maicero<\/strong>.<\/li>\n<\/ul>\n<p><a title=\"pato maicero (2)\" href=\"http:\/\/live.staticflickr.com\/65535\/50862745492_d7ecb8dcc2_s.jpg\" rel=\"\"><img loading=\"lazy\" decoding=\"async\" class=\"aligncenter\" title=\"pato maicero (2)\" src=\"http:\/\/live.staticflickr.com\/65535\/50862745492_d7ecb8dcc2_z.jpg\" alt=\"pato maicero (2)\" width=\"640\" height=\"480\" \/><\/a><\/p>\n<ul>\n<li>Si es relativamente peque\u00f1o, con cuello corto, cabeza con frente protuberante m\u00e1s oscura que el cuerpo y flancos lisos, seguramente ser\u00e1 un <strong>Pato Barcino<\/strong>. Y-si lo encontr\u00e1s anidando con las Cotorras- ponele la firma.<\/li>\n<\/ul>\n<p><a title=\"pato barcino (2)\" href=\"http:\/\/live.staticflickr.com\/65535\/50861929123_7303b9659d_s.jpg\" rel=\"\"><img loading=\"lazy\" decoding=\"async\" class=\"aligncenter\" title=\"pato barcino (2)\" src=\"http:\/\/live.staticflickr.com\/65535\/50861929123_7303b9659d_z.jpg\" alt=\"pato barcino (2)\" width=\"640\" height=\"480\" \/><\/a><a title=\"pato maicero (2)\" href=\"http:\/\/live.staticflickr.com\/65535\/50862745492_d7ecb8dcc2_s.jpg\" rel=\"\"><br \/>\n<\/a><\/p>\n<p>Nuestra bandada es abierta y te est\u00e1 esperando. \u00a1\u00a1Sumate!!<\/p>\n<p><iframe loading=\"lazy\" src=\"https:\/\/www.youtube.com\/embed\/yo82oZSfkYY\" width=\"560\" height=\"315\" frameborder=\"0\" allowfullscreen=\"allowfullscreen\"><\/iframe><\/p>\n<p><span style=\"color: #008080;\"><strong>Fotos de Pedro D. Cabrera<\/strong><\/span><\/p>\n<p><span style=\"color: #008080;\"><strong>Texto narrativo de Gaby&amp;Pedro<\/strong><\/span><\/p>\n<p>&nbsp;<\/p>\n<p>Pod\u00e9s comunicarte con nosotros por estas 3 v\u00edas:<\/p>\n<p><strong> \u00a0\u00ab<a href=\"http:\/\/COA Gaucho Serrano de Villa Ventana\">COA Gaucho Serrano de Villa Ventana<\/a>\u00ab<\/strong><\/p>\n<p><strong>\u00ab<a href=\"http:\/\/@coagauchoserranovv\">@coagauchoserranovv<\/a>\u00ab<\/strong><\/p>\n<p><a href=\"http:\/\/&quot;coa.villaventana@avesargentinas.org.ar&quot;\"><strong>\u00a0\u00abcoa.villaventana@avesargentinas.org.ar\u00bb<\/strong><\/a><\/p>\n<p>&nbsp;<\/p>\n<p><a title=\"coa\" href=\"http:\/\/live.staticflickr.com\/65535\/50862643256_65fa5ac348_s.jpg\" rel=\"\"><img loading=\"lazy\" decoding=\"async\" class=\"alignleft\" style=\"float: left;\" title=\"coa\" src=\"http:\/\/live.staticflickr.com\/65535\/50862643256_65fa5ac348_w.jpg\" alt=\"coa\" width=\"400\" height=\"400\" \/><\/a><a title=\"Aves Argentinas\" href=\"http:\/\/live.staticflickr.com\/65535\/50862745557_c5317cf396_s.jpg\" rel=\"\"><img loading=\"lazy\" decoding=\"async\" class=\"alignright\" style=\"float: right;\" title=\"Aves Argentinas\" src=\"http:\/\/live.staticflickr.com\/65535\/50862745557_c5317cf396_w.jpg\" alt=\"Aves Argentinas\" width=\"400\" height=\"352\" \/><\/a><\/p>\n<p>&nbsp;<\/p>\n","protected":false},"excerpt":{"rendered":"<p>Los Patos tienen el pico ancho y aplanado, alas muy bien desarrolladas, cuerpo comprimido, sus patas cortas y retrasadas con tres dedos unidos por membranas. Todo esto hace que sean excelentes nadando y volando, pero que deambulen lentamente en tierra.<\/p>\n","protected":false},"author":3,"featured_media":51572,"comment_status":"closed","ping_status":"open","sticky":false,"template":"","format":"standard","meta":{"footnotes":""},"categories":[35],"tags":[],"class_list":["post-51561","post","type-post","status-publish","format-standard","has-post-thumbnail","hentry","category-cultura"],"yoast_head":"<!-- This site is optimized with the Yoast SEO plugin v25.9 - https:\/\/yoast.com\/wordpress\/plugins\/seo\/ -->\n<title>Infocoa - \u00bf Pato barcino o pato maicero ? - Noticias Radio Reflejos<\/title>\n<meta name=\"robots\" content=\"index, follow, max-snippet:-1, max-image-preview:large, max-video-preview:-1\" \/>\n<link rel=\"canonical\" href=\"https:\/\/www.noticiasradioreflejos.com.ar\/2021\/infocoa-pato-barcino-o-pato-maicero\/\" \/>\n<meta property=\"og:locale\" content=\"es_ES\" \/>\n<meta property=\"og:type\" content=\"article\" \/>\n<meta property=\"og:title\" content=\"Infocoa - \u00bf Pato barcino o pato maicero ? - Noticias Radio Reflejos\" \/>\n<meta property=\"og:description\" content=\"Los Patos tienen el pico ancho y aplanado, alas muy bien desarrolladas, cuerpo comprimido, sus patas cortas y retrasadas con tres dedos unidos por membranas. Todo esto hace que sean excelentes nadando y volando, pero que deambulen lentamente en tierra.\" \/>\n<meta property=\"og:url\" content=\"https:\/\/www.noticiasradioreflejos.com.ar\/2021\/infocoa-pato-barcino-o-pato-maicero\/\" \/>\n<meta property=\"og:site_name\" content=\"Noticias Radio Reflejos\" \/>\n<meta property=\"article:published_time\" content=\"2021-01-22T11:18:18+00:00\" \/>\n<meta property=\"og:image\" content=\"https:\/\/www.noticiasradioreflejos.com.ar\/2021\/wp-content\/uploads\/2021\/07\/logosol300x200.png\" \/>\n\t<meta property=\"og:image:width\" content=\"300\" \/>\n\t<meta property=\"og:image:height\" content=\"200\" \/>\n\t<meta property=\"og:image:type\" content=\"image\/png\" \/>\n<meta name=\"author\" content=\"Arnaldo Botto\" \/>\n<meta name=\"twitter:card\" content=\"summary_large_image\" \/>\n<script type=\"application\/ld+json\" class=\"yoast-schema-graph\">{\"@context\":\"https:\/\/schema.org\",\"@graph\":[{\"@type\":\"WebPage\",\"@id\":\"https:\/\/www.noticiasradioreflejos.com.ar\/2021\/infocoa-pato-barcino-o-pato-maicero\/\",\"url\":\"https:\/\/www.noticiasradioreflejos.com.ar\/2021\/infocoa-pato-barcino-o-pato-maicero\/\",\"name\":\"Infocoa - \u00bf Pato barcino o pato maicero ? - Noticias Radio Reflejos\",\"isPartOf\":{\"@id\":\"https:\/\/www.noticiasradioreflejos.com.ar\/2021\/#website\"},\"primaryImageOfPage\":{\"@id\":\"https:\/\/www.noticiasradioreflejos.com.ar\/2021\/infocoa-pato-barcino-o-pato-maicero\/#primaryimage\"},\"image\":{\"@id\":\"https:\/\/www.noticiasradioreflejos.com.ar\/2021\/infocoa-pato-barcino-o-pato-maicero\/#primaryimage\"},\"thumbnailUrl\":\"\",\"datePublished\":\"2021-01-22T11:18:18+00:00\",\"author\":{\"@id\":\"https:\/\/www.noticiasradioreflejos.com.ar\/2021\/#\/schema\/person\/ad82545263dcc5ec0996818884fd5fb1\"},\"breadcrumb\":{\"@id\":\"https:\/\/www.noticiasradioreflejos.com.ar\/2021\/infocoa-pato-barcino-o-pato-maicero\/#breadcrumb\"},\"inLanguage\":\"es\",\"potentialAction\":[{\"@type\":\"ReadAction\",\"target\":[\"https:\/\/www.noticiasradioreflejos.com.ar\/2021\/infocoa-pato-barcino-o-pato-maicero\/\"]}]},{\"@type\":\"ImageObject\",\"inLanguage\":\"es\",\"@id\":\"https:\/\/www.noticiasradioreflejos.com.ar\/2021\/infocoa-pato-barcino-o-pato-maicero\/#primaryimage\",\"url\":\"\",\"contentUrl\":\"\"},{\"@type\":\"BreadcrumbList\",\"@id\":\"https:\/\/www.noticiasradioreflejos.com.ar\/2021\/infocoa-pato-barcino-o-pato-maicero\/#breadcrumb\",\"itemListElement\":[{\"@type\":\"ListItem\",\"position\":1,\"name\":\"Portada\",\"item\":\"https:\/\/www.noticiasradioreflejos.com.ar\/2021\/\"},{\"@type\":\"ListItem\",\"position\":2,\"name\":\"Infocoa &#8211; \u00bf Pato barcino o pato maicero ?\"}]},{\"@type\":\"WebSite\",\"@id\":\"https:\/\/www.noticiasradioreflejos.com.ar\/2021\/#website\",\"url\":\"https:\/\/www.noticiasradioreflejos.com.ar\/2021\/\",\"name\":\"Noticias Radio Reflejos\",\"description\":\"Las noticias de mi comarca\",\"potentialAction\":[{\"@type\":\"SearchAction\",\"target\":{\"@type\":\"EntryPoint\",\"urlTemplate\":\"https:\/\/www.noticiasradioreflejos.com.ar\/2021\/?s={search_term_string}\"},\"query-input\":{\"@type\":\"PropertyValueSpecification\",\"valueRequired\":true,\"valueName\":\"search_term_string\"}}],\"inLanguage\":\"es\"},{\"@type\":\"Person\",\"@id\":\"https:\/\/www.noticiasradioreflejos.com.ar\/2021\/#\/schema\/person\/ad82545263dcc5ec0996818884fd5fb1\",\"name\":\"Arnaldo Botto\",\"image\":{\"@type\":\"ImageObject\",\"inLanguage\":\"es\",\"@id\":\"https:\/\/www.noticiasradioreflejos.com.ar\/2021\/#\/schema\/person\/image\/\",\"url\":\"https:\/\/secure.gravatar.com\/avatar\/55cb5e37c1efa326397366e6974cb338056df65cb50e7d64d1cf314e87504837?s=96&d=mm&r=g\",\"contentUrl\":\"https:\/\/secure.gravatar.com\/avatar\/55cb5e37c1efa326397366e6974cb338056df65cb50e7d64d1cf314e87504837?s=96&d=mm&r=g\",\"caption\":\"Arnaldo Botto\"},\"url\":\"https:\/\/www.noticiasradioreflejos.com.ar\/2021\/author\/arnaldo\/\"}]}<\/script>\n<!-- \/ Yoast SEO plugin. -->","yoast_head_json":{"title":"Infocoa - \u00bf Pato barcino o pato maicero ? - Noticias Radio Reflejos","robots":{"index":"index","follow":"follow","max-snippet":"max-snippet:-1","max-image-preview":"max-image-preview:large","max-video-preview":"max-video-preview:-1"},"canonical":"https:\/\/www.noticiasradioreflejos.com.ar\/2021\/infocoa-pato-barcino-o-pato-maicero\/","og_locale":"es_ES","og_type":"article","og_title":"Infocoa - \u00bf Pato barcino o pato maicero ? - Noticias Radio Reflejos","og_description":"Los Patos tienen el pico ancho y aplanado, alas muy bien desarrolladas, cuerpo comprimido, sus patas cortas y retrasadas con tres dedos unidos por membranas. Todo esto hace que sean excelentes nadando y volando, pero que deambulen lentamente en tierra.","og_url":"https:\/\/www.noticiasradioreflejos.com.ar\/2021\/infocoa-pato-barcino-o-pato-maicero\/","og_site_name":"Noticias Radio Reflejos","article_published_time":"2021-01-22T11:18:18+00:00","og_image":[{"width":300,"height":200,"url":"https:\/\/www.noticiasradioreflejos.com.ar\/2021\/wp-content\/uploads\/2021\/07\/logosol300x200.png","type":"image\/png"}],"author":"Arnaldo Botto","twitter_card":"summary_large_image","schema":{"@context":"https:\/\/schema.org","@graph":[{"@type":"WebPage","@id":"https:\/\/www.noticiasradioreflejos.com.ar\/2021\/infocoa-pato-barcino-o-pato-maicero\/","url":"https:\/\/www.noticiasradioreflejos.com.ar\/2021\/infocoa-pato-barcino-o-pato-maicero\/","name":"Infocoa - \u00bf Pato barcino o pato maicero ? - Noticias Radio Reflejos","isPartOf":{"@id":"https:\/\/www.noticiasradioreflejos.com.ar\/2021\/#website"},"primaryImageOfPage":{"@id":"https:\/\/www.noticiasradioreflejos.com.ar\/2021\/infocoa-pato-barcino-o-pato-maicero\/#primaryimage"},"image":{"@id":"https:\/\/www.noticiasradioreflejos.com.ar\/2021\/infocoa-pato-barcino-o-pato-maicero\/#primaryimage"},"thumbnailUrl":"","datePublished":"2021-01-22T11:18:18+00:00","author":{"@id":"https:\/\/www.noticiasradioreflejos.com.ar\/2021\/#\/schema\/person\/ad82545263dcc5ec0996818884fd5fb1"},"breadcrumb":{"@id":"https:\/\/www.noticiasradioreflejos.com.ar\/2021\/infocoa-pato-barcino-o-pato-maicero\/#breadcrumb"},"inLanguage":"es","potentialAction":[{"@type":"ReadAction","target":["https:\/\/www.noticiasradioreflejos.com.ar\/2021\/infocoa-pato-barcino-o-pato-maicero\/"]}]},{"@type":"ImageObject","inLanguage":"es","@id":"https:\/\/www.noticiasradioreflejos.com.ar\/2021\/infocoa-pato-barcino-o-pato-maicero\/#primaryimage","url":"","contentUrl":""},{"@type":"BreadcrumbList","@id":"https:\/\/www.noticiasradioreflejos.com.ar\/2021\/infocoa-pato-barcino-o-pato-maicero\/#breadcrumb","itemListElement":[{"@type":"ListItem","position":1,"name":"Portada","item":"https:\/\/www.noticiasradioreflejos.com.ar\/2021\/"},{"@type":"ListItem","position":2,"name":"Infocoa &#8211; \u00bf Pato barcino o pato maicero ?"}]},{"@type":"WebSite","@id":"https:\/\/www.noticiasradioreflejos.com.ar\/2021\/#website","url":"https:\/\/www.noticiasradioreflejos.com.ar\/2021\/","name":"Noticias Radio Reflejos","description":"Las noticias de mi comarca","potentialAction":[{"@type":"SearchAction","target":{"@type":"EntryPoint","urlTemplate":"https:\/\/www.noticiasradioreflejos.com.ar\/2021\/?s={search_term_string}"},"query-input":{"@type":"PropertyValueSpecification","valueRequired":true,"valueName":"search_term_string"}}],"inLanguage":"es"},{"@type":"Person","@id":"https:\/\/www.noticiasradioreflejos.com.ar\/2021\/#\/schema\/person\/ad82545263dcc5ec0996818884fd5fb1","name":"Arnaldo Botto","image":{"@type":"ImageObject","inLanguage":"es","@id":"https:\/\/www.noticiasradioreflejos.com.ar\/2021\/#\/schema\/person\/image\/","url":"https:\/\/secure.gravatar.com\/avatar\/55cb5e37c1efa326397366e6974cb338056df65cb50e7d64d1cf314e87504837?s=96&d=mm&r=g","contentUrl":"https:\/\/secure.gravatar.com\/avatar\/55cb5e37c1efa326397366e6974cb338056df65cb50e7d64d1cf314e87504837?s=96&d=mm&r=g","caption":"Arnaldo Botto"},"url":"https:\/\/www.noticiasradioreflejos.com.ar\/2021\/author\/arnaldo\/"}]}},"_links":{"self":[{"href":"https:\/\/www.noticiasradioreflejos.com.ar\/2021\/wp-json\/wp\/v2\/posts\/51561","targetHints":{"allow":["GET"]}}],"collection":[{"href":"https:\/\/www.noticiasradioreflejos.com.ar\/2021\/wp-json\/wp\/v2\/posts"}],"about":[{"href":"https:\/\/www.noticiasradioreflejos.com.ar\/2021\/wp-json\/wp\/v2\/types\/post"}],"author":[{"embeddable":true,"href":"https:\/\/www.noticiasradioreflejos.com.ar\/2021\/wp-json\/wp\/v2\/users\/3"}],"replies":[{"embeddable":true,"href":"https:\/\/www.noticiasradioreflejos.com.ar\/2021\/wp-json\/wp\/v2\/comments?post=51561"}],"version-history":[{"count":0,"href":"https:\/\/www.noticiasradioreflejos.com.ar\/2021\/wp-json\/wp\/v2\/posts\/51561\/revisions"}],"wp:featuredmedia":[{"embeddable":true,"href":"https:\/\/www.noticiasradioreflejos.com.ar\/2021\/wp-json\/"}],"wp:attachment":[{"href":"https:\/\/www.noticiasradioreflejos.com.ar\/2021\/wp-json\/wp\/v2\/media?parent=51561"}],"wp:term":[{"taxonomy":"category","embeddable":true,"href":"https:\/\/www.noticiasradioreflejos.com.ar\/2021\/wp-json\/wp\/v2\/categories?post=51561"},{"taxonomy":"post_tag","embeddable":true,"href":"https:\/\/www.noticiasradioreflejos.com.ar\/2021\/wp-json\/wp\/v2\/tags?post=51561"}],"curies":[{"name":"wp","href":"https:\/\/api.w.org\/{rel}","templated":true}]}}