{"id":51558,"date":"2021-01-21T20:42:43","date_gmt":"2021-01-21T23:42:43","guid":{"rendered":"http:\/\/www.noticiasradioreflejos.com.ar\/noticias\/?p=51558"},"modified":"2021-01-21T20:42:43","modified_gmt":"2021-01-21T23:42:43","slug":"un-investigador-cree-haber-descifrado-el-misterio-del-monstruo-del-lago-ness","status":"publish","type":"post","link":"https:\/\/www.noticiasradioreflejos.com.ar\/2021\/un-investigador-cree-haber-descifrado-el-misterio-del-monstruo-del-lago-ness\/","title":{"rendered":"Un investigador cree haber descifrado el misterio del \u00abmonstruo del lago Ness\u00bb"},"content":{"rendered":"<p>Una de las grandes leyendas de la Historia es la del\u00a0<b>monstruo del lago Ness<\/b>, el animal mitol\u00f3gico que habitar\u00eda en las profundidades de ese lago escoc\u00e9s. Durante a\u00f1os se intent\u00f3 captar alguna imagen del supuesto morador del lago, al tiempo que la zona logr\u00f3 ser un atractivo tur\u00edstico. Ahora, un cient\u00edfico sostiene que,\u00a0<b>en rigor, el presunto monstruo es una especie antigua de tortuga marina.<\/b><!--more--><\/p>\n<p>El norteamericano<b>\u00a0Henry Bauer\u00a0<\/b>afirma que Nessie (tal como llaman los lugare\u00f1os al presunto monstruo) puede ser una tortuga que qued\u00f3 atrapada en el lago cuando, en el final de la Edad de Hielo, hace 12 mil a\u00f1os, retrocedieron las aguas. A su vez, Bauer descart\u00f3 de plano la posibilidad de que Nessie sea una forma de dinosaurio.<\/p>\n<p>\u00abLa idea m\u00e1s popular es que el monstruo del lago Ness tiene una relaci\u00f3n con los plesiosaurios extintos. Pero\u00a0<b>esto no encaja con la rareza de los avistamientos en la superficie, y mucho menos con los avistamientos ocasionales en tierra<\/b>\u00ab, destac\u00f3 Bauer, de 89 a\u00f1os, y profesor jubilado de qu\u00edmica y estudios cient\u00edficos en el Instituto Polit\u00e9cnico y la Universidad Estatal de Virginia, al<i>\u00a0<a href=\"https:\/\/www.dailyrecord.co.uk\/news\/scottish-news\/loch-ness-monster-ancient-sea-23336709\" target=\"_blank\" rel=\"noopener\">Daily Record<\/a><\/i>.<\/p>\n<p>Seg\u00fan Bauer, \u00abmuchas especies de tortugas vivas y extintas respiran aire pero pasan mucho tiempo en aguas profundas. Se aventuran en tierra, son muy r\u00e1pidas en el agua, tienen la capacidad de ser activas en aguas muy fr\u00edas y tienen cuellos relativamente largos\u00bb.<\/p>\n<p>La leyenda de Nessie se remonta al siglo VI, cuando se lo mencion\u00f3 por primera vez en una biograf\u00eda de San Colombo. All\u00ed se relata que el\u00a0animal mordi\u00f3 a un nadador y que se dispon\u00eda a atacar a otro cuando el salto intervino, orden\u00f3 retroceder al monstruo y este se sumergi\u00f3.<br \/>\n<iframe loading=\"lazy\" src=\"https:\/\/www.youtube.com\/embed\/GdQUbLKwCvQ\" width=\"560\" height=\"315\" frameborder=\"0\" allowfullscreen=\"allowfullscreen\"><\/iframe><\/p>\n<p>El mito gener\u00f3 a\u00fan m\u00e1s atracci\u00f3n en 1960, cuando Tim Dinsdale, un ingeniero aeron\u00e1utico, present\u00f3 una filmaci\u00f3n de una joroba que dejaba una estela en el lago. Durante 2020, se registraron 12 supuestos avistamientos. El \u00faltimo fue en diciembre pasado, cunado una pareja dijo que vio emerger una criatura de la profundidad. Unas semanas antes, el sonar de un barco detect\u00f3 un objeto de diez metros de largo a 570 metros de profundidad.<\/p>\n<p>Bauer se reconoce un fan\u00e1tico de Nessie. Admite que su pasi\u00f3n comenz\u00f3 cuando vio la pel\u00edcula de Dinsdale. Un cuarto de siglo m\u00e1s tarde, el cient\u00edfico fue uno de los observadores de la Operaci\u00f3n Deep Scan. En esa oportunidad, en octubre de 1987, una flota busc\u00f3 con sonares a la criatura durante tres d\u00edas, de manera infructuosa.<\/p>\n<p><!--more--><\/p>\n","protected":false},"excerpt":{"rendered":"<p>Una de las grandes leyendas de la Historia es la del\u00a0monstruo del lago Ness, el animal mitol\u00f3gico que habitar\u00eda en las profundidades de ese lago escoc\u00e9s. Durante a\u00f1os se intent\u00f3 captar alguna imagen del supuesto morador del lago, al tiempo que la zona logr\u00f3 ser un atractivo tur\u00edstico. Ahora, un cient\u00edfico sostiene que,\u00a0en rigor, el [&hellip;]<\/p>\n","protected":false},"author":3,"featured_media":51559,"comment_status":"closed","ping_status":"open","sticky":false,"template":"","format":"standard","meta":{"footnotes":""},"categories":[26],"tags":[],"class_list":["post-51558","post","type-post","status-publish","format-standard","has-post-thumbnail","hentry","category-sociedad"],"yoast_head":"<!-- This site is optimized with the Yoast SEO plugin v25.9 - https:\/\/yoast.com\/wordpress\/plugins\/seo\/ -->\n<title>Un investigador cree haber descifrado el misterio del &quot;monstruo del lago Ness&quot; - Noticias Radio Reflejos<\/title>\n<meta name=\"robots\" content=\"index, follow, max-snippet:-1, max-image-preview:large, max-video-preview:-1\" \/>\n<link rel=\"canonical\" href=\"https:\/\/www.noticiasradioreflejos.com.ar\/2021\/un-investigador-cree-haber-descifrado-el-misterio-del-monstruo-del-lago-ness\/\" \/>\n<meta property=\"og:locale\" content=\"es_ES\" \/>\n<meta property=\"og:type\" content=\"article\" \/>\n<meta property=\"og:title\" content=\"Un investigador cree haber descifrado el misterio del &quot;monstruo del lago Ness&quot; - Noticias Radio Reflejos\" \/>\n<meta property=\"og:description\" content=\"Una de las grandes leyendas de la Historia es la del\u00a0monstruo del lago Ness, el animal mitol\u00f3gico que habitar\u00eda en las profundidades de ese lago escoc\u00e9s. Durante a\u00f1os se intent\u00f3 captar alguna imagen del supuesto morador del lago, al tiempo que la zona logr\u00f3 ser un atractivo tur\u00edstico. Ahora, un cient\u00edfico sostiene que,\u00a0en rigor, el [&hellip;]\" \/>\n<meta property=\"og:url\" content=\"https:\/\/www.noticiasradioreflejos.com.ar\/2021\/un-investigador-cree-haber-descifrado-el-misterio-del-monstruo-del-lago-ness\/\" \/>\n<meta property=\"og:site_name\" content=\"Noticias Radio Reflejos\" \/>\n<meta property=\"article:published_time\" content=\"2021-01-21T23:42:43+00:00\" \/>\n<meta property=\"og:image\" content=\"https:\/\/www.noticiasradioreflejos.com.ar\/2021\/wp-content\/uploads\/2021\/07\/logosol300x200.png\" \/>\n\t<meta property=\"og:image:width\" content=\"300\" \/>\n\t<meta property=\"og:image:height\" content=\"200\" \/>\n\t<meta property=\"og:image:type\" content=\"image\/png\" \/>\n<meta name=\"author\" content=\"Arnaldo Botto\" \/>\n<meta name=\"twitter:card\" content=\"summary_large_image\" \/>\n<script type=\"application\/ld+json\" class=\"yoast-schema-graph\">{\"@context\":\"https:\/\/schema.org\",\"@graph\":[{\"@type\":\"WebPage\",\"@id\":\"https:\/\/www.noticiasradioreflejos.com.ar\/2021\/un-investigador-cree-haber-descifrado-el-misterio-del-monstruo-del-lago-ness\/\",\"url\":\"https:\/\/www.noticiasradioreflejos.com.ar\/2021\/un-investigador-cree-haber-descifrado-el-misterio-del-monstruo-del-lago-ness\/\",\"name\":\"Un investigador cree haber descifrado el misterio del \\\"monstruo del lago Ness\\\" - Noticias Radio Reflejos\",\"isPartOf\":{\"@id\":\"https:\/\/www.noticiasradioreflejos.com.ar\/2021\/#website\"},\"primaryImageOfPage\":{\"@id\":\"https:\/\/www.noticiasradioreflejos.com.ar\/2021\/un-investigador-cree-haber-descifrado-el-misterio-del-monstruo-del-lago-ness\/#primaryimage\"},\"image\":{\"@id\":\"https:\/\/www.noticiasradioreflejos.com.ar\/2021\/un-investigador-cree-haber-descifrado-el-misterio-del-monstruo-del-lago-ness\/#primaryimage\"},\"thumbnailUrl\":\"\",\"datePublished\":\"2021-01-21T23:42:43+00:00\",\"author\":{\"@id\":\"https:\/\/www.noticiasradioreflejos.com.ar\/2021\/#\/schema\/person\/ad82545263dcc5ec0996818884fd5fb1\"},\"breadcrumb\":{\"@id\":\"https:\/\/www.noticiasradioreflejos.com.ar\/2021\/un-investigador-cree-haber-descifrado-el-misterio-del-monstruo-del-lago-ness\/#breadcrumb\"},\"inLanguage\":\"es\",\"potentialAction\":[{\"@type\":\"ReadAction\",\"target\":[\"https:\/\/www.noticiasradioreflejos.com.ar\/2021\/un-investigador-cree-haber-descifrado-el-misterio-del-monstruo-del-lago-ness\/\"]}]},{\"@type\":\"ImageObject\",\"inLanguage\":\"es\",\"@id\":\"https:\/\/www.noticiasradioreflejos.com.ar\/2021\/un-investigador-cree-haber-descifrado-el-misterio-del-monstruo-del-lago-ness\/#primaryimage\",\"url\":\"\",\"contentUrl\":\"\"},{\"@type\":\"BreadcrumbList\",\"@id\":\"https:\/\/www.noticiasradioreflejos.com.ar\/2021\/un-investigador-cree-haber-descifrado-el-misterio-del-monstruo-del-lago-ness\/#breadcrumb\",\"itemListElement\":[{\"@type\":\"ListItem\",\"position\":1,\"name\":\"Portada\",\"item\":\"https:\/\/www.noticiasradioreflejos.com.ar\/2021\/\"},{\"@type\":\"ListItem\",\"position\":2,\"name\":\"Un investigador cree haber descifrado el misterio del \u00abmonstruo del lago Ness\u00bb\"}]},{\"@type\":\"WebSite\",\"@id\":\"https:\/\/www.noticiasradioreflejos.com.ar\/2021\/#website\",\"url\":\"https:\/\/www.noticiasradioreflejos.com.ar\/2021\/\",\"name\":\"Noticias Radio Reflejos\",\"description\":\"Las noticias de mi comarca\",\"potentialAction\":[{\"@type\":\"SearchAction\",\"target\":{\"@type\":\"EntryPoint\",\"urlTemplate\":\"https:\/\/www.noticiasradioreflejos.com.ar\/2021\/?s={search_term_string}\"},\"query-input\":{\"@type\":\"PropertyValueSpecification\",\"valueRequired\":true,\"valueName\":\"search_term_string\"}}],\"inLanguage\":\"es\"},{\"@type\":\"Person\",\"@id\":\"https:\/\/www.noticiasradioreflejos.com.ar\/2021\/#\/schema\/person\/ad82545263dcc5ec0996818884fd5fb1\",\"name\":\"Arnaldo Botto\",\"image\":{\"@type\":\"ImageObject\",\"inLanguage\":\"es\",\"@id\":\"https:\/\/www.noticiasradioreflejos.com.ar\/2021\/#\/schema\/person\/image\/\",\"url\":\"https:\/\/secure.gravatar.com\/avatar\/55cb5e37c1efa326397366e6974cb338056df65cb50e7d64d1cf314e87504837?s=96&d=mm&r=g\",\"contentUrl\":\"https:\/\/secure.gravatar.com\/avatar\/55cb5e37c1efa326397366e6974cb338056df65cb50e7d64d1cf314e87504837?s=96&d=mm&r=g\",\"caption\":\"Arnaldo Botto\"},\"url\":\"https:\/\/www.noticiasradioreflejos.com.ar\/2021\/author\/arnaldo\/\"}]}<\/script>\n<!-- \/ Yoast SEO plugin. -->","yoast_head_json":{"title":"Un investigador cree haber descifrado el misterio del \"monstruo del lago Ness\" - Noticias Radio Reflejos","robots":{"index":"index","follow":"follow","max-snippet":"max-snippet:-1","max-image-preview":"max-image-preview:large","max-video-preview":"max-video-preview:-1"},"canonical":"https:\/\/www.noticiasradioreflejos.com.ar\/2021\/un-investigador-cree-haber-descifrado-el-misterio-del-monstruo-del-lago-ness\/","og_locale":"es_ES","og_type":"article","og_title":"Un investigador cree haber descifrado el misterio del \"monstruo del lago Ness\" - Noticias Radio Reflejos","og_description":"Una de las grandes leyendas de la Historia es la del\u00a0monstruo del lago Ness, el animal mitol\u00f3gico que habitar\u00eda en las profundidades de ese lago escoc\u00e9s. Durante a\u00f1os se intent\u00f3 captar alguna imagen del supuesto morador del lago, al tiempo que la zona logr\u00f3 ser un atractivo tur\u00edstico. Ahora, un cient\u00edfico sostiene que,\u00a0en rigor, el [&hellip;]","og_url":"https:\/\/www.noticiasradioreflejos.com.ar\/2021\/un-investigador-cree-haber-descifrado-el-misterio-del-monstruo-del-lago-ness\/","og_site_name":"Noticias Radio Reflejos","article_published_time":"2021-01-21T23:42:43+00:00","og_image":[{"width":300,"height":200,"url":"https:\/\/www.noticiasradioreflejos.com.ar\/2021\/wp-content\/uploads\/2021\/07\/logosol300x200.png","type":"image\/png"}],"author":"Arnaldo Botto","twitter_card":"summary_large_image","schema":{"@context":"https:\/\/schema.org","@graph":[{"@type":"WebPage","@id":"https:\/\/www.noticiasradioreflejos.com.ar\/2021\/un-investigador-cree-haber-descifrado-el-misterio-del-monstruo-del-lago-ness\/","url":"https:\/\/www.noticiasradioreflejos.com.ar\/2021\/un-investigador-cree-haber-descifrado-el-misterio-del-monstruo-del-lago-ness\/","name":"Un investigador cree haber descifrado el misterio del \"monstruo del lago Ness\" - Noticias Radio Reflejos","isPartOf":{"@id":"https:\/\/www.noticiasradioreflejos.com.ar\/2021\/#website"},"primaryImageOfPage":{"@id":"https:\/\/www.noticiasradioreflejos.com.ar\/2021\/un-investigador-cree-haber-descifrado-el-misterio-del-monstruo-del-lago-ness\/#primaryimage"},"image":{"@id":"https:\/\/www.noticiasradioreflejos.com.ar\/2021\/un-investigador-cree-haber-descifrado-el-misterio-del-monstruo-del-lago-ness\/#primaryimage"},"thumbnailUrl":"","datePublished":"2021-01-21T23:42:43+00:00","author":{"@id":"https:\/\/www.noticiasradioreflejos.com.ar\/2021\/#\/schema\/person\/ad82545263dcc5ec0996818884fd5fb1"},"breadcrumb":{"@id":"https:\/\/www.noticiasradioreflejos.com.ar\/2021\/un-investigador-cree-haber-descifrado-el-misterio-del-monstruo-del-lago-ness\/#breadcrumb"},"inLanguage":"es","potentialAction":[{"@type":"ReadAction","target":["https:\/\/www.noticiasradioreflejos.com.ar\/2021\/un-investigador-cree-haber-descifrado-el-misterio-del-monstruo-del-lago-ness\/"]}]},{"@type":"ImageObject","inLanguage":"es","@id":"https:\/\/www.noticiasradioreflejos.com.ar\/2021\/un-investigador-cree-haber-descifrado-el-misterio-del-monstruo-del-lago-ness\/#primaryimage","url":"","contentUrl":""},{"@type":"BreadcrumbList","@id":"https:\/\/www.noticiasradioreflejos.com.ar\/2021\/un-investigador-cree-haber-descifrado-el-misterio-del-monstruo-del-lago-ness\/#breadcrumb","itemListElement":[{"@type":"ListItem","position":1,"name":"Portada","item":"https:\/\/www.noticiasradioreflejos.com.ar\/2021\/"},{"@type":"ListItem","position":2,"name":"Un investigador cree haber descifrado el misterio del \u00abmonstruo del lago Ness\u00bb"}]},{"@type":"WebSite","@id":"https:\/\/www.noticiasradioreflejos.com.ar\/2021\/#website","url":"https:\/\/www.noticiasradioreflejos.com.ar\/2021\/","name":"Noticias Radio Reflejos","description":"Las noticias de mi comarca","potentialAction":[{"@type":"SearchAction","target":{"@type":"EntryPoint","urlTemplate":"https:\/\/www.noticiasradioreflejos.com.ar\/2021\/?s={search_term_string}"},"query-input":{"@type":"PropertyValueSpecification","valueRequired":true,"valueName":"search_term_string"}}],"inLanguage":"es"},{"@type":"Person","@id":"https:\/\/www.noticiasradioreflejos.com.ar\/2021\/#\/schema\/person\/ad82545263dcc5ec0996818884fd5fb1","name":"Arnaldo Botto","image":{"@type":"ImageObject","inLanguage":"es","@id":"https:\/\/www.noticiasradioreflejos.com.ar\/2021\/#\/schema\/person\/image\/","url":"https:\/\/secure.gravatar.com\/avatar\/55cb5e37c1efa326397366e6974cb338056df65cb50e7d64d1cf314e87504837?s=96&d=mm&r=g","contentUrl":"https:\/\/secure.gravatar.com\/avatar\/55cb5e37c1efa326397366e6974cb338056df65cb50e7d64d1cf314e87504837?s=96&d=mm&r=g","caption":"Arnaldo Botto"},"url":"https:\/\/www.noticiasradioreflejos.com.ar\/2021\/author\/arnaldo\/"}]}},"_links":{"self":[{"href":"https:\/\/www.noticiasradioreflejos.com.ar\/2021\/wp-json\/wp\/v2\/posts\/51558","targetHints":{"allow":["GET"]}}],"collection":[{"href":"https:\/\/www.noticiasradioreflejos.com.ar\/2021\/wp-json\/wp\/v2\/posts"}],"about":[{"href":"https:\/\/www.noticiasradioreflejos.com.ar\/2021\/wp-json\/wp\/v2\/types\/post"}],"author":[{"embeddable":true,"href":"https:\/\/www.noticiasradioreflejos.com.ar\/2021\/wp-json\/wp\/v2\/users\/3"}],"replies":[{"embeddable":true,"href":"https:\/\/www.noticiasradioreflejos.com.ar\/2021\/wp-json\/wp\/v2\/comments?post=51558"}],"version-history":[{"count":0,"href":"https:\/\/www.noticiasradioreflejos.com.ar\/2021\/wp-json\/wp\/v2\/posts\/51558\/revisions"}],"wp:featuredmedia":[{"embeddable":true,"href":"https:\/\/www.noticiasradioreflejos.com.ar\/2021\/wp-json\/"}],"wp:attachment":[{"href":"https:\/\/www.noticiasradioreflejos.com.ar\/2021\/wp-json\/wp\/v2\/media?parent=51558"}],"wp:term":[{"taxonomy":"category","embeddable":true,"href":"https:\/\/www.noticiasradioreflejos.com.ar\/2021\/wp-json\/wp\/v2\/categories?post=51558"},{"taxonomy":"post_tag","embeddable":true,"href":"https:\/\/www.noticiasradioreflejos.com.ar\/2021\/wp-json\/wp\/v2\/tags?post=51558"}],"curies":[{"name":"wp","href":"https:\/\/api.w.org\/{rel}","templated":true}]}}