{"id":51523,"date":"2021-01-21T10:47:39","date_gmt":"2021-01-21T13:47:39","guid":{"rendered":"http:\/\/www.noticiasradioreflejos.com.ar\/noticias\/?p=51523"},"modified":"2021-01-21T10:47:39","modified_gmt":"2021-01-21T13:47:39","slug":"humo-abajo-un-cuento-de-gabriel-molinero","status":"publish","type":"post","link":"https:\/\/www.noticiasradioreflejos.com.ar\/2021\/humo-abajo-un-cuento-de-gabriel-molinero\/","title":{"rendered":"\u00abHumo abajo\u00bb: un cuento de Gabriel Molinero"},"content":{"rendered":"<p>La publicaci\u00f3n de marzo del 2018 en el <span style=\"background-color: #ccffcc;\"><a style=\"background-color: #ccffcc;\" href=\"https:\/\/haciendonoselcuento.blogspot.com\/2018\/03\/humo-abajo.html?m=1&amp;fbclid=IwAR3ToN5YHV2mObjDdIswVao2MUY5V8ju5zhG789pGIH5s17eC1oD5gC6Vl4\"><strong>blog \u00abHaci\u00e9ndonos el cuento\u00bb<\/strong><\/a><\/span> llega en un momento de reclamos por la situaci\u00f3n del humo del basurero.<!--more--><\/p>\n<p>Manuel tuvo la suerte de conseguir trabajo y la desgracia de que \u00e9ste sea en el basurero municipal donde llegan los desechos de las localidades del sur del municipio bonaerense de Las Sierras. Cuando se lo informaron, las autoridades tuvieron especial cuidado en encontrarle a la actividad un nombre tal que no provoque el rechazo inicial del futuro trabajador. -Usted ser\u00e1 el encargado de la recepci\u00f3n en el predio de acopio primario de residuos s\u00f3lidos urbanos- le dijeron mientras firmaba la solicitud de ingreso. \u00c9l hubiera aceptado igual aunque le describieran los verdaderos detalles del ingrato contexto donde trabajar\u00eda. Un empleo era un sue\u00f1o anhelado por \u00e9l y su mujer, especialmente desde que al hijo de diez a\u00f1os se le declarara vertiginosamente esa alergia bronquial que por las noches le cerraba al ni\u00f1o el pecho, y les abr\u00eda, a ellos, el camino de las l\u00e1grimas y de la desesperaci\u00f3n. En la pr\u00e1ctica el trabajo no implicaba gran complejidad. Al momento que llegaban los camiones municipales cargados o se acercaba alg\u00fan vecino con residuos deb\u00eda verificar el tipo de basura, indicar el sector de destino y completar una planilla donde volcaba ciertos datos. Durante las \u00e9pocas del a\u00f1o de menor afluencia tur\u00edstica el ingreso de basura disminu\u00eda, por lo que estaba solo durante algunas horas del d\u00eda. Esto le permit\u00eda dormitar encerrado dentro de la casilla ubicada en el port\u00f3n de ingreso y as\u00ed recuperar el sue\u00f1o no dormido en las noches que al hijo la enfermedad respiratoria le robaba el aire. Para ello se acomodaba en un sill\u00f3n reclinable que hall\u00f3 da\u00f1ado en la basura y repar\u00f3 pacientemente. Desde esa ubicaci\u00f3n pod\u00eda observar hacia afuera por la ventana sin que lo vean. Las ma\u00f1anas fr\u00edas del invierno eran all\u00ed m\u00e1s fr\u00edas ya que las sierras primero y la hilera de altos eucaliptus despu\u00e9s, no permit\u00edan el paso del sol hasta cerca del mediod\u00eda. En una de esas jornadas solitarias donde el humo pesado de la basura quemada recorr\u00eda el lugar despidi\u00e9ndose antes de irse empujado por el viento a contaminar el R\u00edo de las Achiras, los campos, la gente y todo otro ser vivo que en su camino encontrara, se despert\u00f3 sobresaltado y vio que un ni\u00f1o en bicicleta estaba afuera, inm\u00f3vil, mirando hacia la ventana de la casilla, esperando. Manuel no se sorprendi\u00f3 inicialmente ya que era frecuente el tr\u00e1nsito de ciclistas por el camino vecinal que une las localidades de Pueblo Norte y Pueblo Sur, especialmente turistas. El trayecto implica recorrer hermosos paisajes, atravesar el vado del arroyo, sentir el agua fresca, observar los cerros, las aves y acceder a recodos escondidos del r\u00edo; pero tambi\u00e9n te deja cara a cara con el basurero, las ratas y moscas que lo habitan y el aire irrespirable mezcla de humo y podredumbre. Algo enojado por el sue\u00f1o interrumpido se levant\u00f3 del sill\u00f3n, abri\u00f3 la ventana y antes de que pudiera emitir palabra alguna el ni\u00f1o le dijo: -\u00bfCu\u00e1ndo van a cerrar el basurero?, yo vivo all\u00e1 con mi familia, r\u00edo abajo, humo abajo- mientras se\u00f1alaba hacia un sector indefinido en direcci\u00f3n a Pueblo Sur, donde \u00e9l tambi\u00e9n viv\u00eda. Asombrado por la situaci\u00f3n sali\u00f3 de la casilla para hablar con el ni\u00f1o, explicarle los peligros latentes del lugar y pedirle que se fuera, pero no lleg\u00f3 a tiempo, ya que sin esperar respuesta, en medio del humo que inundaba el camino y que dificultaba respirar, el ni\u00f1o se fue, r\u00e1pido y en silencio como hab\u00eda llegado. El encuentro lo moviliz\u00f3 por unos d\u00edas en los cuales indag\u00f3 a vecinos por la identidad del ni\u00f1o y a compa\u00f1eros y superiores del trabajo por la pregunta que \u00e9ste le hizo. A pesar de los esfuerzos nadie pudo indicar con exactitud qui\u00e9n era el joven, o al menos donde viv\u00eda, o alguna referencia de sus familiares. Sobre la pregunta recibi\u00f3 variadas respuestas, pero ninguna contestaba lo que el ni\u00f1o quer\u00eda conocer. Alguien le respondi\u00f3: -\u00bfQui\u00e9n puede saberlo?-; otro le dijo: -Ingrese su consulta por mesa de entradas-; otra persona contest\u00f3: -\u00bfPor qu\u00e9 pregunta eso?, cuide el trabajo-. Los d\u00edas pasaron y el tema fue quedando detr\u00e1s de la rutina y de las ocupaciones tendientes al cuidado de la salud del hijo que en las \u00faltimas semanas del invierno hab\u00eda tenido complicaciones, oblig\u00e1ndolo a faltar varios d\u00edas a su trabajo. Al reintegrarse, el compa\u00f1ero que lo reemplaz\u00f3 le coment\u00f3 que una ma\u00f1ana un ni\u00f1o en bicicleta se acerc\u00f3 a la casilla y pregunt\u00f3 por \u00e9l, reclamando la respuesta a una pregunta que hab\u00eda hecho previamente y aclarando que volver\u00eda por ella. Manuel enmudeci\u00f3 por un instante ante la novedad. -No tengo esa respuesta-, coment\u00f3 preocupado. -Quiere saber cu\u00e1ndo cierra el basurero-, agreg\u00f3. -Y eso, ciertamente, nadie lo sabe-, murmur\u00f3. -Decile cualquier fecha, la primera que se te venga a la cabeza- le aconsej\u00f3 su compa\u00f1ero mientras tomaba el bolso y sal\u00eda de la casilla para regresar a su casa. Manuel, de pie, inm\u00f3vil y envuelto en silencio, permaneci\u00f3 analizando la propuesta hasta que vino el primer cami\u00f3n cargado de basura y tuvo que salir a recibirlo. Los d\u00edas pasaron y a pesar de que se hab\u00eda preparado y esperaba atento al ni\u00f1o, \u00e9ste lleg\u00f3 en medio de una ma\u00f1ana helada luego de una noche compleja y de poco descanso, por lo que nuevamente lo encontr\u00f3 entredormido dentro de la casilla. Abri\u00f3 los ojos y estaba el ni\u00f1o en bicicleta mir\u00e1ndolo y se\u00f1alando aquel mismo lugar. Al observar que Manuel lo escuchaba grit\u00f3 con todas sus fuerzas: -\u00bfCu\u00e1ndo van a cerrar el basurero?, \u00a1yo vivo con mi familia r\u00edo abajo, humo abajo!-. De inmediato comenz\u00f3 a pedalear para irse. Manuel sali\u00f3 urgente de la casilla saltando sobre los escalones, corri\u00f3 detr\u00e1s varios metros y extendiendo el brazo pudo darle un papel al ni\u00f1o que tom\u00f3 sin detenerse, alej\u00e1ndose definitivamente del lugar. \u00c9l lo sigui\u00f3 con la mirada extenuado, con el torso inclinado y las manos sobre las rodillas, intentando recuperar el aire, que era algo realmente escaso all\u00ed. Esa misma noche tambi\u00e9n se fue su hijo, definitivamente, en la ambulancia camino al hospital. Hicieron falta setenta y dos d\u00edas para que el dolor se apaciguara algo y les permitiera ingresar al dormitorio del ni\u00f1o que hab\u00eda quedado cerrado, resguardado, como un lugar sagrado. Una vez dentro observaron por un rato y en silencio las pertenencias, las cuales, aunque inm\u00f3viles, disparaban recuerdos como r\u00e1fagas. La madre tom\u00f3 aire y camin\u00f3 hacia la cama para ordenarla como todos los d\u00edas. Al mover la almohada cay\u00f3 al suelo junto a sus pies un papel arrugado que dejaba ver algunas palabras escritas. Desconcertada lo tom\u00f3, lo extendi\u00f3 r\u00e1pidamente y en voz alta comenz\u00f3 a leerlo: -El basurero se va a cerrar pronto, este mismo a\u00f1o, el treinta y uno de diciembre de dos mil dieciocho-.<br \/>\nGabriel Molinero.<\/p>\n","protected":false},"excerpt":{"rendered":"<p>La publicaci\u00f3n de marzo del 2018 en el blog \u00abHaci\u00e9ndonos el cuento\u00bb llega en un momento de reclamos por la situaci\u00f3n del humo del basurero.<\/p>\n","protected":false},"author":3,"featured_media":51524,"comment_status":"closed","ping_status":"open","sticky":false,"template":"","format":"standard","meta":{"footnotes":""},"categories":[35],"tags":[],"class_list":["post-51523","post","type-post","status-publish","format-standard","has-post-thumbnail","hentry","category-cultura"],"yoast_head":"<!-- This site is optimized with the Yoast SEO plugin v25.9 - https:\/\/yoast.com\/wordpress\/plugins\/seo\/ -->\n<title>&quot;Humo abajo&quot;: un cuento de Gabriel Molinero - Noticias Radio Reflejos<\/title>\n<meta name=\"robots\" content=\"index, follow, max-snippet:-1, max-image-preview:large, max-video-preview:-1\" \/>\n<link rel=\"canonical\" href=\"https:\/\/www.noticiasradioreflejos.com.ar\/2021\/humo-abajo-un-cuento-de-gabriel-molinero\/\" \/>\n<meta property=\"og:locale\" content=\"es_ES\" \/>\n<meta property=\"og:type\" content=\"article\" \/>\n<meta property=\"og:title\" content=\"&quot;Humo abajo&quot;: un cuento de Gabriel Molinero - Noticias Radio Reflejos\" \/>\n<meta property=\"og:description\" content=\"La publicaci\u00f3n de marzo del 2018 en el blog \u00abHaci\u00e9ndonos el cuento\u00bb llega en un momento de reclamos por la situaci\u00f3n del humo del basurero.\" \/>\n<meta property=\"og:url\" content=\"https:\/\/www.noticiasradioreflejos.com.ar\/2021\/humo-abajo-un-cuento-de-gabriel-molinero\/\" \/>\n<meta property=\"og:site_name\" content=\"Noticias Radio Reflejos\" \/>\n<meta property=\"article:published_time\" content=\"2021-01-21T13:47:39+00:00\" \/>\n<meta property=\"og:image\" content=\"https:\/\/www.noticiasradioreflejos.com.ar\/2021\/wp-content\/uploads\/2021\/07\/logosol300x200.png\" \/>\n\t<meta property=\"og:image:width\" content=\"300\" \/>\n\t<meta property=\"og:image:height\" content=\"200\" \/>\n\t<meta property=\"og:image:type\" content=\"image\/png\" \/>\n<meta name=\"author\" content=\"Arnaldo Botto\" \/>\n<meta name=\"twitter:card\" content=\"summary_large_image\" \/>\n<script type=\"application\/ld+json\" class=\"yoast-schema-graph\">{\"@context\":\"https:\/\/schema.org\",\"@graph\":[{\"@type\":\"WebPage\",\"@id\":\"https:\/\/www.noticiasradioreflejos.com.ar\/2021\/humo-abajo-un-cuento-de-gabriel-molinero\/\",\"url\":\"https:\/\/www.noticiasradioreflejos.com.ar\/2021\/humo-abajo-un-cuento-de-gabriel-molinero\/\",\"name\":\"\\\"Humo abajo\\\": un cuento de Gabriel Molinero - Noticias Radio Reflejos\",\"isPartOf\":{\"@id\":\"https:\/\/www.noticiasradioreflejos.com.ar\/2021\/#website\"},\"primaryImageOfPage\":{\"@id\":\"https:\/\/www.noticiasradioreflejos.com.ar\/2021\/humo-abajo-un-cuento-de-gabriel-molinero\/#primaryimage\"},\"image\":{\"@id\":\"https:\/\/www.noticiasradioreflejos.com.ar\/2021\/humo-abajo-un-cuento-de-gabriel-molinero\/#primaryimage\"},\"thumbnailUrl\":\"\",\"datePublished\":\"2021-01-21T13:47:39+00:00\",\"author\":{\"@id\":\"https:\/\/www.noticiasradioreflejos.com.ar\/2021\/#\/schema\/person\/ad82545263dcc5ec0996818884fd5fb1\"},\"breadcrumb\":{\"@id\":\"https:\/\/www.noticiasradioreflejos.com.ar\/2021\/humo-abajo-un-cuento-de-gabriel-molinero\/#breadcrumb\"},\"inLanguage\":\"es\",\"potentialAction\":[{\"@type\":\"ReadAction\",\"target\":[\"https:\/\/www.noticiasradioreflejos.com.ar\/2021\/humo-abajo-un-cuento-de-gabriel-molinero\/\"]}]},{\"@type\":\"ImageObject\",\"inLanguage\":\"es\",\"@id\":\"https:\/\/www.noticiasradioreflejos.com.ar\/2021\/humo-abajo-un-cuento-de-gabriel-molinero\/#primaryimage\",\"url\":\"\",\"contentUrl\":\"\"},{\"@type\":\"BreadcrumbList\",\"@id\":\"https:\/\/www.noticiasradioreflejos.com.ar\/2021\/humo-abajo-un-cuento-de-gabriel-molinero\/#breadcrumb\",\"itemListElement\":[{\"@type\":\"ListItem\",\"position\":1,\"name\":\"Portada\",\"item\":\"https:\/\/www.noticiasradioreflejos.com.ar\/2021\/\"},{\"@type\":\"ListItem\",\"position\":2,\"name\":\"\u00abHumo abajo\u00bb: un cuento de Gabriel Molinero\"}]},{\"@type\":\"WebSite\",\"@id\":\"https:\/\/www.noticiasradioreflejos.com.ar\/2021\/#website\",\"url\":\"https:\/\/www.noticiasradioreflejos.com.ar\/2021\/\",\"name\":\"Noticias Radio Reflejos\",\"description\":\"Las noticias de mi comarca\",\"potentialAction\":[{\"@type\":\"SearchAction\",\"target\":{\"@type\":\"EntryPoint\",\"urlTemplate\":\"https:\/\/www.noticiasradioreflejos.com.ar\/2021\/?s={search_term_string}\"},\"query-input\":{\"@type\":\"PropertyValueSpecification\",\"valueRequired\":true,\"valueName\":\"search_term_string\"}}],\"inLanguage\":\"es\"},{\"@type\":\"Person\",\"@id\":\"https:\/\/www.noticiasradioreflejos.com.ar\/2021\/#\/schema\/person\/ad82545263dcc5ec0996818884fd5fb1\",\"name\":\"Arnaldo Botto\",\"image\":{\"@type\":\"ImageObject\",\"inLanguage\":\"es\",\"@id\":\"https:\/\/www.noticiasradioreflejos.com.ar\/2021\/#\/schema\/person\/image\/\",\"url\":\"https:\/\/secure.gravatar.com\/avatar\/55cb5e37c1efa326397366e6974cb338056df65cb50e7d64d1cf314e87504837?s=96&d=mm&r=g\",\"contentUrl\":\"https:\/\/secure.gravatar.com\/avatar\/55cb5e37c1efa326397366e6974cb338056df65cb50e7d64d1cf314e87504837?s=96&d=mm&r=g\",\"caption\":\"Arnaldo Botto\"},\"url\":\"https:\/\/www.noticiasradioreflejos.com.ar\/2021\/author\/arnaldo\/\"}]}<\/script>\n<!-- \/ Yoast SEO plugin. -->","yoast_head_json":{"title":"\"Humo abajo\": un cuento de Gabriel Molinero - Noticias Radio Reflejos","robots":{"index":"index","follow":"follow","max-snippet":"max-snippet:-1","max-image-preview":"max-image-preview:large","max-video-preview":"max-video-preview:-1"},"canonical":"https:\/\/www.noticiasradioreflejos.com.ar\/2021\/humo-abajo-un-cuento-de-gabriel-molinero\/","og_locale":"es_ES","og_type":"article","og_title":"\"Humo abajo\": un cuento de Gabriel Molinero - Noticias Radio Reflejos","og_description":"La publicaci\u00f3n de marzo del 2018 en el blog \u00abHaci\u00e9ndonos el cuento\u00bb llega en un momento de reclamos por la situaci\u00f3n del humo del basurero.","og_url":"https:\/\/www.noticiasradioreflejos.com.ar\/2021\/humo-abajo-un-cuento-de-gabriel-molinero\/","og_site_name":"Noticias Radio Reflejos","article_published_time":"2021-01-21T13:47:39+00:00","og_image":[{"width":300,"height":200,"url":"https:\/\/www.noticiasradioreflejos.com.ar\/2021\/wp-content\/uploads\/2021\/07\/logosol300x200.png","type":"image\/png"}],"author":"Arnaldo Botto","twitter_card":"summary_large_image","schema":{"@context":"https:\/\/schema.org","@graph":[{"@type":"WebPage","@id":"https:\/\/www.noticiasradioreflejos.com.ar\/2021\/humo-abajo-un-cuento-de-gabriel-molinero\/","url":"https:\/\/www.noticiasradioreflejos.com.ar\/2021\/humo-abajo-un-cuento-de-gabriel-molinero\/","name":"\"Humo abajo\": un cuento de Gabriel Molinero - Noticias Radio Reflejos","isPartOf":{"@id":"https:\/\/www.noticiasradioreflejos.com.ar\/2021\/#website"},"primaryImageOfPage":{"@id":"https:\/\/www.noticiasradioreflejos.com.ar\/2021\/humo-abajo-un-cuento-de-gabriel-molinero\/#primaryimage"},"image":{"@id":"https:\/\/www.noticiasradioreflejos.com.ar\/2021\/humo-abajo-un-cuento-de-gabriel-molinero\/#primaryimage"},"thumbnailUrl":"","datePublished":"2021-01-21T13:47:39+00:00","author":{"@id":"https:\/\/www.noticiasradioreflejos.com.ar\/2021\/#\/schema\/person\/ad82545263dcc5ec0996818884fd5fb1"},"breadcrumb":{"@id":"https:\/\/www.noticiasradioreflejos.com.ar\/2021\/humo-abajo-un-cuento-de-gabriel-molinero\/#breadcrumb"},"inLanguage":"es","potentialAction":[{"@type":"ReadAction","target":["https:\/\/www.noticiasradioreflejos.com.ar\/2021\/humo-abajo-un-cuento-de-gabriel-molinero\/"]}]},{"@type":"ImageObject","inLanguage":"es","@id":"https:\/\/www.noticiasradioreflejos.com.ar\/2021\/humo-abajo-un-cuento-de-gabriel-molinero\/#primaryimage","url":"","contentUrl":""},{"@type":"BreadcrumbList","@id":"https:\/\/www.noticiasradioreflejos.com.ar\/2021\/humo-abajo-un-cuento-de-gabriel-molinero\/#breadcrumb","itemListElement":[{"@type":"ListItem","position":1,"name":"Portada","item":"https:\/\/www.noticiasradioreflejos.com.ar\/2021\/"},{"@type":"ListItem","position":2,"name":"\u00abHumo abajo\u00bb: un cuento de Gabriel Molinero"}]},{"@type":"WebSite","@id":"https:\/\/www.noticiasradioreflejos.com.ar\/2021\/#website","url":"https:\/\/www.noticiasradioreflejos.com.ar\/2021\/","name":"Noticias Radio Reflejos","description":"Las noticias de mi comarca","potentialAction":[{"@type":"SearchAction","target":{"@type":"EntryPoint","urlTemplate":"https:\/\/www.noticiasradioreflejos.com.ar\/2021\/?s={search_term_string}"},"query-input":{"@type":"PropertyValueSpecification","valueRequired":true,"valueName":"search_term_string"}}],"inLanguage":"es"},{"@type":"Person","@id":"https:\/\/www.noticiasradioreflejos.com.ar\/2021\/#\/schema\/person\/ad82545263dcc5ec0996818884fd5fb1","name":"Arnaldo Botto","image":{"@type":"ImageObject","inLanguage":"es","@id":"https:\/\/www.noticiasradioreflejos.com.ar\/2021\/#\/schema\/person\/image\/","url":"https:\/\/secure.gravatar.com\/avatar\/55cb5e37c1efa326397366e6974cb338056df65cb50e7d64d1cf314e87504837?s=96&d=mm&r=g","contentUrl":"https:\/\/secure.gravatar.com\/avatar\/55cb5e37c1efa326397366e6974cb338056df65cb50e7d64d1cf314e87504837?s=96&d=mm&r=g","caption":"Arnaldo Botto"},"url":"https:\/\/www.noticiasradioreflejos.com.ar\/2021\/author\/arnaldo\/"}]}},"_links":{"self":[{"href":"https:\/\/www.noticiasradioreflejos.com.ar\/2021\/wp-json\/wp\/v2\/posts\/51523","targetHints":{"allow":["GET"]}}],"collection":[{"href":"https:\/\/www.noticiasradioreflejos.com.ar\/2021\/wp-json\/wp\/v2\/posts"}],"about":[{"href":"https:\/\/www.noticiasradioreflejos.com.ar\/2021\/wp-json\/wp\/v2\/types\/post"}],"author":[{"embeddable":true,"href":"https:\/\/www.noticiasradioreflejos.com.ar\/2021\/wp-json\/wp\/v2\/users\/3"}],"replies":[{"embeddable":true,"href":"https:\/\/www.noticiasradioreflejos.com.ar\/2021\/wp-json\/wp\/v2\/comments?post=51523"}],"version-history":[{"count":0,"href":"https:\/\/www.noticiasradioreflejos.com.ar\/2021\/wp-json\/wp\/v2\/posts\/51523\/revisions"}],"wp:featuredmedia":[{"embeddable":true,"href":"https:\/\/www.noticiasradioreflejos.com.ar\/2021\/wp-json\/"}],"wp:attachment":[{"href":"https:\/\/www.noticiasradioreflejos.com.ar\/2021\/wp-json\/wp\/v2\/media?parent=51523"}],"wp:term":[{"taxonomy":"category","embeddable":true,"href":"https:\/\/www.noticiasradioreflejos.com.ar\/2021\/wp-json\/wp\/v2\/categories?post=51523"},{"taxonomy":"post_tag","embeddable":true,"href":"https:\/\/www.noticiasradioreflejos.com.ar\/2021\/wp-json\/wp\/v2\/tags?post=51523"}],"curies":[{"name":"wp","href":"https:\/\/api.w.org\/{rel}","templated":true}]}}