{"id":51520,"date":"2021-01-21T09:14:05","date_gmt":"2021-01-21T12:14:05","guid":{"rendered":"http:\/\/www.noticiasradioreflejos.com.ar\/noticias\/?p=51520"},"modified":"2021-01-21T09:14:05","modified_gmt":"2021-01-21T12:14:05","slug":"coronavirus-que-condiciones-deberan-cumplir-los-mayores-de-60-anos-para-vacunarse","status":"publish","type":"post","link":"https:\/\/www.noticiasradioreflejos.com.ar\/2021\/coronavirus-que-condiciones-deberan-cumplir-los-mayores-de-60-anos-para-vacunarse\/","title":{"rendered":"Coronavirus:\u00a0Qu\u00e9 condiciones deber\u00e1n cumplir los mayores de 60 a\u00f1os para vacunarse"},"content":{"rendered":"<p>Seg\u00fan el Ministerio de Salud, el universo de personas mayores de 60 a\u00f1os que podr\u00e1 acceder de forma voluntaria y gratuita es de 7.375.000 personas en todo el pa\u00eds. Entre los principales interrogantes surgen si deber\u00e1n vacunarse aquellos que ya tuvieron covid-19 y cu\u00e1les son los posibles s\u00edntomas tras la vacunaci\u00f3n.<!--more--><\/p>\n<div class=\"article-main-media\">\n<div class=\"article-main-media-image\">\n<div class=\"article-main-media-image__container object-fit-block--contain intrinsic-container intrinsic-container-3x2\"><img decoding=\"async\" class=\"show-for-xlarge lazyloaded\" src=\"https:\/\/images.pagina12.com.ar\/styles\/focal_3_2_960x640\/public\/2021-01\/134939-whatsapp-20image-202021-01-19-20at-2018-52-08.jpeg?itok=dOqu94oe\" alt=\"Qu\u00e9 condiciones deber\u00e1n cumplir los mayores de 60 a\u00f1os para vacunarse.\" data-src=\"https:\/\/images.pagina12.com.ar\/styles\/focal_3_2_960x640\/public\/2021-01\/134939-whatsapp-20image-202021-01-19-20at-2018-52-08.jpeg?itok=dOqu94oe\" \/><\/div>\n<div class=\"article-main-media-text\">\n<p><span class=\"article-main-media-text-image\">Qu\u00e9 condiciones deber\u00e1n cumplir los mayores de 60 a\u00f1os para vacunarse.\u00a0<\/span><\/p>\n<hr \/>\n<p><span class=\"article-main-media-text-image-source\">Imagen: T\u00e9lam<\/span><\/p>\n<\/div>\n<\/div>\n<\/div>\n<div class=\"article-body diario\">\n<div class=\"article-text\">\n<p>Este mi\u00e9rcoles<a href=\"https:\/\/www.pagina12.com.ar\/318537-la-anmat-aprobo-el-uso-de-la-sputnik-v-en-mayores-de-60-anos\">\u00a0lleg\u00f3 finalmente la habilitaci\u00f3n de la vacuna Sputnik V para su aplicaci\u00f3n en personas mayores de 60 a\u00f1os<\/a>, un d\u00eda despu\u00e9s de que se confirmara que la Argentina ya cuenta con otros\u00a0<a href=\"https:\/\/www.pagina12.com.ar\/318285-empiezan-a-llegar-a-la-argentina-otras-5-millones-de-vacunas\">5 millones de dosis<\/a>\u00a0de la vacuna Sputnik-V para traer desde Mosc\u00fa. De esta manera, el Gobierno nacional se prepara para cumplir con el segundo objetivo del plan de vacunaci\u00f3n lanzado a fin del a\u00f1o pasado:\u00a0<b>la inmunizaci\u00f3n de las personas mayores de 60 a\u00f1os<\/b>. \u00bfQu\u00e9 condiciones deber\u00e1n cumplir para poder aplicarse la vacuna? \u00bfQu\u00e9 contraindicaciones existen?<\/p>\n<h2>Las cifras de la campa\u00f1a de vacunaci\u00f3n en adultos mayores<\/h2>\n<div id=\"talkFireEvent\"><\/div>\n<p>El primer objetivo del plan de vacunaci\u00f3n era alcanzar al personal m\u00e9dico, escalonado seg\u00fan riesgo de actividad, que este martes comenz\u00f3 a recibir la segunda dosis de la Sputnik-V. Ahora, con la inminente habilitaci\u00f3n por parte de la ANMAT para aplicar la vacuna del Instituto Gamaleya en mayores de 60 a\u00f1os, comenzar\u00e1 la segunda etapa del plan estrat\u00e9gico.<\/p>\n<p><b>El universo de personas mayores de 60 a\u00f1os que podr\u00e1 acceder de forma voluntaria y gratuita -con la simple presentaci\u00f3n del DNI y sin orden m\u00e9dica- es de\u00a07.375.000 de personas en todo el pa\u00eds<\/b>, seg\u00fan el Ministerio de Salud. Entre ellos, el primer escal\u00f3n de prioridad ser\u00e1 los adultos mayores de 70 a\u00f1os (grupo etario en el que la tasa de letalidad en la Argentina se incrementa del 2.7 al 18.3 por ciento y llega al 39,1% en mayores de 80 a\u00f1os).<\/p>\n<p>En paralelo, el plan avanzar\u00e1 en todas las personas que residen en establecimientos geri\u00e1tricos: seg\u00fan el INDEC, son 94 mil en todo el pa\u00eds. En un segundo escal\u00f3n de prioridad estar\u00e1n los adultos mayores entre 60 y 69 a\u00f1os. Seg\u00fan el reporte epidemiol\u00f3gico de la cartera sanitaria, las personas mayores de 60 a\u00f1os que se contagiaron de covid-19 en el pa\u00eds son 274.201: 142.358, entre 60 y 69 a\u00f1os; 54.401, entre 70 y 79 a\u00f1os; y 7.742, mayores de 80 a\u00f1os.<\/p>\n<h2>\u00bfDeben vacunarse los adultos mayores recuperados de Covid-19?<\/h2>\n<p>El Ministerio de Salud indic\u00f3 que \u00abtodas las personas que pertenezcan a la poblaci\u00f3n objetivo podr\u00e1n acceder a la vacunaci\u00f3n, independientemente de haber cursado previamente la enfermedad\u00bb. En el portal del Ministerio de Salud bonaerense, que lanz\u00f3 la campa\u00f1a de preinscripci\u00f3n\u00a0<a href=\"https:\/\/www.pagina12.com.ar\/313556-como-inscribirse-para-recibir-la-vacuna-sputnik-v\">Vacunate<\/a>, se precisa el caso espec\u00edfico de aquellos infectados con Covid-19 que recibieron tratamiento con plasma.<\/p>\n<p>\u00abActualmente no hay datos sobre la seguridad o eficacia de la vacunaci\u00f3n Covid-19 en personas que hayan recibido anticuerpos monoclonales o plasma de convaleciente como parte del tratamiento para la Covid-19.\u00a0<b>Por lo tanto, por el momento la recomendaci\u00f3n es que la vacunaci\u00f3n se posponga durante al menos 90 d\u00edas desde el tratamiento para evitar su interferencia en la respuesta inmune inducida por la vacuna<\/b>\u00ab, recomienda la cartera de Salud encabezada por Daniel Goll\u00e1n.<\/p>\n<h2>Contraindicaciones<\/h2>\n<p>Otro de los puntos a atender antes de acercarse a los puntos de vacunaci\u00f3n es saber\u00a0<i>si existen contraindicaciones que impidan que una persona reciba la vacuna<\/i>. El Ministerio de Salud, a partir de la\u00a0informaci\u00f3n disponible de los estudios de seguridad y eficacia, enumera las siguientes contraindicaciones para la aplicaci\u00f3n de la primera dosis de la Sputnik-V:<\/p>\n<ul>\n<li><b>Hipersensibilidad a cualquier componente de una vacuna o a una vacuna que contenga componentes similares.<\/b><\/li>\n<li><b>Antecedente de reacciones al\u00e9rgicas graves.<\/b><\/li>\n<li><b>Enfermedades agudas graves (infecciosas y no infecciosas) o exacerbaci\u00f3n de enfermedades cr\u00f3nicas, que impliquen compromiso del estado general.<\/b><\/li>\n<\/ul>\n<h2>\u00bfHay que mantener las medidas de prevenci\u00f3n luego de la aplicaci\u00f3n de la vacuna?<\/h2>\n<p>El Ministerio de Salud resalta que, una vez aplicada la primera dosis, las personas deber\u00e1n mantenerse alertas ante la aparici\u00f3n de algunos s\u00edntomas posibles por la aplicaci\u00f3n de la vacuna, que pueden ser locales (dolor, hinchaz\u00f3n y aumento de temperatura en el lugar de la inyecci\u00f3n) o generales (escalofr\u00edos, fiebre, artralgia, mialgia, astenia, malestar general, dolor de cabeza).\u00a0<b>Ante cualquier duda se podr\u00e1 llamar a la l\u00ednea 120.<\/b><\/p>\n<p>Una vez pasado ese periodo, las personas vacunadas no pueden darse por inmunizadas, o sea, con los anticuerpos necesarios para evitar contagiarse de la Covid-19. \u00abEs demasiado pronto para saber cu\u00e1nto durar\u00e1 la protecci\u00f3n conferida por la vacuna, y si ser\u00e1 o no de largo plazo\u00bb, advierte el Ministerio de Salud e indica entre algunos de los factores la edad de la persona vacunada, algo relevante dentro de la poblaci\u00f3n de riesgo de m\u00e1s de 60 a\u00f1os, a lo que se le agregan enfermedades subyacentes, estado inmunitario y variabilidad del virus.<\/p>\n<p>De todas maneras, a partir de los estudios realizados en personas recuperadas, la cartera sanitaria destaca que \u00ab<b>la mayor\u00eda de las personas que se recuperan de la COVID-19 desarrollan una respuesta inmunitaria que ofrece al menos alguna protecci\u00f3n contra una nueva infecci\u00f3n, si bien a\u00fan no se determin\u00f3 la intensidad ni la duraci\u00f3n de esa protecci\u00f3n\u00bb<\/b>.<\/p>\n<p>Por otra parte, el Ministerio de Salud advierte que \u00ablas diferentes vacunas contra el\u00a0Covid-19 no ser\u00e1n intercambiables\u00bb, por lo tanto, la poblaci\u00f3n que comience a ser vacunada con la Sputnik-V deber\u00e1 cumplir el plan con esa misma vacuna para la segunda dosis. Esto se hace imperioso en el caso de la vacuna del Instituto Gamaleya, ya que las dos dosis tienen componentes distintos.<\/p>\n<p>Por ultimo,\u00a0<b>las recomendaciones de cuidado resaltan que las personas vacunadas deber\u00e1n continuar respetando las medidas preventivas<\/b>\u00a0&#8211;barbijo, lavado de manos, distancia social&#8211; hasta que los estudios cient\u00edficos avancen y prueben el nivel de inmunizaci\u00f3n de las vacunas y su duraci\u00f3n.<\/p>\n<\/div>\n<div id=\"ventas-article-end\" class=\"ventas-article-end\"><\/div>\n<\/div>\n<p><span style=\"color: #0000ff;\"><strong>Fuente P\u00e1gina 12<\/strong><\/span><\/p>\n","protected":false},"excerpt":{"rendered":"<p>Seg\u00fan el Ministerio de Salud, el universo de personas mayores de 60 a\u00f1os que podr\u00e1 acceder de forma voluntaria y gratuita es de 7.375.000 personas en todo el pa\u00eds. Entre los principales interrogantes surgen si deber\u00e1n vacunarse aquellos que ya tuvieron covid-19 y cu\u00e1les son los posibles s\u00edntomas tras la vacunaci\u00f3n.<\/p>\n","protected":false},"author":3,"featured_media":0,"comment_status":"closed","ping_status":"open","sticky":false,"template":"","format":"standard","meta":{"footnotes":""},"categories":[30],"tags":[],"class_list":["post-51520","post","type-post","status-publish","format-standard","hentry","category-salud"],"yoast_head":"<!-- This site is optimized with the Yoast SEO plugin v25.9 - https:\/\/yoast.com\/wordpress\/plugins\/seo\/ -->\n<title>Coronavirus:\u00a0Qu\u00e9 condiciones deber\u00e1n cumplir los mayores de 60 a\u00f1os para vacunarse - Noticias Radio Reflejos<\/title>\n<meta name=\"robots\" content=\"index, follow, max-snippet:-1, max-image-preview:large, max-video-preview:-1\" \/>\n<link rel=\"canonical\" href=\"https:\/\/www.noticiasradioreflejos.com.ar\/2021\/coronavirus-que-condiciones-deberan-cumplir-los-mayores-de-60-anos-para-vacunarse\/\" \/>\n<meta property=\"og:locale\" content=\"es_ES\" \/>\n<meta property=\"og:type\" content=\"article\" \/>\n<meta property=\"og:title\" content=\"Coronavirus:\u00a0Qu\u00e9 condiciones deber\u00e1n cumplir los mayores de 60 a\u00f1os para vacunarse - Noticias Radio Reflejos\" \/>\n<meta property=\"og:description\" content=\"Seg\u00fan el Ministerio de Salud, el universo de personas mayores de 60 a\u00f1os que podr\u00e1 acceder de forma voluntaria y gratuita es de 7.375.000 personas en todo el pa\u00eds. Entre los principales interrogantes surgen si deber\u00e1n vacunarse aquellos que ya tuvieron covid-19 y cu\u00e1les son los posibles s\u00edntomas tras la vacunaci\u00f3n.\" \/>\n<meta property=\"og:url\" content=\"https:\/\/www.noticiasradioreflejos.com.ar\/2021\/coronavirus-que-condiciones-deberan-cumplir-los-mayores-de-60-anos-para-vacunarse\/\" \/>\n<meta property=\"og:site_name\" content=\"Noticias Radio Reflejos\" \/>\n<meta property=\"article:published_time\" content=\"2021-01-21T12:14:05+00:00\" \/>\n<meta property=\"og:image\" content=\"https:\/\/images.pagina12.com.ar\/styles\/focal_3_2_960x640\/public\/2021-01\/134939-whatsapp-20image-202021-01-19-20at-2018-52-08.jpeg?itok=dOqu94oe\" \/>\n<meta name=\"author\" content=\"Arnaldo Botto\" \/>\n<meta name=\"twitter:card\" content=\"summary_large_image\" \/>\n<script type=\"application\/ld+json\" class=\"yoast-schema-graph\">{\"@context\":\"https:\/\/schema.org\",\"@graph\":[{\"@type\":\"WebPage\",\"@id\":\"https:\/\/www.noticiasradioreflejos.com.ar\/2021\/coronavirus-que-condiciones-deberan-cumplir-los-mayores-de-60-anos-para-vacunarse\/\",\"url\":\"https:\/\/www.noticiasradioreflejos.com.ar\/2021\/coronavirus-que-condiciones-deberan-cumplir-los-mayores-de-60-anos-para-vacunarse\/\",\"name\":\"Coronavirus:\u00a0Qu\u00e9 condiciones deber\u00e1n cumplir los mayores de 60 a\u00f1os para vacunarse - Noticias Radio Reflejos\",\"isPartOf\":{\"@id\":\"https:\/\/www.noticiasradioreflejos.com.ar\/2021\/#website\"},\"primaryImageOfPage\":{\"@id\":\"https:\/\/www.noticiasradioreflejos.com.ar\/2021\/coronavirus-que-condiciones-deberan-cumplir-los-mayores-de-60-anos-para-vacunarse\/#primaryimage\"},\"image\":{\"@id\":\"https:\/\/www.noticiasradioreflejos.com.ar\/2021\/coronavirus-que-condiciones-deberan-cumplir-los-mayores-de-60-anos-para-vacunarse\/#primaryimage\"},\"thumbnailUrl\":\"https:\/\/images.pagina12.com.ar\/styles\/focal_3_2_960x640\/public\/2021-01\/134939-whatsapp-20image-202021-01-19-20at-2018-52-08.jpeg?itok=dOqu94oe\",\"datePublished\":\"2021-01-21T12:14:05+00:00\",\"author\":{\"@id\":\"https:\/\/www.noticiasradioreflejos.com.ar\/2021\/#\/schema\/person\/ad82545263dcc5ec0996818884fd5fb1\"},\"breadcrumb\":{\"@id\":\"https:\/\/www.noticiasradioreflejos.com.ar\/2021\/coronavirus-que-condiciones-deberan-cumplir-los-mayores-de-60-anos-para-vacunarse\/#breadcrumb\"},\"inLanguage\":\"es\",\"potentialAction\":[{\"@type\":\"ReadAction\",\"target\":[\"https:\/\/www.noticiasradioreflejos.com.ar\/2021\/coronavirus-que-condiciones-deberan-cumplir-los-mayores-de-60-anos-para-vacunarse\/\"]}]},{\"@type\":\"ImageObject\",\"inLanguage\":\"es\",\"@id\":\"https:\/\/www.noticiasradioreflejos.com.ar\/2021\/coronavirus-que-condiciones-deberan-cumplir-los-mayores-de-60-anos-para-vacunarse\/#primaryimage\",\"url\":\"https:\/\/images.pagina12.com.ar\/styles\/focal_3_2_960x640\/public\/2021-01\/134939-whatsapp-20image-202021-01-19-20at-2018-52-08.jpeg?itok=dOqu94oe\",\"contentUrl\":\"https:\/\/images.pagina12.com.ar\/styles\/focal_3_2_960x640\/public\/2021-01\/134939-whatsapp-20image-202021-01-19-20at-2018-52-08.jpeg?itok=dOqu94oe\"},{\"@type\":\"BreadcrumbList\",\"@id\":\"https:\/\/www.noticiasradioreflejos.com.ar\/2021\/coronavirus-que-condiciones-deberan-cumplir-los-mayores-de-60-anos-para-vacunarse\/#breadcrumb\",\"itemListElement\":[{\"@type\":\"ListItem\",\"position\":1,\"name\":\"Portada\",\"item\":\"https:\/\/www.noticiasradioreflejos.com.ar\/2021\/\"},{\"@type\":\"ListItem\",\"position\":2,\"name\":\"Coronavirus:\u00a0Qu\u00e9 condiciones deber\u00e1n cumplir los mayores de 60 a\u00f1os para vacunarse\"}]},{\"@type\":\"WebSite\",\"@id\":\"https:\/\/www.noticiasradioreflejos.com.ar\/2021\/#website\",\"url\":\"https:\/\/www.noticiasradioreflejos.com.ar\/2021\/\",\"name\":\"Noticias Radio Reflejos\",\"description\":\"Las noticias de mi comarca\",\"potentialAction\":[{\"@type\":\"SearchAction\",\"target\":{\"@type\":\"EntryPoint\",\"urlTemplate\":\"https:\/\/www.noticiasradioreflejos.com.ar\/2021\/?s={search_term_string}\"},\"query-input\":{\"@type\":\"PropertyValueSpecification\",\"valueRequired\":true,\"valueName\":\"search_term_string\"}}],\"inLanguage\":\"es\"},{\"@type\":\"Person\",\"@id\":\"https:\/\/www.noticiasradioreflejos.com.ar\/2021\/#\/schema\/person\/ad82545263dcc5ec0996818884fd5fb1\",\"name\":\"Arnaldo Botto\",\"image\":{\"@type\":\"ImageObject\",\"inLanguage\":\"es\",\"@id\":\"https:\/\/www.noticiasradioreflejos.com.ar\/2021\/#\/schema\/person\/image\/\",\"url\":\"https:\/\/secure.gravatar.com\/avatar\/55cb5e37c1efa326397366e6974cb338056df65cb50e7d64d1cf314e87504837?s=96&d=mm&r=g\",\"contentUrl\":\"https:\/\/secure.gravatar.com\/avatar\/55cb5e37c1efa326397366e6974cb338056df65cb50e7d64d1cf314e87504837?s=96&d=mm&r=g\",\"caption\":\"Arnaldo Botto\"},\"url\":\"https:\/\/www.noticiasradioreflejos.com.ar\/2021\/author\/arnaldo\/\"}]}<\/script>\n<!-- \/ Yoast SEO plugin. -->","yoast_head_json":{"title":"Coronavirus:\u00a0Qu\u00e9 condiciones deber\u00e1n cumplir los mayores de 60 a\u00f1os para vacunarse - Noticias Radio Reflejos","robots":{"index":"index","follow":"follow","max-snippet":"max-snippet:-1","max-image-preview":"max-image-preview:large","max-video-preview":"max-video-preview:-1"},"canonical":"https:\/\/www.noticiasradioreflejos.com.ar\/2021\/coronavirus-que-condiciones-deberan-cumplir-los-mayores-de-60-anos-para-vacunarse\/","og_locale":"es_ES","og_type":"article","og_title":"Coronavirus:\u00a0Qu\u00e9 condiciones deber\u00e1n cumplir los mayores de 60 a\u00f1os para vacunarse - Noticias Radio Reflejos","og_description":"Seg\u00fan el Ministerio de Salud, el universo de personas mayores de 60 a\u00f1os que podr\u00e1 acceder de forma voluntaria y gratuita es de 7.375.000 personas en todo el pa\u00eds. Entre los principales interrogantes surgen si deber\u00e1n vacunarse aquellos que ya tuvieron covid-19 y cu\u00e1les son los posibles s\u00edntomas tras la vacunaci\u00f3n.","og_url":"https:\/\/www.noticiasradioreflejos.com.ar\/2021\/coronavirus-que-condiciones-deberan-cumplir-los-mayores-de-60-anos-para-vacunarse\/","og_site_name":"Noticias Radio Reflejos","article_published_time":"2021-01-21T12:14:05+00:00","og_image":[{"url":"https:\/\/images.pagina12.com.ar\/styles\/focal_3_2_960x640\/public\/2021-01\/134939-whatsapp-20image-202021-01-19-20at-2018-52-08.jpeg?itok=dOqu94oe","type":"","width":"","height":""}],"author":"Arnaldo Botto","twitter_card":"summary_large_image","schema":{"@context":"https:\/\/schema.org","@graph":[{"@type":"WebPage","@id":"https:\/\/www.noticiasradioreflejos.com.ar\/2021\/coronavirus-que-condiciones-deberan-cumplir-los-mayores-de-60-anos-para-vacunarse\/","url":"https:\/\/www.noticiasradioreflejos.com.ar\/2021\/coronavirus-que-condiciones-deberan-cumplir-los-mayores-de-60-anos-para-vacunarse\/","name":"Coronavirus:\u00a0Qu\u00e9 condiciones deber\u00e1n cumplir los mayores de 60 a\u00f1os para vacunarse - Noticias Radio Reflejos","isPartOf":{"@id":"https:\/\/www.noticiasradioreflejos.com.ar\/2021\/#website"},"primaryImageOfPage":{"@id":"https:\/\/www.noticiasradioreflejos.com.ar\/2021\/coronavirus-que-condiciones-deberan-cumplir-los-mayores-de-60-anos-para-vacunarse\/#primaryimage"},"image":{"@id":"https:\/\/www.noticiasradioreflejos.com.ar\/2021\/coronavirus-que-condiciones-deberan-cumplir-los-mayores-de-60-anos-para-vacunarse\/#primaryimage"},"thumbnailUrl":"https:\/\/images.pagina12.com.ar\/styles\/focal_3_2_960x640\/public\/2021-01\/134939-whatsapp-20image-202021-01-19-20at-2018-52-08.jpeg?itok=dOqu94oe","datePublished":"2021-01-21T12:14:05+00:00","author":{"@id":"https:\/\/www.noticiasradioreflejos.com.ar\/2021\/#\/schema\/person\/ad82545263dcc5ec0996818884fd5fb1"},"breadcrumb":{"@id":"https:\/\/www.noticiasradioreflejos.com.ar\/2021\/coronavirus-que-condiciones-deberan-cumplir-los-mayores-de-60-anos-para-vacunarse\/#breadcrumb"},"inLanguage":"es","potentialAction":[{"@type":"ReadAction","target":["https:\/\/www.noticiasradioreflejos.com.ar\/2021\/coronavirus-que-condiciones-deberan-cumplir-los-mayores-de-60-anos-para-vacunarse\/"]}]},{"@type":"ImageObject","inLanguage":"es","@id":"https:\/\/www.noticiasradioreflejos.com.ar\/2021\/coronavirus-que-condiciones-deberan-cumplir-los-mayores-de-60-anos-para-vacunarse\/#primaryimage","url":"https:\/\/images.pagina12.com.ar\/styles\/focal_3_2_960x640\/public\/2021-01\/134939-whatsapp-20image-202021-01-19-20at-2018-52-08.jpeg?itok=dOqu94oe","contentUrl":"https:\/\/images.pagina12.com.ar\/styles\/focal_3_2_960x640\/public\/2021-01\/134939-whatsapp-20image-202021-01-19-20at-2018-52-08.jpeg?itok=dOqu94oe"},{"@type":"BreadcrumbList","@id":"https:\/\/www.noticiasradioreflejos.com.ar\/2021\/coronavirus-que-condiciones-deberan-cumplir-los-mayores-de-60-anos-para-vacunarse\/#breadcrumb","itemListElement":[{"@type":"ListItem","position":1,"name":"Portada","item":"https:\/\/www.noticiasradioreflejos.com.ar\/2021\/"},{"@type":"ListItem","position":2,"name":"Coronavirus:\u00a0Qu\u00e9 condiciones deber\u00e1n cumplir los mayores de 60 a\u00f1os para vacunarse"}]},{"@type":"WebSite","@id":"https:\/\/www.noticiasradioreflejos.com.ar\/2021\/#website","url":"https:\/\/www.noticiasradioreflejos.com.ar\/2021\/","name":"Noticias Radio Reflejos","description":"Las noticias de mi comarca","potentialAction":[{"@type":"SearchAction","target":{"@type":"EntryPoint","urlTemplate":"https:\/\/www.noticiasradioreflejos.com.ar\/2021\/?s={search_term_string}"},"query-input":{"@type":"PropertyValueSpecification","valueRequired":true,"valueName":"search_term_string"}}],"inLanguage":"es"},{"@type":"Person","@id":"https:\/\/www.noticiasradioreflejos.com.ar\/2021\/#\/schema\/person\/ad82545263dcc5ec0996818884fd5fb1","name":"Arnaldo Botto","image":{"@type":"ImageObject","inLanguage":"es","@id":"https:\/\/www.noticiasradioreflejos.com.ar\/2021\/#\/schema\/person\/image\/","url":"https:\/\/secure.gravatar.com\/avatar\/55cb5e37c1efa326397366e6974cb338056df65cb50e7d64d1cf314e87504837?s=96&d=mm&r=g","contentUrl":"https:\/\/secure.gravatar.com\/avatar\/55cb5e37c1efa326397366e6974cb338056df65cb50e7d64d1cf314e87504837?s=96&d=mm&r=g","caption":"Arnaldo Botto"},"url":"https:\/\/www.noticiasradioreflejos.com.ar\/2021\/author\/arnaldo\/"}]}},"_links":{"self":[{"href":"https:\/\/www.noticiasradioreflejos.com.ar\/2021\/wp-json\/wp\/v2\/posts\/51520","targetHints":{"allow":["GET"]}}],"collection":[{"href":"https:\/\/www.noticiasradioreflejos.com.ar\/2021\/wp-json\/wp\/v2\/posts"}],"about":[{"href":"https:\/\/www.noticiasradioreflejos.com.ar\/2021\/wp-json\/wp\/v2\/types\/post"}],"author":[{"embeddable":true,"href":"https:\/\/www.noticiasradioreflejos.com.ar\/2021\/wp-json\/wp\/v2\/users\/3"}],"replies":[{"embeddable":true,"href":"https:\/\/www.noticiasradioreflejos.com.ar\/2021\/wp-json\/wp\/v2\/comments?post=51520"}],"version-history":[{"count":0,"href":"https:\/\/www.noticiasradioreflejos.com.ar\/2021\/wp-json\/wp\/v2\/posts\/51520\/revisions"}],"wp:attachment":[{"href":"https:\/\/www.noticiasradioreflejos.com.ar\/2021\/wp-json\/wp\/v2\/media?parent=51520"}],"wp:term":[{"taxonomy":"category","embeddable":true,"href":"https:\/\/www.noticiasradioreflejos.com.ar\/2021\/wp-json\/wp\/v2\/categories?post=51520"},{"taxonomy":"post_tag","embeddable":true,"href":"https:\/\/www.noticiasradioreflejos.com.ar\/2021\/wp-json\/wp\/v2\/tags?post=51520"}],"curies":[{"name":"wp","href":"https:\/\/api.w.org\/{rel}","templated":true}]}}