{"id":51518,"date":"2021-01-21T09:09:34","date_gmt":"2021-01-21T12:09:34","guid":{"rendered":"http:\/\/www.noticiasradioreflejos.com.ar\/noticias\/?p=51518"},"modified":"2021-01-21T09:09:34","modified_gmt":"2021-01-21T12:09:34","slug":"el-gobierno-inicia-la-discusion-de-una-tarifa-de-transicion-para-el-servicio-de-electricidad","status":"publish","type":"post","link":"https:\/\/www.noticiasradioreflejos.com.ar\/2021\/el-gobierno-inicia-la-discusion-de-una-tarifa-de-transicion-para-el-servicio-de-electricidad\/","title":{"rendered":"El Gobierno inicia la discusi\u00f3n de una tarifa de transici\u00f3n para el servicio de electricidad"},"content":{"rendered":"<p>El Gobierno dio inicio al procedimiento de adecuaci\u00f3n transitoria de las tarifas de la energ\u00eda el\u00e9ctrica con el objetivo de establecer un R\u00e9gimen Tarifario de Transici\u00f3n, hasta tanto se arribe a un Acuerdo Definitivo de Renegociaci\u00f3n.<!--more--><br \/>\nLo hizo a trav\u00e9s de las resoluciones 16\/2021 y 17\/2021 del Ente Nacional Regulador de la Electricidad (ENRE), publicadas hoy en el Bolet\u00edn Oficial.<\/p>\n<p>En la primera de ellas se convoca a las distribuidoras del \u00c1rea Metropolitana de Buenos Aires (AMBA), Edenor y Edesur, a participar del mismo.<\/p>\n<p>En la segunda resoluci\u00f3n, la convocatoria es para las transportadoras Transener, Tranba (Buenos Aires), Transpa (Patagonia), Transco (Comahue), Transnea (Noreste), Transnoa (Noroeste) y Distrocuyo y el Ente Provincial de Energ\u00eda del Neuqu\u00e9n (EPEN).<\/p>\n<p>Ambas resoluciones determinaron que el ENRE facilitar\u00e1 la realizaci\u00f3n de diversas instancias de participaci\u00f3n ciudadana, convocando a tal fin a las personas usuarias y a las asociaciones de defensa del consumidor, a fin de ser informados de las distintas etapas del citado procedimiento, garantizando su publicidad y el derecho de acceso a la informaci\u00f3n.<\/p>\n<p>El Ente remarc\u00f3 que \u201cen las adecuaciones tarifarias transitorias se deber\u00e1 atender a garantizar la continuidad de la normal prestaci\u00f3n de los servicios, como as\u00ed tambi\u00e9n la implementaci\u00f3n de los mecanismos de participaci\u00f3n ciudadana correspondientes\u201d.<\/p>\n<p>Tambi\u00e9n destac\u00f3 que \u201cla participaci\u00f3n de los usuarios y usuarias con car\u00e1cter previo a la determinaci\u00f3n de la tarifa, constituye un factor de previsibilidad, integrativo del derecho constitucional a una informaci\u00f3n adecuada y veraz\u201d.<\/p>\n<p>Asimismo, subray\u00f3 que esta intervenci\u00f3n \u201cotorga una garant\u00eda de razonabilidad para el usuario y la usuaria y disminuye las estad\u00edsticas de litigiosidad sobre las medidas que se adoptan\u201d.<\/p>\n<p>El Ente puntualiz\u00f3 que con las audiencias p\u00fablicas \u201cse busca reducir la asimetr\u00eda de informaci\u00f3n entre las empresas distribuidoras, las personas usuarias y el organismo de control\u201d.<\/p>\n","protected":false},"excerpt":{"rendered":"<p>El Gobierno dio inicio al procedimiento de adecuaci\u00f3n transitoria de las tarifas de la energ\u00eda el\u00e9ctrica con el objetivo de establecer un R\u00e9gimen Tarifario de Transici\u00f3n, hasta tanto se arribe a un Acuerdo Definitivo de Renegociaci\u00f3n.<\/p>\n","protected":false},"author":3,"featured_media":41559,"comment_status":"closed","ping_status":"open","sticky":false,"template":"","format":"standard","meta":{"footnotes":""},"categories":[24],"tags":[],"class_list":["post-51518","post","type-post","status-publish","format-standard","has-post-thumbnail","hentry","category-politica"],"yoast_head":"<!-- This site is optimized with the Yoast SEO plugin v25.9 - https:\/\/yoast.com\/wordpress\/plugins\/seo\/ -->\n<title>El Gobierno inicia la discusi\u00f3n de una tarifa de transici\u00f3n para el servicio de electricidad - Noticias Radio Reflejos<\/title>\n<meta name=\"robots\" content=\"index, follow, max-snippet:-1, max-image-preview:large, max-video-preview:-1\" \/>\n<link rel=\"canonical\" href=\"https:\/\/www.noticiasradioreflejos.com.ar\/2021\/el-gobierno-inicia-la-discusion-de-una-tarifa-de-transicion-para-el-servicio-de-electricidad\/\" \/>\n<meta property=\"og:locale\" content=\"es_ES\" \/>\n<meta property=\"og:type\" content=\"article\" \/>\n<meta property=\"og:title\" content=\"El Gobierno inicia la discusi\u00f3n de una tarifa de transici\u00f3n para el servicio de electricidad - Noticias Radio Reflejos\" \/>\n<meta property=\"og:description\" content=\"El Gobierno dio inicio al procedimiento de adecuaci\u00f3n transitoria de las tarifas de la energ\u00eda el\u00e9ctrica con el objetivo de establecer un R\u00e9gimen Tarifario de Transici\u00f3n, hasta tanto se arribe a un Acuerdo Definitivo de Renegociaci\u00f3n.\" \/>\n<meta property=\"og:url\" content=\"https:\/\/www.noticiasradioreflejos.com.ar\/2021\/el-gobierno-inicia-la-discusion-de-una-tarifa-de-transicion-para-el-servicio-de-electricidad\/\" \/>\n<meta property=\"og:site_name\" content=\"Noticias Radio Reflejos\" \/>\n<meta property=\"article:published_time\" content=\"2021-01-21T12:09:34+00:00\" \/>\n<meta property=\"og:image\" content=\"https:\/\/www.noticiasradioreflejos.com.ar\/2021\/wp-content\/uploads\/2020\/05\/Lineas-de-media-tension.jpg\" \/>\n\t<meta property=\"og:image:width\" content=\"1024\" \/>\n\t<meta property=\"og:image:height\" content=\"702\" \/>\n\t<meta property=\"og:image:type\" content=\"image\/jpeg\" \/>\n<meta name=\"author\" content=\"Arnaldo Botto\" \/>\n<meta name=\"twitter:card\" content=\"summary_large_image\" \/>\n<script type=\"application\/ld+json\" class=\"yoast-schema-graph\">{\"@context\":\"https:\/\/schema.org\",\"@graph\":[{\"@type\":\"WebPage\",\"@id\":\"https:\/\/www.noticiasradioreflejos.com.ar\/2021\/el-gobierno-inicia-la-discusion-de-una-tarifa-de-transicion-para-el-servicio-de-electricidad\/\",\"url\":\"https:\/\/www.noticiasradioreflejos.com.ar\/2021\/el-gobierno-inicia-la-discusion-de-una-tarifa-de-transicion-para-el-servicio-de-electricidad\/\",\"name\":\"El Gobierno inicia la discusi\u00f3n de una tarifa de transici\u00f3n para el servicio de electricidad - Noticias Radio Reflejos\",\"isPartOf\":{\"@id\":\"https:\/\/www.noticiasradioreflejos.com.ar\/2021\/#website\"},\"primaryImageOfPage\":{\"@id\":\"https:\/\/www.noticiasradioreflejos.com.ar\/2021\/el-gobierno-inicia-la-discusion-de-una-tarifa-de-transicion-para-el-servicio-de-electricidad\/#primaryimage\"},\"image\":{\"@id\":\"https:\/\/www.noticiasradioreflejos.com.ar\/2021\/el-gobierno-inicia-la-discusion-de-una-tarifa-de-transicion-para-el-servicio-de-electricidad\/#primaryimage\"},\"thumbnailUrl\":\"https:\/\/www.noticiasradioreflejos.com.ar\/2021\/wp-content\/uploads\/2020\/05\/Lineas-de-media-tension.jpg\",\"datePublished\":\"2021-01-21T12:09:34+00:00\",\"author\":{\"@id\":\"https:\/\/www.noticiasradioreflejos.com.ar\/2021\/#\/schema\/person\/ad82545263dcc5ec0996818884fd5fb1\"},\"breadcrumb\":{\"@id\":\"https:\/\/www.noticiasradioreflejos.com.ar\/2021\/el-gobierno-inicia-la-discusion-de-una-tarifa-de-transicion-para-el-servicio-de-electricidad\/#breadcrumb\"},\"inLanguage\":\"es\",\"potentialAction\":[{\"@type\":\"ReadAction\",\"target\":[\"https:\/\/www.noticiasradioreflejos.com.ar\/2021\/el-gobierno-inicia-la-discusion-de-una-tarifa-de-transicion-para-el-servicio-de-electricidad\/\"]}]},{\"@type\":\"ImageObject\",\"inLanguage\":\"es\",\"@id\":\"https:\/\/www.noticiasradioreflejos.com.ar\/2021\/el-gobierno-inicia-la-discusion-de-una-tarifa-de-transicion-para-el-servicio-de-electricidad\/#primaryimage\",\"url\":\"https:\/\/www.noticiasradioreflejos.com.ar\/2021\/wp-content\/uploads\/2020\/05\/Lineas-de-media-tension.jpg\",\"contentUrl\":\"https:\/\/www.noticiasradioreflejos.com.ar\/2021\/wp-content\/uploads\/2020\/05\/Lineas-de-media-tension.jpg\",\"width\":1024,\"height\":702},{\"@type\":\"BreadcrumbList\",\"@id\":\"https:\/\/www.noticiasradioreflejos.com.ar\/2021\/el-gobierno-inicia-la-discusion-de-una-tarifa-de-transicion-para-el-servicio-de-electricidad\/#breadcrumb\",\"itemListElement\":[{\"@type\":\"ListItem\",\"position\":1,\"name\":\"Portada\",\"item\":\"https:\/\/www.noticiasradioreflejos.com.ar\/2021\/\"},{\"@type\":\"ListItem\",\"position\":2,\"name\":\"El Gobierno inicia la discusi\u00f3n de una tarifa de transici\u00f3n para el servicio de electricidad\"}]},{\"@type\":\"WebSite\",\"@id\":\"https:\/\/www.noticiasradioreflejos.com.ar\/2021\/#website\",\"url\":\"https:\/\/www.noticiasradioreflejos.com.ar\/2021\/\",\"name\":\"Noticias Radio Reflejos\",\"description\":\"Las noticias de mi comarca\",\"potentialAction\":[{\"@type\":\"SearchAction\",\"target\":{\"@type\":\"EntryPoint\",\"urlTemplate\":\"https:\/\/www.noticiasradioreflejos.com.ar\/2021\/?s={search_term_string}\"},\"query-input\":{\"@type\":\"PropertyValueSpecification\",\"valueRequired\":true,\"valueName\":\"search_term_string\"}}],\"inLanguage\":\"es\"},{\"@type\":\"Person\",\"@id\":\"https:\/\/www.noticiasradioreflejos.com.ar\/2021\/#\/schema\/person\/ad82545263dcc5ec0996818884fd5fb1\",\"name\":\"Arnaldo Botto\",\"image\":{\"@type\":\"ImageObject\",\"inLanguage\":\"es\",\"@id\":\"https:\/\/www.noticiasradioreflejos.com.ar\/2021\/#\/schema\/person\/image\/\",\"url\":\"https:\/\/secure.gravatar.com\/avatar\/55cb5e37c1efa326397366e6974cb338056df65cb50e7d64d1cf314e87504837?s=96&d=mm&r=g\",\"contentUrl\":\"https:\/\/secure.gravatar.com\/avatar\/55cb5e37c1efa326397366e6974cb338056df65cb50e7d64d1cf314e87504837?s=96&d=mm&r=g\",\"caption\":\"Arnaldo Botto\"},\"url\":\"https:\/\/www.noticiasradioreflejos.com.ar\/2021\/author\/arnaldo\/\"}]}<\/script>\n<!-- \/ Yoast SEO plugin. -->","yoast_head_json":{"title":"El Gobierno inicia la discusi\u00f3n de una tarifa de transici\u00f3n para el servicio de electricidad - Noticias Radio Reflejos","robots":{"index":"index","follow":"follow","max-snippet":"max-snippet:-1","max-image-preview":"max-image-preview:large","max-video-preview":"max-video-preview:-1"},"canonical":"https:\/\/www.noticiasradioreflejos.com.ar\/2021\/el-gobierno-inicia-la-discusion-de-una-tarifa-de-transicion-para-el-servicio-de-electricidad\/","og_locale":"es_ES","og_type":"article","og_title":"El Gobierno inicia la discusi\u00f3n de una tarifa de transici\u00f3n para el servicio de electricidad - Noticias Radio Reflejos","og_description":"El Gobierno dio inicio al procedimiento de adecuaci\u00f3n transitoria de las tarifas de la energ\u00eda el\u00e9ctrica con el objetivo de establecer un R\u00e9gimen Tarifario de Transici\u00f3n, hasta tanto se arribe a un Acuerdo Definitivo de Renegociaci\u00f3n.","og_url":"https:\/\/www.noticiasradioreflejos.com.ar\/2021\/el-gobierno-inicia-la-discusion-de-una-tarifa-de-transicion-para-el-servicio-de-electricidad\/","og_site_name":"Noticias Radio Reflejos","article_published_time":"2021-01-21T12:09:34+00:00","og_image":[{"width":1024,"height":702,"url":"https:\/\/www.noticiasradioreflejos.com.ar\/2021\/wp-content\/uploads\/2020\/05\/Lineas-de-media-tension.jpg","type":"image\/jpeg"}],"author":"Arnaldo Botto","twitter_card":"summary_large_image","schema":{"@context":"https:\/\/schema.org","@graph":[{"@type":"WebPage","@id":"https:\/\/www.noticiasradioreflejos.com.ar\/2021\/el-gobierno-inicia-la-discusion-de-una-tarifa-de-transicion-para-el-servicio-de-electricidad\/","url":"https:\/\/www.noticiasradioreflejos.com.ar\/2021\/el-gobierno-inicia-la-discusion-de-una-tarifa-de-transicion-para-el-servicio-de-electricidad\/","name":"El Gobierno inicia la discusi\u00f3n de una tarifa de transici\u00f3n para el servicio de electricidad - Noticias Radio Reflejos","isPartOf":{"@id":"https:\/\/www.noticiasradioreflejos.com.ar\/2021\/#website"},"primaryImageOfPage":{"@id":"https:\/\/www.noticiasradioreflejos.com.ar\/2021\/el-gobierno-inicia-la-discusion-de-una-tarifa-de-transicion-para-el-servicio-de-electricidad\/#primaryimage"},"image":{"@id":"https:\/\/www.noticiasradioreflejos.com.ar\/2021\/el-gobierno-inicia-la-discusion-de-una-tarifa-de-transicion-para-el-servicio-de-electricidad\/#primaryimage"},"thumbnailUrl":"https:\/\/www.noticiasradioreflejos.com.ar\/2021\/wp-content\/uploads\/2020\/05\/Lineas-de-media-tension.jpg","datePublished":"2021-01-21T12:09:34+00:00","author":{"@id":"https:\/\/www.noticiasradioreflejos.com.ar\/2021\/#\/schema\/person\/ad82545263dcc5ec0996818884fd5fb1"},"breadcrumb":{"@id":"https:\/\/www.noticiasradioreflejos.com.ar\/2021\/el-gobierno-inicia-la-discusion-de-una-tarifa-de-transicion-para-el-servicio-de-electricidad\/#breadcrumb"},"inLanguage":"es","potentialAction":[{"@type":"ReadAction","target":["https:\/\/www.noticiasradioreflejos.com.ar\/2021\/el-gobierno-inicia-la-discusion-de-una-tarifa-de-transicion-para-el-servicio-de-electricidad\/"]}]},{"@type":"ImageObject","inLanguage":"es","@id":"https:\/\/www.noticiasradioreflejos.com.ar\/2021\/el-gobierno-inicia-la-discusion-de-una-tarifa-de-transicion-para-el-servicio-de-electricidad\/#primaryimage","url":"https:\/\/www.noticiasradioreflejos.com.ar\/2021\/wp-content\/uploads\/2020\/05\/Lineas-de-media-tension.jpg","contentUrl":"https:\/\/www.noticiasradioreflejos.com.ar\/2021\/wp-content\/uploads\/2020\/05\/Lineas-de-media-tension.jpg","width":1024,"height":702},{"@type":"BreadcrumbList","@id":"https:\/\/www.noticiasradioreflejos.com.ar\/2021\/el-gobierno-inicia-la-discusion-de-una-tarifa-de-transicion-para-el-servicio-de-electricidad\/#breadcrumb","itemListElement":[{"@type":"ListItem","position":1,"name":"Portada","item":"https:\/\/www.noticiasradioreflejos.com.ar\/2021\/"},{"@type":"ListItem","position":2,"name":"El Gobierno inicia la discusi\u00f3n de una tarifa de transici\u00f3n para el servicio de electricidad"}]},{"@type":"WebSite","@id":"https:\/\/www.noticiasradioreflejos.com.ar\/2021\/#website","url":"https:\/\/www.noticiasradioreflejos.com.ar\/2021\/","name":"Noticias Radio Reflejos","description":"Las noticias de mi comarca","potentialAction":[{"@type":"SearchAction","target":{"@type":"EntryPoint","urlTemplate":"https:\/\/www.noticiasradioreflejos.com.ar\/2021\/?s={search_term_string}"},"query-input":{"@type":"PropertyValueSpecification","valueRequired":true,"valueName":"search_term_string"}}],"inLanguage":"es"},{"@type":"Person","@id":"https:\/\/www.noticiasradioreflejos.com.ar\/2021\/#\/schema\/person\/ad82545263dcc5ec0996818884fd5fb1","name":"Arnaldo Botto","image":{"@type":"ImageObject","inLanguage":"es","@id":"https:\/\/www.noticiasradioreflejos.com.ar\/2021\/#\/schema\/person\/image\/","url":"https:\/\/secure.gravatar.com\/avatar\/55cb5e37c1efa326397366e6974cb338056df65cb50e7d64d1cf314e87504837?s=96&d=mm&r=g","contentUrl":"https:\/\/secure.gravatar.com\/avatar\/55cb5e37c1efa326397366e6974cb338056df65cb50e7d64d1cf314e87504837?s=96&d=mm&r=g","caption":"Arnaldo Botto"},"url":"https:\/\/www.noticiasradioreflejos.com.ar\/2021\/author\/arnaldo\/"}]}},"_links":{"self":[{"href":"https:\/\/www.noticiasradioreflejos.com.ar\/2021\/wp-json\/wp\/v2\/posts\/51518","targetHints":{"allow":["GET"]}}],"collection":[{"href":"https:\/\/www.noticiasradioreflejos.com.ar\/2021\/wp-json\/wp\/v2\/posts"}],"about":[{"href":"https:\/\/www.noticiasradioreflejos.com.ar\/2021\/wp-json\/wp\/v2\/types\/post"}],"author":[{"embeddable":true,"href":"https:\/\/www.noticiasradioreflejos.com.ar\/2021\/wp-json\/wp\/v2\/users\/3"}],"replies":[{"embeddable":true,"href":"https:\/\/www.noticiasradioreflejos.com.ar\/2021\/wp-json\/wp\/v2\/comments?post=51518"}],"version-history":[{"count":0,"href":"https:\/\/www.noticiasradioreflejos.com.ar\/2021\/wp-json\/wp\/v2\/posts\/51518\/revisions"}],"wp:featuredmedia":[{"embeddable":true,"href":"https:\/\/www.noticiasradioreflejos.com.ar\/2021\/wp-json\/wp\/v2\/media\/41559"}],"wp:attachment":[{"href":"https:\/\/www.noticiasradioreflejos.com.ar\/2021\/wp-json\/wp\/v2\/media?parent=51518"}],"wp:term":[{"taxonomy":"category","embeddable":true,"href":"https:\/\/www.noticiasradioreflejos.com.ar\/2021\/wp-json\/wp\/v2\/categories?post=51518"},{"taxonomy":"post_tag","embeddable":true,"href":"https:\/\/www.noticiasradioreflejos.com.ar\/2021\/wp-json\/wp\/v2\/tags?post=51518"}],"curies":[{"name":"wp","href":"https:\/\/api.w.org\/{rel}","templated":true}]}}