{"id":51513,"date":"2021-01-21T08:53:25","date_gmt":"2021-01-21T11:53:25","guid":{"rendered":"http:\/\/www.noticiasradioreflejos.com.ar\/noticias\/?p=51513"},"modified":"2021-01-21T08:53:25","modified_gmt":"2021-01-21T11:53:25","slug":"arde-el-basural-desde-ayer-y-saldungaray-es-irrespirable","status":"publish","type":"post","link":"https:\/\/www.noticiasradioreflejos.com.ar\/2021\/arde-el-basural-desde-ayer-y-saldungaray-es-irrespirable\/","title":{"rendered":"Arde el basural desde ayer y Saldungaray es irrespirable."},"content":{"rendered":"<p>Una densa nube de humo cubre el valle del Sauce Grande a ra\u00edz de un incendio desde el d\u00eda de ayer; el viento norte la deriva a la localidad de Saldungaray. Los reclamos en nuestro medio son constantes:<strong><span style=\"background-color: #ffff99;\"> \u00abNo se puede respirar\u00bb<\/span><\/strong>.<!--more--><br \/>\nUna historia que se repite, una soluci\u00f3n que tarda en llegar y un grave problema para la salud de los vecinos de la comarca se reitera con el humo que despide el <span style=\"background-color: #ffff99;\">basurero a cielo abierto<\/span> que se encuentra entre<span style=\"background-color: #ffff99;\"> Sierra de la Ventana y Saldungaray<\/span>. Lectores de nuestro medio y oyentes de la radio reclaman a las autoridades desde este mi\u00e9rcoles 20 de enero que apaguen el foco. Sin embargo, esta ma\u00f1ana continua el humo.<\/p>\n<p><a title=\"WhatsApp Image 2021-01-21 at 08.35.19 (1)\" href=\"http:\/\/live.staticflickr.com\/65535\/50858547693_5e3b79c81a_s.jpg\" rel=\"\"><img loading=\"lazy\" decoding=\"async\" class=\"aligncenter\" title=\"WhatsApp Image 2021-01-21 at 08.35.19 (1)\" src=\"http:\/\/live.staticflickr.com\/65535\/50858547693_5e3b79c81a_c.jpg\" alt=\"WhatsApp Image 2021-01-21 at 08.35.19 (1)\" width=\"800\" height=\"380\" \/><\/a><br \/>\nDe acuerdo a lo que se puede ver, se encuentran prendidos grandes mont\u00edculos de ramas y restos de podas que al entrar en contacto con el fuego provocan una intensa humareda, densa y con un fuerte olor que lo hacen irrespirable.<br \/>\ndesde nuestra redacci\u00f3n nos hacemos eco del reclamo y trasladamos la inquietud a las autoridades municipales para encontrar una soluci\u00f3n que sea moment\u00e1nea.<\/p>\n<p><a title=\"WhatsApp Image 2021-01-21 at 08.35.20\" href=\"http:\/\/live.staticflickr.com\/65535\/50859266961_114593ff0e_s.jpg\" rel=\"\"><img loading=\"lazy\" decoding=\"async\" class=\"aligncenter\" title=\"WhatsApp Image 2021-01-21 at 08.35.20\" src=\"http:\/\/live.staticflickr.com\/65535\/50859266961_114593ff0e_c.jpg\" alt=\"WhatsApp Image 2021-01-21 at 08.35.20\" width=\"800\" height=\"414\" \/><\/a><\/p>\n","protected":false},"excerpt":{"rendered":"<p>Una densa nube de humo cubre el valle del Sauce Grande a ra\u00edz de un incendio desde el d\u00eda de ayer; el viento norte la deriva a la localidad de Saldungaray. Los reclamos en nuestro medio son constantes: \u00abNo se puede respirar\u00bb.<\/p>\n","protected":false},"author":3,"featured_media":51514,"comment_status":"closed","ping_status":"open","sticky":false,"template":"","format":"standard","meta":{"footnotes":""},"categories":[28],"tags":[],"class_list":["post-51513","post","type-post","status-publish","format-standard","has-post-thumbnail","hentry","category-municipales"],"yoast_head":"<!-- This site is optimized with the Yoast SEO plugin v25.9 - https:\/\/yoast.com\/wordpress\/plugins\/seo\/ -->\n<title>Arde el basural desde ayer y Saldungaray es irrespirable. - Noticias Radio Reflejos<\/title>\n<meta name=\"robots\" content=\"index, follow, max-snippet:-1, max-image-preview:large, max-video-preview:-1\" \/>\n<link rel=\"canonical\" href=\"https:\/\/www.noticiasradioreflejos.com.ar\/2021\/arde-el-basural-desde-ayer-y-saldungaray-es-irrespirable\/\" \/>\n<meta property=\"og:locale\" content=\"es_ES\" \/>\n<meta property=\"og:type\" content=\"article\" \/>\n<meta property=\"og:title\" content=\"Arde el basural desde ayer y Saldungaray es irrespirable. - Noticias Radio Reflejos\" \/>\n<meta property=\"og:description\" content=\"Una densa nube de humo cubre el valle del Sauce Grande a ra\u00edz de un incendio desde el d\u00eda de ayer; el viento norte la deriva a la localidad de Saldungaray. Los reclamos en nuestro medio son constantes: \u00abNo se puede respirar\u00bb.\" \/>\n<meta property=\"og:url\" content=\"https:\/\/www.noticiasradioreflejos.com.ar\/2021\/arde-el-basural-desde-ayer-y-saldungaray-es-irrespirable\/\" \/>\n<meta property=\"og:site_name\" content=\"Noticias Radio Reflejos\" \/>\n<meta property=\"article:published_time\" content=\"2021-01-21T11:53:25+00:00\" \/>\n<meta property=\"og:image\" content=\"https:\/\/www.noticiasradioreflejos.com.ar\/2021\/wp-content\/uploads\/2021\/07\/logosol300x200.png\" \/>\n\t<meta property=\"og:image:width\" content=\"300\" \/>\n\t<meta property=\"og:image:height\" content=\"200\" \/>\n\t<meta property=\"og:image:type\" content=\"image\/png\" \/>\n<meta name=\"author\" content=\"Arnaldo Botto\" \/>\n<meta name=\"twitter:card\" content=\"summary_large_image\" \/>\n<script type=\"application\/ld+json\" class=\"yoast-schema-graph\">{\"@context\":\"https:\/\/schema.org\",\"@graph\":[{\"@type\":\"WebPage\",\"@id\":\"https:\/\/www.noticiasradioreflejos.com.ar\/2021\/arde-el-basural-desde-ayer-y-saldungaray-es-irrespirable\/\",\"url\":\"https:\/\/www.noticiasradioreflejos.com.ar\/2021\/arde-el-basural-desde-ayer-y-saldungaray-es-irrespirable\/\",\"name\":\"Arde el basural desde ayer y Saldungaray es irrespirable. - Noticias Radio Reflejos\",\"isPartOf\":{\"@id\":\"https:\/\/www.noticiasradioreflejos.com.ar\/2021\/#website\"},\"primaryImageOfPage\":{\"@id\":\"https:\/\/www.noticiasradioreflejos.com.ar\/2021\/arde-el-basural-desde-ayer-y-saldungaray-es-irrespirable\/#primaryimage\"},\"image\":{\"@id\":\"https:\/\/www.noticiasradioreflejos.com.ar\/2021\/arde-el-basural-desde-ayer-y-saldungaray-es-irrespirable\/#primaryimage\"},\"thumbnailUrl\":\"\",\"datePublished\":\"2021-01-21T11:53:25+00:00\",\"author\":{\"@id\":\"https:\/\/www.noticiasradioreflejos.com.ar\/2021\/#\/schema\/person\/ad82545263dcc5ec0996818884fd5fb1\"},\"breadcrumb\":{\"@id\":\"https:\/\/www.noticiasradioreflejos.com.ar\/2021\/arde-el-basural-desde-ayer-y-saldungaray-es-irrespirable\/#breadcrumb\"},\"inLanguage\":\"es\",\"potentialAction\":[{\"@type\":\"ReadAction\",\"target\":[\"https:\/\/www.noticiasradioreflejos.com.ar\/2021\/arde-el-basural-desde-ayer-y-saldungaray-es-irrespirable\/\"]}]},{\"@type\":\"ImageObject\",\"inLanguage\":\"es\",\"@id\":\"https:\/\/www.noticiasradioreflejos.com.ar\/2021\/arde-el-basural-desde-ayer-y-saldungaray-es-irrespirable\/#primaryimage\",\"url\":\"\",\"contentUrl\":\"\"},{\"@type\":\"BreadcrumbList\",\"@id\":\"https:\/\/www.noticiasradioreflejos.com.ar\/2021\/arde-el-basural-desde-ayer-y-saldungaray-es-irrespirable\/#breadcrumb\",\"itemListElement\":[{\"@type\":\"ListItem\",\"position\":1,\"name\":\"Portada\",\"item\":\"https:\/\/www.noticiasradioreflejos.com.ar\/2021\/\"},{\"@type\":\"ListItem\",\"position\":2,\"name\":\"Arde el basural desde ayer y Saldungaray es irrespirable.\"}]},{\"@type\":\"WebSite\",\"@id\":\"https:\/\/www.noticiasradioreflejos.com.ar\/2021\/#website\",\"url\":\"https:\/\/www.noticiasradioreflejos.com.ar\/2021\/\",\"name\":\"Noticias Radio Reflejos\",\"description\":\"Las noticias de mi comarca\",\"potentialAction\":[{\"@type\":\"SearchAction\",\"target\":{\"@type\":\"EntryPoint\",\"urlTemplate\":\"https:\/\/www.noticiasradioreflejos.com.ar\/2021\/?s={search_term_string}\"},\"query-input\":{\"@type\":\"PropertyValueSpecification\",\"valueRequired\":true,\"valueName\":\"search_term_string\"}}],\"inLanguage\":\"es\"},{\"@type\":\"Person\",\"@id\":\"https:\/\/www.noticiasradioreflejos.com.ar\/2021\/#\/schema\/person\/ad82545263dcc5ec0996818884fd5fb1\",\"name\":\"Arnaldo Botto\",\"image\":{\"@type\":\"ImageObject\",\"inLanguage\":\"es\",\"@id\":\"https:\/\/www.noticiasradioreflejos.com.ar\/2021\/#\/schema\/person\/image\/\",\"url\":\"https:\/\/secure.gravatar.com\/avatar\/55cb5e37c1efa326397366e6974cb338056df65cb50e7d64d1cf314e87504837?s=96&d=mm&r=g\",\"contentUrl\":\"https:\/\/secure.gravatar.com\/avatar\/55cb5e37c1efa326397366e6974cb338056df65cb50e7d64d1cf314e87504837?s=96&d=mm&r=g\",\"caption\":\"Arnaldo Botto\"},\"url\":\"https:\/\/www.noticiasradioreflejos.com.ar\/2021\/author\/arnaldo\/\"}]}<\/script>\n<!-- \/ Yoast SEO plugin. -->","yoast_head_json":{"title":"Arde el basural desde ayer y Saldungaray es irrespirable. - Noticias Radio Reflejos","robots":{"index":"index","follow":"follow","max-snippet":"max-snippet:-1","max-image-preview":"max-image-preview:large","max-video-preview":"max-video-preview:-1"},"canonical":"https:\/\/www.noticiasradioreflejos.com.ar\/2021\/arde-el-basural-desde-ayer-y-saldungaray-es-irrespirable\/","og_locale":"es_ES","og_type":"article","og_title":"Arde el basural desde ayer y Saldungaray es irrespirable. - Noticias Radio Reflejos","og_description":"Una densa nube de humo cubre el valle del Sauce Grande a ra\u00edz de un incendio desde el d\u00eda de ayer; el viento norte la deriva a la localidad de Saldungaray. Los reclamos en nuestro medio son constantes: \u00abNo se puede respirar\u00bb.","og_url":"https:\/\/www.noticiasradioreflejos.com.ar\/2021\/arde-el-basural-desde-ayer-y-saldungaray-es-irrespirable\/","og_site_name":"Noticias Radio Reflejos","article_published_time":"2021-01-21T11:53:25+00:00","og_image":[{"width":300,"height":200,"url":"https:\/\/www.noticiasradioreflejos.com.ar\/2021\/wp-content\/uploads\/2021\/07\/logosol300x200.png","type":"image\/png"}],"author":"Arnaldo Botto","twitter_card":"summary_large_image","schema":{"@context":"https:\/\/schema.org","@graph":[{"@type":"WebPage","@id":"https:\/\/www.noticiasradioreflejos.com.ar\/2021\/arde-el-basural-desde-ayer-y-saldungaray-es-irrespirable\/","url":"https:\/\/www.noticiasradioreflejos.com.ar\/2021\/arde-el-basural-desde-ayer-y-saldungaray-es-irrespirable\/","name":"Arde el basural desde ayer y Saldungaray es irrespirable. - Noticias Radio Reflejos","isPartOf":{"@id":"https:\/\/www.noticiasradioreflejos.com.ar\/2021\/#website"},"primaryImageOfPage":{"@id":"https:\/\/www.noticiasradioreflejos.com.ar\/2021\/arde-el-basural-desde-ayer-y-saldungaray-es-irrespirable\/#primaryimage"},"image":{"@id":"https:\/\/www.noticiasradioreflejos.com.ar\/2021\/arde-el-basural-desde-ayer-y-saldungaray-es-irrespirable\/#primaryimage"},"thumbnailUrl":"","datePublished":"2021-01-21T11:53:25+00:00","author":{"@id":"https:\/\/www.noticiasradioreflejos.com.ar\/2021\/#\/schema\/person\/ad82545263dcc5ec0996818884fd5fb1"},"breadcrumb":{"@id":"https:\/\/www.noticiasradioreflejos.com.ar\/2021\/arde-el-basural-desde-ayer-y-saldungaray-es-irrespirable\/#breadcrumb"},"inLanguage":"es","potentialAction":[{"@type":"ReadAction","target":["https:\/\/www.noticiasradioreflejos.com.ar\/2021\/arde-el-basural-desde-ayer-y-saldungaray-es-irrespirable\/"]}]},{"@type":"ImageObject","inLanguage":"es","@id":"https:\/\/www.noticiasradioreflejos.com.ar\/2021\/arde-el-basural-desde-ayer-y-saldungaray-es-irrespirable\/#primaryimage","url":"","contentUrl":""},{"@type":"BreadcrumbList","@id":"https:\/\/www.noticiasradioreflejos.com.ar\/2021\/arde-el-basural-desde-ayer-y-saldungaray-es-irrespirable\/#breadcrumb","itemListElement":[{"@type":"ListItem","position":1,"name":"Portada","item":"https:\/\/www.noticiasradioreflejos.com.ar\/2021\/"},{"@type":"ListItem","position":2,"name":"Arde el basural desde ayer y Saldungaray es irrespirable."}]},{"@type":"WebSite","@id":"https:\/\/www.noticiasradioreflejos.com.ar\/2021\/#website","url":"https:\/\/www.noticiasradioreflejos.com.ar\/2021\/","name":"Noticias Radio Reflejos","description":"Las noticias de mi comarca","potentialAction":[{"@type":"SearchAction","target":{"@type":"EntryPoint","urlTemplate":"https:\/\/www.noticiasradioreflejos.com.ar\/2021\/?s={search_term_string}"},"query-input":{"@type":"PropertyValueSpecification","valueRequired":true,"valueName":"search_term_string"}}],"inLanguage":"es"},{"@type":"Person","@id":"https:\/\/www.noticiasradioreflejos.com.ar\/2021\/#\/schema\/person\/ad82545263dcc5ec0996818884fd5fb1","name":"Arnaldo Botto","image":{"@type":"ImageObject","inLanguage":"es","@id":"https:\/\/www.noticiasradioreflejos.com.ar\/2021\/#\/schema\/person\/image\/","url":"https:\/\/secure.gravatar.com\/avatar\/55cb5e37c1efa326397366e6974cb338056df65cb50e7d64d1cf314e87504837?s=96&d=mm&r=g","contentUrl":"https:\/\/secure.gravatar.com\/avatar\/55cb5e37c1efa326397366e6974cb338056df65cb50e7d64d1cf314e87504837?s=96&d=mm&r=g","caption":"Arnaldo Botto"},"url":"https:\/\/www.noticiasradioreflejos.com.ar\/2021\/author\/arnaldo\/"}]}},"_links":{"self":[{"href":"https:\/\/www.noticiasradioreflejos.com.ar\/2021\/wp-json\/wp\/v2\/posts\/51513","targetHints":{"allow":["GET"]}}],"collection":[{"href":"https:\/\/www.noticiasradioreflejos.com.ar\/2021\/wp-json\/wp\/v2\/posts"}],"about":[{"href":"https:\/\/www.noticiasradioreflejos.com.ar\/2021\/wp-json\/wp\/v2\/types\/post"}],"author":[{"embeddable":true,"href":"https:\/\/www.noticiasradioreflejos.com.ar\/2021\/wp-json\/wp\/v2\/users\/3"}],"replies":[{"embeddable":true,"href":"https:\/\/www.noticiasradioreflejos.com.ar\/2021\/wp-json\/wp\/v2\/comments?post=51513"}],"version-history":[{"count":0,"href":"https:\/\/www.noticiasradioreflejos.com.ar\/2021\/wp-json\/wp\/v2\/posts\/51513\/revisions"}],"wp:featuredmedia":[{"embeddable":true,"href":"https:\/\/www.noticiasradioreflejos.com.ar\/2021\/wp-json\/"}],"wp:attachment":[{"href":"https:\/\/www.noticiasradioreflejos.com.ar\/2021\/wp-json\/wp\/v2\/media?parent=51513"}],"wp:term":[{"taxonomy":"category","embeddable":true,"href":"https:\/\/www.noticiasradioreflejos.com.ar\/2021\/wp-json\/wp\/v2\/categories?post=51513"},{"taxonomy":"post_tag","embeddable":true,"href":"https:\/\/www.noticiasradioreflejos.com.ar\/2021\/wp-json\/wp\/v2\/tags?post=51513"}],"curies":[{"name":"wp","href":"https:\/\/api.w.org\/{rel}","templated":true}]}}