{"id":51503,"date":"2021-01-20T18:42:53","date_gmt":"2021-01-20T21:42:53","guid":{"rendered":"http:\/\/www.noticiasradioreflejos.com.ar\/noticias\/?p=51503"},"modified":"2021-01-20T18:42:53","modified_gmt":"2021-01-20T21:42:53","slug":"susana-dos-santos-mantuvo-un-nuevo-encuentro-con-kicillof-y-funcionarios-provinciales","status":"publish","type":"post","link":"https:\/\/www.noticiasradioreflejos.com.ar\/2021\/susana-dos-santos-mantuvo-un-nuevo-encuentro-con-kicillof-y-funcionarios-provinciales\/","title":{"rendered":"Susana Dos Santos mantuvo un nuevo encuentro con Kicillof y funcionarios provinciales"},"content":{"rendered":"<p>Este martes, el gobernador Axel Kicillof encabez\u00f3 en Monte Hermoso una reuni\u00f3n de trabajo con intendentes y funcionarios en la que abord\u00f3 la situaci\u00f3n epidemiol\u00f3gica de la Provincia. All\u00ed, en representaci\u00f3n de Tornquist, estuvo la Secretaria de Producci\u00f3n, Comercio e Industria, Susana Dos Santos.<!--more--><br \/>\nDel encuentro tambi\u00e9n participaron el jefe de Gabinete, Carlos Bianco, y los ministros de Salud, Daniel Gollan; de Seguridad, Sergio Berni; y de Producci\u00f3n, Ciencia e Innovaci\u00f3n Tecnol\u00f3gica, Augusto Costa; quienes explicaron las medidas adoptadas por el Gobierno para prevenir un nuevo aumento de casos en el territorio bonaerense, tras una leve baja en los contagios durante la segunda semana epidemiol\u00f3gica.<\/p>\n<p><a title=\"Dos Santos en Monte Hermoso (2)\" href=\"http:\/\/live.staticflickr.com\/65535\/50857535586_3e67597de2_s.jpg\" rel=\"\"><img loading=\"lazy\" decoding=\"async\" class=\"aligncenter\" title=\"Dos Santos en Monte Hermoso (2)\" src=\"http:\/\/live.staticflickr.com\/65535\/50857535586_3e67597de2_z.jpg\" alt=\"Dos Santos en Monte Hermoso (2)\" width=\"640\" height=\"427\" \/><\/a><br \/>\nEn ese marco, hicieron hincapi\u00e9 en el plan p\u00fablico de vacunaci\u00f3n contra el Covid-19 y en la importancia de reforzar su difusi\u00f3n.<br \/>\nAdem\u00e1s, los funcionarios anunciaron los nuevos beneficios de ARBA, como la eximici\u00f3n del pago del 50% de Ingresos Brutos a m\u00e1s de 200 actividades afectadas por la pandemia; y brindaron precisiones de las inscripciones para el Fondo de Infraestructura Municipal 2021; entre otros temas.<br \/>\nAsimismo, en el transcurso de la jornada, Dos Santos mantuvo una reuni\u00f3n con el ministro de Desarrollo Agrario, Javier Rodr\u00edguez, en la que ambos avanzaron en gestiones para fortalecer los ejes del proyecto del \u00e1rea de Producci\u00f3n; y similares encuentros con el ministro Costa y con la Subsecretaria de Turismo de la Provincia, Ianina Bak.<\/p>\n<p><a title=\"Dos Santos en Monte Hermoso (3)\" href=\"http:\/\/live.staticflickr.com\/65535\/50857633152_81f0348c30_s.jpg\" rel=\"\"><img loading=\"lazy\" decoding=\"async\" class=\"aligncenter\" title=\"Dos Santos en Monte Hermoso (3)\" src=\"http:\/\/live.staticflickr.com\/65535\/50857633152_81f0348c30_z.jpg\" alt=\"Dos Santos en Monte Hermoso (3)\" width=\"640\" height=\"427\" \/><\/a><\/p>\n","protected":false},"excerpt":{"rendered":"<p>Este martes, el gobernador Axel Kicillof encabez\u00f3 en Monte Hermoso una reuni\u00f3n de trabajo con intendentes y funcionarios en la que abord\u00f3 la situaci\u00f3n epidemiol\u00f3gica de la Provincia. All\u00ed, en representaci\u00f3n de Tornquist, estuvo la Secretaria de Producci\u00f3n, Comercio e Industria, Susana Dos Santos.<\/p>\n","protected":false},"author":3,"featured_media":0,"comment_status":"closed","ping_status":"open","sticky":false,"template":"","format":"standard","meta":{"footnotes":""},"categories":[28],"tags":[],"class_list":["post-51503","post","type-post","status-publish","format-standard","hentry","category-municipales"],"yoast_head":"<!-- This site is optimized with the Yoast SEO plugin v25.9 - https:\/\/yoast.com\/wordpress\/plugins\/seo\/ -->\n<title>Susana Dos Santos mantuvo un nuevo encuentro con Kicillof y funcionarios provinciales - Noticias Radio Reflejos<\/title>\n<meta name=\"robots\" content=\"index, follow, max-snippet:-1, max-image-preview:large, max-video-preview:-1\" \/>\n<link rel=\"canonical\" href=\"https:\/\/www.noticiasradioreflejos.com.ar\/2021\/susana-dos-santos-mantuvo-un-nuevo-encuentro-con-kicillof-y-funcionarios-provinciales\/\" \/>\n<meta property=\"og:locale\" content=\"es_ES\" \/>\n<meta property=\"og:type\" content=\"article\" \/>\n<meta property=\"og:title\" content=\"Susana Dos Santos mantuvo un nuevo encuentro con Kicillof y funcionarios provinciales - Noticias Radio Reflejos\" \/>\n<meta property=\"og:description\" content=\"Este martes, el gobernador Axel Kicillof encabez\u00f3 en Monte Hermoso una reuni\u00f3n de trabajo con intendentes y funcionarios en la que abord\u00f3 la situaci\u00f3n epidemiol\u00f3gica de la Provincia. All\u00ed, en representaci\u00f3n de Tornquist, estuvo la Secretaria de Producci\u00f3n, Comercio e Industria, Susana Dos Santos.\" \/>\n<meta property=\"og:url\" content=\"https:\/\/www.noticiasradioreflejos.com.ar\/2021\/susana-dos-santos-mantuvo-un-nuevo-encuentro-con-kicillof-y-funcionarios-provinciales\/\" \/>\n<meta property=\"og:site_name\" content=\"Noticias Radio Reflejos\" \/>\n<meta property=\"article:published_time\" content=\"2021-01-20T21:42:53+00:00\" \/>\n<meta property=\"og:image\" content=\"http:\/\/live.staticflickr.com\/65535\/50857535586_3e67597de2_z.jpg\" \/>\n<meta name=\"author\" content=\"Arnaldo Botto\" \/>\n<meta name=\"twitter:card\" content=\"summary_large_image\" \/>\n<script type=\"application\/ld+json\" class=\"yoast-schema-graph\">{\"@context\":\"https:\/\/schema.org\",\"@graph\":[{\"@type\":\"WebPage\",\"@id\":\"https:\/\/www.noticiasradioreflejos.com.ar\/2021\/susana-dos-santos-mantuvo-un-nuevo-encuentro-con-kicillof-y-funcionarios-provinciales\/\",\"url\":\"https:\/\/www.noticiasradioreflejos.com.ar\/2021\/susana-dos-santos-mantuvo-un-nuevo-encuentro-con-kicillof-y-funcionarios-provinciales\/\",\"name\":\"Susana Dos Santos mantuvo un nuevo encuentro con Kicillof y funcionarios provinciales - Noticias Radio Reflejos\",\"isPartOf\":{\"@id\":\"https:\/\/www.noticiasradioreflejos.com.ar\/2021\/#website\"},\"primaryImageOfPage\":{\"@id\":\"https:\/\/www.noticiasradioreflejos.com.ar\/2021\/susana-dos-santos-mantuvo-un-nuevo-encuentro-con-kicillof-y-funcionarios-provinciales\/#primaryimage\"},\"image\":{\"@id\":\"https:\/\/www.noticiasradioreflejos.com.ar\/2021\/susana-dos-santos-mantuvo-un-nuevo-encuentro-con-kicillof-y-funcionarios-provinciales\/#primaryimage\"},\"thumbnailUrl\":\"http:\/\/live.staticflickr.com\/65535\/50857535586_3e67597de2_z.jpg\",\"datePublished\":\"2021-01-20T21:42:53+00:00\",\"author\":{\"@id\":\"https:\/\/www.noticiasradioreflejos.com.ar\/2021\/#\/schema\/person\/ad82545263dcc5ec0996818884fd5fb1\"},\"breadcrumb\":{\"@id\":\"https:\/\/www.noticiasradioreflejos.com.ar\/2021\/susana-dos-santos-mantuvo-un-nuevo-encuentro-con-kicillof-y-funcionarios-provinciales\/#breadcrumb\"},\"inLanguage\":\"es\",\"potentialAction\":[{\"@type\":\"ReadAction\",\"target\":[\"https:\/\/www.noticiasradioreflejos.com.ar\/2021\/susana-dos-santos-mantuvo-un-nuevo-encuentro-con-kicillof-y-funcionarios-provinciales\/\"]}]},{\"@type\":\"ImageObject\",\"inLanguage\":\"es\",\"@id\":\"https:\/\/www.noticiasradioreflejos.com.ar\/2021\/susana-dos-santos-mantuvo-un-nuevo-encuentro-con-kicillof-y-funcionarios-provinciales\/#primaryimage\",\"url\":\"http:\/\/live.staticflickr.com\/65535\/50857535586_3e67597de2_z.jpg\",\"contentUrl\":\"http:\/\/live.staticflickr.com\/65535\/50857535586_3e67597de2_z.jpg\"},{\"@type\":\"BreadcrumbList\",\"@id\":\"https:\/\/www.noticiasradioreflejos.com.ar\/2021\/susana-dos-santos-mantuvo-un-nuevo-encuentro-con-kicillof-y-funcionarios-provinciales\/#breadcrumb\",\"itemListElement\":[{\"@type\":\"ListItem\",\"position\":1,\"name\":\"Portada\",\"item\":\"https:\/\/www.noticiasradioreflejos.com.ar\/2021\/\"},{\"@type\":\"ListItem\",\"position\":2,\"name\":\"Susana Dos Santos mantuvo un nuevo encuentro con Kicillof y funcionarios provinciales\"}]},{\"@type\":\"WebSite\",\"@id\":\"https:\/\/www.noticiasradioreflejos.com.ar\/2021\/#website\",\"url\":\"https:\/\/www.noticiasradioreflejos.com.ar\/2021\/\",\"name\":\"Noticias Radio Reflejos\",\"description\":\"Las noticias de mi comarca\",\"potentialAction\":[{\"@type\":\"SearchAction\",\"target\":{\"@type\":\"EntryPoint\",\"urlTemplate\":\"https:\/\/www.noticiasradioreflejos.com.ar\/2021\/?s={search_term_string}\"},\"query-input\":{\"@type\":\"PropertyValueSpecification\",\"valueRequired\":true,\"valueName\":\"search_term_string\"}}],\"inLanguage\":\"es\"},{\"@type\":\"Person\",\"@id\":\"https:\/\/www.noticiasradioreflejos.com.ar\/2021\/#\/schema\/person\/ad82545263dcc5ec0996818884fd5fb1\",\"name\":\"Arnaldo Botto\",\"image\":{\"@type\":\"ImageObject\",\"inLanguage\":\"es\",\"@id\":\"https:\/\/www.noticiasradioreflejos.com.ar\/2021\/#\/schema\/person\/image\/\",\"url\":\"https:\/\/secure.gravatar.com\/avatar\/55cb5e37c1efa326397366e6974cb338056df65cb50e7d64d1cf314e87504837?s=96&d=mm&r=g\",\"contentUrl\":\"https:\/\/secure.gravatar.com\/avatar\/55cb5e37c1efa326397366e6974cb338056df65cb50e7d64d1cf314e87504837?s=96&d=mm&r=g\",\"caption\":\"Arnaldo Botto\"},\"url\":\"https:\/\/www.noticiasradioreflejos.com.ar\/2021\/author\/arnaldo\/\"}]}<\/script>\n<!-- \/ Yoast SEO plugin. -->","yoast_head_json":{"title":"Susana Dos Santos mantuvo un nuevo encuentro con Kicillof y funcionarios provinciales - Noticias Radio Reflejos","robots":{"index":"index","follow":"follow","max-snippet":"max-snippet:-1","max-image-preview":"max-image-preview:large","max-video-preview":"max-video-preview:-1"},"canonical":"https:\/\/www.noticiasradioreflejos.com.ar\/2021\/susana-dos-santos-mantuvo-un-nuevo-encuentro-con-kicillof-y-funcionarios-provinciales\/","og_locale":"es_ES","og_type":"article","og_title":"Susana Dos Santos mantuvo un nuevo encuentro con Kicillof y funcionarios provinciales - Noticias Radio Reflejos","og_description":"Este martes, el gobernador Axel Kicillof encabez\u00f3 en Monte Hermoso una reuni\u00f3n de trabajo con intendentes y funcionarios en la que abord\u00f3 la situaci\u00f3n epidemiol\u00f3gica de la Provincia. All\u00ed, en representaci\u00f3n de Tornquist, estuvo la Secretaria de Producci\u00f3n, Comercio e Industria, Susana Dos Santos.","og_url":"https:\/\/www.noticiasradioreflejos.com.ar\/2021\/susana-dos-santos-mantuvo-un-nuevo-encuentro-con-kicillof-y-funcionarios-provinciales\/","og_site_name":"Noticias Radio Reflejos","article_published_time":"2021-01-20T21:42:53+00:00","og_image":[{"url":"http:\/\/live.staticflickr.com\/65535\/50857535586_3e67597de2_z.jpg","type":"","width":"","height":""}],"author":"Arnaldo Botto","twitter_card":"summary_large_image","schema":{"@context":"https:\/\/schema.org","@graph":[{"@type":"WebPage","@id":"https:\/\/www.noticiasradioreflejos.com.ar\/2021\/susana-dos-santos-mantuvo-un-nuevo-encuentro-con-kicillof-y-funcionarios-provinciales\/","url":"https:\/\/www.noticiasradioreflejos.com.ar\/2021\/susana-dos-santos-mantuvo-un-nuevo-encuentro-con-kicillof-y-funcionarios-provinciales\/","name":"Susana Dos Santos mantuvo un nuevo encuentro con Kicillof y funcionarios provinciales - Noticias Radio Reflejos","isPartOf":{"@id":"https:\/\/www.noticiasradioreflejos.com.ar\/2021\/#website"},"primaryImageOfPage":{"@id":"https:\/\/www.noticiasradioreflejos.com.ar\/2021\/susana-dos-santos-mantuvo-un-nuevo-encuentro-con-kicillof-y-funcionarios-provinciales\/#primaryimage"},"image":{"@id":"https:\/\/www.noticiasradioreflejos.com.ar\/2021\/susana-dos-santos-mantuvo-un-nuevo-encuentro-con-kicillof-y-funcionarios-provinciales\/#primaryimage"},"thumbnailUrl":"http:\/\/live.staticflickr.com\/65535\/50857535586_3e67597de2_z.jpg","datePublished":"2021-01-20T21:42:53+00:00","author":{"@id":"https:\/\/www.noticiasradioreflejos.com.ar\/2021\/#\/schema\/person\/ad82545263dcc5ec0996818884fd5fb1"},"breadcrumb":{"@id":"https:\/\/www.noticiasradioreflejos.com.ar\/2021\/susana-dos-santos-mantuvo-un-nuevo-encuentro-con-kicillof-y-funcionarios-provinciales\/#breadcrumb"},"inLanguage":"es","potentialAction":[{"@type":"ReadAction","target":["https:\/\/www.noticiasradioreflejos.com.ar\/2021\/susana-dos-santos-mantuvo-un-nuevo-encuentro-con-kicillof-y-funcionarios-provinciales\/"]}]},{"@type":"ImageObject","inLanguage":"es","@id":"https:\/\/www.noticiasradioreflejos.com.ar\/2021\/susana-dos-santos-mantuvo-un-nuevo-encuentro-con-kicillof-y-funcionarios-provinciales\/#primaryimage","url":"http:\/\/live.staticflickr.com\/65535\/50857535586_3e67597de2_z.jpg","contentUrl":"http:\/\/live.staticflickr.com\/65535\/50857535586_3e67597de2_z.jpg"},{"@type":"BreadcrumbList","@id":"https:\/\/www.noticiasradioreflejos.com.ar\/2021\/susana-dos-santos-mantuvo-un-nuevo-encuentro-con-kicillof-y-funcionarios-provinciales\/#breadcrumb","itemListElement":[{"@type":"ListItem","position":1,"name":"Portada","item":"https:\/\/www.noticiasradioreflejos.com.ar\/2021\/"},{"@type":"ListItem","position":2,"name":"Susana Dos Santos mantuvo un nuevo encuentro con Kicillof y funcionarios provinciales"}]},{"@type":"WebSite","@id":"https:\/\/www.noticiasradioreflejos.com.ar\/2021\/#website","url":"https:\/\/www.noticiasradioreflejos.com.ar\/2021\/","name":"Noticias Radio Reflejos","description":"Las noticias de mi comarca","potentialAction":[{"@type":"SearchAction","target":{"@type":"EntryPoint","urlTemplate":"https:\/\/www.noticiasradioreflejos.com.ar\/2021\/?s={search_term_string}"},"query-input":{"@type":"PropertyValueSpecification","valueRequired":true,"valueName":"search_term_string"}}],"inLanguage":"es"},{"@type":"Person","@id":"https:\/\/www.noticiasradioreflejos.com.ar\/2021\/#\/schema\/person\/ad82545263dcc5ec0996818884fd5fb1","name":"Arnaldo Botto","image":{"@type":"ImageObject","inLanguage":"es","@id":"https:\/\/www.noticiasradioreflejos.com.ar\/2021\/#\/schema\/person\/image\/","url":"https:\/\/secure.gravatar.com\/avatar\/55cb5e37c1efa326397366e6974cb338056df65cb50e7d64d1cf314e87504837?s=96&d=mm&r=g","contentUrl":"https:\/\/secure.gravatar.com\/avatar\/55cb5e37c1efa326397366e6974cb338056df65cb50e7d64d1cf314e87504837?s=96&d=mm&r=g","caption":"Arnaldo Botto"},"url":"https:\/\/www.noticiasradioreflejos.com.ar\/2021\/author\/arnaldo\/"}]}},"_links":{"self":[{"href":"https:\/\/www.noticiasradioreflejos.com.ar\/2021\/wp-json\/wp\/v2\/posts\/51503","targetHints":{"allow":["GET"]}}],"collection":[{"href":"https:\/\/www.noticiasradioreflejos.com.ar\/2021\/wp-json\/wp\/v2\/posts"}],"about":[{"href":"https:\/\/www.noticiasradioreflejos.com.ar\/2021\/wp-json\/wp\/v2\/types\/post"}],"author":[{"embeddable":true,"href":"https:\/\/www.noticiasradioreflejos.com.ar\/2021\/wp-json\/wp\/v2\/users\/3"}],"replies":[{"embeddable":true,"href":"https:\/\/www.noticiasradioreflejos.com.ar\/2021\/wp-json\/wp\/v2\/comments?post=51503"}],"version-history":[{"count":0,"href":"https:\/\/www.noticiasradioreflejos.com.ar\/2021\/wp-json\/wp\/v2\/posts\/51503\/revisions"}],"wp:attachment":[{"href":"https:\/\/www.noticiasradioreflejos.com.ar\/2021\/wp-json\/wp\/v2\/media?parent=51503"}],"wp:term":[{"taxonomy":"category","embeddable":true,"href":"https:\/\/www.noticiasradioreflejos.com.ar\/2021\/wp-json\/wp\/v2\/categories?post=51503"},{"taxonomy":"post_tag","embeddable":true,"href":"https:\/\/www.noticiasradioreflejos.com.ar\/2021\/wp-json\/wp\/v2\/tags?post=51503"}],"curies":[{"name":"wp","href":"https:\/\/api.w.org\/{rel}","templated":true}]}}