{"id":51437,"date":"2021-01-19T15:37:33","date_gmt":"2021-01-19T18:37:33","guid":{"rendered":"http:\/\/www.noticiasradioreflejos.com.ar\/noticias\/?p=51437"},"modified":"2021-01-19T15:37:33","modified_gmt":"2021-01-19T18:37:33","slug":"tren-de-pasajeros-por-sierra-de-la-ventana-la-rehabilitacion-del-servicio-ya-es-un-hecho-marcelo-garcia","status":"publish","type":"post","link":"https:\/\/www.noticiasradioreflejos.com.ar\/2021\/tren-de-pasajeros-por-sierra-de-la-ventana-la-rehabilitacion-del-servicio-ya-es-un-hecho-marcelo-garcia\/","title":{"rendered":"Tren de pasajeros por Sierra de la Ventana: \u00abLa rehabilitaci\u00f3n del servicio ya es un hecho\u00bb &#8211; Marcelo Garc\u00eda"},"content":{"rendered":"<p>El Jefe de la Estaci\u00f3n Ferroviaria, hace algunos buenos anuncios con respecto a la venta de pasajes para jubilados y pensionados en forma on-line con descuentos de hasta el 50% y el\u00a0 retorno del servicio del tren de pasajeros en Sierra de la Ventana.<!--more--><\/p>\n<p>\u00abDesde ayer ya se puso en vigencia que los jubilados y pensionados pueden sacar los pasajes v\u00eda web o desde la terminal ferroviaria de Sierra de la Ventana. Lo que implicar\u00eda adem\u00e1s del 50% de descuento que tienen ellos, se aplica ac\u00e1 en Sierra de la Ventana un 10% m\u00e1s de descuento por pagar con tarjetas de cr\u00e9dito y d\u00e9bito\u00bb anunci\u00f3 el Jefe de la Estaci\u00f3n Ferroviaria de Sierra de la Ventana al comenzar la nota.<\/p>\n<p>\u00abMandar a personas de riesgo a hacer cola a una boleter\u00eda va en contraposici\u00f3n a c\u00f3mo se viene manejando el tema de los protocolos. Creo que es una medida muy acertada\u00bb opin\u00f3 Marcelo. Adem\u00e1s, agreg\u00f3 que debido a los protocolos se venden pasajes que cubran hasta el 80% de la capacidad del tren, teniendo disponibles s\u00f3lo los asientos del lado de la ventanilla. \u00abCuando se trata de burbujas, pueden ocupar el asiento del pasillo\u00bb aclar\u00f3.<\/p>\n<p>Marcelo mencion\u00f3 que la venta de pasajes viene muy bien. \u00abTenemos hasta fines de Enero todo completo los Lunes, Mi\u00e9rcoles y Viernes saliendo desde Buenos Aires y regresando Martes, Jueves y S\u00e1bados\u00bb. Inform\u00f3 que ayer se pudieron en venta los pasajes para Febrero y coment\u00f3 que ya hay una alta demanda de viajes. \u00abLa temporada yo creo que hasta Marzo va a seguir estable, me arriesgo a decir que en aumento\u00bb opin\u00f3.<\/p>\n<p>\u00abYa est\u00e1 encaminado, se est\u00e1 trabajando sobre el tema. Ser\u00e1 despu\u00e9s de temporada\u00bb Se refiri\u00f3 Marcelo al proyecto que brindar\u00eda servicio ferroviario v\u00eda otras localidades. Explic\u00f3 que el tiempo que demanda su concreci\u00f3n se debe al relevamiento de el ramal y la revisaci\u00f3n de infraestructura de las estaciones para ver c\u00f3mo planear las boleter\u00edas. \u00abPor lo pronto, las principales estaciones habilitadas son Laprida, Coronel Pringles y Sierra de la Ventana\u00bb aclar\u00f3.<\/p>\n<p>\u00abLa rehabilitaci\u00f3n del servicio ya es un hecho\u00bb expres\u00f3 finalmente Marcelo para transmitirle buenas noticias a los oyentes de la radio.<\/p>\n<p>Nota completa a continuaci\u00f3n:<br \/>\n<iframe loading=\"lazy\" src=\"https:\/\/w.soundcloud.com\/player\/?url=https%3A\/\/api.soundcloud.com\/tracks\/968507833&amp;color=%23ff5500&amp;auto_play=false&amp;hide_related=false&amp;show_comments=true&amp;show_user=true&amp;show_reposts=false&amp;show_teaser=true\" width=\"100%\" height=\"166\" frameborder=\"no\" scrolling=\"no\"><\/iframe><\/p>\n<div style=\"font-size: 10px; color: #cccccc; line-break: anywhere; word-break: normal; overflow: hidden; white-space: nowrap; text-overflow: ellipsis; font-family: Interstate,Lucida Grande,Lucida Sans Unicode,Lucida Sans,Garuda,Verdana,Tahoma,sans-serif; font-weight: 100;\"><a style=\"color: #cccccc; text-decoration: none;\" title=\"fmreflejos 103.7\" href=\"https:\/\/soundcloud.com\/fmreflejos-103-7\" target=\"_blank\" rel=\"noopener\">fmreflejos 103.7<\/a> \u00b7 <a style=\"color: #cccccc; text-decoration: none;\" title=\"Nota Marcelo Garcia\" href=\"https:\/\/soundcloud.com\/fmreflejos-103-7\/nota-marcelo-garcia-1\" target=\"_blank\" rel=\"noopener\">Nota Marcelo Garcia<\/a><\/div>\n","protected":false},"excerpt":{"rendered":"<p>El Jefe de la Estaci\u00f3n Ferroviaria, hace algunos buenos anuncios con respecto a la venta de pasajes para jubilados y pensionados en forma on-line con descuentos de hasta el 50% y el\u00a0 retorno del servicio del tren de pasajeros en Sierra de la Ventana.<\/p>\n","protected":false},"author":3,"featured_media":48548,"comment_status":"closed","ping_status":"open","sticky":false,"template":"","format":"standard","meta":{"footnotes":""},"categories":[26],"tags":[],"class_list":["post-51437","post","type-post","status-publish","format-standard","has-post-thumbnail","hentry","category-sociedad"],"yoast_head":"<!-- This site is optimized with the Yoast SEO plugin v25.9 - https:\/\/yoast.com\/wordpress\/plugins\/seo\/ -->\n<title>Tren de pasajeros por Sierra de la Ventana: &quot;La rehabilitaci\u00f3n del servicio ya es un hecho&quot; - Marcelo Garc\u00eda - Noticias Radio Reflejos<\/title>\n<meta name=\"robots\" content=\"index, follow, max-snippet:-1, max-image-preview:large, max-video-preview:-1\" \/>\n<link rel=\"canonical\" href=\"https:\/\/www.noticiasradioreflejos.com.ar\/2021\/tren-de-pasajeros-por-sierra-de-la-ventana-la-rehabilitacion-del-servicio-ya-es-un-hecho-marcelo-garcia\/\" \/>\n<meta property=\"og:locale\" content=\"es_ES\" \/>\n<meta property=\"og:type\" content=\"article\" \/>\n<meta property=\"og:title\" content=\"Tren de pasajeros por Sierra de la Ventana: &quot;La rehabilitaci\u00f3n del servicio ya es un hecho&quot; - Marcelo Garc\u00eda - Noticias Radio Reflejos\" \/>\n<meta property=\"og:description\" content=\"El Jefe de la Estaci\u00f3n Ferroviaria, hace algunos buenos anuncios con respecto a la venta de pasajes para jubilados y pensionados en forma on-line con descuentos de hasta el 50% y el\u00a0 retorno del servicio del tren de pasajeros en Sierra de la Ventana.\" \/>\n<meta property=\"og:url\" content=\"https:\/\/www.noticiasradioreflejos.com.ar\/2021\/tren-de-pasajeros-por-sierra-de-la-ventana-la-rehabilitacion-del-servicio-ya-es-un-hecho-marcelo-garcia\/\" \/>\n<meta property=\"og:site_name\" content=\"Noticias Radio Reflejos\" \/>\n<meta property=\"article:published_time\" content=\"2021-01-19T18:37:33+00:00\" \/>\n<meta property=\"og:image\" content=\"https:\/\/www.noticiasradioreflejos.com.ar\/2021\/wp-content\/uploads\/2021\/07\/logosol300x200.png\" \/>\n\t<meta property=\"og:image:width\" content=\"300\" \/>\n\t<meta property=\"og:image:height\" content=\"200\" \/>\n\t<meta property=\"og:image:type\" content=\"image\/png\" \/>\n<meta name=\"author\" content=\"Arnaldo Botto\" \/>\n<meta name=\"twitter:card\" content=\"summary_large_image\" \/>\n<script type=\"application\/ld+json\" class=\"yoast-schema-graph\">{\"@context\":\"https:\/\/schema.org\",\"@graph\":[{\"@type\":\"WebPage\",\"@id\":\"https:\/\/www.noticiasradioreflejos.com.ar\/2021\/tren-de-pasajeros-por-sierra-de-la-ventana-la-rehabilitacion-del-servicio-ya-es-un-hecho-marcelo-garcia\/\",\"url\":\"https:\/\/www.noticiasradioreflejos.com.ar\/2021\/tren-de-pasajeros-por-sierra-de-la-ventana-la-rehabilitacion-del-servicio-ya-es-un-hecho-marcelo-garcia\/\",\"name\":\"Tren de pasajeros por Sierra de la Ventana: \\\"La rehabilitaci\u00f3n del servicio ya es un hecho\\\" - Marcelo Garc\u00eda - Noticias Radio Reflejos\",\"isPartOf\":{\"@id\":\"https:\/\/www.noticiasradioreflejos.com.ar\/2021\/#website\"},\"primaryImageOfPage\":{\"@id\":\"https:\/\/www.noticiasradioreflejos.com.ar\/2021\/tren-de-pasajeros-por-sierra-de-la-ventana-la-rehabilitacion-del-servicio-ya-es-un-hecho-marcelo-garcia\/#primaryimage\"},\"image\":{\"@id\":\"https:\/\/www.noticiasradioreflejos.com.ar\/2021\/tren-de-pasajeros-por-sierra-de-la-ventana-la-rehabilitacion-del-servicio-ya-es-un-hecho-marcelo-garcia\/#primaryimage\"},\"thumbnailUrl\":\"\",\"datePublished\":\"2021-01-19T18:37:33+00:00\",\"author\":{\"@id\":\"https:\/\/www.noticiasradioreflejos.com.ar\/2021\/#\/schema\/person\/ad82545263dcc5ec0996818884fd5fb1\"},\"breadcrumb\":{\"@id\":\"https:\/\/www.noticiasradioreflejos.com.ar\/2021\/tren-de-pasajeros-por-sierra-de-la-ventana-la-rehabilitacion-del-servicio-ya-es-un-hecho-marcelo-garcia\/#breadcrumb\"},\"inLanguage\":\"es\",\"potentialAction\":[{\"@type\":\"ReadAction\",\"target\":[\"https:\/\/www.noticiasradioreflejos.com.ar\/2021\/tren-de-pasajeros-por-sierra-de-la-ventana-la-rehabilitacion-del-servicio-ya-es-un-hecho-marcelo-garcia\/\"]}]},{\"@type\":\"ImageObject\",\"inLanguage\":\"es\",\"@id\":\"https:\/\/www.noticiasradioreflejos.com.ar\/2021\/tren-de-pasajeros-por-sierra-de-la-ventana-la-rehabilitacion-del-servicio-ya-es-un-hecho-marcelo-garcia\/#primaryimage\",\"url\":\"\",\"contentUrl\":\"\"},{\"@type\":\"BreadcrumbList\",\"@id\":\"https:\/\/www.noticiasradioreflejos.com.ar\/2021\/tren-de-pasajeros-por-sierra-de-la-ventana-la-rehabilitacion-del-servicio-ya-es-un-hecho-marcelo-garcia\/#breadcrumb\",\"itemListElement\":[{\"@type\":\"ListItem\",\"position\":1,\"name\":\"Portada\",\"item\":\"https:\/\/www.noticiasradioreflejos.com.ar\/2021\/\"},{\"@type\":\"ListItem\",\"position\":2,\"name\":\"Tren de pasajeros por Sierra de la Ventana: \u00abLa rehabilitaci\u00f3n del servicio ya es un hecho\u00bb &#8211; Marcelo Garc\u00eda\"}]},{\"@type\":\"WebSite\",\"@id\":\"https:\/\/www.noticiasradioreflejos.com.ar\/2021\/#website\",\"url\":\"https:\/\/www.noticiasradioreflejos.com.ar\/2021\/\",\"name\":\"Noticias Radio Reflejos\",\"description\":\"Las noticias de mi comarca\",\"potentialAction\":[{\"@type\":\"SearchAction\",\"target\":{\"@type\":\"EntryPoint\",\"urlTemplate\":\"https:\/\/www.noticiasradioreflejos.com.ar\/2021\/?s={search_term_string}\"},\"query-input\":{\"@type\":\"PropertyValueSpecification\",\"valueRequired\":true,\"valueName\":\"search_term_string\"}}],\"inLanguage\":\"es\"},{\"@type\":\"Person\",\"@id\":\"https:\/\/www.noticiasradioreflejos.com.ar\/2021\/#\/schema\/person\/ad82545263dcc5ec0996818884fd5fb1\",\"name\":\"Arnaldo Botto\",\"image\":{\"@type\":\"ImageObject\",\"inLanguage\":\"es\",\"@id\":\"https:\/\/www.noticiasradioreflejos.com.ar\/2021\/#\/schema\/person\/image\/\",\"url\":\"https:\/\/secure.gravatar.com\/avatar\/55cb5e37c1efa326397366e6974cb338056df65cb50e7d64d1cf314e87504837?s=96&d=mm&r=g\",\"contentUrl\":\"https:\/\/secure.gravatar.com\/avatar\/55cb5e37c1efa326397366e6974cb338056df65cb50e7d64d1cf314e87504837?s=96&d=mm&r=g\",\"caption\":\"Arnaldo Botto\"},\"url\":\"https:\/\/www.noticiasradioreflejos.com.ar\/2021\/author\/arnaldo\/\"}]}<\/script>\n<!-- \/ Yoast SEO plugin. -->","yoast_head_json":{"title":"Tren de pasajeros por Sierra de la Ventana: \"La rehabilitaci\u00f3n del servicio ya es un hecho\" - Marcelo Garc\u00eda - Noticias Radio Reflejos","robots":{"index":"index","follow":"follow","max-snippet":"max-snippet:-1","max-image-preview":"max-image-preview:large","max-video-preview":"max-video-preview:-1"},"canonical":"https:\/\/www.noticiasradioreflejos.com.ar\/2021\/tren-de-pasajeros-por-sierra-de-la-ventana-la-rehabilitacion-del-servicio-ya-es-un-hecho-marcelo-garcia\/","og_locale":"es_ES","og_type":"article","og_title":"Tren de pasajeros por Sierra de la Ventana: \"La rehabilitaci\u00f3n del servicio ya es un hecho\" - Marcelo Garc\u00eda - Noticias Radio Reflejos","og_description":"El Jefe de la Estaci\u00f3n Ferroviaria, hace algunos buenos anuncios con respecto a la venta de pasajes para jubilados y pensionados en forma on-line con descuentos de hasta el 50% y el\u00a0 retorno del servicio del tren de pasajeros en Sierra de la Ventana.","og_url":"https:\/\/www.noticiasradioreflejos.com.ar\/2021\/tren-de-pasajeros-por-sierra-de-la-ventana-la-rehabilitacion-del-servicio-ya-es-un-hecho-marcelo-garcia\/","og_site_name":"Noticias Radio Reflejos","article_published_time":"2021-01-19T18:37:33+00:00","og_image":[{"width":300,"height":200,"url":"https:\/\/www.noticiasradioreflejos.com.ar\/2021\/wp-content\/uploads\/2021\/07\/logosol300x200.png","type":"image\/png"}],"author":"Arnaldo Botto","twitter_card":"summary_large_image","schema":{"@context":"https:\/\/schema.org","@graph":[{"@type":"WebPage","@id":"https:\/\/www.noticiasradioreflejos.com.ar\/2021\/tren-de-pasajeros-por-sierra-de-la-ventana-la-rehabilitacion-del-servicio-ya-es-un-hecho-marcelo-garcia\/","url":"https:\/\/www.noticiasradioreflejos.com.ar\/2021\/tren-de-pasajeros-por-sierra-de-la-ventana-la-rehabilitacion-del-servicio-ya-es-un-hecho-marcelo-garcia\/","name":"Tren de pasajeros por Sierra de la Ventana: \"La rehabilitaci\u00f3n del servicio ya es un hecho\" - Marcelo Garc\u00eda - Noticias Radio Reflejos","isPartOf":{"@id":"https:\/\/www.noticiasradioreflejos.com.ar\/2021\/#website"},"primaryImageOfPage":{"@id":"https:\/\/www.noticiasradioreflejos.com.ar\/2021\/tren-de-pasajeros-por-sierra-de-la-ventana-la-rehabilitacion-del-servicio-ya-es-un-hecho-marcelo-garcia\/#primaryimage"},"image":{"@id":"https:\/\/www.noticiasradioreflejos.com.ar\/2021\/tren-de-pasajeros-por-sierra-de-la-ventana-la-rehabilitacion-del-servicio-ya-es-un-hecho-marcelo-garcia\/#primaryimage"},"thumbnailUrl":"","datePublished":"2021-01-19T18:37:33+00:00","author":{"@id":"https:\/\/www.noticiasradioreflejos.com.ar\/2021\/#\/schema\/person\/ad82545263dcc5ec0996818884fd5fb1"},"breadcrumb":{"@id":"https:\/\/www.noticiasradioreflejos.com.ar\/2021\/tren-de-pasajeros-por-sierra-de-la-ventana-la-rehabilitacion-del-servicio-ya-es-un-hecho-marcelo-garcia\/#breadcrumb"},"inLanguage":"es","potentialAction":[{"@type":"ReadAction","target":["https:\/\/www.noticiasradioreflejos.com.ar\/2021\/tren-de-pasajeros-por-sierra-de-la-ventana-la-rehabilitacion-del-servicio-ya-es-un-hecho-marcelo-garcia\/"]}]},{"@type":"ImageObject","inLanguage":"es","@id":"https:\/\/www.noticiasradioreflejos.com.ar\/2021\/tren-de-pasajeros-por-sierra-de-la-ventana-la-rehabilitacion-del-servicio-ya-es-un-hecho-marcelo-garcia\/#primaryimage","url":"","contentUrl":""},{"@type":"BreadcrumbList","@id":"https:\/\/www.noticiasradioreflejos.com.ar\/2021\/tren-de-pasajeros-por-sierra-de-la-ventana-la-rehabilitacion-del-servicio-ya-es-un-hecho-marcelo-garcia\/#breadcrumb","itemListElement":[{"@type":"ListItem","position":1,"name":"Portada","item":"https:\/\/www.noticiasradioreflejos.com.ar\/2021\/"},{"@type":"ListItem","position":2,"name":"Tren de pasajeros por Sierra de la Ventana: \u00abLa rehabilitaci\u00f3n del servicio ya es un hecho\u00bb &#8211; Marcelo Garc\u00eda"}]},{"@type":"WebSite","@id":"https:\/\/www.noticiasradioreflejos.com.ar\/2021\/#website","url":"https:\/\/www.noticiasradioreflejos.com.ar\/2021\/","name":"Noticias Radio Reflejos","description":"Las noticias de mi comarca","potentialAction":[{"@type":"SearchAction","target":{"@type":"EntryPoint","urlTemplate":"https:\/\/www.noticiasradioreflejos.com.ar\/2021\/?s={search_term_string}"},"query-input":{"@type":"PropertyValueSpecification","valueRequired":true,"valueName":"search_term_string"}}],"inLanguage":"es"},{"@type":"Person","@id":"https:\/\/www.noticiasradioreflejos.com.ar\/2021\/#\/schema\/person\/ad82545263dcc5ec0996818884fd5fb1","name":"Arnaldo Botto","image":{"@type":"ImageObject","inLanguage":"es","@id":"https:\/\/www.noticiasradioreflejos.com.ar\/2021\/#\/schema\/person\/image\/","url":"https:\/\/secure.gravatar.com\/avatar\/55cb5e37c1efa326397366e6974cb338056df65cb50e7d64d1cf314e87504837?s=96&d=mm&r=g","contentUrl":"https:\/\/secure.gravatar.com\/avatar\/55cb5e37c1efa326397366e6974cb338056df65cb50e7d64d1cf314e87504837?s=96&d=mm&r=g","caption":"Arnaldo Botto"},"url":"https:\/\/www.noticiasradioreflejos.com.ar\/2021\/author\/arnaldo\/"}]}},"_links":{"self":[{"href":"https:\/\/www.noticiasradioreflejos.com.ar\/2021\/wp-json\/wp\/v2\/posts\/51437","targetHints":{"allow":["GET"]}}],"collection":[{"href":"https:\/\/www.noticiasradioreflejos.com.ar\/2021\/wp-json\/wp\/v2\/posts"}],"about":[{"href":"https:\/\/www.noticiasradioreflejos.com.ar\/2021\/wp-json\/wp\/v2\/types\/post"}],"author":[{"embeddable":true,"href":"https:\/\/www.noticiasradioreflejos.com.ar\/2021\/wp-json\/wp\/v2\/users\/3"}],"replies":[{"embeddable":true,"href":"https:\/\/www.noticiasradioreflejos.com.ar\/2021\/wp-json\/wp\/v2\/comments?post=51437"}],"version-history":[{"count":0,"href":"https:\/\/www.noticiasradioreflejos.com.ar\/2021\/wp-json\/wp\/v2\/posts\/51437\/revisions"}],"wp:featuredmedia":[{"embeddable":true,"href":"https:\/\/www.noticiasradioreflejos.com.ar\/2021\/wp-json\/"}],"wp:attachment":[{"href":"https:\/\/www.noticiasradioreflejos.com.ar\/2021\/wp-json\/wp\/v2\/media?parent=51437"}],"wp:term":[{"taxonomy":"category","embeddable":true,"href":"https:\/\/www.noticiasradioreflejos.com.ar\/2021\/wp-json\/wp\/v2\/categories?post=51437"},{"taxonomy":"post_tag","embeddable":true,"href":"https:\/\/www.noticiasradioreflejos.com.ar\/2021\/wp-json\/wp\/v2\/tags?post=51437"}],"curies":[{"name":"wp","href":"https:\/\/api.w.org\/{rel}","templated":true}]}}