{"id":51435,"date":"2021-01-19T15:29:41","date_gmt":"2021-01-19T18:29:41","guid":{"rendered":"http:\/\/www.noticiasradioreflejos.com.ar\/noticias\/?p=51435"},"modified":"2021-01-19T15:29:41","modified_gmt":"2021-01-19T18:29:41","slug":"preveiamos-que-por-ser-un-destino-con-baja-densidad-poblacional-podiamos-tener-una-gran-afluencia-de-gente-como-la-que-se-esta-viendo-micaela-costas","status":"publish","type":"post","link":"https:\/\/www.noticiasradioreflejos.com.ar\/2021\/preveiamos-que-por-ser-un-destino-con-baja-densidad-poblacional-podiamos-tener-una-gran-afluencia-de-gente-como-la-que-se-esta-viendo-micaela-costas\/","title":{"rendered":"\u00abPreve\u00edamos que, por ser un destino con baja densidad poblacional, pod\u00edamos tener una gran afluencia de gente como la que se est\u00e1 viendo\u00bb. &#8211; Micaela Costas"},"content":{"rendered":"<p>Durante la presentaci\u00f3n segunda etapa de entrega de subsidios para turismo y cultura que se realiz\u00f3 ayer en el Hotel Provincial de Sierra de la Ventana, la Asociaci\u00f3n de Turismo de la comarca de Sierra de la Ventana y otras instituciones vinculadas , entregaron un petitorio a la subsecretaria de Turismo de la Pcia de Buenos aires, Ianina Back destinada al Gobernador Axel Kicillof .\u00a0<strong>Micaela Costas<\/strong>, presidenta de <strong>CAMCOTISAS<\/strong>, nos cuenta los detalles en esta nota.<!--more--><\/p>\n<p>CAMCOTISAS, la C\u00e1mara de Comercio e Industria de Villa Ventana, la C\u00e1mara Regional de Comercio e Industria de Tornquist, la Asociaci\u00f3n de Fomento de San Andr\u00e9s de las Sierras, la Asociaci\u00f3n de Comerciantes y Prestadores Tur\u00edsticos de Villa Ventana, La Asociaci\u00f3n de Turismo Comunitario de Saldungaray, la Sociedad de Fomento y Turismo de Villa Serrana La Gruta, el Club de Pesca de Tornquist y la Asociaci\u00f3n de Gu\u00edas de Turismo del Municipio presentaron la nota al Gobernador y al Ministro con determinados lineamientos para el desarrollo de nuestra comarca.<\/p>\n<p>\u00abPor suerte hemos logrado el cometido que era hacer llegar este petitorio firmado por todas las instituciones que integramos la Asociaci\u00f3n para el Desarrollo Tur\u00edstico. Pudimos conversar con la Subsecretaria de Turismo y con la Subsecretaria de Industria PYME, fue interesante dialogar sobre estas cuestiones que hacen al desarrollo tur\u00edstico y econ\u00f3mico de nuestra comarca\u00bb resumi\u00f3 Micaela lo acontecido durante la jornada de ayer.<\/p>\n<p>Micaela coment\u00f3 que, entre las cuestiones que se charlaron, las m\u00e1s urgentes y referentes a la pandemia fue la solicitud de la continuidad de los ATP para hoteler\u00eda, hospedaje y gastron\u00f3mico. Tambi\u00e9n se dialog\u00f3 sobre la posibilidad de articular eximiciones de impuestos, como por ejemplo, en ARBA, el impuesto inmobiliario.<\/p>\n<p>\u00abDespu\u00e9s hablamos sobre cuestiones macro que datan de hace tiempo, como la repavimentaci\u00f3n de la ruta 76, entre San Eloy y la 72. Tambi\u00e9n el tramo de Saldungaray y Tornquist hasta la ruta 33\u00bb sigui\u00f3 comentando Micaela.<\/p>\n<p>Micaela explic\u00f3 las razones por las cuales la comarca est\u00e1 atravesando una buena temporada, con muchos visitantes, mientras no ocurre lo mismo en localidades balnearias: \u00abLa Costa Atl\u00e1ntica hoy no est\u00e1 teniendo una muy buena temporada, o por lo menos eso dicen los n\u00fameros. En nuestro caso, preve\u00edamos que, por ser un destino con baja densidad poblacional, pod\u00edamos tener una gran afluencia de gente como la que se est\u00e1 viendo\u00bb.<\/p>\n<p><strong>Nota completa a continuaci\u00f3n:<\/strong><br \/>\n<iframe loading=\"lazy\" src=\"https:\/\/w.soundcloud.com\/player\/?url=https%3A\/\/api.soundcloud.com\/tracks\/968489545&amp;color=%23ff5500&amp;auto_play=false&amp;hide_related=false&amp;show_comments=true&amp;show_user=true&amp;show_reposts=false&amp;show_teaser=true\" width=\"100%\" height=\"166\" frameborder=\"no\" scrolling=\"no\"><\/iframe><\/p>\n<div style=\"font-size: 10px; color: #cccccc; line-break: anywhere; word-break: normal; overflow: hidden; white-space: nowrap; text-overflow: ellipsis; font-family: Interstate,Lucida Grande,Lucida Sans Unicode,Lucida Sans,Garuda,Verdana,Tahoma,sans-serif; font-weight: 100;\"><a style=\"color: #cccccc; text-decoration: none;\" title=\"fmreflejos 103.7\" href=\"https:\/\/soundcloud.com\/fmreflejos-103-7\" target=\"_blank\" rel=\"noopener\">fmreflejos 103.7<\/a> \u00b7 <a style=\"color: #cccccc; text-decoration: none;\" title=\"Nota Micaela Costas\" href=\"https:\/\/soundcloud.com\/fmreflejos-103-7\/nota-micaela-costas-5\" target=\"_blank\" rel=\"noopener\">Nota Micaela Costas<\/a><\/div>\n<p><span style=\"background-color: #ccffcc;\"><a style=\"background-color: #ccffcc;\" href=\"https:\/\/es.scribd.com\/document\/491282638\/Consideraciones-Sobre-El-Turismo-en-La-Comarca-de-Sierras-de-La-Ventana\"><strong>Ver documento presentado al Gobernador: <span style=\"color: #800000;\">AQUI<\/span><\/strong><\/a><\/span><\/p>\n","protected":false},"excerpt":{"rendered":"<p>Durante la presentaci\u00f3n segunda etapa de entrega de subsidios para turismo y cultura que se realiz\u00f3 ayer en el Hotel Provincial de Sierra de la Ventana, la Asociaci\u00f3n de Turismo de la comarca de Sierra de la Ventana y otras instituciones vinculadas , entregaron un petitorio a la subsecretaria de Turismo de la Pcia de [&hellip;]<\/p>\n","protected":false},"author":3,"featured_media":0,"comment_status":"closed","ping_status":"open","sticky":false,"template":"","format":"standard","meta":{"footnotes":""},"categories":[36,33],"tags":[],"class_list":["post-51435","post","type-post","status-publish","format-standard","hentry","category-economia","category-turismo"],"yoast_head":"<!-- This site is optimized with the Yoast SEO plugin v25.9 - https:\/\/yoast.com\/wordpress\/plugins\/seo\/ -->\n<title>&quot;Preve\u00edamos que, por ser un destino con baja densidad poblacional, pod\u00edamos tener una gran afluencia de gente como la que se est\u00e1 viendo&quot;. - Micaela Costas - Noticias Radio Reflejos<\/title>\n<meta name=\"robots\" content=\"index, follow, max-snippet:-1, max-image-preview:large, max-video-preview:-1\" \/>\n<link rel=\"canonical\" href=\"https:\/\/www.noticiasradioreflejos.com.ar\/2021\/preveiamos-que-por-ser-un-destino-con-baja-densidad-poblacional-podiamos-tener-una-gran-afluencia-de-gente-como-la-que-se-esta-viendo-micaela-costas\/\" \/>\n<meta property=\"og:locale\" content=\"es_ES\" \/>\n<meta property=\"og:type\" content=\"article\" \/>\n<meta property=\"og:title\" content=\"&quot;Preve\u00edamos que, por ser un destino con baja densidad poblacional, pod\u00edamos tener una gran afluencia de gente como la que se est\u00e1 viendo&quot;. - Micaela Costas - Noticias Radio Reflejos\" \/>\n<meta property=\"og:description\" content=\"Durante la presentaci\u00f3n segunda etapa de entrega de subsidios para turismo y cultura que se realiz\u00f3 ayer en el Hotel Provincial de Sierra de la Ventana, la Asociaci\u00f3n de Turismo de la comarca de Sierra de la Ventana y otras instituciones vinculadas , entregaron un petitorio a la subsecretaria de Turismo de la Pcia de [&hellip;]\" \/>\n<meta property=\"og:url\" content=\"https:\/\/www.noticiasradioreflejos.com.ar\/2021\/preveiamos-que-por-ser-un-destino-con-baja-densidad-poblacional-podiamos-tener-una-gran-afluencia-de-gente-como-la-que-se-esta-viendo-micaela-costas\/\" \/>\n<meta property=\"og:site_name\" content=\"Noticias Radio Reflejos\" \/>\n<meta property=\"article:published_time\" content=\"2021-01-19T18:29:41+00:00\" \/>\n<meta property=\"og:image\" content=\"https:\/\/www.noticiasradioreflejos.com.ar\/2021\/wp-content\/uploads\/2021\/07\/logosol300x200.png\" \/>\n\t<meta property=\"og:image:width\" content=\"300\" \/>\n\t<meta property=\"og:image:height\" content=\"200\" \/>\n\t<meta property=\"og:image:type\" content=\"image\/png\" \/>\n<meta name=\"author\" content=\"Arnaldo Botto\" \/>\n<meta name=\"twitter:card\" content=\"summary_large_image\" \/>\n<script type=\"application\/ld+json\" class=\"yoast-schema-graph\">{\"@context\":\"https:\/\/schema.org\",\"@graph\":[{\"@type\":\"WebPage\",\"@id\":\"https:\/\/www.noticiasradioreflejos.com.ar\/2021\/preveiamos-que-por-ser-un-destino-con-baja-densidad-poblacional-podiamos-tener-una-gran-afluencia-de-gente-como-la-que-se-esta-viendo-micaela-costas\/\",\"url\":\"https:\/\/www.noticiasradioreflejos.com.ar\/2021\/preveiamos-que-por-ser-un-destino-con-baja-densidad-poblacional-podiamos-tener-una-gran-afluencia-de-gente-como-la-que-se-esta-viendo-micaela-costas\/\",\"name\":\"\\\"Preve\u00edamos que, por ser un destino con baja densidad poblacional, pod\u00edamos tener una gran afluencia de gente como la que se est\u00e1 viendo\\\". - Micaela Costas - Noticias Radio Reflejos\",\"isPartOf\":{\"@id\":\"https:\/\/www.noticiasradioreflejos.com.ar\/2021\/#website\"},\"datePublished\":\"2021-01-19T18:29:41+00:00\",\"author\":{\"@id\":\"https:\/\/www.noticiasradioreflejos.com.ar\/2021\/#\/schema\/person\/ad82545263dcc5ec0996818884fd5fb1\"},\"breadcrumb\":{\"@id\":\"https:\/\/www.noticiasradioreflejos.com.ar\/2021\/preveiamos-que-por-ser-un-destino-con-baja-densidad-poblacional-podiamos-tener-una-gran-afluencia-de-gente-como-la-que-se-esta-viendo-micaela-costas\/#breadcrumb\"},\"inLanguage\":\"es\",\"potentialAction\":[{\"@type\":\"ReadAction\",\"target\":[\"https:\/\/www.noticiasradioreflejos.com.ar\/2021\/preveiamos-que-por-ser-un-destino-con-baja-densidad-poblacional-podiamos-tener-una-gran-afluencia-de-gente-como-la-que-se-esta-viendo-micaela-costas\/\"]}]},{\"@type\":\"BreadcrumbList\",\"@id\":\"https:\/\/www.noticiasradioreflejos.com.ar\/2021\/preveiamos-que-por-ser-un-destino-con-baja-densidad-poblacional-podiamos-tener-una-gran-afluencia-de-gente-como-la-que-se-esta-viendo-micaela-costas\/#breadcrumb\",\"itemListElement\":[{\"@type\":\"ListItem\",\"position\":1,\"name\":\"Portada\",\"item\":\"https:\/\/www.noticiasradioreflejos.com.ar\/2021\/\"},{\"@type\":\"ListItem\",\"position\":2,\"name\":\"\u00abPreve\u00edamos que, por ser un destino con baja densidad poblacional, pod\u00edamos tener una gran afluencia de gente como la que se est\u00e1 viendo\u00bb. &#8211; Micaela Costas\"}]},{\"@type\":\"WebSite\",\"@id\":\"https:\/\/www.noticiasradioreflejos.com.ar\/2021\/#website\",\"url\":\"https:\/\/www.noticiasradioreflejos.com.ar\/2021\/\",\"name\":\"Noticias Radio Reflejos\",\"description\":\"Las noticias de mi comarca\",\"potentialAction\":[{\"@type\":\"SearchAction\",\"target\":{\"@type\":\"EntryPoint\",\"urlTemplate\":\"https:\/\/www.noticiasradioreflejos.com.ar\/2021\/?s={search_term_string}\"},\"query-input\":{\"@type\":\"PropertyValueSpecification\",\"valueRequired\":true,\"valueName\":\"search_term_string\"}}],\"inLanguage\":\"es\"},{\"@type\":\"Person\",\"@id\":\"https:\/\/www.noticiasradioreflejos.com.ar\/2021\/#\/schema\/person\/ad82545263dcc5ec0996818884fd5fb1\",\"name\":\"Arnaldo Botto\",\"image\":{\"@type\":\"ImageObject\",\"inLanguage\":\"es\",\"@id\":\"https:\/\/www.noticiasradioreflejos.com.ar\/2021\/#\/schema\/person\/image\/\",\"url\":\"https:\/\/secure.gravatar.com\/avatar\/55cb5e37c1efa326397366e6974cb338056df65cb50e7d64d1cf314e87504837?s=96&d=mm&r=g\",\"contentUrl\":\"https:\/\/secure.gravatar.com\/avatar\/55cb5e37c1efa326397366e6974cb338056df65cb50e7d64d1cf314e87504837?s=96&d=mm&r=g\",\"caption\":\"Arnaldo Botto\"},\"url\":\"https:\/\/www.noticiasradioreflejos.com.ar\/2021\/author\/arnaldo\/\"}]}<\/script>\n<!-- \/ Yoast SEO plugin. -->","yoast_head_json":{"title":"\"Preve\u00edamos que, por ser un destino con baja densidad poblacional, pod\u00edamos tener una gran afluencia de gente como la que se est\u00e1 viendo\". - Micaela Costas - Noticias Radio Reflejos","robots":{"index":"index","follow":"follow","max-snippet":"max-snippet:-1","max-image-preview":"max-image-preview:large","max-video-preview":"max-video-preview:-1"},"canonical":"https:\/\/www.noticiasradioreflejos.com.ar\/2021\/preveiamos-que-por-ser-un-destino-con-baja-densidad-poblacional-podiamos-tener-una-gran-afluencia-de-gente-como-la-que-se-esta-viendo-micaela-costas\/","og_locale":"es_ES","og_type":"article","og_title":"\"Preve\u00edamos que, por ser un destino con baja densidad poblacional, pod\u00edamos tener una gran afluencia de gente como la que se est\u00e1 viendo\". - Micaela Costas - Noticias Radio Reflejos","og_description":"Durante la presentaci\u00f3n segunda etapa de entrega de subsidios para turismo y cultura que se realiz\u00f3 ayer en el Hotel Provincial de Sierra de la Ventana, la Asociaci\u00f3n de Turismo de la comarca de Sierra de la Ventana y otras instituciones vinculadas , entregaron un petitorio a la subsecretaria de Turismo de la Pcia de [&hellip;]","og_url":"https:\/\/www.noticiasradioreflejos.com.ar\/2021\/preveiamos-que-por-ser-un-destino-con-baja-densidad-poblacional-podiamos-tener-una-gran-afluencia-de-gente-como-la-que-se-esta-viendo-micaela-costas\/","og_site_name":"Noticias Radio Reflejos","article_published_time":"2021-01-19T18:29:41+00:00","og_image":[{"width":300,"height":200,"url":"https:\/\/www.noticiasradioreflejos.com.ar\/2021\/wp-content\/uploads\/2021\/07\/logosol300x200.png","type":"image\/png"}],"author":"Arnaldo Botto","twitter_card":"summary_large_image","schema":{"@context":"https:\/\/schema.org","@graph":[{"@type":"WebPage","@id":"https:\/\/www.noticiasradioreflejos.com.ar\/2021\/preveiamos-que-por-ser-un-destino-con-baja-densidad-poblacional-podiamos-tener-una-gran-afluencia-de-gente-como-la-que-se-esta-viendo-micaela-costas\/","url":"https:\/\/www.noticiasradioreflejos.com.ar\/2021\/preveiamos-que-por-ser-un-destino-con-baja-densidad-poblacional-podiamos-tener-una-gran-afluencia-de-gente-como-la-que-se-esta-viendo-micaela-costas\/","name":"\"Preve\u00edamos que, por ser un destino con baja densidad poblacional, pod\u00edamos tener una gran afluencia de gente como la que se est\u00e1 viendo\". - Micaela Costas - Noticias Radio Reflejos","isPartOf":{"@id":"https:\/\/www.noticiasradioreflejos.com.ar\/2021\/#website"},"datePublished":"2021-01-19T18:29:41+00:00","author":{"@id":"https:\/\/www.noticiasradioreflejos.com.ar\/2021\/#\/schema\/person\/ad82545263dcc5ec0996818884fd5fb1"},"breadcrumb":{"@id":"https:\/\/www.noticiasradioreflejos.com.ar\/2021\/preveiamos-que-por-ser-un-destino-con-baja-densidad-poblacional-podiamos-tener-una-gran-afluencia-de-gente-como-la-que-se-esta-viendo-micaela-costas\/#breadcrumb"},"inLanguage":"es","potentialAction":[{"@type":"ReadAction","target":["https:\/\/www.noticiasradioreflejos.com.ar\/2021\/preveiamos-que-por-ser-un-destino-con-baja-densidad-poblacional-podiamos-tener-una-gran-afluencia-de-gente-como-la-que-se-esta-viendo-micaela-costas\/"]}]},{"@type":"BreadcrumbList","@id":"https:\/\/www.noticiasradioreflejos.com.ar\/2021\/preveiamos-que-por-ser-un-destino-con-baja-densidad-poblacional-podiamos-tener-una-gran-afluencia-de-gente-como-la-que-se-esta-viendo-micaela-costas\/#breadcrumb","itemListElement":[{"@type":"ListItem","position":1,"name":"Portada","item":"https:\/\/www.noticiasradioreflejos.com.ar\/2021\/"},{"@type":"ListItem","position":2,"name":"\u00abPreve\u00edamos que, por ser un destino con baja densidad poblacional, pod\u00edamos tener una gran afluencia de gente como la que se est\u00e1 viendo\u00bb. &#8211; Micaela Costas"}]},{"@type":"WebSite","@id":"https:\/\/www.noticiasradioreflejos.com.ar\/2021\/#website","url":"https:\/\/www.noticiasradioreflejos.com.ar\/2021\/","name":"Noticias Radio Reflejos","description":"Las noticias de mi comarca","potentialAction":[{"@type":"SearchAction","target":{"@type":"EntryPoint","urlTemplate":"https:\/\/www.noticiasradioreflejos.com.ar\/2021\/?s={search_term_string}"},"query-input":{"@type":"PropertyValueSpecification","valueRequired":true,"valueName":"search_term_string"}}],"inLanguage":"es"},{"@type":"Person","@id":"https:\/\/www.noticiasradioreflejos.com.ar\/2021\/#\/schema\/person\/ad82545263dcc5ec0996818884fd5fb1","name":"Arnaldo Botto","image":{"@type":"ImageObject","inLanguage":"es","@id":"https:\/\/www.noticiasradioreflejos.com.ar\/2021\/#\/schema\/person\/image\/","url":"https:\/\/secure.gravatar.com\/avatar\/55cb5e37c1efa326397366e6974cb338056df65cb50e7d64d1cf314e87504837?s=96&d=mm&r=g","contentUrl":"https:\/\/secure.gravatar.com\/avatar\/55cb5e37c1efa326397366e6974cb338056df65cb50e7d64d1cf314e87504837?s=96&d=mm&r=g","caption":"Arnaldo Botto"},"url":"https:\/\/www.noticiasradioreflejos.com.ar\/2021\/author\/arnaldo\/"}]}},"_links":{"self":[{"href":"https:\/\/www.noticiasradioreflejos.com.ar\/2021\/wp-json\/wp\/v2\/posts\/51435","targetHints":{"allow":["GET"]}}],"collection":[{"href":"https:\/\/www.noticiasradioreflejos.com.ar\/2021\/wp-json\/wp\/v2\/posts"}],"about":[{"href":"https:\/\/www.noticiasradioreflejos.com.ar\/2021\/wp-json\/wp\/v2\/types\/post"}],"author":[{"embeddable":true,"href":"https:\/\/www.noticiasradioreflejos.com.ar\/2021\/wp-json\/wp\/v2\/users\/3"}],"replies":[{"embeddable":true,"href":"https:\/\/www.noticiasradioreflejos.com.ar\/2021\/wp-json\/wp\/v2\/comments?post=51435"}],"version-history":[{"count":0,"href":"https:\/\/www.noticiasradioreflejos.com.ar\/2021\/wp-json\/wp\/v2\/posts\/51435\/revisions"}],"wp:attachment":[{"href":"https:\/\/www.noticiasradioreflejos.com.ar\/2021\/wp-json\/wp\/v2\/media?parent=51435"}],"wp:term":[{"taxonomy":"category","embeddable":true,"href":"https:\/\/www.noticiasradioreflejos.com.ar\/2021\/wp-json\/wp\/v2\/categories?post=51435"},{"taxonomy":"post_tag","embeddable":true,"href":"https:\/\/www.noticiasradioreflejos.com.ar\/2021\/wp-json\/wp\/v2\/tags?post=51435"}],"curies":[{"name":"wp","href":"https:\/\/api.w.org\/{rel}","templated":true}]}}