{"id":51429,"date":"2021-01-19T11:05:09","date_gmt":"2021-01-19T14:05:09","guid":{"rendered":"http:\/\/www.noticiasradioreflejos.com.ar\/noticias\/?p=51429"},"modified":"2021-01-19T11:05:09","modified_gmt":"2021-01-19T14:05:09","slug":"un-fuerte-sismo-sacudio-san-juan-y-se-sintio-en-varias-provincias","status":"publish","type":"post","link":"https:\/\/www.noticiasradioreflejos.com.ar\/2021\/un-fuerte-sismo-sacudio-san-juan-y-se-sintio-en-varias-provincias\/","title":{"rendered":"Un fuerte sismo sacudi\u00f3 San Juan y se sinti\u00f3 en varias provincias."},"content":{"rendered":"<p>El temblor, de 6,4 grados en la escala de Ritcher, fue percibido en las provincias de Cuyo e incluso en edificios altos de C\u00f3rdoba, La Rioja y Entre R\u00edos.<!--more--><br \/>\nUn sismo de 6,4 grados en la escala de Ritcher se produjo en los \u00faltimos minutos del lunes en la localidad sanjuanina de Villa Media Agua, seg\u00fan lo informado por el Instituto Nacional de Prevenci\u00f3n S\u00edsmica (INPRES).<\/p>\n<p>El temblor fue percibido en las provincias de Cuyo e incluso en edificios altos de C\u00f3rdoba, La Rioja y Entre R\u00edos.<\/p>\n<div id=\"image\" class=\"image\">\n<p><img decoding=\"async\" title=\"Fuerte sismo en San Juan\" src=\"https:\/\/www.telam.com.ar\/advf\/imagenes\/2021\/01\/6006bb9007170_1004x565.jpg\" alt=\"Fuerte sismo en San Juan\" \/><\/p>\n<div class=\"epigrafe\">Fuerte sismo en San Juan<\/div>\n<\/div>\n<p>Horas despu\u00e9s de ese movimiento, hubo otros dos movimientos, una replica de 4,4 grados a 93 kil\u00f3metros al este de San Juan a las 0:03 y otra de 5,1 a las 0:37 a 42 kil\u00f3metros al sudoeste de la capital sanjuanina y a 44 km al noroeste de Villa Media Agua.<\/p>\n<p>En esa provincia, el sismo de 6,4 se sinti\u00f3 con fuerza y algunos habitantes aseguraron por las redes sociales que la tierra tembl\u00f3 durante casi un minuto.<\/p>\n<div class=\"js-code\">\n<div class=\"twitter-tweet twitter-tweet-rendered\"><iframe loading=\"lazy\" id=\"twitter-widget-0\" class=\"\" title=\"Twitter Tweet\" src=\"https:\/\/platform.twitter.com\/embed\/index.html?creatorScreenName=agenciatelam&amp;dnt=false&amp;embedId=twitter-widget-0&amp;frame=false&amp;hideCard=false&amp;hideThread=false&amp;id=1351381286091427841&amp;lang=en&amp;origin=https%3A%2F%2Fwww.telam.com.ar%2Fnotas%2F202101%2F541941-sismo-san-juan-villa-media-agua.html&amp;siteScreenName=agenciatelam&amp;theme=light&amp;widgetsVersion=ed20a2b%3A1601588405575&amp;width=550px\" width=\"300\" height=\"150\" frameborder=\"0\" scrolling=\"no\" allowfullscreen=\"allowfullscreen\" data-tweet-id=\"1351381286091427841\"><\/iframe><\/div>\n<\/div>\n<p>El cimbronazo gener\u00f3 olas en las piletas de nataci\u00f3n de varias viviendas, hizo pendular l\u00e1mparas y puso en alerta a las mascotas, de acuerdo a los reportes de sanjuaninos, mendocinos y pobladores de C\u00f3rdoba y San Luis.<\/p>\n<p>Seg\u00fan el INPRES, el sismo se produjo a las 23:46:20 del lunes 18 de enero, a una profundidad de 8 kil\u00f3metros, a 57 kil\u00f3metros al sudoeste de San Juan capital, y a 113 kil\u00f3metros al norte de Mendoza.<\/p>\n<div class=\"js-code\">\n<div class=\"twitter-tweet twitter-tweet-rendered\"><iframe loading=\"lazy\" id=\"twitter-widget-1\" class=\"\" title=\"Twitter Tweet\" src=\"https:\/\/platform.twitter.com\/embed\/index.html?creatorScreenName=agenciatelam&amp;dnt=false&amp;embedId=twitter-widget-1&amp;frame=false&amp;hideCard=false&amp;hideThread=false&amp;id=1351382972247777281&amp;lang=en&amp;origin=https%3A%2F%2Fwww.telam.com.ar%2Fnotas%2F202101%2F541941-sismo-san-juan-villa-media-agua.html&amp;siteScreenName=agenciatelam&amp;theme=light&amp;widgetsVersion=ed20a2b%3A1601588405575&amp;width=550px\" width=\"300\" height=\"150\" frameborder=\"0\" scrolling=\"no\" allowfullscreen=\"allowfullscreen\" data-tweet-id=\"1351382972247777281\"><\/iframe><\/div>\n<\/div>\n<div id=\"image\" class=\"image\">\n<p><img decoding=\"async\" title=\"Centro C\u00edvico de San Juan\" src=\"https:\/\/www.telam.com.ar\/advf\/imagenes\/2021\/01\/6006d1af80407_1004x565.jpg\" alt=\"Centro C\u00edvico de San Juan\" \/><\/p>\n<div class=\"epigrafe\">Centro C\u00edvico de San Juan<\/div>\n<\/div>\n<div id=\"image\" class=\"image\">\n<p><img decoding=\"async\" title=\"Centro C\u00edvico de San Juan\" src=\"https:\/\/www.telam.com.ar\/advf\/imagenes\/2021\/01\/6006d1af8807d_1004x565.jpg\" alt=\"Centro C\u00edvico de San Juan\" \/><\/p>\n<div class=\"epigrafe\">Centro C\u00edvico de San Juan<\/div>\n<\/div>\n<div class=\"auth\">El gobernador llam\u00f3 a la calma<\/div>\n<p>El gobernador de San Juan, Sergio U\u00f1ac, inst\u00f3 a los pobladores de la provincia a mantener la \u00abcalma\u00bb ante el sismo de 6,4 grados de magnitud que sacudi\u00f3 a la localidad de Villa de Media Agua y se\u00f1al\u00f3 que desde las instituciones oficiales buscaban \u00abconocer el impacto del mismo\u00bb.<\/p>\n<p>A trav\u00e9s de un mensaje que public\u00f3 en Twitter esta madrugada, U\u00f1ac indic\u00f3: \u00abEn este momento quiero transmitir calma a las familias, tras el sismo que hemos vivido en San Juan\u00bb.<\/p>\n<div class=\"js-code\">\n<div class=\"twitter-tweet twitter-tweet-rendered\"><iframe loading=\"lazy\" id=\"twitter-widget-2\" class=\"\" title=\"Twitter Tweet\" src=\"https:\/\/platform.twitter.com\/embed\/index.html?creatorScreenName=agenciatelam&amp;dnt=false&amp;embedId=twitter-widget-2&amp;frame=false&amp;hideCard=false&amp;hideThread=false&amp;id=1351369532699533317&amp;lang=en&amp;origin=https%3A%2F%2Fwww.telam.com.ar%2Fnotas%2F202101%2F541941-sismo-san-juan-villa-media-agua.html&amp;siteScreenName=agenciatelam&amp;theme=light&amp;widgetsVersion=ed20a2b%3A1601588405575&amp;width=550px\" width=\"300\" height=\"150\" frameborder=\"0\" scrolling=\"no\" allowfullscreen=\"allowfullscreen\" data-tweet-id=\"1351369532699533317\"><\/iframe><\/div>\n<\/div>\n<p>\u00abPongamos en pr\u00e1ctica todas las medidas que hemos aprendido para prevenir incidentes, mientras estamos abocados a conocer el impacto del mismo para colaborar en todo lo necesario\u00bb, remarc\u00f3.<\/p>\n<p>Asimismo, en un segundo mensaje le pidi\u00f3 \u00aba quienes han sufrido da\u00f1os o necesitan asistencia, por favor se comuniquen al 911\u00bb dado que, afirm\u00f3, estaban \u00abtrabajando con las fuerzas civiles y de seguridad, y con los municipios para cuidarlos\u00bb.<\/p>\n<div class=\"auth\">El sismo se sinti\u00f3 con intensidad en C\u00f3rdoba, donde no se reportaron da\u00f1os ni lesionados<\/div>\n<p>El sismo de 6,4 grados en la escala de Ritcher que se registr\u00f3 poco antes de la medianoche y tuvo como epicentro la localidad de Villa Media Agua, en San Juan, se sinti\u00f3 con intensidad en la provincia de C\u00f3rdoba, donde no se reportaron da\u00f1os, ni personas lesionadas, informaron fuentes oficiales.<\/p>\n<p>En la capital provincial, los vecinos que viven en edificios altos salieron a la v\u00eda p\u00fablica por temor a posibles inconvenientes,<\/p>\n<p>Tambi\u00e9n los turistas que veranean en las sierras sintieron el temblor y replicaron en redes sociales los acontecimientos y movimientos de diferentes objetos que graficaron la situaci\u00f3n.<\/p>\n<p>Las autoridades no informaron hasta ahora da\u00f1os ocasionados por el sismo, que tiene como antecedente \u00faltimo uno ocurrido en septiembre de 2015, ya que tuvo caracter\u00edsticas similares aunque en esa ocasi\u00f3n las r\u00e9plicas siguieron varios d\u00edas.<\/p>\n","protected":false},"excerpt":{"rendered":"<p>El temblor, de 6,4 grados en la escala de Ritcher, fue percibido en las provincias de Cuyo e incluso en edificios altos de C\u00f3rdoba, La Rioja y Entre R\u00edos.<\/p>\n","protected":false},"author":3,"featured_media":0,"comment_status":"closed","ping_status":"open","sticky":false,"template":"","format":"standard","meta":{"footnotes":""},"categories":[25],"tags":[],"class_list":["post-51429","post","type-post","status-publish","format-standard","hentry","category-uncategorized"],"yoast_head":"<!-- This site is optimized with the Yoast SEO plugin v25.9 - https:\/\/yoast.com\/wordpress\/plugins\/seo\/ -->\n<title>Un fuerte sismo sacudi\u00f3 San Juan y se sinti\u00f3 en varias provincias. - Noticias Radio Reflejos<\/title>\n<meta name=\"robots\" content=\"index, follow, max-snippet:-1, max-image-preview:large, max-video-preview:-1\" \/>\n<link rel=\"canonical\" href=\"https:\/\/www.noticiasradioreflejos.com.ar\/2021\/un-fuerte-sismo-sacudio-san-juan-y-se-sintio-en-varias-provincias\/\" \/>\n<meta property=\"og:locale\" content=\"es_ES\" \/>\n<meta property=\"og:type\" content=\"article\" \/>\n<meta property=\"og:title\" content=\"Un fuerte sismo sacudi\u00f3 San Juan y se sinti\u00f3 en varias provincias. - Noticias Radio Reflejos\" \/>\n<meta property=\"og:description\" content=\"El temblor, de 6,4 grados en la escala de Ritcher, fue percibido en las provincias de Cuyo e incluso en edificios altos de C\u00f3rdoba, La Rioja y Entre R\u00edos.\" \/>\n<meta property=\"og:url\" content=\"https:\/\/www.noticiasradioreflejos.com.ar\/2021\/un-fuerte-sismo-sacudio-san-juan-y-se-sintio-en-varias-provincias\/\" \/>\n<meta property=\"og:site_name\" content=\"Noticias Radio Reflejos\" \/>\n<meta property=\"article:published_time\" content=\"2021-01-19T14:05:09+00:00\" \/>\n<meta property=\"og:image\" content=\"https:\/\/www.telam.com.ar\/advf\/imagenes\/2021\/01\/6006bb9007170_1004x565.jpg\" \/>\n<meta name=\"author\" content=\"Arnaldo Botto\" \/>\n<meta name=\"twitter:card\" content=\"summary_large_image\" \/>\n<script type=\"application\/ld+json\" class=\"yoast-schema-graph\">{\"@context\":\"https:\/\/schema.org\",\"@graph\":[{\"@type\":\"WebPage\",\"@id\":\"https:\/\/www.noticiasradioreflejos.com.ar\/2021\/un-fuerte-sismo-sacudio-san-juan-y-se-sintio-en-varias-provincias\/\",\"url\":\"https:\/\/www.noticiasradioreflejos.com.ar\/2021\/un-fuerte-sismo-sacudio-san-juan-y-se-sintio-en-varias-provincias\/\",\"name\":\"Un fuerte sismo sacudi\u00f3 San Juan y se sinti\u00f3 en varias provincias. - Noticias Radio Reflejos\",\"isPartOf\":{\"@id\":\"https:\/\/www.noticiasradioreflejos.com.ar\/2021\/#website\"},\"primaryImageOfPage\":{\"@id\":\"https:\/\/www.noticiasradioreflejos.com.ar\/2021\/un-fuerte-sismo-sacudio-san-juan-y-se-sintio-en-varias-provincias\/#primaryimage\"},\"image\":{\"@id\":\"https:\/\/www.noticiasradioreflejos.com.ar\/2021\/un-fuerte-sismo-sacudio-san-juan-y-se-sintio-en-varias-provincias\/#primaryimage\"},\"thumbnailUrl\":\"https:\/\/www.telam.com.ar\/advf\/imagenes\/2021\/01\/6006bb9007170_1004x565.jpg\",\"datePublished\":\"2021-01-19T14:05:09+00:00\",\"author\":{\"@id\":\"https:\/\/www.noticiasradioreflejos.com.ar\/2021\/#\/schema\/person\/ad82545263dcc5ec0996818884fd5fb1\"},\"breadcrumb\":{\"@id\":\"https:\/\/www.noticiasradioreflejos.com.ar\/2021\/un-fuerte-sismo-sacudio-san-juan-y-se-sintio-en-varias-provincias\/#breadcrumb\"},\"inLanguage\":\"es\",\"potentialAction\":[{\"@type\":\"ReadAction\",\"target\":[\"https:\/\/www.noticiasradioreflejos.com.ar\/2021\/un-fuerte-sismo-sacudio-san-juan-y-se-sintio-en-varias-provincias\/\"]}]},{\"@type\":\"ImageObject\",\"inLanguage\":\"es\",\"@id\":\"https:\/\/www.noticiasradioreflejos.com.ar\/2021\/un-fuerte-sismo-sacudio-san-juan-y-se-sintio-en-varias-provincias\/#primaryimage\",\"url\":\"https:\/\/www.telam.com.ar\/advf\/imagenes\/2021\/01\/6006bb9007170_1004x565.jpg\",\"contentUrl\":\"https:\/\/www.telam.com.ar\/advf\/imagenes\/2021\/01\/6006bb9007170_1004x565.jpg\"},{\"@type\":\"BreadcrumbList\",\"@id\":\"https:\/\/www.noticiasradioreflejos.com.ar\/2021\/un-fuerte-sismo-sacudio-san-juan-y-se-sintio-en-varias-provincias\/#breadcrumb\",\"itemListElement\":[{\"@type\":\"ListItem\",\"position\":1,\"name\":\"Portada\",\"item\":\"https:\/\/www.noticiasradioreflejos.com.ar\/2021\/\"},{\"@type\":\"ListItem\",\"position\":2,\"name\":\"Un fuerte sismo sacudi\u00f3 San Juan y se sinti\u00f3 en varias provincias.\"}]},{\"@type\":\"WebSite\",\"@id\":\"https:\/\/www.noticiasradioreflejos.com.ar\/2021\/#website\",\"url\":\"https:\/\/www.noticiasradioreflejos.com.ar\/2021\/\",\"name\":\"Noticias Radio Reflejos\",\"description\":\"Las noticias de mi comarca\",\"potentialAction\":[{\"@type\":\"SearchAction\",\"target\":{\"@type\":\"EntryPoint\",\"urlTemplate\":\"https:\/\/www.noticiasradioreflejos.com.ar\/2021\/?s={search_term_string}\"},\"query-input\":{\"@type\":\"PropertyValueSpecification\",\"valueRequired\":true,\"valueName\":\"search_term_string\"}}],\"inLanguage\":\"es\"},{\"@type\":\"Person\",\"@id\":\"https:\/\/www.noticiasradioreflejos.com.ar\/2021\/#\/schema\/person\/ad82545263dcc5ec0996818884fd5fb1\",\"name\":\"Arnaldo Botto\",\"image\":{\"@type\":\"ImageObject\",\"inLanguage\":\"es\",\"@id\":\"https:\/\/www.noticiasradioreflejos.com.ar\/2021\/#\/schema\/person\/image\/\",\"url\":\"https:\/\/secure.gravatar.com\/avatar\/55cb5e37c1efa326397366e6974cb338056df65cb50e7d64d1cf314e87504837?s=96&d=mm&r=g\",\"contentUrl\":\"https:\/\/secure.gravatar.com\/avatar\/55cb5e37c1efa326397366e6974cb338056df65cb50e7d64d1cf314e87504837?s=96&d=mm&r=g\",\"caption\":\"Arnaldo Botto\"},\"url\":\"https:\/\/www.noticiasradioreflejos.com.ar\/2021\/author\/arnaldo\/\"}]}<\/script>\n<!-- \/ Yoast SEO plugin. -->","yoast_head_json":{"title":"Un fuerte sismo sacudi\u00f3 San Juan y se sinti\u00f3 en varias provincias. - Noticias Radio Reflejos","robots":{"index":"index","follow":"follow","max-snippet":"max-snippet:-1","max-image-preview":"max-image-preview:large","max-video-preview":"max-video-preview:-1"},"canonical":"https:\/\/www.noticiasradioreflejos.com.ar\/2021\/un-fuerte-sismo-sacudio-san-juan-y-se-sintio-en-varias-provincias\/","og_locale":"es_ES","og_type":"article","og_title":"Un fuerte sismo sacudi\u00f3 San Juan y se sinti\u00f3 en varias provincias. - Noticias Radio Reflejos","og_description":"El temblor, de 6,4 grados en la escala de Ritcher, fue percibido en las provincias de Cuyo e incluso en edificios altos de C\u00f3rdoba, La Rioja y Entre R\u00edos.","og_url":"https:\/\/www.noticiasradioreflejos.com.ar\/2021\/un-fuerte-sismo-sacudio-san-juan-y-se-sintio-en-varias-provincias\/","og_site_name":"Noticias Radio Reflejos","article_published_time":"2021-01-19T14:05:09+00:00","og_image":[{"url":"https:\/\/www.telam.com.ar\/advf\/imagenes\/2021\/01\/6006bb9007170_1004x565.jpg","type":"","width":"","height":""}],"author":"Arnaldo Botto","twitter_card":"summary_large_image","schema":{"@context":"https:\/\/schema.org","@graph":[{"@type":"WebPage","@id":"https:\/\/www.noticiasradioreflejos.com.ar\/2021\/un-fuerte-sismo-sacudio-san-juan-y-se-sintio-en-varias-provincias\/","url":"https:\/\/www.noticiasradioreflejos.com.ar\/2021\/un-fuerte-sismo-sacudio-san-juan-y-se-sintio-en-varias-provincias\/","name":"Un fuerte sismo sacudi\u00f3 San Juan y se sinti\u00f3 en varias provincias. - Noticias Radio Reflejos","isPartOf":{"@id":"https:\/\/www.noticiasradioreflejos.com.ar\/2021\/#website"},"primaryImageOfPage":{"@id":"https:\/\/www.noticiasradioreflejos.com.ar\/2021\/un-fuerte-sismo-sacudio-san-juan-y-se-sintio-en-varias-provincias\/#primaryimage"},"image":{"@id":"https:\/\/www.noticiasradioreflejos.com.ar\/2021\/un-fuerte-sismo-sacudio-san-juan-y-se-sintio-en-varias-provincias\/#primaryimage"},"thumbnailUrl":"https:\/\/www.telam.com.ar\/advf\/imagenes\/2021\/01\/6006bb9007170_1004x565.jpg","datePublished":"2021-01-19T14:05:09+00:00","author":{"@id":"https:\/\/www.noticiasradioreflejos.com.ar\/2021\/#\/schema\/person\/ad82545263dcc5ec0996818884fd5fb1"},"breadcrumb":{"@id":"https:\/\/www.noticiasradioreflejos.com.ar\/2021\/un-fuerte-sismo-sacudio-san-juan-y-se-sintio-en-varias-provincias\/#breadcrumb"},"inLanguage":"es","potentialAction":[{"@type":"ReadAction","target":["https:\/\/www.noticiasradioreflejos.com.ar\/2021\/un-fuerte-sismo-sacudio-san-juan-y-se-sintio-en-varias-provincias\/"]}]},{"@type":"ImageObject","inLanguage":"es","@id":"https:\/\/www.noticiasradioreflejos.com.ar\/2021\/un-fuerte-sismo-sacudio-san-juan-y-se-sintio-en-varias-provincias\/#primaryimage","url":"https:\/\/www.telam.com.ar\/advf\/imagenes\/2021\/01\/6006bb9007170_1004x565.jpg","contentUrl":"https:\/\/www.telam.com.ar\/advf\/imagenes\/2021\/01\/6006bb9007170_1004x565.jpg"},{"@type":"BreadcrumbList","@id":"https:\/\/www.noticiasradioreflejos.com.ar\/2021\/un-fuerte-sismo-sacudio-san-juan-y-se-sintio-en-varias-provincias\/#breadcrumb","itemListElement":[{"@type":"ListItem","position":1,"name":"Portada","item":"https:\/\/www.noticiasradioreflejos.com.ar\/2021\/"},{"@type":"ListItem","position":2,"name":"Un fuerte sismo sacudi\u00f3 San Juan y se sinti\u00f3 en varias provincias."}]},{"@type":"WebSite","@id":"https:\/\/www.noticiasradioreflejos.com.ar\/2021\/#website","url":"https:\/\/www.noticiasradioreflejos.com.ar\/2021\/","name":"Noticias Radio Reflejos","description":"Las noticias de mi comarca","potentialAction":[{"@type":"SearchAction","target":{"@type":"EntryPoint","urlTemplate":"https:\/\/www.noticiasradioreflejos.com.ar\/2021\/?s={search_term_string}"},"query-input":{"@type":"PropertyValueSpecification","valueRequired":true,"valueName":"search_term_string"}}],"inLanguage":"es"},{"@type":"Person","@id":"https:\/\/www.noticiasradioreflejos.com.ar\/2021\/#\/schema\/person\/ad82545263dcc5ec0996818884fd5fb1","name":"Arnaldo Botto","image":{"@type":"ImageObject","inLanguage":"es","@id":"https:\/\/www.noticiasradioreflejos.com.ar\/2021\/#\/schema\/person\/image\/","url":"https:\/\/secure.gravatar.com\/avatar\/55cb5e37c1efa326397366e6974cb338056df65cb50e7d64d1cf314e87504837?s=96&d=mm&r=g","contentUrl":"https:\/\/secure.gravatar.com\/avatar\/55cb5e37c1efa326397366e6974cb338056df65cb50e7d64d1cf314e87504837?s=96&d=mm&r=g","caption":"Arnaldo Botto"},"url":"https:\/\/www.noticiasradioreflejos.com.ar\/2021\/author\/arnaldo\/"}]}},"_links":{"self":[{"href":"https:\/\/www.noticiasradioreflejos.com.ar\/2021\/wp-json\/wp\/v2\/posts\/51429","targetHints":{"allow":["GET"]}}],"collection":[{"href":"https:\/\/www.noticiasradioreflejos.com.ar\/2021\/wp-json\/wp\/v2\/posts"}],"about":[{"href":"https:\/\/www.noticiasradioreflejos.com.ar\/2021\/wp-json\/wp\/v2\/types\/post"}],"author":[{"embeddable":true,"href":"https:\/\/www.noticiasradioreflejos.com.ar\/2021\/wp-json\/wp\/v2\/users\/3"}],"replies":[{"embeddable":true,"href":"https:\/\/www.noticiasradioreflejos.com.ar\/2021\/wp-json\/wp\/v2\/comments?post=51429"}],"version-history":[{"count":0,"href":"https:\/\/www.noticiasradioreflejos.com.ar\/2021\/wp-json\/wp\/v2\/posts\/51429\/revisions"}],"wp:attachment":[{"href":"https:\/\/www.noticiasradioreflejos.com.ar\/2021\/wp-json\/wp\/v2\/media?parent=51429"}],"wp:term":[{"taxonomy":"category","embeddable":true,"href":"https:\/\/www.noticiasradioreflejos.com.ar\/2021\/wp-json\/wp\/v2\/categories?post=51429"},{"taxonomy":"post_tag","embeddable":true,"href":"https:\/\/www.noticiasradioreflejos.com.ar\/2021\/wp-json\/wp\/v2\/tags?post=51429"}],"curies":[{"name":"wp","href":"https:\/\/api.w.org\/{rel}","templated":true}]}}