{"id":51420,"date":"2021-01-19T08:38:25","date_gmt":"2021-01-19T11:38:25","guid":{"rendered":"http:\/\/www.noticiasradioreflejos.com.ar\/noticias\/?p=51420"},"modified":"2021-01-19T08:38:25","modified_gmt":"2021-01-19T11:38:25","slug":"vialidad-nacional-comenzo-la-construccion-del-alteo-en-la-rn-33-casbas-y-garre","status":"publish","type":"post","link":"https:\/\/www.noticiasradioreflejos.com.ar\/2021\/vialidad-nacional-comenzo-la-construccion-del-alteo-en-la-rn-33-casbas-y-garre\/","title":{"rendered":"Vialidad Nacional comenz\u00f3 la construcci\u00f3n del alteo en la RN 33 Casbas y Garre"},"content":{"rendered":"<p>La obra significa la soluci\u00f3n definitiva al tramo que se inund\u00f3 a principios en el a\u00f1o 2017<br \/>\nEl Ministerio de Obras P\u00fablicas a trav\u00e9s de Vialidad Nacional comenz\u00f3 la obra de alteo en la Ruta Nacional N\u00b0 33 KM 246 entre las localidades de Casbas y Garre. Estos trabajos favorecen el tr\u00e1nsito y la seguridad vial en una de las v\u00edas de comunicaci\u00f3n m\u00e1s importantes de la provincia de Buenos Aires.<!--more--><\/p>\n<p>La obra consiste en la reconstrucci\u00f3n del tramo -de 1539 metros- del paquete estructural y tareas de alteo de terrapl\u00e9n. El tramo se elevar\u00e1 1,30 m sobre el nivel de la calzada original, la cual tendr\u00e1 un ancho de 7,30 m. La obra est\u00e1 a cargo de una UTE (Uni\u00f3n Transitoria de Empresas) compuesta por Fontana Nicastro e Ingenier\u00eda y Arquitectura SRL, de Capital Federal y Bah\u00eda Blanca, respectivamente.<\/p>\n<p>El monto de inversi\u00f3n es de 50 millones de pesos, generando aproximadamente 50 operarios, la mayor\u00eda de ellos oriundos de localidades de la regi\u00f3n.<\/p>\n<p><a title=\"WhatsApp Image 2021-01-19 at 08.28.46\" href=\"http:\/\/live.staticflickr.com\/65535\/50852273521_37d6152d24_s.jpg\" rel=\"\"><img loading=\"lazy\" decoding=\"async\" title=\"WhatsApp Image 2021-01-19 at 08.28.46\" src=\"http:\/\/live.staticflickr.com\/65535\/50852273521_37d6152d24_c.jpg\" alt=\"WhatsApp Image 2021-01-19 at 08.28.46\" width=\"800\" height=\"533\" \/><\/a><br \/>\nCabe aclarar que durante la ejecuci\u00f3n de los trabajos \u2013 que ser\u00e1 de 4 (cuatro) meses- no se ver\u00e1 interrumpido el tr\u00e1nsito en el sector, ya que se trabajar\u00e1 en media calzada.<br \/>\n\u201cEstamos cumpliendo con el objetivo planteado y a palabra empe\u00f1ada. Hoy venimos a remediar los a\u00f1os de inoperancia que pasaron desde 2017. Es una ruta clave porque une los puertos de Rosario con Bah\u00eda Blanca, es la columna vertebral de la provincia de Buenos Aires. El tr\u00e1nsito, ha crecido mucho en los \u00faltimos a\u00f1os y, por ese motivo, hay que realizar una pavimentaci\u00f3n con un paquete estructural que garantice el trabajo a largo plazo. Quiero agradecer a quienes hicieron posible concretar esta obra, especialmente a todo el equipo t\u00e9cnico de Vialidad Nacional del distrito, al intendente de Guamini, Jos\u00e9 Augusto Nobre Ferreira, al SubAdministrador del ENOHSA N\u00e9stor \u00c1lvarez, al ministro de Obras P\u00fablicas Gabriel Katopodis, al Administrador General de Vialidad Nacional Gustavo Arrieta y a Patricio Garc\u00eda y Jorge Ruesga\u201d manifest\u00f3 el jefe del 19 Distrito Bah\u00eda Blanca, Gustavo Trankels.<br \/>\nSolicitamos a los usuarios circular con precauci\u00f3n en la zona, respetar la se\u00f1alizaci\u00f3n de obra, la velocidad m\u00e1xima y las indicaciones de los banderilleros.<\/p>\n<p><a title=\"WhatsApp Image 2021-01-19 at 08.28.45 (1)\" href=\"http:\/\/live.staticflickr.com\/65535\/50852369527_6aa47136bc_s.jpg\" rel=\"\"><img loading=\"lazy\" decoding=\"async\" class=\"aligncenter\" title=\"WhatsApp Image 2021-01-19 at 08.28.45 (1)\" src=\"http:\/\/live.staticflickr.com\/65535\/50852369527_6aa47136bc_c.jpg\" alt=\"WhatsApp Image 2021-01-19 at 08.28.45 (1)\" width=\"800\" height=\"533\" \/><\/a><\/p>\n","protected":false},"excerpt":{"rendered":"<p>La obra significa la soluci\u00f3n definitiva al tramo que se inund\u00f3 a principios en el a\u00f1o 2017 El Ministerio de Obras P\u00fablicas a trav\u00e9s de Vialidad Nacional comenz\u00f3 la obra de alteo en la Ruta Nacional N\u00b0 33 KM 246 entre las localidades de Casbas y Garre. Estos trabajos favorecen el tr\u00e1nsito y la seguridad [&hellip;]<\/p>\n","protected":false},"author":3,"featured_media":0,"comment_status":"closed","ping_status":"open","sticky":false,"template":"","format":"standard","meta":{"footnotes":""},"categories":[24,26],"tags":[],"class_list":["post-51420","post","type-post","status-publish","format-standard","hentry","category-politica","category-sociedad"],"yoast_head":"<!-- This site is optimized with the Yoast SEO plugin v25.9 - https:\/\/yoast.com\/wordpress\/plugins\/seo\/ -->\n<title>Vialidad Nacional comenz\u00f3 la construcci\u00f3n del alteo en la RN 33 Casbas y Garre - Noticias Radio Reflejos<\/title>\n<meta name=\"robots\" content=\"index, follow, max-snippet:-1, max-image-preview:large, max-video-preview:-1\" \/>\n<link rel=\"canonical\" href=\"https:\/\/www.noticiasradioreflejos.com.ar\/2021\/vialidad-nacional-comenzo-la-construccion-del-alteo-en-la-rn-33-casbas-y-garre\/\" \/>\n<meta property=\"og:locale\" content=\"es_ES\" \/>\n<meta property=\"og:type\" content=\"article\" \/>\n<meta property=\"og:title\" content=\"Vialidad Nacional comenz\u00f3 la construcci\u00f3n del alteo en la RN 33 Casbas y Garre - Noticias Radio Reflejos\" \/>\n<meta property=\"og:description\" content=\"La obra significa la soluci\u00f3n definitiva al tramo que se inund\u00f3 a principios en el a\u00f1o 2017 El Ministerio de Obras P\u00fablicas a trav\u00e9s de Vialidad Nacional comenz\u00f3 la obra de alteo en la Ruta Nacional N\u00b0 33 KM 246 entre las localidades de Casbas y Garre. Estos trabajos favorecen el tr\u00e1nsito y la seguridad [&hellip;]\" \/>\n<meta property=\"og:url\" content=\"https:\/\/www.noticiasradioreflejos.com.ar\/2021\/vialidad-nacional-comenzo-la-construccion-del-alteo-en-la-rn-33-casbas-y-garre\/\" \/>\n<meta property=\"og:site_name\" content=\"Noticias Radio Reflejos\" \/>\n<meta property=\"article:published_time\" content=\"2021-01-19T11:38:25+00:00\" \/>\n<meta property=\"og:image\" content=\"http:\/\/live.staticflickr.com\/65535\/50852273521_37d6152d24_c.jpg\" \/>\n<meta name=\"author\" content=\"Arnaldo Botto\" \/>\n<meta name=\"twitter:card\" content=\"summary_large_image\" \/>\n<script type=\"application\/ld+json\" class=\"yoast-schema-graph\">{\"@context\":\"https:\/\/schema.org\",\"@graph\":[{\"@type\":\"WebPage\",\"@id\":\"https:\/\/www.noticiasradioreflejos.com.ar\/2021\/vialidad-nacional-comenzo-la-construccion-del-alteo-en-la-rn-33-casbas-y-garre\/\",\"url\":\"https:\/\/www.noticiasradioreflejos.com.ar\/2021\/vialidad-nacional-comenzo-la-construccion-del-alteo-en-la-rn-33-casbas-y-garre\/\",\"name\":\"Vialidad Nacional comenz\u00f3 la construcci\u00f3n del alteo en la RN 33 Casbas y Garre - Noticias Radio Reflejos\",\"isPartOf\":{\"@id\":\"https:\/\/www.noticiasradioreflejos.com.ar\/2021\/#website\"},\"primaryImageOfPage\":{\"@id\":\"https:\/\/www.noticiasradioreflejos.com.ar\/2021\/vialidad-nacional-comenzo-la-construccion-del-alteo-en-la-rn-33-casbas-y-garre\/#primaryimage\"},\"image\":{\"@id\":\"https:\/\/www.noticiasradioreflejos.com.ar\/2021\/vialidad-nacional-comenzo-la-construccion-del-alteo-en-la-rn-33-casbas-y-garre\/#primaryimage\"},\"thumbnailUrl\":\"http:\/\/live.staticflickr.com\/65535\/50852273521_37d6152d24_c.jpg\",\"datePublished\":\"2021-01-19T11:38:25+00:00\",\"author\":{\"@id\":\"https:\/\/www.noticiasradioreflejos.com.ar\/2021\/#\/schema\/person\/ad82545263dcc5ec0996818884fd5fb1\"},\"breadcrumb\":{\"@id\":\"https:\/\/www.noticiasradioreflejos.com.ar\/2021\/vialidad-nacional-comenzo-la-construccion-del-alteo-en-la-rn-33-casbas-y-garre\/#breadcrumb\"},\"inLanguage\":\"es\",\"potentialAction\":[{\"@type\":\"ReadAction\",\"target\":[\"https:\/\/www.noticiasradioreflejos.com.ar\/2021\/vialidad-nacional-comenzo-la-construccion-del-alteo-en-la-rn-33-casbas-y-garre\/\"]}]},{\"@type\":\"ImageObject\",\"inLanguage\":\"es\",\"@id\":\"https:\/\/www.noticiasradioreflejos.com.ar\/2021\/vialidad-nacional-comenzo-la-construccion-del-alteo-en-la-rn-33-casbas-y-garre\/#primaryimage\",\"url\":\"http:\/\/live.staticflickr.com\/65535\/50852273521_37d6152d24_c.jpg\",\"contentUrl\":\"http:\/\/live.staticflickr.com\/65535\/50852273521_37d6152d24_c.jpg\"},{\"@type\":\"BreadcrumbList\",\"@id\":\"https:\/\/www.noticiasradioreflejos.com.ar\/2021\/vialidad-nacional-comenzo-la-construccion-del-alteo-en-la-rn-33-casbas-y-garre\/#breadcrumb\",\"itemListElement\":[{\"@type\":\"ListItem\",\"position\":1,\"name\":\"Portada\",\"item\":\"https:\/\/www.noticiasradioreflejos.com.ar\/2021\/\"},{\"@type\":\"ListItem\",\"position\":2,\"name\":\"Vialidad Nacional comenz\u00f3 la construcci\u00f3n del alteo en la RN 33 Casbas y Garre\"}]},{\"@type\":\"WebSite\",\"@id\":\"https:\/\/www.noticiasradioreflejos.com.ar\/2021\/#website\",\"url\":\"https:\/\/www.noticiasradioreflejos.com.ar\/2021\/\",\"name\":\"Noticias Radio Reflejos\",\"description\":\"Las noticias de mi comarca\",\"potentialAction\":[{\"@type\":\"SearchAction\",\"target\":{\"@type\":\"EntryPoint\",\"urlTemplate\":\"https:\/\/www.noticiasradioreflejos.com.ar\/2021\/?s={search_term_string}\"},\"query-input\":{\"@type\":\"PropertyValueSpecification\",\"valueRequired\":true,\"valueName\":\"search_term_string\"}}],\"inLanguage\":\"es\"},{\"@type\":\"Person\",\"@id\":\"https:\/\/www.noticiasradioreflejos.com.ar\/2021\/#\/schema\/person\/ad82545263dcc5ec0996818884fd5fb1\",\"name\":\"Arnaldo Botto\",\"image\":{\"@type\":\"ImageObject\",\"inLanguage\":\"es\",\"@id\":\"https:\/\/www.noticiasradioreflejos.com.ar\/2021\/#\/schema\/person\/image\/\",\"url\":\"https:\/\/secure.gravatar.com\/avatar\/55cb5e37c1efa326397366e6974cb338056df65cb50e7d64d1cf314e87504837?s=96&d=mm&r=g\",\"contentUrl\":\"https:\/\/secure.gravatar.com\/avatar\/55cb5e37c1efa326397366e6974cb338056df65cb50e7d64d1cf314e87504837?s=96&d=mm&r=g\",\"caption\":\"Arnaldo Botto\"},\"url\":\"https:\/\/www.noticiasradioreflejos.com.ar\/2021\/author\/arnaldo\/\"}]}<\/script>\n<!-- \/ Yoast SEO plugin. -->","yoast_head_json":{"title":"Vialidad Nacional comenz\u00f3 la construcci\u00f3n del alteo en la RN 33 Casbas y Garre - Noticias Radio Reflejos","robots":{"index":"index","follow":"follow","max-snippet":"max-snippet:-1","max-image-preview":"max-image-preview:large","max-video-preview":"max-video-preview:-1"},"canonical":"https:\/\/www.noticiasradioreflejos.com.ar\/2021\/vialidad-nacional-comenzo-la-construccion-del-alteo-en-la-rn-33-casbas-y-garre\/","og_locale":"es_ES","og_type":"article","og_title":"Vialidad Nacional comenz\u00f3 la construcci\u00f3n del alteo en la RN 33 Casbas y Garre - Noticias Radio Reflejos","og_description":"La obra significa la soluci\u00f3n definitiva al tramo que se inund\u00f3 a principios en el a\u00f1o 2017 El Ministerio de Obras P\u00fablicas a trav\u00e9s de Vialidad Nacional comenz\u00f3 la obra de alteo en la Ruta Nacional N\u00b0 33 KM 246 entre las localidades de Casbas y Garre. Estos trabajos favorecen el tr\u00e1nsito y la seguridad [&hellip;]","og_url":"https:\/\/www.noticiasradioreflejos.com.ar\/2021\/vialidad-nacional-comenzo-la-construccion-del-alteo-en-la-rn-33-casbas-y-garre\/","og_site_name":"Noticias Radio Reflejos","article_published_time":"2021-01-19T11:38:25+00:00","og_image":[{"url":"http:\/\/live.staticflickr.com\/65535\/50852273521_37d6152d24_c.jpg","type":"","width":"","height":""}],"author":"Arnaldo Botto","twitter_card":"summary_large_image","schema":{"@context":"https:\/\/schema.org","@graph":[{"@type":"WebPage","@id":"https:\/\/www.noticiasradioreflejos.com.ar\/2021\/vialidad-nacional-comenzo-la-construccion-del-alteo-en-la-rn-33-casbas-y-garre\/","url":"https:\/\/www.noticiasradioreflejos.com.ar\/2021\/vialidad-nacional-comenzo-la-construccion-del-alteo-en-la-rn-33-casbas-y-garre\/","name":"Vialidad Nacional comenz\u00f3 la construcci\u00f3n del alteo en la RN 33 Casbas y Garre - Noticias Radio Reflejos","isPartOf":{"@id":"https:\/\/www.noticiasradioreflejos.com.ar\/2021\/#website"},"primaryImageOfPage":{"@id":"https:\/\/www.noticiasradioreflejos.com.ar\/2021\/vialidad-nacional-comenzo-la-construccion-del-alteo-en-la-rn-33-casbas-y-garre\/#primaryimage"},"image":{"@id":"https:\/\/www.noticiasradioreflejos.com.ar\/2021\/vialidad-nacional-comenzo-la-construccion-del-alteo-en-la-rn-33-casbas-y-garre\/#primaryimage"},"thumbnailUrl":"http:\/\/live.staticflickr.com\/65535\/50852273521_37d6152d24_c.jpg","datePublished":"2021-01-19T11:38:25+00:00","author":{"@id":"https:\/\/www.noticiasradioreflejos.com.ar\/2021\/#\/schema\/person\/ad82545263dcc5ec0996818884fd5fb1"},"breadcrumb":{"@id":"https:\/\/www.noticiasradioreflejos.com.ar\/2021\/vialidad-nacional-comenzo-la-construccion-del-alteo-en-la-rn-33-casbas-y-garre\/#breadcrumb"},"inLanguage":"es","potentialAction":[{"@type":"ReadAction","target":["https:\/\/www.noticiasradioreflejos.com.ar\/2021\/vialidad-nacional-comenzo-la-construccion-del-alteo-en-la-rn-33-casbas-y-garre\/"]}]},{"@type":"ImageObject","inLanguage":"es","@id":"https:\/\/www.noticiasradioreflejos.com.ar\/2021\/vialidad-nacional-comenzo-la-construccion-del-alteo-en-la-rn-33-casbas-y-garre\/#primaryimage","url":"http:\/\/live.staticflickr.com\/65535\/50852273521_37d6152d24_c.jpg","contentUrl":"http:\/\/live.staticflickr.com\/65535\/50852273521_37d6152d24_c.jpg"},{"@type":"BreadcrumbList","@id":"https:\/\/www.noticiasradioreflejos.com.ar\/2021\/vialidad-nacional-comenzo-la-construccion-del-alteo-en-la-rn-33-casbas-y-garre\/#breadcrumb","itemListElement":[{"@type":"ListItem","position":1,"name":"Portada","item":"https:\/\/www.noticiasradioreflejos.com.ar\/2021\/"},{"@type":"ListItem","position":2,"name":"Vialidad Nacional comenz\u00f3 la construcci\u00f3n del alteo en la RN 33 Casbas y Garre"}]},{"@type":"WebSite","@id":"https:\/\/www.noticiasradioreflejos.com.ar\/2021\/#website","url":"https:\/\/www.noticiasradioreflejos.com.ar\/2021\/","name":"Noticias Radio Reflejos","description":"Las noticias de mi comarca","potentialAction":[{"@type":"SearchAction","target":{"@type":"EntryPoint","urlTemplate":"https:\/\/www.noticiasradioreflejos.com.ar\/2021\/?s={search_term_string}"},"query-input":{"@type":"PropertyValueSpecification","valueRequired":true,"valueName":"search_term_string"}}],"inLanguage":"es"},{"@type":"Person","@id":"https:\/\/www.noticiasradioreflejos.com.ar\/2021\/#\/schema\/person\/ad82545263dcc5ec0996818884fd5fb1","name":"Arnaldo Botto","image":{"@type":"ImageObject","inLanguage":"es","@id":"https:\/\/www.noticiasradioreflejos.com.ar\/2021\/#\/schema\/person\/image\/","url":"https:\/\/secure.gravatar.com\/avatar\/55cb5e37c1efa326397366e6974cb338056df65cb50e7d64d1cf314e87504837?s=96&d=mm&r=g","contentUrl":"https:\/\/secure.gravatar.com\/avatar\/55cb5e37c1efa326397366e6974cb338056df65cb50e7d64d1cf314e87504837?s=96&d=mm&r=g","caption":"Arnaldo Botto"},"url":"https:\/\/www.noticiasradioreflejos.com.ar\/2021\/author\/arnaldo\/"}]}},"_links":{"self":[{"href":"https:\/\/www.noticiasradioreflejos.com.ar\/2021\/wp-json\/wp\/v2\/posts\/51420","targetHints":{"allow":["GET"]}}],"collection":[{"href":"https:\/\/www.noticiasradioreflejos.com.ar\/2021\/wp-json\/wp\/v2\/posts"}],"about":[{"href":"https:\/\/www.noticiasradioreflejos.com.ar\/2021\/wp-json\/wp\/v2\/types\/post"}],"author":[{"embeddable":true,"href":"https:\/\/www.noticiasradioreflejos.com.ar\/2021\/wp-json\/wp\/v2\/users\/3"}],"replies":[{"embeddable":true,"href":"https:\/\/www.noticiasradioreflejos.com.ar\/2021\/wp-json\/wp\/v2\/comments?post=51420"}],"version-history":[{"count":0,"href":"https:\/\/www.noticiasradioreflejos.com.ar\/2021\/wp-json\/wp\/v2\/posts\/51420\/revisions"}],"wp:attachment":[{"href":"https:\/\/www.noticiasradioreflejos.com.ar\/2021\/wp-json\/wp\/v2\/media?parent=51420"}],"wp:term":[{"taxonomy":"category","embeddable":true,"href":"https:\/\/www.noticiasradioreflejos.com.ar\/2021\/wp-json\/wp\/v2\/categories?post=51420"},{"taxonomy":"post_tag","embeddable":true,"href":"https:\/\/www.noticiasradioreflejos.com.ar\/2021\/wp-json\/wp\/v2\/tags?post=51420"}],"curies":[{"name":"wp","href":"https:\/\/api.w.org\/{rel}","templated":true}]}}