{"id":51415,"date":"2021-01-18T21:49:27","date_gmt":"2021-01-19T00:49:27","guid":{"rendered":"http:\/\/www.noticiasradioreflejos.com.ar\/noticias\/?p=51415"},"modified":"2021-01-18T21:49:27","modified_gmt":"2021-01-19T00:49:27","slug":"kicillof-presento-en-sierra-de-la-ventana-el-fondo-para-la-reactivacion-cultural-y-turistica","status":"publish","type":"post","link":"https:\/\/www.noticiasradioreflejos.com.ar\/2021\/kicillof-presento-en-sierra-de-la-ventana-el-fondo-para-la-reactivacion-cultural-y-turistica\/","title":{"rendered":"Kicillof present\u00f3 en Sierra de la Ventana el fondo para la reactivaci\u00f3n cultural y tur\u00edstica"},"content":{"rendered":"<p>El Gobernador Axel Kicillof present\u00f3 este lunes en Sierra de la Ventana, la segunda etapa del \u2018Fondo Especial Municipal para la Reactivaci\u00f3n Cultural y Tur\u00edstica\u2019, que brinda ayuda econ\u00f3mica a los municipios para respaldar a los espacios culturales y tur\u00edsticos de sus jurisdicciones. <!--more--><\/p>\n<p>El mandatario de la Provincia de Buenos Aires arrib\u00f3 al Hotel Provincial de la localidad en horas de la tarde del lunes, junto al Ministro de Producci\u00f3n, Ciencia e Innovaci\u00f3n Tecnol\u00f3gica, Augusto Costa, y dem\u00e1s funcionarios provinciales, y fue recibido por el intendente municipal de Tornquist, Sergio Bordoni.<\/p>\n<p><a title=\"Visita Kicillof 5\" href=\"http:\/\/live.staticflickr.com\/65535\/50850966471_127f3c7376_s.jpg\" rel=\"\"><img loading=\"lazy\" decoding=\"async\" class=\"aligncenter\" title=\"Visita Kicillof 5\" src=\"http:\/\/live.staticflickr.com\/65535\/50850966471_127f3c7376_c.jpg\" alt=\"Visita Kicillof 5\" width=\"800\" height=\"534\" \/><\/a><br \/>\nCon m\u00e1s de 500 millones de pesos asignados, el Fondo apunta a respaldar econ\u00f3micamente a establecimientos de la Cultura y el Turismo bonaerense, que fueron dos de los sectores m\u00e1s afectados por la pandemia debido a las restricciones sanitarias que hubo durante el a\u00f1o para las actividades tur\u00edsticas, culturales con p\u00fablico o en espacios cerrados.<br \/>\nEl municipio de Tornquist recibir\u00e1 un total de $5.515.000, que ser\u00e1n destinados a alrededor de 90 beneficiarios.<br \/>\n\u201cEste es el camino que tenemos que seguir para enfrentar a la pandemia y avanzar en la recuperaci\u00f3n de rubros que, como el turismo y la cultura, han sufrido un gran parate\u201d, subray\u00f3 Bordoni durante la presentaci\u00f3n y manifest\u00f3: \u201cEs un orgullo para la gente del Tornquist que hayan elegido nuestra comarca para el lanzamiento del Fondo, con el cual muchos van a salir beneficiados\u201d.<\/p>\n<p><a title=\"Visita Kicillof 8 (1)\" href=\"http:\/\/live.staticflickr.com\/65535\/50851062442_e83b2a345c_s.jpg\" rel=\"\"><img loading=\"lazy\" decoding=\"async\" class=\"aligncenter\" title=\"Visita Kicillof 8 (1)\" src=\"http:\/\/live.staticflickr.com\/65535\/50851062442_e83b2a345c_c.jpg\" alt=\"Visita Kicillof 8 (1)\" width=\"800\" height=\"533\" \/><\/a><br \/>\n\u201cEn un momento muy complicado, en el que se est\u00e1 alcanzando un r\u00e9cord de contagios a nivel mundial, en la provincia de Buenos Aires se est\u00e1 logrando desarrollar la temporada de verano con los cuidados que amerita la pandemia\u201d, sostuvo en tanto Kicillof y agreg\u00f3: \u201cEsto fue posible porque, cuando parec\u00eda imposible, tomamos la decisi\u00f3n pol\u00edtica necesaria y nos propusimos crear un fondo para que emprendimientos y espacios de la cultura y el turismo pudieran prepararse\u201d.<br \/>\n\u201cJunto al Gobierno Nacional y los 135 municipios, estamos enfrentando a la pandemia con la determinaci\u00f3n y la voluntad de un Estado presente, que acompa\u00f1a en los peores momentos\u201d, subray\u00f3.<br \/>\nA su turno, el ministro Costa afirm\u00f3 que \u201ctener temporada en medio de una pandemia es una conquista y un logro de todo el pueblo argentino y de la provincia, que a partir del compromiso, los cuidados y la solidaridad logr\u00f3 que pudi\u00e9ramos fortalecer nuestro sistema sanitario para dar respuesta\u201d.<\/p>\n<p><a title=\"Visita Kicillof 7\" href=\"http:\/\/live.staticflickr.com\/65535\/50850243253_72e6e3e7d6_s.jpg\" rel=\"\"><img loading=\"lazy\" decoding=\"async\" class=\"aligncenter\" title=\"Visita Kicillof 7\" src=\"http:\/\/live.staticflickr.com\/65535\/50850243253_72e6e3e7d6_c.jpg\" alt=\"Visita Kicillof 7\" width=\"800\" height=\"534\" \/><\/a><br \/>\nEn la jornada tambi\u00e9n estuvieron presentes el jefe de Gabinete bonaerense, Carlos Bianco; las subsecretarias de Turismo, Ianina Bak; de Industria, Pymes y Cooperativas; Mariela Bembi; de Promoci\u00f3n Sociocultural, Lorena Riesgo; y los subsecretarios de Pol\u00edticas Culturales, Ezequiel Grimson; y de Industrias Creativas e Innovaci\u00f3n Cultural, Nicol\u00e1s Wainszelbaum; el director del Distrito 19 Bah\u00eda Blanca Vialidad Nacional, Gustavo Trankels; y el presidente del Puerto de Bah\u00eda Blanca, Federico Susbielles.<br \/>\nAsimismo, asistieron los intendentes de Tres Lomas, Roberto \u00c1lvarez; de Adolfo Alsina, Javier Andr\u00e9s; de Bah\u00eda Blanca, H\u00e9ctor Gay; de Benito Ju\u00e1rez, Julio C\u00e9sar Marini; de Coronel Pringles, Lisandro Matzkin; de Coronel Su\u00e1rez, Ricardo Moccero; de Salliquel\u00f3, Juan Miguel Nosetti; de Saavedra, Gustavo Notararigo; de Coronel Dorrego, Ra\u00fal Reyes; de Tres Arroyos, Carlos S\u00e1nchez; de Adolfo Gonzales Chaves, Marcelo Santill\u00e1n; de Laprida, Pablo Torres; y de Carmen de Patagones, Jos\u00e9 Luis Zara.<br \/>\nPor el municipio de Tornquist, participaron adem\u00e1s los secretarios de Gobierno y Seguridad, Ezequiel Gabella; de Desarrollo, Dr. Gonzalo Iparraguirre; de Hacienda, Estefan\u00eda Bordoni; de Turismo, Gustavo Sandobal; y de Producci\u00f3n, Susana Dos Santos; la Directora de Cultura, Noel\u00ed Kloster; el Subsecretario de Servicios Urbanos, Walter M\u00e9ndez; y el delegado de Sierra de la Ventana, Hugo Polvara.<\/p>\n<p><a title=\"Visita Kicillof 6\" href=\"http:\/\/live.staticflickr.com\/65535\/50851056707_59a9e02994_s.jpg\" rel=\"\"><img loading=\"lazy\" decoding=\"async\" class=\"aligncenter\" title=\"Visita Kicillof 6\" src=\"http:\/\/live.staticflickr.com\/65535\/50851056707_59a9e02994_c.jpg\" alt=\"Visita Kicillof 6\" width=\"800\" height=\"534\" \/><\/a><\/p>\n","protected":false},"excerpt":{"rendered":"<p>El Gobernador Axel Kicillof present\u00f3 este lunes en Sierra de la Ventana, la segunda etapa del \u2018Fondo Especial Municipal para la Reactivaci\u00f3n Cultural y Tur\u00edstica\u2019, que brinda ayuda econ\u00f3mica a los municipios para respaldar a los espacios culturales y tur\u00edsticos de sus jurisdicciones.<\/p>\n","protected":false},"author":3,"featured_media":51416,"comment_status":"closed","ping_status":"open","sticky":false,"template":"","format":"standard","meta":{"footnotes":""},"categories":[28],"tags":[],"class_list":["post-51415","post","type-post","status-publish","format-standard","has-post-thumbnail","hentry","category-municipales"],"yoast_head":"<!-- This site is optimized with the Yoast SEO plugin v25.9 - https:\/\/yoast.com\/wordpress\/plugins\/seo\/ -->\n<title>Kicillof present\u00f3 en Sierra de la Ventana el fondo para la reactivaci\u00f3n cultural y tur\u00edstica - Noticias Radio Reflejos<\/title>\n<meta name=\"robots\" content=\"index, follow, max-snippet:-1, max-image-preview:large, max-video-preview:-1\" \/>\n<link rel=\"canonical\" href=\"https:\/\/www.noticiasradioreflejos.com.ar\/2021\/kicillof-presento-en-sierra-de-la-ventana-el-fondo-para-la-reactivacion-cultural-y-turistica\/\" \/>\n<meta property=\"og:locale\" content=\"es_ES\" \/>\n<meta property=\"og:type\" content=\"article\" \/>\n<meta property=\"og:title\" content=\"Kicillof present\u00f3 en Sierra de la Ventana el fondo para la reactivaci\u00f3n cultural y tur\u00edstica - Noticias Radio Reflejos\" \/>\n<meta property=\"og:description\" content=\"El Gobernador Axel Kicillof present\u00f3 este lunes en Sierra de la Ventana, la segunda etapa del \u2018Fondo Especial Municipal para la Reactivaci\u00f3n Cultural y Tur\u00edstica\u2019, que brinda ayuda econ\u00f3mica a los municipios para respaldar a los espacios culturales y tur\u00edsticos de sus jurisdicciones.\" \/>\n<meta property=\"og:url\" content=\"https:\/\/www.noticiasradioreflejos.com.ar\/2021\/kicillof-presento-en-sierra-de-la-ventana-el-fondo-para-la-reactivacion-cultural-y-turistica\/\" \/>\n<meta property=\"og:site_name\" content=\"Noticias Radio Reflejos\" \/>\n<meta property=\"article:published_time\" content=\"2021-01-19T00:49:27+00:00\" \/>\n<meta property=\"og:image\" content=\"https:\/\/www.noticiasradioreflejos.com.ar\/2021\/wp-content\/uploads\/2021\/07\/logosol300x200.png\" \/>\n\t<meta property=\"og:image:width\" content=\"300\" \/>\n\t<meta property=\"og:image:height\" content=\"200\" \/>\n\t<meta property=\"og:image:type\" content=\"image\/png\" \/>\n<meta name=\"author\" content=\"Arnaldo Botto\" \/>\n<meta name=\"twitter:card\" content=\"summary_large_image\" \/>\n<script type=\"application\/ld+json\" class=\"yoast-schema-graph\">{\"@context\":\"https:\/\/schema.org\",\"@graph\":[{\"@type\":\"WebPage\",\"@id\":\"https:\/\/www.noticiasradioreflejos.com.ar\/2021\/kicillof-presento-en-sierra-de-la-ventana-el-fondo-para-la-reactivacion-cultural-y-turistica\/\",\"url\":\"https:\/\/www.noticiasradioreflejos.com.ar\/2021\/kicillof-presento-en-sierra-de-la-ventana-el-fondo-para-la-reactivacion-cultural-y-turistica\/\",\"name\":\"Kicillof present\u00f3 en Sierra de la Ventana el fondo para la reactivaci\u00f3n cultural y tur\u00edstica - Noticias Radio Reflejos\",\"isPartOf\":{\"@id\":\"https:\/\/www.noticiasradioreflejos.com.ar\/2021\/#website\"},\"primaryImageOfPage\":{\"@id\":\"https:\/\/www.noticiasradioreflejos.com.ar\/2021\/kicillof-presento-en-sierra-de-la-ventana-el-fondo-para-la-reactivacion-cultural-y-turistica\/#primaryimage\"},\"image\":{\"@id\":\"https:\/\/www.noticiasradioreflejos.com.ar\/2021\/kicillof-presento-en-sierra-de-la-ventana-el-fondo-para-la-reactivacion-cultural-y-turistica\/#primaryimage\"},\"thumbnailUrl\":\"\",\"datePublished\":\"2021-01-19T00:49:27+00:00\",\"author\":{\"@id\":\"https:\/\/www.noticiasradioreflejos.com.ar\/2021\/#\/schema\/person\/ad82545263dcc5ec0996818884fd5fb1\"},\"breadcrumb\":{\"@id\":\"https:\/\/www.noticiasradioreflejos.com.ar\/2021\/kicillof-presento-en-sierra-de-la-ventana-el-fondo-para-la-reactivacion-cultural-y-turistica\/#breadcrumb\"},\"inLanguage\":\"es\",\"potentialAction\":[{\"@type\":\"ReadAction\",\"target\":[\"https:\/\/www.noticiasradioreflejos.com.ar\/2021\/kicillof-presento-en-sierra-de-la-ventana-el-fondo-para-la-reactivacion-cultural-y-turistica\/\"]}]},{\"@type\":\"ImageObject\",\"inLanguage\":\"es\",\"@id\":\"https:\/\/www.noticiasradioreflejos.com.ar\/2021\/kicillof-presento-en-sierra-de-la-ventana-el-fondo-para-la-reactivacion-cultural-y-turistica\/#primaryimage\",\"url\":\"\",\"contentUrl\":\"\"},{\"@type\":\"BreadcrumbList\",\"@id\":\"https:\/\/www.noticiasradioreflejos.com.ar\/2021\/kicillof-presento-en-sierra-de-la-ventana-el-fondo-para-la-reactivacion-cultural-y-turistica\/#breadcrumb\",\"itemListElement\":[{\"@type\":\"ListItem\",\"position\":1,\"name\":\"Portada\",\"item\":\"https:\/\/www.noticiasradioreflejos.com.ar\/2021\/\"},{\"@type\":\"ListItem\",\"position\":2,\"name\":\"Kicillof present\u00f3 en Sierra de la Ventana el fondo para la reactivaci\u00f3n cultural y tur\u00edstica\"}]},{\"@type\":\"WebSite\",\"@id\":\"https:\/\/www.noticiasradioreflejos.com.ar\/2021\/#website\",\"url\":\"https:\/\/www.noticiasradioreflejos.com.ar\/2021\/\",\"name\":\"Noticias Radio Reflejos\",\"description\":\"Las noticias de mi comarca\",\"potentialAction\":[{\"@type\":\"SearchAction\",\"target\":{\"@type\":\"EntryPoint\",\"urlTemplate\":\"https:\/\/www.noticiasradioreflejos.com.ar\/2021\/?s={search_term_string}\"},\"query-input\":{\"@type\":\"PropertyValueSpecification\",\"valueRequired\":true,\"valueName\":\"search_term_string\"}}],\"inLanguage\":\"es\"},{\"@type\":\"Person\",\"@id\":\"https:\/\/www.noticiasradioreflejos.com.ar\/2021\/#\/schema\/person\/ad82545263dcc5ec0996818884fd5fb1\",\"name\":\"Arnaldo Botto\",\"image\":{\"@type\":\"ImageObject\",\"inLanguage\":\"es\",\"@id\":\"https:\/\/www.noticiasradioreflejos.com.ar\/2021\/#\/schema\/person\/image\/\",\"url\":\"https:\/\/secure.gravatar.com\/avatar\/55cb5e37c1efa326397366e6974cb338056df65cb50e7d64d1cf314e87504837?s=96&d=mm&r=g\",\"contentUrl\":\"https:\/\/secure.gravatar.com\/avatar\/55cb5e37c1efa326397366e6974cb338056df65cb50e7d64d1cf314e87504837?s=96&d=mm&r=g\",\"caption\":\"Arnaldo Botto\"},\"url\":\"https:\/\/www.noticiasradioreflejos.com.ar\/2021\/author\/arnaldo\/\"}]}<\/script>\n<!-- \/ Yoast SEO plugin. -->","yoast_head_json":{"title":"Kicillof present\u00f3 en Sierra de la Ventana el fondo para la reactivaci\u00f3n cultural y tur\u00edstica - Noticias Radio Reflejos","robots":{"index":"index","follow":"follow","max-snippet":"max-snippet:-1","max-image-preview":"max-image-preview:large","max-video-preview":"max-video-preview:-1"},"canonical":"https:\/\/www.noticiasradioreflejos.com.ar\/2021\/kicillof-presento-en-sierra-de-la-ventana-el-fondo-para-la-reactivacion-cultural-y-turistica\/","og_locale":"es_ES","og_type":"article","og_title":"Kicillof present\u00f3 en Sierra de la Ventana el fondo para la reactivaci\u00f3n cultural y tur\u00edstica - Noticias Radio Reflejos","og_description":"El Gobernador Axel Kicillof present\u00f3 este lunes en Sierra de la Ventana, la segunda etapa del \u2018Fondo Especial Municipal para la Reactivaci\u00f3n Cultural y Tur\u00edstica\u2019, que brinda ayuda econ\u00f3mica a los municipios para respaldar a los espacios culturales y tur\u00edsticos de sus jurisdicciones.","og_url":"https:\/\/www.noticiasradioreflejos.com.ar\/2021\/kicillof-presento-en-sierra-de-la-ventana-el-fondo-para-la-reactivacion-cultural-y-turistica\/","og_site_name":"Noticias Radio Reflejos","article_published_time":"2021-01-19T00:49:27+00:00","og_image":[{"width":300,"height":200,"url":"https:\/\/www.noticiasradioreflejos.com.ar\/2021\/wp-content\/uploads\/2021\/07\/logosol300x200.png","type":"image\/png"}],"author":"Arnaldo Botto","twitter_card":"summary_large_image","schema":{"@context":"https:\/\/schema.org","@graph":[{"@type":"WebPage","@id":"https:\/\/www.noticiasradioreflejos.com.ar\/2021\/kicillof-presento-en-sierra-de-la-ventana-el-fondo-para-la-reactivacion-cultural-y-turistica\/","url":"https:\/\/www.noticiasradioreflejos.com.ar\/2021\/kicillof-presento-en-sierra-de-la-ventana-el-fondo-para-la-reactivacion-cultural-y-turistica\/","name":"Kicillof present\u00f3 en Sierra de la Ventana el fondo para la reactivaci\u00f3n cultural y tur\u00edstica - Noticias Radio Reflejos","isPartOf":{"@id":"https:\/\/www.noticiasradioreflejos.com.ar\/2021\/#website"},"primaryImageOfPage":{"@id":"https:\/\/www.noticiasradioreflejos.com.ar\/2021\/kicillof-presento-en-sierra-de-la-ventana-el-fondo-para-la-reactivacion-cultural-y-turistica\/#primaryimage"},"image":{"@id":"https:\/\/www.noticiasradioreflejos.com.ar\/2021\/kicillof-presento-en-sierra-de-la-ventana-el-fondo-para-la-reactivacion-cultural-y-turistica\/#primaryimage"},"thumbnailUrl":"","datePublished":"2021-01-19T00:49:27+00:00","author":{"@id":"https:\/\/www.noticiasradioreflejos.com.ar\/2021\/#\/schema\/person\/ad82545263dcc5ec0996818884fd5fb1"},"breadcrumb":{"@id":"https:\/\/www.noticiasradioreflejos.com.ar\/2021\/kicillof-presento-en-sierra-de-la-ventana-el-fondo-para-la-reactivacion-cultural-y-turistica\/#breadcrumb"},"inLanguage":"es","potentialAction":[{"@type":"ReadAction","target":["https:\/\/www.noticiasradioreflejos.com.ar\/2021\/kicillof-presento-en-sierra-de-la-ventana-el-fondo-para-la-reactivacion-cultural-y-turistica\/"]}]},{"@type":"ImageObject","inLanguage":"es","@id":"https:\/\/www.noticiasradioreflejos.com.ar\/2021\/kicillof-presento-en-sierra-de-la-ventana-el-fondo-para-la-reactivacion-cultural-y-turistica\/#primaryimage","url":"","contentUrl":""},{"@type":"BreadcrumbList","@id":"https:\/\/www.noticiasradioreflejos.com.ar\/2021\/kicillof-presento-en-sierra-de-la-ventana-el-fondo-para-la-reactivacion-cultural-y-turistica\/#breadcrumb","itemListElement":[{"@type":"ListItem","position":1,"name":"Portada","item":"https:\/\/www.noticiasradioreflejos.com.ar\/2021\/"},{"@type":"ListItem","position":2,"name":"Kicillof present\u00f3 en Sierra de la Ventana el fondo para la reactivaci\u00f3n cultural y tur\u00edstica"}]},{"@type":"WebSite","@id":"https:\/\/www.noticiasradioreflejos.com.ar\/2021\/#website","url":"https:\/\/www.noticiasradioreflejos.com.ar\/2021\/","name":"Noticias Radio Reflejos","description":"Las noticias de mi comarca","potentialAction":[{"@type":"SearchAction","target":{"@type":"EntryPoint","urlTemplate":"https:\/\/www.noticiasradioreflejos.com.ar\/2021\/?s={search_term_string}"},"query-input":{"@type":"PropertyValueSpecification","valueRequired":true,"valueName":"search_term_string"}}],"inLanguage":"es"},{"@type":"Person","@id":"https:\/\/www.noticiasradioreflejos.com.ar\/2021\/#\/schema\/person\/ad82545263dcc5ec0996818884fd5fb1","name":"Arnaldo Botto","image":{"@type":"ImageObject","inLanguage":"es","@id":"https:\/\/www.noticiasradioreflejos.com.ar\/2021\/#\/schema\/person\/image\/","url":"https:\/\/secure.gravatar.com\/avatar\/55cb5e37c1efa326397366e6974cb338056df65cb50e7d64d1cf314e87504837?s=96&d=mm&r=g","contentUrl":"https:\/\/secure.gravatar.com\/avatar\/55cb5e37c1efa326397366e6974cb338056df65cb50e7d64d1cf314e87504837?s=96&d=mm&r=g","caption":"Arnaldo Botto"},"url":"https:\/\/www.noticiasradioreflejos.com.ar\/2021\/author\/arnaldo\/"}]}},"_links":{"self":[{"href":"https:\/\/www.noticiasradioreflejos.com.ar\/2021\/wp-json\/wp\/v2\/posts\/51415","targetHints":{"allow":["GET"]}}],"collection":[{"href":"https:\/\/www.noticiasradioreflejos.com.ar\/2021\/wp-json\/wp\/v2\/posts"}],"about":[{"href":"https:\/\/www.noticiasradioreflejos.com.ar\/2021\/wp-json\/wp\/v2\/types\/post"}],"author":[{"embeddable":true,"href":"https:\/\/www.noticiasradioreflejos.com.ar\/2021\/wp-json\/wp\/v2\/users\/3"}],"replies":[{"embeddable":true,"href":"https:\/\/www.noticiasradioreflejos.com.ar\/2021\/wp-json\/wp\/v2\/comments?post=51415"}],"version-history":[{"count":0,"href":"https:\/\/www.noticiasradioreflejos.com.ar\/2021\/wp-json\/wp\/v2\/posts\/51415\/revisions"}],"wp:featuredmedia":[{"embeddable":true,"href":"https:\/\/www.noticiasradioreflejos.com.ar\/2021\/wp-json\/"}],"wp:attachment":[{"href":"https:\/\/www.noticiasradioreflejos.com.ar\/2021\/wp-json\/wp\/v2\/media?parent=51415"}],"wp:term":[{"taxonomy":"category","embeddable":true,"href":"https:\/\/www.noticiasradioreflejos.com.ar\/2021\/wp-json\/wp\/v2\/categories?post=51415"},{"taxonomy":"post_tag","embeddable":true,"href":"https:\/\/www.noticiasradioreflejos.com.ar\/2021\/wp-json\/wp\/v2\/tags?post=51415"}],"curies":[{"name":"wp","href":"https:\/\/api.w.org\/{rel}","templated":true}]}}