{"id":51410,"date":"2021-01-18T20:04:45","date_gmt":"2021-01-18T23:04:45","guid":{"rendered":"http:\/\/www.noticiasradioreflejos.com.ar\/noticias\/?p=51410"},"modified":"2021-01-18T20:04:45","modified_gmt":"2021-01-18T23:04:45","slug":"la-ruta-76-estaria-incluida-en-obras-para-2022-axel-kicillof","status":"publish","type":"post","link":"https:\/\/www.noticiasradioreflejos.com.ar\/2021\/la-ruta-76-estaria-incluida-en-obras-para-2022-axel-kicillof\/","title":{"rendered":"\u201cLa Ruta 76 estar\u00eda incluida en obras para 2022\u201d Axel Kicillof"},"content":{"rendered":"<p>En rueda de prensa al finalizar el encuentro en Sierra de la Ventana, el Gobernador Bonaerense explic\u00f3 sobre el dise\u00f1o de un plan quinquenal que permitir\u00eda asistir a los sectores que demanden mejoras en su infraestructura.<!--more--><br \/>\nLuego de anunciar la distribuci\u00f3n de $500 millones de pesos en el marco de la segunda etapa del Fondo Especial para la Reactivaci\u00f3n del Turismo y la Cultura, en di\u00e1logo con Noticias Tornquist y TVC Noticias Canal 2, el Gobernador Axel Kicillof, menciona su visita por la Comarca, la posibilidad de implementar nuevas restricciones horarias, las mejoras previstas para la obra vial de la ruta N\u00b0 76 y la posible reactivaci\u00f3n del emblem\u00e1tico tren de pasajeros que retir\u00f3 de circulaci\u00f3n la gesti\u00f3n anterior.<\/p>\n<p>Mostr\u00e1ndose muy contento y conforme con el despliegue de la actividad tur\u00edstica, sostuvo que cumplir con la promesa de la reactivaci\u00f3n econ\u00f3mica provincial con esta segunda etapa del Fondo es una forma de decir presente: \u201cNo podemos sustituir la gran ca\u00edda econ\u00f3mica en un sector tan golpeado, pero, a pesar de eso, hemos estado trabajando para mantenerlo y prepararlo con protocolos logrando una mayor reactivaci\u00f3n si logramos una efectiva vacunaci\u00f3n\u201d, sostuvo.<\/p>\n<p><a title=\"imagen (2)\" href=\"http:\/\/live.staticflickr.com\/65535\/50850705286_f8d96f2571_s.jpg\" rel=\"\"><img loading=\"lazy\" decoding=\"async\" class=\"aligncenter\" title=\"imagen (2)\" src=\"http:\/\/live.staticflickr.com\/65535\/50850705286_f8d96f2571_c.jpg\" alt=\"imagen (2)\" width=\"800\" height=\"533\" \/><\/a><\/p>\n<p>En cuanto a la implementaci\u00f3n de nuevas medidas respecto a la restricci\u00f3n horaria, en el d\u00eda de ma\u00f1ana tendr\u00e1n lugar nuevos anuncios.<\/p>\n<p>Adelantando que, pese al crecimiento sistem\u00e1tico de casos,\u201calgunos quieren hacer marketing con la pandemia\u201d, se encuentran centrados en frenar los contagios y ante la preocupaci\u00f3n de distintos intendentes respecto a la cuesti\u00f3n sanitaria, afirm\u00f3 que \u201cla idea es que a medida que se vaya mejorando la situaci\u00f3n, si lo logramos, con acatamiento y cuidados m\u00e1s rigurosos, recuperaremos el terreno perdido\u201d.<\/p>\n<p>Y a\u00f1adi\u00f3 que \u201cel virus crece r\u00e1pido y se reduce lento, lo hemos hablado con los comit\u00e9s de cient\u00edficos, en varios lugares de Europa se est\u00e1n tomando medidas. A todos nos gustar\u00eda que no haya restricci\u00f3n, pero ante la alarma sanitaria hay que tener paciencia, temple y racionalidad. Gracias a las medidas tomadas hoy tenemos verano\u201d. Manifest\u00f3.<\/p>\n<p>Otro tema importante es la condici\u00f3n en la que se encuentra la ruta provincial 76 que por a\u00f1os espera mejoras. Este ser\u00eda un tema previsto \u201cdentro de la carpeta para el 2022 porque hay una deuda pendiente y una postergaci\u00f3n de hace muchos a\u00f1os\u201d. Para ello, habl\u00f3 del dise\u00f1o de un plan quinquenal que permitir\u00eda asistir a los sectores que demanden mejoras en su infraestructura.<\/p>\n<p>En cuanto a la puesta en marcha del tren que une Sierra de la Ventana y Plaza Constituci\u00f3n mencion\u00f3 que, si bien es jurisdicci\u00f3n nacional, actualmente se encuentra estudiando el tema con el Ministerio de Transporte Nacional, dado que \u201ca veces se habla del tren en argentina desde una imagen difusa, pero los que viven en las localidades en las que a\u00fan usan lo usan como medio de transporte y desarrollo, es un tema importante\u201d. \u201cEl tren ha fundado pueblos, ha estructurado nuestro pa\u00eds, por lo tanto, es una incoherencia sacarlo\u201d, indic\u00f3.<\/p>\n<p><iframe loading=\"lazy\" src=\"https:\/\/w.soundcloud.com\/player\/?url=https%3A\/\/api.soundcloud.com\/tracks\/968172400&amp;color=%23ff5500&amp;auto_play=false&amp;hide_related=false&amp;show_comments=true&amp;show_user=true&amp;show_reposts=false&amp;show_teaser=true&amp;visual=true\" width=\"100%\" height=\"300\" frameborder=\"no\" scrolling=\"no\"><\/iframe><\/p>\n<div style=\"font-size: 10px; color: #cccccc; line-break: anywhere; word-break: normal; overflow: hidden; white-space: nowrap; text-overflow: ellipsis; font-family: Interstate,Lucida Grande,Lucida Sans Unicode,Lucida Sans,Garuda,Verdana,Tahoma,sans-serif; font-weight: 100;\"><a style=\"color: #cccccc; text-decoration: none;\" title=\"fmreflejos 103.7\" href=\"https:\/\/soundcloud.com\/fmreflejos-103-7\" target=\"_blank\" rel=\"noopener\">fmreflejos 103.7<\/a> \u00b7 <a style=\"color: #cccccc; text-decoration: none;\" title=\"Conferencia De Prensa Axel\" href=\"https:\/\/soundcloud.com\/fmreflejos-103-7\/conferencia-de-prensa-axel\" target=\"_blank\" rel=\"noopener\">Conferencia De Prensa Axel<\/a><\/div>\n","protected":false},"excerpt":{"rendered":"<p>En rueda de prensa al finalizar el encuentro en Sierra de la Ventana, el Gobernador Bonaerense explic\u00f3 sobre el dise\u00f1o de un plan quinquenal que permitir\u00eda asistir a los sectores que demanden mejoras en su infraestructura.<\/p>\n","protected":false},"author":3,"featured_media":34404,"comment_status":"closed","ping_status":"open","sticky":false,"template":"","format":"standard","meta":{"footnotes":""},"categories":[24],"tags":[],"class_list":["post-51410","post","type-post","status-publish","format-standard","has-post-thumbnail","hentry","category-politica"],"yoast_head":"<!-- This site is optimized with the Yoast SEO plugin v25.9 - https:\/\/yoast.com\/wordpress\/plugins\/seo\/ -->\n<title>\u201cLa Ruta 76 estar\u00eda incluida en obras para 2022\u201d Axel Kicillof - Noticias Radio Reflejos<\/title>\n<meta name=\"robots\" content=\"index, follow, max-snippet:-1, max-image-preview:large, max-video-preview:-1\" \/>\n<link rel=\"canonical\" href=\"https:\/\/www.noticiasradioreflejos.com.ar\/2021\/la-ruta-76-estaria-incluida-en-obras-para-2022-axel-kicillof\/\" \/>\n<meta property=\"og:locale\" content=\"es_ES\" \/>\n<meta property=\"og:type\" content=\"article\" \/>\n<meta property=\"og:title\" content=\"\u201cLa Ruta 76 estar\u00eda incluida en obras para 2022\u201d Axel Kicillof - Noticias Radio Reflejos\" \/>\n<meta property=\"og:description\" content=\"En rueda de prensa al finalizar el encuentro en Sierra de la Ventana, el Gobernador Bonaerense explic\u00f3 sobre el dise\u00f1o de un plan quinquenal que permitir\u00eda asistir a los sectores que demanden mejoras en su infraestructura.\" \/>\n<meta property=\"og:url\" content=\"https:\/\/www.noticiasradioreflejos.com.ar\/2021\/la-ruta-76-estaria-incluida-en-obras-para-2022-axel-kicillof\/\" \/>\n<meta property=\"og:site_name\" content=\"Noticias Radio Reflejos\" \/>\n<meta property=\"article:published_time\" content=\"2021-01-18T23:04:45+00:00\" \/>\n<meta property=\"og:image\" content=\"https:\/\/www.noticiasradioreflejos.com.ar\/2021\/wp-content\/uploads\/2019\/09\/Mi-ruta-Lucrecia-Diel-scaled.jpg\" \/>\n\t<meta property=\"og:image:width\" content=\"2560\" \/>\n\t<meta property=\"og:image:height\" content=\"1706\" \/>\n\t<meta property=\"og:image:type\" content=\"image\/jpeg\" \/>\n<meta name=\"author\" content=\"Arnaldo Botto\" \/>\n<meta name=\"twitter:card\" content=\"summary_large_image\" \/>\n<script type=\"application\/ld+json\" class=\"yoast-schema-graph\">{\"@context\":\"https:\/\/schema.org\",\"@graph\":[{\"@type\":\"WebPage\",\"@id\":\"https:\/\/www.noticiasradioreflejos.com.ar\/2021\/la-ruta-76-estaria-incluida-en-obras-para-2022-axel-kicillof\/\",\"url\":\"https:\/\/www.noticiasradioreflejos.com.ar\/2021\/la-ruta-76-estaria-incluida-en-obras-para-2022-axel-kicillof\/\",\"name\":\"\u201cLa Ruta 76 estar\u00eda incluida en obras para 2022\u201d Axel Kicillof - Noticias Radio Reflejos\",\"isPartOf\":{\"@id\":\"https:\/\/www.noticiasradioreflejos.com.ar\/2021\/#website\"},\"primaryImageOfPage\":{\"@id\":\"https:\/\/www.noticiasradioreflejos.com.ar\/2021\/la-ruta-76-estaria-incluida-en-obras-para-2022-axel-kicillof\/#primaryimage\"},\"image\":{\"@id\":\"https:\/\/www.noticiasradioreflejos.com.ar\/2021\/la-ruta-76-estaria-incluida-en-obras-para-2022-axel-kicillof\/#primaryimage\"},\"thumbnailUrl\":\"https:\/\/www.noticiasradioreflejos.com.ar\/2021\/wp-content\/uploads\/2019\/09\/Mi-ruta-Lucrecia-Diel-scaled.jpg\",\"datePublished\":\"2021-01-18T23:04:45+00:00\",\"author\":{\"@id\":\"https:\/\/www.noticiasradioreflejos.com.ar\/2021\/#\/schema\/person\/ad82545263dcc5ec0996818884fd5fb1\"},\"breadcrumb\":{\"@id\":\"https:\/\/www.noticiasradioreflejos.com.ar\/2021\/la-ruta-76-estaria-incluida-en-obras-para-2022-axel-kicillof\/#breadcrumb\"},\"inLanguage\":\"es\",\"potentialAction\":[{\"@type\":\"ReadAction\",\"target\":[\"https:\/\/www.noticiasradioreflejos.com.ar\/2021\/la-ruta-76-estaria-incluida-en-obras-para-2022-axel-kicillof\/\"]}]},{\"@type\":\"ImageObject\",\"inLanguage\":\"es\",\"@id\":\"https:\/\/www.noticiasradioreflejos.com.ar\/2021\/la-ruta-76-estaria-incluida-en-obras-para-2022-axel-kicillof\/#primaryimage\",\"url\":\"https:\/\/www.noticiasradioreflejos.com.ar\/2021\/wp-content\/uploads\/2019\/09\/Mi-ruta-Lucrecia-Diel-scaled.jpg\",\"contentUrl\":\"https:\/\/www.noticiasradioreflejos.com.ar\/2021\/wp-content\/uploads\/2019\/09\/Mi-ruta-Lucrecia-Diel-scaled.jpg\",\"width\":2560,\"height\":1706},{\"@type\":\"BreadcrumbList\",\"@id\":\"https:\/\/www.noticiasradioreflejos.com.ar\/2021\/la-ruta-76-estaria-incluida-en-obras-para-2022-axel-kicillof\/#breadcrumb\",\"itemListElement\":[{\"@type\":\"ListItem\",\"position\":1,\"name\":\"Portada\",\"item\":\"https:\/\/www.noticiasradioreflejos.com.ar\/2021\/\"},{\"@type\":\"ListItem\",\"position\":2,\"name\":\"\u201cLa Ruta 76 estar\u00eda incluida en obras para 2022\u201d Axel Kicillof\"}]},{\"@type\":\"WebSite\",\"@id\":\"https:\/\/www.noticiasradioreflejos.com.ar\/2021\/#website\",\"url\":\"https:\/\/www.noticiasradioreflejos.com.ar\/2021\/\",\"name\":\"Noticias Radio Reflejos\",\"description\":\"Las noticias de mi comarca\",\"potentialAction\":[{\"@type\":\"SearchAction\",\"target\":{\"@type\":\"EntryPoint\",\"urlTemplate\":\"https:\/\/www.noticiasradioreflejos.com.ar\/2021\/?s={search_term_string}\"},\"query-input\":{\"@type\":\"PropertyValueSpecification\",\"valueRequired\":true,\"valueName\":\"search_term_string\"}}],\"inLanguage\":\"es\"},{\"@type\":\"Person\",\"@id\":\"https:\/\/www.noticiasradioreflejos.com.ar\/2021\/#\/schema\/person\/ad82545263dcc5ec0996818884fd5fb1\",\"name\":\"Arnaldo Botto\",\"image\":{\"@type\":\"ImageObject\",\"inLanguage\":\"es\",\"@id\":\"https:\/\/www.noticiasradioreflejos.com.ar\/2021\/#\/schema\/person\/image\/\",\"url\":\"https:\/\/secure.gravatar.com\/avatar\/55cb5e37c1efa326397366e6974cb338056df65cb50e7d64d1cf314e87504837?s=96&d=mm&r=g\",\"contentUrl\":\"https:\/\/secure.gravatar.com\/avatar\/55cb5e37c1efa326397366e6974cb338056df65cb50e7d64d1cf314e87504837?s=96&d=mm&r=g\",\"caption\":\"Arnaldo Botto\"},\"url\":\"https:\/\/www.noticiasradioreflejos.com.ar\/2021\/author\/arnaldo\/\"}]}<\/script>\n<!-- \/ Yoast SEO plugin. -->","yoast_head_json":{"title":"\u201cLa Ruta 76 estar\u00eda incluida en obras para 2022\u201d Axel Kicillof - Noticias Radio Reflejos","robots":{"index":"index","follow":"follow","max-snippet":"max-snippet:-1","max-image-preview":"max-image-preview:large","max-video-preview":"max-video-preview:-1"},"canonical":"https:\/\/www.noticiasradioreflejos.com.ar\/2021\/la-ruta-76-estaria-incluida-en-obras-para-2022-axel-kicillof\/","og_locale":"es_ES","og_type":"article","og_title":"\u201cLa Ruta 76 estar\u00eda incluida en obras para 2022\u201d Axel Kicillof - Noticias Radio Reflejos","og_description":"En rueda de prensa al finalizar el encuentro en Sierra de la Ventana, el Gobernador Bonaerense explic\u00f3 sobre el dise\u00f1o de un plan quinquenal que permitir\u00eda asistir a los sectores que demanden mejoras en su infraestructura.","og_url":"https:\/\/www.noticiasradioreflejos.com.ar\/2021\/la-ruta-76-estaria-incluida-en-obras-para-2022-axel-kicillof\/","og_site_name":"Noticias Radio Reflejos","article_published_time":"2021-01-18T23:04:45+00:00","og_image":[{"width":2560,"height":1706,"url":"https:\/\/www.noticiasradioreflejos.com.ar\/2021\/wp-content\/uploads\/2019\/09\/Mi-ruta-Lucrecia-Diel-scaled.jpg","type":"image\/jpeg"}],"author":"Arnaldo Botto","twitter_card":"summary_large_image","schema":{"@context":"https:\/\/schema.org","@graph":[{"@type":"WebPage","@id":"https:\/\/www.noticiasradioreflejos.com.ar\/2021\/la-ruta-76-estaria-incluida-en-obras-para-2022-axel-kicillof\/","url":"https:\/\/www.noticiasradioreflejos.com.ar\/2021\/la-ruta-76-estaria-incluida-en-obras-para-2022-axel-kicillof\/","name":"\u201cLa Ruta 76 estar\u00eda incluida en obras para 2022\u201d Axel Kicillof - Noticias Radio Reflejos","isPartOf":{"@id":"https:\/\/www.noticiasradioreflejos.com.ar\/2021\/#website"},"primaryImageOfPage":{"@id":"https:\/\/www.noticiasradioreflejos.com.ar\/2021\/la-ruta-76-estaria-incluida-en-obras-para-2022-axel-kicillof\/#primaryimage"},"image":{"@id":"https:\/\/www.noticiasradioreflejos.com.ar\/2021\/la-ruta-76-estaria-incluida-en-obras-para-2022-axel-kicillof\/#primaryimage"},"thumbnailUrl":"https:\/\/www.noticiasradioreflejos.com.ar\/2021\/wp-content\/uploads\/2019\/09\/Mi-ruta-Lucrecia-Diel-scaled.jpg","datePublished":"2021-01-18T23:04:45+00:00","author":{"@id":"https:\/\/www.noticiasradioreflejos.com.ar\/2021\/#\/schema\/person\/ad82545263dcc5ec0996818884fd5fb1"},"breadcrumb":{"@id":"https:\/\/www.noticiasradioreflejos.com.ar\/2021\/la-ruta-76-estaria-incluida-en-obras-para-2022-axel-kicillof\/#breadcrumb"},"inLanguage":"es","potentialAction":[{"@type":"ReadAction","target":["https:\/\/www.noticiasradioreflejos.com.ar\/2021\/la-ruta-76-estaria-incluida-en-obras-para-2022-axel-kicillof\/"]}]},{"@type":"ImageObject","inLanguage":"es","@id":"https:\/\/www.noticiasradioreflejos.com.ar\/2021\/la-ruta-76-estaria-incluida-en-obras-para-2022-axel-kicillof\/#primaryimage","url":"https:\/\/www.noticiasradioreflejos.com.ar\/2021\/wp-content\/uploads\/2019\/09\/Mi-ruta-Lucrecia-Diel-scaled.jpg","contentUrl":"https:\/\/www.noticiasradioreflejos.com.ar\/2021\/wp-content\/uploads\/2019\/09\/Mi-ruta-Lucrecia-Diel-scaled.jpg","width":2560,"height":1706},{"@type":"BreadcrumbList","@id":"https:\/\/www.noticiasradioreflejos.com.ar\/2021\/la-ruta-76-estaria-incluida-en-obras-para-2022-axel-kicillof\/#breadcrumb","itemListElement":[{"@type":"ListItem","position":1,"name":"Portada","item":"https:\/\/www.noticiasradioreflejos.com.ar\/2021\/"},{"@type":"ListItem","position":2,"name":"\u201cLa Ruta 76 estar\u00eda incluida en obras para 2022\u201d Axel Kicillof"}]},{"@type":"WebSite","@id":"https:\/\/www.noticiasradioreflejos.com.ar\/2021\/#website","url":"https:\/\/www.noticiasradioreflejos.com.ar\/2021\/","name":"Noticias Radio Reflejos","description":"Las noticias de mi comarca","potentialAction":[{"@type":"SearchAction","target":{"@type":"EntryPoint","urlTemplate":"https:\/\/www.noticiasradioreflejos.com.ar\/2021\/?s={search_term_string}"},"query-input":{"@type":"PropertyValueSpecification","valueRequired":true,"valueName":"search_term_string"}}],"inLanguage":"es"},{"@type":"Person","@id":"https:\/\/www.noticiasradioreflejos.com.ar\/2021\/#\/schema\/person\/ad82545263dcc5ec0996818884fd5fb1","name":"Arnaldo Botto","image":{"@type":"ImageObject","inLanguage":"es","@id":"https:\/\/www.noticiasradioreflejos.com.ar\/2021\/#\/schema\/person\/image\/","url":"https:\/\/secure.gravatar.com\/avatar\/55cb5e37c1efa326397366e6974cb338056df65cb50e7d64d1cf314e87504837?s=96&d=mm&r=g","contentUrl":"https:\/\/secure.gravatar.com\/avatar\/55cb5e37c1efa326397366e6974cb338056df65cb50e7d64d1cf314e87504837?s=96&d=mm&r=g","caption":"Arnaldo Botto"},"url":"https:\/\/www.noticiasradioreflejos.com.ar\/2021\/author\/arnaldo\/"}]}},"_links":{"self":[{"href":"https:\/\/www.noticiasradioreflejos.com.ar\/2021\/wp-json\/wp\/v2\/posts\/51410","targetHints":{"allow":["GET"]}}],"collection":[{"href":"https:\/\/www.noticiasradioreflejos.com.ar\/2021\/wp-json\/wp\/v2\/posts"}],"about":[{"href":"https:\/\/www.noticiasradioreflejos.com.ar\/2021\/wp-json\/wp\/v2\/types\/post"}],"author":[{"embeddable":true,"href":"https:\/\/www.noticiasradioreflejos.com.ar\/2021\/wp-json\/wp\/v2\/users\/3"}],"replies":[{"embeddable":true,"href":"https:\/\/www.noticiasradioreflejos.com.ar\/2021\/wp-json\/wp\/v2\/comments?post=51410"}],"version-history":[{"count":0,"href":"https:\/\/www.noticiasradioreflejos.com.ar\/2021\/wp-json\/wp\/v2\/posts\/51410\/revisions"}],"wp:featuredmedia":[{"embeddable":true,"href":"https:\/\/www.noticiasradioreflejos.com.ar\/2021\/wp-json\/wp\/v2\/media\/34404"}],"wp:attachment":[{"href":"https:\/\/www.noticiasradioreflejos.com.ar\/2021\/wp-json\/wp\/v2\/media?parent=51410"}],"wp:term":[{"taxonomy":"category","embeddable":true,"href":"https:\/\/www.noticiasradioreflejos.com.ar\/2021\/wp-json\/wp\/v2\/categories?post=51410"},{"taxonomy":"post_tag","embeddable":true,"href":"https:\/\/www.noticiasradioreflejos.com.ar\/2021\/wp-json\/wp\/v2\/tags?post=51410"}],"curies":[{"name":"wp","href":"https:\/\/api.w.org\/{rel}","templated":true}]}}