{"id":51407,"date":"2021-01-18T19:54:00","date_gmt":"2021-01-18T22:54:00","guid":{"rendered":"http:\/\/www.noticiasradioreflejos.com.ar\/noticias\/?p=51407"},"modified":"2021-01-18T19:54:00","modified_gmt":"2021-01-18T22:54:00","slug":"axel-kicillof-anuncio-en-sierra-de-la-ventana-la-segunda-etapa-del-fondo-municipal-para-la-reactivacion-cultural-y-turistica-por-500-millones","status":"publish","type":"post","link":"https:\/\/www.noticiasradioreflejos.com.ar\/2021\/axel-kicillof-anuncio-en-sierra-de-la-ventana-la-segunda-etapa-del-fondo-municipal-para-la-reactivacion-cultural-y-turistica-por-500-millones\/","title":{"rendered":"Axel Kicillof anunci\u00f3 en Sierra de la Ventana la segunda etapa del Fondo Municipal para la Reactivaci\u00f3n Cultural y Tur\u00edstica por $500 millones."},"content":{"rendered":"<p>El Gobernador de la Provincia estuvo acompa\u00f1ado por el Ministro Augusto Costa junto al intendente Sergio Bordoni. El acto se desarroll\u00f3 en el Hotel Provincial de Sierra de la Ventana, participaron adem\u00e1s Intendentes de la regi\u00f3n, legisladores y otras autoridades.<!--more--><br \/>\nEn su visita por Sierra de la Ventana, Axel Kicillof, Gobernador de la Provincia de Buenos Aires anunci\u00f3, junto con el Ministro de Producci\u00f3n, Ciencia e Innovaci\u00f3n Tecnol\u00f3gica, Augusto Costa, presentaron la segunda etapa del Fondo Municipal para la Reactivaci\u00f3n Cultural y Tur\u00edstica que consta de 500 millones de pesos repartidos en los 135 municipios de la Provincia.<\/p>\n<p><a title=\"hp\" href=\"http:\/\/live.staticflickr.com\/65535\/50850672636_5d71719a9a_s.jpg\" rel=\"\"><img loading=\"lazy\" decoding=\"async\" class=\"aligncenter\" title=\"hp\" src=\"http:\/\/live.staticflickr.com\/65535\/50850672636_5d71719a9a_c.jpg\" alt=\"hp\" width=\"795\" height=\"446\" \/><\/a><\/p>\n<p>Tras el primer otorgamiento de unos 300 millones de pesos, el Fondo buscar\u00e1 seguir brindando asistencia a dos de los sectores m\u00e1s golpeados por la pandemia: cultura y turismo. El objetivo es respaldar a los establecimientos del territorio provincial con un subsidio que ser\u00e1 otorgado a trav\u00e9s de cada municipio destinados a infraestructura, equipamiento e insumos sanitarios demandados protocolarmente e innovaci\u00f3n y desarrollo tecnol\u00f3gico y digital.<\/p>\n<p>El acto cont\u00f3 con las palabras del Intendente del Partido de Tornquist, Sergio Bordoni, manifestando \u201corgullo y alegr\u00eda, dado que muchos van a encontrarse en beneficio luego del gran p\u00e1rate debido a la pandemia\u201d.<\/p>\n<p><a title=\"imagen (1)\" href=\"http:\/\/live.staticflickr.com\/65535\/50850764807_405ea958de_s.jpg\" rel=\"\"><img loading=\"lazy\" decoding=\"async\" class=\"aligncenter\" title=\"imagen (1)\" src=\"http:\/\/live.staticflickr.com\/65535\/50850764807_405ea958de_c.jpg\" alt=\"imagen (1)\" width=\"800\" height=\"533\" \/><\/a><\/p>\n<p>El Ministro de Producci\u00f3n, Ciencia e Innovaci\u00f3n Tecnol\u00f3gica, Augusto Costa, expres\u00f3 que \u201cpoder tener una temporada en medio de la pandemia es una conquista, dado que fue dif\u00edcil tener certezas en un momento tan complicado\u201d. Asimismo, destac\u00f3 que el Fondo es \u201cuna pol\u00edtica muy importante que invita a trabajar juntamente con los municipios y el sector privado\u201d.<\/p>\n<p>La planificaci\u00f3n para su distribuci\u00f3n parte de un cat\u00e1logo donde 13737 establecimientos dedicados al sector tur\u00edstico y cultural realizaron la inscripci\u00f3n, lo cual permiti\u00f3 la creaci\u00f3n de una base de datos que ayudar\u00eda, de forma posterior, a su debido reparto.<\/p>\n<p>\u201cEsto nos permite conocer a los actores de las actividades culturales y tur\u00edsticas, hacer un mapa de todos estos sectores y potenciar las pol\u00edticas p\u00fablicas estructurales y coyunturales. Esta pol\u00edtica es permanente en nuestra gesti\u00f3n y esperamos que much\u00edsimos m\u00e1s establecimientos est\u00e9n dentro de nuestro cat\u00e1logo para poder desarrollar mejores pol\u00edticas\u201d, afirm\u00f3 Costa.<\/p>\n<p><a title=\"imagen\" href=\"http:\/\/live.staticflickr.com\/65535\/50849936908_ef29ab3eb2_s.jpg\" rel=\"\"><img loading=\"lazy\" decoding=\"async\" class=\"aligncenter\" title=\"imagen\" src=\"http:\/\/live.staticflickr.com\/65535\/50849936908_ef29ab3eb2_c.jpg\" alt=\"imagen\" width=\"800\" height=\"533\" \/><\/a><\/p>\n<p>Teniendo en claro el mecanismo y sus objetivos, los municipios poseen un margen de acci\u00f3n para conocer en profundidad cada sector y elaborar, a futuro, mayor impacto en las pol\u00edticas que se necesitan implementar. Con respecto a porcentajes en su distribuci\u00f3n, un 17% se encuentra destinado a establecimientos culturales, 19% al \u00e1rea de alojamientos y un 8% a clubes y sociedades de fomento.<\/p>\n<p>En la misma l\u00ednea, el Gobernador Axel Kicillof, expres\u00f3 que \u201cante la situaci\u00f3n actual uno puede tomar dos posturas: la cr\u00edtica absolutamente obstinada e infundada o ponerse en la situaci\u00f3n de quienes est\u00e1n experimentando una situaci\u00f3n novedosa y complicada\u201d.<\/p>\n<p>Adem\u00e1s, indic\u00f3 que \u201cla clave es poder contar con un Estado presente\u201d y que \u201cestamos pudiendo sostener una temporada. Estamos luchando cuerpo a cuerpo con una pandemia. Hoy podemos decir que estamos dando un paso m\u00e1s porque el s\u00e1bado llegaron las 300 mil dosis para completar los esquemas de vacunaci\u00f3n para cuidar a quienes se encuentran en la l\u00ednea de fuego\u201d, concluy\u00f3.<\/p>\n<p><iframe loading=\"lazy\" src=\"https:\/\/www.youtube.com\/embed\/yIGWqWeiAfA\" width=\"560\" height=\"315\" frameborder=\"0\" allowfullscreen=\"allowfullscreen\"><\/iframe><\/p>\n","protected":false},"excerpt":{"rendered":"<p>El Gobernador de la Provincia estuvo acompa\u00f1ado por el Ministro Augusto Costa junto al intendente Sergio Bordoni. El acto se desarroll\u00f3 en el Hotel Provincial de Sierra de la Ventana, participaron adem\u00e1s Intendentes de la regi\u00f3n, legisladores y otras autoridades.<\/p>\n","protected":false},"author":3,"featured_media":0,"comment_status":"closed","ping_status":"open","sticky":false,"template":"","format":"standard","meta":{"footnotes":""},"categories":[28,24],"tags":[],"class_list":["post-51407","post","type-post","status-publish","format-standard","hentry","category-municipales","category-politica"],"yoast_head":"<!-- This site is optimized with the Yoast SEO plugin v25.9 - https:\/\/yoast.com\/wordpress\/plugins\/seo\/ -->\n<title>Axel Kicillof anunci\u00f3 en Sierra de la Ventana la segunda etapa del Fondo Municipal para la Reactivaci\u00f3n Cultural y Tur\u00edstica por $500 millones. - Noticias Radio Reflejos<\/title>\n<meta name=\"robots\" content=\"index, follow, max-snippet:-1, max-image-preview:large, max-video-preview:-1\" \/>\n<link rel=\"canonical\" href=\"https:\/\/www.noticiasradioreflejos.com.ar\/2021\/axel-kicillof-anuncio-en-sierra-de-la-ventana-la-segunda-etapa-del-fondo-municipal-para-la-reactivacion-cultural-y-turistica-por-500-millones\/\" \/>\n<meta property=\"og:locale\" content=\"es_ES\" \/>\n<meta property=\"og:type\" content=\"article\" \/>\n<meta property=\"og:title\" content=\"Axel Kicillof anunci\u00f3 en Sierra de la Ventana la segunda etapa del Fondo Municipal para la Reactivaci\u00f3n Cultural y Tur\u00edstica por $500 millones. - Noticias Radio Reflejos\" \/>\n<meta property=\"og:description\" content=\"El Gobernador de la Provincia estuvo acompa\u00f1ado por el Ministro Augusto Costa junto al intendente Sergio Bordoni. El acto se desarroll\u00f3 en el Hotel Provincial de Sierra de la Ventana, participaron adem\u00e1s Intendentes de la regi\u00f3n, legisladores y otras autoridades.\" \/>\n<meta property=\"og:url\" content=\"https:\/\/www.noticiasradioreflejos.com.ar\/2021\/axel-kicillof-anuncio-en-sierra-de-la-ventana-la-segunda-etapa-del-fondo-municipal-para-la-reactivacion-cultural-y-turistica-por-500-millones\/\" \/>\n<meta property=\"og:site_name\" content=\"Noticias Radio Reflejos\" \/>\n<meta property=\"article:published_time\" content=\"2021-01-18T22:54:00+00:00\" \/>\n<meta property=\"og:image\" content=\"http:\/\/live.staticflickr.com\/65535\/50850672636_5d71719a9a_c.jpg\" \/>\n<meta name=\"author\" content=\"Arnaldo Botto\" \/>\n<meta name=\"twitter:card\" content=\"summary_large_image\" \/>\n<script type=\"application\/ld+json\" class=\"yoast-schema-graph\">{\"@context\":\"https:\/\/schema.org\",\"@graph\":[{\"@type\":\"WebPage\",\"@id\":\"https:\/\/www.noticiasradioreflejos.com.ar\/2021\/axel-kicillof-anuncio-en-sierra-de-la-ventana-la-segunda-etapa-del-fondo-municipal-para-la-reactivacion-cultural-y-turistica-por-500-millones\/\",\"url\":\"https:\/\/www.noticiasradioreflejos.com.ar\/2021\/axel-kicillof-anuncio-en-sierra-de-la-ventana-la-segunda-etapa-del-fondo-municipal-para-la-reactivacion-cultural-y-turistica-por-500-millones\/\",\"name\":\"Axel Kicillof anunci\u00f3 en Sierra de la Ventana la segunda etapa del Fondo Municipal para la Reactivaci\u00f3n Cultural y Tur\u00edstica por $500 millones. - Noticias Radio Reflejos\",\"isPartOf\":{\"@id\":\"https:\/\/www.noticiasradioreflejos.com.ar\/2021\/#website\"},\"primaryImageOfPage\":{\"@id\":\"https:\/\/www.noticiasradioreflejos.com.ar\/2021\/axel-kicillof-anuncio-en-sierra-de-la-ventana-la-segunda-etapa-del-fondo-municipal-para-la-reactivacion-cultural-y-turistica-por-500-millones\/#primaryimage\"},\"image\":{\"@id\":\"https:\/\/www.noticiasradioreflejos.com.ar\/2021\/axel-kicillof-anuncio-en-sierra-de-la-ventana-la-segunda-etapa-del-fondo-municipal-para-la-reactivacion-cultural-y-turistica-por-500-millones\/#primaryimage\"},\"thumbnailUrl\":\"http:\/\/live.staticflickr.com\/65535\/50850672636_5d71719a9a_c.jpg\",\"datePublished\":\"2021-01-18T22:54:00+00:00\",\"author\":{\"@id\":\"https:\/\/www.noticiasradioreflejos.com.ar\/2021\/#\/schema\/person\/ad82545263dcc5ec0996818884fd5fb1\"},\"breadcrumb\":{\"@id\":\"https:\/\/www.noticiasradioreflejos.com.ar\/2021\/axel-kicillof-anuncio-en-sierra-de-la-ventana-la-segunda-etapa-del-fondo-municipal-para-la-reactivacion-cultural-y-turistica-por-500-millones\/#breadcrumb\"},\"inLanguage\":\"es\",\"potentialAction\":[{\"@type\":\"ReadAction\",\"target\":[\"https:\/\/www.noticiasradioreflejos.com.ar\/2021\/axel-kicillof-anuncio-en-sierra-de-la-ventana-la-segunda-etapa-del-fondo-municipal-para-la-reactivacion-cultural-y-turistica-por-500-millones\/\"]}]},{\"@type\":\"ImageObject\",\"inLanguage\":\"es\",\"@id\":\"https:\/\/www.noticiasradioreflejos.com.ar\/2021\/axel-kicillof-anuncio-en-sierra-de-la-ventana-la-segunda-etapa-del-fondo-municipal-para-la-reactivacion-cultural-y-turistica-por-500-millones\/#primaryimage\",\"url\":\"http:\/\/live.staticflickr.com\/65535\/50850672636_5d71719a9a_c.jpg\",\"contentUrl\":\"http:\/\/live.staticflickr.com\/65535\/50850672636_5d71719a9a_c.jpg\"},{\"@type\":\"BreadcrumbList\",\"@id\":\"https:\/\/www.noticiasradioreflejos.com.ar\/2021\/axel-kicillof-anuncio-en-sierra-de-la-ventana-la-segunda-etapa-del-fondo-municipal-para-la-reactivacion-cultural-y-turistica-por-500-millones\/#breadcrumb\",\"itemListElement\":[{\"@type\":\"ListItem\",\"position\":1,\"name\":\"Portada\",\"item\":\"https:\/\/www.noticiasradioreflejos.com.ar\/2021\/\"},{\"@type\":\"ListItem\",\"position\":2,\"name\":\"Axel Kicillof anunci\u00f3 en Sierra de la Ventana la segunda etapa del Fondo Municipal para la Reactivaci\u00f3n Cultural y Tur\u00edstica por $500 millones.\"}]},{\"@type\":\"WebSite\",\"@id\":\"https:\/\/www.noticiasradioreflejos.com.ar\/2021\/#website\",\"url\":\"https:\/\/www.noticiasradioreflejos.com.ar\/2021\/\",\"name\":\"Noticias Radio Reflejos\",\"description\":\"Las noticias de mi comarca\",\"potentialAction\":[{\"@type\":\"SearchAction\",\"target\":{\"@type\":\"EntryPoint\",\"urlTemplate\":\"https:\/\/www.noticiasradioreflejos.com.ar\/2021\/?s={search_term_string}\"},\"query-input\":{\"@type\":\"PropertyValueSpecification\",\"valueRequired\":true,\"valueName\":\"search_term_string\"}}],\"inLanguage\":\"es\"},{\"@type\":\"Person\",\"@id\":\"https:\/\/www.noticiasradioreflejos.com.ar\/2021\/#\/schema\/person\/ad82545263dcc5ec0996818884fd5fb1\",\"name\":\"Arnaldo Botto\",\"image\":{\"@type\":\"ImageObject\",\"inLanguage\":\"es\",\"@id\":\"https:\/\/www.noticiasradioreflejos.com.ar\/2021\/#\/schema\/person\/image\/\",\"url\":\"https:\/\/secure.gravatar.com\/avatar\/55cb5e37c1efa326397366e6974cb338056df65cb50e7d64d1cf314e87504837?s=96&d=mm&r=g\",\"contentUrl\":\"https:\/\/secure.gravatar.com\/avatar\/55cb5e37c1efa326397366e6974cb338056df65cb50e7d64d1cf314e87504837?s=96&d=mm&r=g\",\"caption\":\"Arnaldo Botto\"},\"url\":\"https:\/\/www.noticiasradioreflejos.com.ar\/2021\/author\/arnaldo\/\"}]}<\/script>\n<!-- \/ Yoast SEO plugin. -->","yoast_head_json":{"title":"Axel Kicillof anunci\u00f3 en Sierra de la Ventana la segunda etapa del Fondo Municipal para la Reactivaci\u00f3n Cultural y Tur\u00edstica por $500 millones. - Noticias Radio Reflejos","robots":{"index":"index","follow":"follow","max-snippet":"max-snippet:-1","max-image-preview":"max-image-preview:large","max-video-preview":"max-video-preview:-1"},"canonical":"https:\/\/www.noticiasradioreflejos.com.ar\/2021\/axel-kicillof-anuncio-en-sierra-de-la-ventana-la-segunda-etapa-del-fondo-municipal-para-la-reactivacion-cultural-y-turistica-por-500-millones\/","og_locale":"es_ES","og_type":"article","og_title":"Axel Kicillof anunci\u00f3 en Sierra de la Ventana la segunda etapa del Fondo Municipal para la Reactivaci\u00f3n Cultural y Tur\u00edstica por $500 millones. - Noticias Radio Reflejos","og_description":"El Gobernador de la Provincia estuvo acompa\u00f1ado por el Ministro Augusto Costa junto al intendente Sergio Bordoni. El acto se desarroll\u00f3 en el Hotel Provincial de Sierra de la Ventana, participaron adem\u00e1s Intendentes de la regi\u00f3n, legisladores y otras autoridades.","og_url":"https:\/\/www.noticiasradioreflejos.com.ar\/2021\/axel-kicillof-anuncio-en-sierra-de-la-ventana-la-segunda-etapa-del-fondo-municipal-para-la-reactivacion-cultural-y-turistica-por-500-millones\/","og_site_name":"Noticias Radio Reflejos","article_published_time":"2021-01-18T22:54:00+00:00","og_image":[{"url":"http:\/\/live.staticflickr.com\/65535\/50850672636_5d71719a9a_c.jpg","type":"","width":"","height":""}],"author":"Arnaldo Botto","twitter_card":"summary_large_image","schema":{"@context":"https:\/\/schema.org","@graph":[{"@type":"WebPage","@id":"https:\/\/www.noticiasradioreflejos.com.ar\/2021\/axel-kicillof-anuncio-en-sierra-de-la-ventana-la-segunda-etapa-del-fondo-municipal-para-la-reactivacion-cultural-y-turistica-por-500-millones\/","url":"https:\/\/www.noticiasradioreflejos.com.ar\/2021\/axel-kicillof-anuncio-en-sierra-de-la-ventana-la-segunda-etapa-del-fondo-municipal-para-la-reactivacion-cultural-y-turistica-por-500-millones\/","name":"Axel Kicillof anunci\u00f3 en Sierra de la Ventana la segunda etapa del Fondo Municipal para la Reactivaci\u00f3n Cultural y Tur\u00edstica por $500 millones. - Noticias Radio Reflejos","isPartOf":{"@id":"https:\/\/www.noticiasradioreflejos.com.ar\/2021\/#website"},"primaryImageOfPage":{"@id":"https:\/\/www.noticiasradioreflejos.com.ar\/2021\/axel-kicillof-anuncio-en-sierra-de-la-ventana-la-segunda-etapa-del-fondo-municipal-para-la-reactivacion-cultural-y-turistica-por-500-millones\/#primaryimage"},"image":{"@id":"https:\/\/www.noticiasradioreflejos.com.ar\/2021\/axel-kicillof-anuncio-en-sierra-de-la-ventana-la-segunda-etapa-del-fondo-municipal-para-la-reactivacion-cultural-y-turistica-por-500-millones\/#primaryimage"},"thumbnailUrl":"http:\/\/live.staticflickr.com\/65535\/50850672636_5d71719a9a_c.jpg","datePublished":"2021-01-18T22:54:00+00:00","author":{"@id":"https:\/\/www.noticiasradioreflejos.com.ar\/2021\/#\/schema\/person\/ad82545263dcc5ec0996818884fd5fb1"},"breadcrumb":{"@id":"https:\/\/www.noticiasradioreflejos.com.ar\/2021\/axel-kicillof-anuncio-en-sierra-de-la-ventana-la-segunda-etapa-del-fondo-municipal-para-la-reactivacion-cultural-y-turistica-por-500-millones\/#breadcrumb"},"inLanguage":"es","potentialAction":[{"@type":"ReadAction","target":["https:\/\/www.noticiasradioreflejos.com.ar\/2021\/axel-kicillof-anuncio-en-sierra-de-la-ventana-la-segunda-etapa-del-fondo-municipal-para-la-reactivacion-cultural-y-turistica-por-500-millones\/"]}]},{"@type":"ImageObject","inLanguage":"es","@id":"https:\/\/www.noticiasradioreflejos.com.ar\/2021\/axel-kicillof-anuncio-en-sierra-de-la-ventana-la-segunda-etapa-del-fondo-municipal-para-la-reactivacion-cultural-y-turistica-por-500-millones\/#primaryimage","url":"http:\/\/live.staticflickr.com\/65535\/50850672636_5d71719a9a_c.jpg","contentUrl":"http:\/\/live.staticflickr.com\/65535\/50850672636_5d71719a9a_c.jpg"},{"@type":"BreadcrumbList","@id":"https:\/\/www.noticiasradioreflejos.com.ar\/2021\/axel-kicillof-anuncio-en-sierra-de-la-ventana-la-segunda-etapa-del-fondo-municipal-para-la-reactivacion-cultural-y-turistica-por-500-millones\/#breadcrumb","itemListElement":[{"@type":"ListItem","position":1,"name":"Portada","item":"https:\/\/www.noticiasradioreflejos.com.ar\/2021\/"},{"@type":"ListItem","position":2,"name":"Axel Kicillof anunci\u00f3 en Sierra de la Ventana la segunda etapa del Fondo Municipal para la Reactivaci\u00f3n Cultural y Tur\u00edstica por $500 millones."}]},{"@type":"WebSite","@id":"https:\/\/www.noticiasradioreflejos.com.ar\/2021\/#website","url":"https:\/\/www.noticiasradioreflejos.com.ar\/2021\/","name":"Noticias Radio Reflejos","description":"Las noticias de mi comarca","potentialAction":[{"@type":"SearchAction","target":{"@type":"EntryPoint","urlTemplate":"https:\/\/www.noticiasradioreflejos.com.ar\/2021\/?s={search_term_string}"},"query-input":{"@type":"PropertyValueSpecification","valueRequired":true,"valueName":"search_term_string"}}],"inLanguage":"es"},{"@type":"Person","@id":"https:\/\/www.noticiasradioreflejos.com.ar\/2021\/#\/schema\/person\/ad82545263dcc5ec0996818884fd5fb1","name":"Arnaldo Botto","image":{"@type":"ImageObject","inLanguage":"es","@id":"https:\/\/www.noticiasradioreflejos.com.ar\/2021\/#\/schema\/person\/image\/","url":"https:\/\/secure.gravatar.com\/avatar\/55cb5e37c1efa326397366e6974cb338056df65cb50e7d64d1cf314e87504837?s=96&d=mm&r=g","contentUrl":"https:\/\/secure.gravatar.com\/avatar\/55cb5e37c1efa326397366e6974cb338056df65cb50e7d64d1cf314e87504837?s=96&d=mm&r=g","caption":"Arnaldo Botto"},"url":"https:\/\/www.noticiasradioreflejos.com.ar\/2021\/author\/arnaldo\/"}]}},"_links":{"self":[{"href":"https:\/\/www.noticiasradioreflejos.com.ar\/2021\/wp-json\/wp\/v2\/posts\/51407","targetHints":{"allow":["GET"]}}],"collection":[{"href":"https:\/\/www.noticiasradioreflejos.com.ar\/2021\/wp-json\/wp\/v2\/posts"}],"about":[{"href":"https:\/\/www.noticiasradioreflejos.com.ar\/2021\/wp-json\/wp\/v2\/types\/post"}],"author":[{"embeddable":true,"href":"https:\/\/www.noticiasradioreflejos.com.ar\/2021\/wp-json\/wp\/v2\/users\/3"}],"replies":[{"embeddable":true,"href":"https:\/\/www.noticiasradioreflejos.com.ar\/2021\/wp-json\/wp\/v2\/comments?post=51407"}],"version-history":[{"count":0,"href":"https:\/\/www.noticiasradioreflejos.com.ar\/2021\/wp-json\/wp\/v2\/posts\/51407\/revisions"}],"wp:attachment":[{"href":"https:\/\/www.noticiasradioreflejos.com.ar\/2021\/wp-json\/wp\/v2\/media?parent=51407"}],"wp:term":[{"taxonomy":"category","embeddable":true,"href":"https:\/\/www.noticiasradioreflejos.com.ar\/2021\/wp-json\/wp\/v2\/categories?post=51407"},{"taxonomy":"post_tag","embeddable":true,"href":"https:\/\/www.noticiasradioreflejos.com.ar\/2021\/wp-json\/wp\/v2\/tags?post=51407"}],"curies":[{"name":"wp","href":"https:\/\/api.w.org\/{rel}","templated":true}]}}