{"id":51405,"date":"2021-01-18T18:52:58","date_gmt":"2021-01-18T21:52:58","guid":{"rendered":"http:\/\/www.noticiasradioreflejos.com.ar\/noticias\/?p=51405"},"modified":"2021-01-18T18:52:58","modified_gmt":"2021-01-18T21:52:58","slug":"con-las-embarazadas-no","status":"publish","type":"post","link":"https:\/\/www.noticiasradioreflejos.com.ar\/2021\/con-las-embarazadas-no\/","title":{"rendered":"Con las embarazadas no!!!!!!"},"content":{"rendered":"<p>Carta dirigida al se\u00f1or intendente municipal Sergio Bordoni, al Secretario de Salud y director del hospital de Tornquist.<!--more--><br \/>\nMe dirijo a ustedes debido a la decisi\u00f3n tomada por su gobierno se\u00f1or intendente y obviamente tambien del secretario de salud y el director del hospital municipal, la cual afecta particularmente a las localidades de Saldungaray y Sierra de la Ventana.<br \/>\nEsta es la primera vez que escribo una carta como esta.<\/p>\n<p>Les paso a comentar el porque de ella, en mi caso particular tengo una beba de 11 meses, donde gracias a este servicio puede hacer mis controles con una de las obstetras en la unidad sanitaria Dr. Emilio Aldaya de Sierra de la Ventana, como as\u00ed tambi\u00e9n mi curso de preparto por ser madre primeriza, sin la necesidad de tener que trasladarme a la cuidad de Tornquist, como a otra cuidad cercana por cualquier complicaci\u00f3n, con lo que implica, si uno tiene veh\u00edculo, el combustible, para algunas personas que no lo poseen encontrar un transporte o alguien que pueda llevar o tener que ser trasladada en ambulancia.<\/p>\n<p>Yo entiendo que a veces se toman decisiones sin darse cuenta de las consecuencias. se\u00f1or intendente, secretario de salud y director del hospital, a ustedes les parece bien la idea de centralizar esta atenci\u00f3n solamente en el Hospital de Tornquist, dejando solo consultorios y cursos de preparto, pero sacando las guardias que se ven\u00edan realizando, implicando que si una embarazada tiene alguna complicaci\u00f3n, deba ser trasladada a la cuidad de Tornquist, como le paso a una amiga d\u00edas atr\u00e1s, que tuvo que ser trasladada en ambulancia a Tornquist para que fuera atendida por la obstetra de guardia, pudiendo ser atendida en la misma unidad sanitaria en donde vive. la verdad da bronca por que contamos con una obstetra que vive en Saldungaray y otra en Sierra y que tengan que viajar para hacer guardias solamente en el hospital, sin poder hacerlas en Sierra ni Saldungaray.<\/p>\n<p>Yo creo que deber\u00edan ver lo sucedido y volver inmediatamente con el servicio importante y yo dir\u00eda esencial que cubr\u00edan las obstetras en ambas unidades sanitarias. estamos atravesando un a\u00f1o complicado, debido a lo que es de publico conocimiento del covid-19, priorizando la salud y en este caso no se lo esta priorizando. somos todos humanos y podemos cometer errores, y lo importante es darse cuenta y remediarlo. yo entiendo que a veces hay que recortar en gastos. pero era necesario recortar gastos sacando el servicio de guardia de obstetricia para las embarazadas en ambas unidades sanitarias, recuerden que las personas mayores como las embarazadas son personas de riesgo para el covid-19 y hay que tratar de ayudarlas, y a mi parecer el tema de sacarles este servicio fundamental no las ayuda, al contrario las complica mucho mas. espero que esta carta llegue a sus despachos y tengamos una respuesta favorable en lo inmediato. desde ya muchas gracias.<\/p>\n<p><strong>Firma<\/strong>: <strong>Gisela Soledad Osvaldo<\/strong><br \/>\n<b>DNI: 33717389.<\/b><\/p>\n","protected":false},"excerpt":{"rendered":"<p>Carta dirigida al se\u00f1or intendente municipal Sergio Bordoni, al Secretario de Salud y director del hospital de Tornquist.<\/p>\n","protected":false},"author":3,"featured_media":0,"comment_status":"closed","ping_status":"open","sticky":false,"template":"","format":"standard","meta":{"footnotes":""},"categories":[26],"tags":[],"class_list":["post-51405","post","type-post","status-publish","format-standard","hentry","category-sociedad"],"yoast_head":"<!-- This site is optimized with the Yoast SEO plugin v25.9 - https:\/\/yoast.com\/wordpress\/plugins\/seo\/ -->\n<title>Con las embarazadas no!!!!!! - Noticias Radio Reflejos<\/title>\n<meta name=\"robots\" content=\"index, follow, max-snippet:-1, max-image-preview:large, max-video-preview:-1\" \/>\n<link rel=\"canonical\" href=\"https:\/\/www.noticiasradioreflejos.com.ar\/2021\/con-las-embarazadas-no\/\" \/>\n<meta property=\"og:locale\" content=\"es_ES\" \/>\n<meta property=\"og:type\" content=\"article\" \/>\n<meta property=\"og:title\" content=\"Con las embarazadas no!!!!!! - Noticias Radio Reflejos\" \/>\n<meta property=\"og:description\" content=\"Carta dirigida al se\u00f1or intendente municipal Sergio Bordoni, al Secretario de Salud y director del hospital de Tornquist.\" \/>\n<meta property=\"og:url\" content=\"https:\/\/www.noticiasradioreflejos.com.ar\/2021\/con-las-embarazadas-no\/\" \/>\n<meta property=\"og:site_name\" content=\"Noticias Radio Reflejos\" \/>\n<meta property=\"article:published_time\" content=\"2021-01-18T21:52:58+00:00\" \/>\n<meta property=\"og:image\" content=\"https:\/\/www.noticiasradioreflejos.com.ar\/2021\/wp-content\/uploads\/2018\/04\/carta_lector_1.jpg\" \/>\n\t<meta property=\"og:image:width\" content=\"935\" \/>\n\t<meta property=\"og:image:height\" content=\"595\" \/>\n\t<meta property=\"og:image:type\" content=\"image\/jpeg\" \/>\n<meta name=\"author\" content=\"Arnaldo Botto\" \/>\n<meta name=\"twitter:card\" content=\"summary_large_image\" \/>\n<script type=\"application\/ld+json\" class=\"yoast-schema-graph\">{\"@context\":\"https:\/\/schema.org\",\"@graph\":[{\"@type\":\"WebPage\",\"@id\":\"https:\/\/www.noticiasradioreflejos.com.ar\/2021\/con-las-embarazadas-no\/\",\"url\":\"https:\/\/www.noticiasradioreflejos.com.ar\/2021\/con-las-embarazadas-no\/\",\"name\":\"Con las embarazadas no!!!!!! - Noticias Radio Reflejos\",\"isPartOf\":{\"@id\":\"https:\/\/www.noticiasradioreflejos.com.ar\/2021\/#website\"},\"datePublished\":\"2021-01-18T21:52:58+00:00\",\"author\":{\"@id\":\"https:\/\/www.noticiasradioreflejos.com.ar\/2021\/#\/schema\/person\/ad82545263dcc5ec0996818884fd5fb1\"},\"breadcrumb\":{\"@id\":\"https:\/\/www.noticiasradioreflejos.com.ar\/2021\/con-las-embarazadas-no\/#breadcrumb\"},\"inLanguage\":\"es\",\"potentialAction\":[{\"@type\":\"ReadAction\",\"target\":[\"https:\/\/www.noticiasradioreflejos.com.ar\/2021\/con-las-embarazadas-no\/\"]}]},{\"@type\":\"BreadcrumbList\",\"@id\":\"https:\/\/www.noticiasradioreflejos.com.ar\/2021\/con-las-embarazadas-no\/#breadcrumb\",\"itemListElement\":[{\"@type\":\"ListItem\",\"position\":1,\"name\":\"Portada\",\"item\":\"https:\/\/www.noticiasradioreflejos.com.ar\/2021\/\"},{\"@type\":\"ListItem\",\"position\":2,\"name\":\"Con las embarazadas no!!!!!!\"}]},{\"@type\":\"WebSite\",\"@id\":\"https:\/\/www.noticiasradioreflejos.com.ar\/2021\/#website\",\"url\":\"https:\/\/www.noticiasradioreflejos.com.ar\/2021\/\",\"name\":\"Noticias Radio Reflejos\",\"description\":\"Las noticias de mi comarca\",\"potentialAction\":[{\"@type\":\"SearchAction\",\"target\":{\"@type\":\"EntryPoint\",\"urlTemplate\":\"https:\/\/www.noticiasradioreflejos.com.ar\/2021\/?s={search_term_string}\"},\"query-input\":{\"@type\":\"PropertyValueSpecification\",\"valueRequired\":true,\"valueName\":\"search_term_string\"}}],\"inLanguage\":\"es\"},{\"@type\":\"Person\",\"@id\":\"https:\/\/www.noticiasradioreflejos.com.ar\/2021\/#\/schema\/person\/ad82545263dcc5ec0996818884fd5fb1\",\"name\":\"Arnaldo Botto\",\"image\":{\"@type\":\"ImageObject\",\"inLanguage\":\"es\",\"@id\":\"https:\/\/www.noticiasradioreflejos.com.ar\/2021\/#\/schema\/person\/image\/\",\"url\":\"https:\/\/secure.gravatar.com\/avatar\/55cb5e37c1efa326397366e6974cb338056df65cb50e7d64d1cf314e87504837?s=96&d=mm&r=g\",\"contentUrl\":\"https:\/\/secure.gravatar.com\/avatar\/55cb5e37c1efa326397366e6974cb338056df65cb50e7d64d1cf314e87504837?s=96&d=mm&r=g\",\"caption\":\"Arnaldo Botto\"},\"url\":\"https:\/\/www.noticiasradioreflejos.com.ar\/2021\/author\/arnaldo\/\"}]}<\/script>\n<!-- \/ Yoast SEO plugin. -->","yoast_head_json":{"title":"Con las embarazadas no!!!!!! - Noticias Radio Reflejos","robots":{"index":"index","follow":"follow","max-snippet":"max-snippet:-1","max-image-preview":"max-image-preview:large","max-video-preview":"max-video-preview:-1"},"canonical":"https:\/\/www.noticiasradioreflejos.com.ar\/2021\/con-las-embarazadas-no\/","og_locale":"es_ES","og_type":"article","og_title":"Con las embarazadas no!!!!!! - Noticias Radio Reflejos","og_description":"Carta dirigida al se\u00f1or intendente municipal Sergio Bordoni, al Secretario de Salud y director del hospital de Tornquist.","og_url":"https:\/\/www.noticiasradioreflejos.com.ar\/2021\/con-las-embarazadas-no\/","og_site_name":"Noticias Radio Reflejos","article_published_time":"2021-01-18T21:52:58+00:00","og_image":[{"width":935,"height":595,"url":"https:\/\/www.noticiasradioreflejos.com.ar\/2021\/wp-content\/uploads\/2018\/04\/carta_lector_1.jpg","type":"image\/jpeg"}],"author":"Arnaldo Botto","twitter_card":"summary_large_image","schema":{"@context":"https:\/\/schema.org","@graph":[{"@type":"WebPage","@id":"https:\/\/www.noticiasradioreflejos.com.ar\/2021\/con-las-embarazadas-no\/","url":"https:\/\/www.noticiasradioreflejos.com.ar\/2021\/con-las-embarazadas-no\/","name":"Con las embarazadas no!!!!!! - Noticias Radio Reflejos","isPartOf":{"@id":"https:\/\/www.noticiasradioreflejos.com.ar\/2021\/#website"},"datePublished":"2021-01-18T21:52:58+00:00","author":{"@id":"https:\/\/www.noticiasradioreflejos.com.ar\/2021\/#\/schema\/person\/ad82545263dcc5ec0996818884fd5fb1"},"breadcrumb":{"@id":"https:\/\/www.noticiasradioreflejos.com.ar\/2021\/con-las-embarazadas-no\/#breadcrumb"},"inLanguage":"es","potentialAction":[{"@type":"ReadAction","target":["https:\/\/www.noticiasradioreflejos.com.ar\/2021\/con-las-embarazadas-no\/"]}]},{"@type":"BreadcrumbList","@id":"https:\/\/www.noticiasradioreflejos.com.ar\/2021\/con-las-embarazadas-no\/#breadcrumb","itemListElement":[{"@type":"ListItem","position":1,"name":"Portada","item":"https:\/\/www.noticiasradioreflejos.com.ar\/2021\/"},{"@type":"ListItem","position":2,"name":"Con las embarazadas no!!!!!!"}]},{"@type":"WebSite","@id":"https:\/\/www.noticiasradioreflejos.com.ar\/2021\/#website","url":"https:\/\/www.noticiasradioreflejos.com.ar\/2021\/","name":"Noticias Radio Reflejos","description":"Las noticias de mi comarca","potentialAction":[{"@type":"SearchAction","target":{"@type":"EntryPoint","urlTemplate":"https:\/\/www.noticiasradioreflejos.com.ar\/2021\/?s={search_term_string}"},"query-input":{"@type":"PropertyValueSpecification","valueRequired":true,"valueName":"search_term_string"}}],"inLanguage":"es"},{"@type":"Person","@id":"https:\/\/www.noticiasradioreflejos.com.ar\/2021\/#\/schema\/person\/ad82545263dcc5ec0996818884fd5fb1","name":"Arnaldo Botto","image":{"@type":"ImageObject","inLanguage":"es","@id":"https:\/\/www.noticiasradioreflejos.com.ar\/2021\/#\/schema\/person\/image\/","url":"https:\/\/secure.gravatar.com\/avatar\/55cb5e37c1efa326397366e6974cb338056df65cb50e7d64d1cf314e87504837?s=96&d=mm&r=g","contentUrl":"https:\/\/secure.gravatar.com\/avatar\/55cb5e37c1efa326397366e6974cb338056df65cb50e7d64d1cf314e87504837?s=96&d=mm&r=g","caption":"Arnaldo Botto"},"url":"https:\/\/www.noticiasradioreflejos.com.ar\/2021\/author\/arnaldo\/"}]}},"_links":{"self":[{"href":"https:\/\/www.noticiasradioreflejos.com.ar\/2021\/wp-json\/wp\/v2\/posts\/51405","targetHints":{"allow":["GET"]}}],"collection":[{"href":"https:\/\/www.noticiasradioreflejos.com.ar\/2021\/wp-json\/wp\/v2\/posts"}],"about":[{"href":"https:\/\/www.noticiasradioreflejos.com.ar\/2021\/wp-json\/wp\/v2\/types\/post"}],"author":[{"embeddable":true,"href":"https:\/\/www.noticiasradioreflejos.com.ar\/2021\/wp-json\/wp\/v2\/users\/3"}],"replies":[{"embeddable":true,"href":"https:\/\/www.noticiasradioreflejos.com.ar\/2021\/wp-json\/wp\/v2\/comments?post=51405"}],"version-history":[{"count":0,"href":"https:\/\/www.noticiasradioreflejos.com.ar\/2021\/wp-json\/wp\/v2\/posts\/51405\/revisions"}],"wp:attachment":[{"href":"https:\/\/www.noticiasradioreflejos.com.ar\/2021\/wp-json\/wp\/v2\/media?parent=51405"}],"wp:term":[{"taxonomy":"category","embeddable":true,"href":"https:\/\/www.noticiasradioreflejos.com.ar\/2021\/wp-json\/wp\/v2\/categories?post=51405"},{"taxonomy":"post_tag","embeddable":true,"href":"https:\/\/www.noticiasradioreflejos.com.ar\/2021\/wp-json\/wp\/v2\/tags?post=51405"}],"curies":[{"name":"wp","href":"https:\/\/api.w.org\/{rel}","templated":true}]}}