{"id":51402,"date":"2021-01-18T18:46:56","date_gmt":"2021-01-18T21:46:56","guid":{"rendered":"http:\/\/www.noticiasradioreflejos.com.ar\/noticias\/?p=51402"},"modified":"2021-01-18T18:46:56","modified_gmt":"2021-01-18T21:46:56","slug":"aumento-salarial-para-el-personal-de-las-policias-de-la-provincia-de-buenos-aires-y-del-servicio-penitenciario-bonaerense","status":"publish","type":"post","link":"https:\/\/www.noticiasradioreflejos.com.ar\/2021\/aumento-salarial-para-el-personal-de-las-policias-de-la-provincia-de-buenos-aires-y-del-servicio-penitenciario-bonaerense\/","title":{"rendered":"Aumento salarial para el personal de las Polic\u00edas de la Provincia de Buenos Aires y del Servicio Penitenciario Bonaerense"},"content":{"rendered":"<p>Los miembros de las fuerzas de seguridad bonaerenses, polic\u00edas y penitenciarios, recibir\u00e1n un aumento adicional en sus salarios del 6,8% promedio respecto a diciembre de 2019, retroactivo al mes de diciembre de 2020.<!--more--><\/p>\n<p>Los miembros de las fuerzas de seguridad de la provincia de Buenos Aires, polic\u00edas y penitenciarios, recibir\u00e1n un aumento adicional en sus salarios del 6,8% promedio respecto a diciembre de 2019, retroactivo al mes de diciembre de 2020.<\/p>\n<p>De esta manera, el sueldo neto de un oficial de polic\u00eda ingresante ascender\u00e1 a $ 46.238. Con la actualizaci\u00f3n en la compensaci\u00f3n por uniforme de $ 1.130 a $ 5.000 otorgada en septiembre, el ingreso total alcanza un aumento en 2020 de 43,3%, pasando de $ 35.754 en diciembre 2019 a $ 51.237 en diciembre 2020.<\/p>\n<p>Asimismo, se incrementaron los montos de los vi\u00e1ticos que percibir\u00e1 el personal civil, policial y penitenciario dependiente de los Ministerios de Seguridad y de Justicia y Derechos Humanos de la Provincia de Buenos Aires, comisionado en el marco del \u00abOperativo Sol 2021\u00bb, elev\u00e1ndose de $ 1.500 a $ 2.000 diarios. Se trata del segundo incremento durante esta gesti\u00f3n de gobierno, ya que en diciembre de 2019 dicho valor era de $ 1.100. El aumento total desde diciembre 2019 es de 81,8%.<\/p>\n<p>Se trata de un cambio importante en la pol\u00edtica salarial del Estado provincial luego del fuerte deterioro que sufrieron los salarios de los trabajadores estatales entre 2016 y 2019, que promedi\u00f3 un 20% de ca\u00edda en t\u00e9rminos reales, y con especial impacto en las fuerzas de seguridad, que sufrieron ca\u00eddas promedio del 30%. La pol\u00edtica de recomposici\u00f3n salarial y mejora en las condiciones de trabajo que hemos iniciado en 2020 incluy\u00f3, en septiembre pasado, la actualizaci\u00f3n del valor de la Compensaci\u00f3n por recargo de servicio, tanto para Polic\u00eda (CORES) como para el personal del Servicio Penitenciario, triplicando su monto (de $ 40 a $ 120).<\/p>\n<p>La mejora en el salario incluy\u00f3 en septiembre la absorci\u00f3n de la suma remunerativa a cuenta de la paritaria 2020 de $ 4.000, al tiempo que se elimin\u00f3 el \u00fanico concepto salarial no remunerativo que percib\u00edan las fuerzas de seguridad ($ 1.250), el cual pas\u00f3 a integrar el salario remunerativo. De esta forma, el 100% del salario de las fuerzas de seguridad en la Provincia es, desde septiembre 2020, remunerativo, con incidencia plena en el Sueldo Anual Complementario y en las Jubilaciones, Retiros y Pensiones.<\/p>\n","protected":false},"excerpt":{"rendered":"<p>Los miembros de las fuerzas de seguridad bonaerenses, polic\u00edas y penitenciarios, recibir\u00e1n un aumento adicional en sus salarios del 6,8% promedio respecto a diciembre de 2019, retroactivo al mes de diciembre de 2020.<\/p>\n","protected":false},"author":3,"featured_media":0,"comment_status":"closed","ping_status":"open","sticky":false,"template":"","format":"standard","meta":{"footnotes":""},"categories":[29],"tags":[],"class_list":["post-51402","post","type-post","status-publish","format-standard","hentry","category-policiales"],"yoast_head":"<!-- This site is optimized with the Yoast SEO plugin v25.9 - https:\/\/yoast.com\/wordpress\/plugins\/seo\/ -->\n<title>Aumento salarial para el personal de las Polic\u00edas de la Provincia de Buenos Aires y del Servicio Penitenciario Bonaerense - Noticias Radio Reflejos<\/title>\n<meta name=\"robots\" content=\"index, follow, max-snippet:-1, max-image-preview:large, max-video-preview:-1\" \/>\n<link rel=\"canonical\" href=\"https:\/\/www.noticiasradioreflejos.com.ar\/2021\/aumento-salarial-para-el-personal-de-las-policias-de-la-provincia-de-buenos-aires-y-del-servicio-penitenciario-bonaerense\/\" \/>\n<meta property=\"og:locale\" content=\"es_ES\" \/>\n<meta property=\"og:type\" content=\"article\" \/>\n<meta property=\"og:title\" content=\"Aumento salarial para el personal de las Polic\u00edas de la Provincia de Buenos Aires y del Servicio Penitenciario Bonaerense - Noticias Radio Reflejos\" \/>\n<meta property=\"og:description\" content=\"Los miembros de las fuerzas de seguridad bonaerenses, polic\u00edas y penitenciarios, recibir\u00e1n un aumento adicional en sus salarios del 6,8% promedio respecto a diciembre de 2019, retroactivo al mes de diciembre de 2020.\" \/>\n<meta property=\"og:url\" content=\"https:\/\/www.noticiasradioreflejos.com.ar\/2021\/aumento-salarial-para-el-personal-de-las-policias-de-la-provincia-de-buenos-aires-y-del-servicio-penitenciario-bonaerense\/\" \/>\n<meta property=\"og:site_name\" content=\"Noticias Radio Reflejos\" \/>\n<meta property=\"article:published_time\" content=\"2021-01-18T21:46:56+00:00\" \/>\n<meta property=\"og:image\" content=\"https:\/\/www.noticiasradioreflejos.com.ar\/2021\/wp-content\/uploads\/2021\/07\/logosol300x200.png\" \/>\n\t<meta property=\"og:image:width\" content=\"300\" \/>\n\t<meta property=\"og:image:height\" content=\"200\" \/>\n\t<meta property=\"og:image:type\" content=\"image\/png\" \/>\n<meta name=\"author\" content=\"Arnaldo Botto\" \/>\n<meta name=\"twitter:card\" content=\"summary_large_image\" \/>\n<script type=\"application\/ld+json\" class=\"yoast-schema-graph\">{\"@context\":\"https:\/\/schema.org\",\"@graph\":[{\"@type\":\"WebPage\",\"@id\":\"https:\/\/www.noticiasradioreflejos.com.ar\/2021\/aumento-salarial-para-el-personal-de-las-policias-de-la-provincia-de-buenos-aires-y-del-servicio-penitenciario-bonaerense\/\",\"url\":\"https:\/\/www.noticiasradioreflejos.com.ar\/2021\/aumento-salarial-para-el-personal-de-las-policias-de-la-provincia-de-buenos-aires-y-del-servicio-penitenciario-bonaerense\/\",\"name\":\"Aumento salarial para el personal de las Polic\u00edas de la Provincia de Buenos Aires y del Servicio Penitenciario Bonaerense - Noticias Radio Reflejos\",\"isPartOf\":{\"@id\":\"https:\/\/www.noticiasradioreflejos.com.ar\/2021\/#website\"},\"datePublished\":\"2021-01-18T21:46:56+00:00\",\"author\":{\"@id\":\"https:\/\/www.noticiasradioreflejos.com.ar\/2021\/#\/schema\/person\/ad82545263dcc5ec0996818884fd5fb1\"},\"breadcrumb\":{\"@id\":\"https:\/\/www.noticiasradioreflejos.com.ar\/2021\/aumento-salarial-para-el-personal-de-las-policias-de-la-provincia-de-buenos-aires-y-del-servicio-penitenciario-bonaerense\/#breadcrumb\"},\"inLanguage\":\"es\",\"potentialAction\":[{\"@type\":\"ReadAction\",\"target\":[\"https:\/\/www.noticiasradioreflejos.com.ar\/2021\/aumento-salarial-para-el-personal-de-las-policias-de-la-provincia-de-buenos-aires-y-del-servicio-penitenciario-bonaerense\/\"]}]},{\"@type\":\"BreadcrumbList\",\"@id\":\"https:\/\/www.noticiasradioreflejos.com.ar\/2021\/aumento-salarial-para-el-personal-de-las-policias-de-la-provincia-de-buenos-aires-y-del-servicio-penitenciario-bonaerense\/#breadcrumb\",\"itemListElement\":[{\"@type\":\"ListItem\",\"position\":1,\"name\":\"Portada\",\"item\":\"https:\/\/www.noticiasradioreflejos.com.ar\/2021\/\"},{\"@type\":\"ListItem\",\"position\":2,\"name\":\"Aumento salarial para el personal de las Polic\u00edas de la Provincia de Buenos Aires y del Servicio Penitenciario Bonaerense\"}]},{\"@type\":\"WebSite\",\"@id\":\"https:\/\/www.noticiasradioreflejos.com.ar\/2021\/#website\",\"url\":\"https:\/\/www.noticiasradioreflejos.com.ar\/2021\/\",\"name\":\"Noticias Radio Reflejos\",\"description\":\"Las noticias de mi comarca\",\"potentialAction\":[{\"@type\":\"SearchAction\",\"target\":{\"@type\":\"EntryPoint\",\"urlTemplate\":\"https:\/\/www.noticiasradioreflejos.com.ar\/2021\/?s={search_term_string}\"},\"query-input\":{\"@type\":\"PropertyValueSpecification\",\"valueRequired\":true,\"valueName\":\"search_term_string\"}}],\"inLanguage\":\"es\"},{\"@type\":\"Person\",\"@id\":\"https:\/\/www.noticiasradioreflejos.com.ar\/2021\/#\/schema\/person\/ad82545263dcc5ec0996818884fd5fb1\",\"name\":\"Arnaldo Botto\",\"image\":{\"@type\":\"ImageObject\",\"inLanguage\":\"es\",\"@id\":\"https:\/\/www.noticiasradioreflejos.com.ar\/2021\/#\/schema\/person\/image\/\",\"url\":\"https:\/\/secure.gravatar.com\/avatar\/55cb5e37c1efa326397366e6974cb338056df65cb50e7d64d1cf314e87504837?s=96&d=mm&r=g\",\"contentUrl\":\"https:\/\/secure.gravatar.com\/avatar\/55cb5e37c1efa326397366e6974cb338056df65cb50e7d64d1cf314e87504837?s=96&d=mm&r=g\",\"caption\":\"Arnaldo Botto\"},\"url\":\"https:\/\/www.noticiasradioreflejos.com.ar\/2021\/author\/arnaldo\/\"}]}<\/script>\n<!-- \/ Yoast SEO plugin. -->","yoast_head_json":{"title":"Aumento salarial para el personal de las Polic\u00edas de la Provincia de Buenos Aires y del Servicio Penitenciario Bonaerense - Noticias Radio Reflejos","robots":{"index":"index","follow":"follow","max-snippet":"max-snippet:-1","max-image-preview":"max-image-preview:large","max-video-preview":"max-video-preview:-1"},"canonical":"https:\/\/www.noticiasradioreflejos.com.ar\/2021\/aumento-salarial-para-el-personal-de-las-policias-de-la-provincia-de-buenos-aires-y-del-servicio-penitenciario-bonaerense\/","og_locale":"es_ES","og_type":"article","og_title":"Aumento salarial para el personal de las Polic\u00edas de la Provincia de Buenos Aires y del Servicio Penitenciario Bonaerense - Noticias Radio Reflejos","og_description":"Los miembros de las fuerzas de seguridad bonaerenses, polic\u00edas y penitenciarios, recibir\u00e1n un aumento adicional en sus salarios del 6,8% promedio respecto a diciembre de 2019, retroactivo al mes de diciembre de 2020.","og_url":"https:\/\/www.noticiasradioreflejos.com.ar\/2021\/aumento-salarial-para-el-personal-de-las-policias-de-la-provincia-de-buenos-aires-y-del-servicio-penitenciario-bonaerense\/","og_site_name":"Noticias Radio Reflejos","article_published_time":"2021-01-18T21:46:56+00:00","og_image":[{"width":300,"height":200,"url":"https:\/\/www.noticiasradioreflejos.com.ar\/2021\/wp-content\/uploads\/2021\/07\/logosol300x200.png","type":"image\/png"}],"author":"Arnaldo Botto","twitter_card":"summary_large_image","schema":{"@context":"https:\/\/schema.org","@graph":[{"@type":"WebPage","@id":"https:\/\/www.noticiasradioreflejos.com.ar\/2021\/aumento-salarial-para-el-personal-de-las-policias-de-la-provincia-de-buenos-aires-y-del-servicio-penitenciario-bonaerense\/","url":"https:\/\/www.noticiasradioreflejos.com.ar\/2021\/aumento-salarial-para-el-personal-de-las-policias-de-la-provincia-de-buenos-aires-y-del-servicio-penitenciario-bonaerense\/","name":"Aumento salarial para el personal de las Polic\u00edas de la Provincia de Buenos Aires y del Servicio Penitenciario Bonaerense - Noticias Radio Reflejos","isPartOf":{"@id":"https:\/\/www.noticiasradioreflejos.com.ar\/2021\/#website"},"datePublished":"2021-01-18T21:46:56+00:00","author":{"@id":"https:\/\/www.noticiasradioreflejos.com.ar\/2021\/#\/schema\/person\/ad82545263dcc5ec0996818884fd5fb1"},"breadcrumb":{"@id":"https:\/\/www.noticiasradioreflejos.com.ar\/2021\/aumento-salarial-para-el-personal-de-las-policias-de-la-provincia-de-buenos-aires-y-del-servicio-penitenciario-bonaerense\/#breadcrumb"},"inLanguage":"es","potentialAction":[{"@type":"ReadAction","target":["https:\/\/www.noticiasradioreflejos.com.ar\/2021\/aumento-salarial-para-el-personal-de-las-policias-de-la-provincia-de-buenos-aires-y-del-servicio-penitenciario-bonaerense\/"]}]},{"@type":"BreadcrumbList","@id":"https:\/\/www.noticiasradioreflejos.com.ar\/2021\/aumento-salarial-para-el-personal-de-las-policias-de-la-provincia-de-buenos-aires-y-del-servicio-penitenciario-bonaerense\/#breadcrumb","itemListElement":[{"@type":"ListItem","position":1,"name":"Portada","item":"https:\/\/www.noticiasradioreflejos.com.ar\/2021\/"},{"@type":"ListItem","position":2,"name":"Aumento salarial para el personal de las Polic\u00edas de la Provincia de Buenos Aires y del Servicio Penitenciario Bonaerense"}]},{"@type":"WebSite","@id":"https:\/\/www.noticiasradioreflejos.com.ar\/2021\/#website","url":"https:\/\/www.noticiasradioreflejos.com.ar\/2021\/","name":"Noticias Radio Reflejos","description":"Las noticias de mi comarca","potentialAction":[{"@type":"SearchAction","target":{"@type":"EntryPoint","urlTemplate":"https:\/\/www.noticiasradioreflejos.com.ar\/2021\/?s={search_term_string}"},"query-input":{"@type":"PropertyValueSpecification","valueRequired":true,"valueName":"search_term_string"}}],"inLanguage":"es"},{"@type":"Person","@id":"https:\/\/www.noticiasradioreflejos.com.ar\/2021\/#\/schema\/person\/ad82545263dcc5ec0996818884fd5fb1","name":"Arnaldo Botto","image":{"@type":"ImageObject","inLanguage":"es","@id":"https:\/\/www.noticiasradioreflejos.com.ar\/2021\/#\/schema\/person\/image\/","url":"https:\/\/secure.gravatar.com\/avatar\/55cb5e37c1efa326397366e6974cb338056df65cb50e7d64d1cf314e87504837?s=96&d=mm&r=g","contentUrl":"https:\/\/secure.gravatar.com\/avatar\/55cb5e37c1efa326397366e6974cb338056df65cb50e7d64d1cf314e87504837?s=96&d=mm&r=g","caption":"Arnaldo Botto"},"url":"https:\/\/www.noticiasradioreflejos.com.ar\/2021\/author\/arnaldo\/"}]}},"_links":{"self":[{"href":"https:\/\/www.noticiasradioreflejos.com.ar\/2021\/wp-json\/wp\/v2\/posts\/51402","targetHints":{"allow":["GET"]}}],"collection":[{"href":"https:\/\/www.noticiasradioreflejos.com.ar\/2021\/wp-json\/wp\/v2\/posts"}],"about":[{"href":"https:\/\/www.noticiasradioreflejos.com.ar\/2021\/wp-json\/wp\/v2\/types\/post"}],"author":[{"embeddable":true,"href":"https:\/\/www.noticiasradioreflejos.com.ar\/2021\/wp-json\/wp\/v2\/users\/3"}],"replies":[{"embeddable":true,"href":"https:\/\/www.noticiasradioreflejos.com.ar\/2021\/wp-json\/wp\/v2\/comments?post=51402"}],"version-history":[{"count":0,"href":"https:\/\/www.noticiasradioreflejos.com.ar\/2021\/wp-json\/wp\/v2\/posts\/51402\/revisions"}],"wp:attachment":[{"href":"https:\/\/www.noticiasradioreflejos.com.ar\/2021\/wp-json\/wp\/v2\/media?parent=51402"}],"wp:term":[{"taxonomy":"category","embeddable":true,"href":"https:\/\/www.noticiasradioreflejos.com.ar\/2021\/wp-json\/wp\/v2\/categories?post=51402"},{"taxonomy":"post_tag","embeddable":true,"href":"https:\/\/www.noticiasradioreflejos.com.ar\/2021\/wp-json\/wp\/v2\/tags?post=51402"}],"curies":[{"name":"wp","href":"https:\/\/api.w.org\/{rel}","templated":true}]}}