{"id":51381,"date":"2021-01-18T08:22:58","date_gmt":"2021-01-18T11:22:58","guid":{"rendered":"http:\/\/www.noticiasradioreflejos.com.ar\/noticias\/?p=51381"},"modified":"2021-01-18T08:22:58","modified_gmt":"2021-01-18T11:22:58","slug":"informe-sesion-extraordinaria-del-dia-14-01-21","status":"publish","type":"post","link":"https:\/\/www.noticiasradioreflejos.com.ar\/2021\/informe-sesion-extraordinaria-del-dia-14-01-21\/","title":{"rendered":"Informe sesi\u00f3n extraordinaria del d\u00eda 14-01-21"},"content":{"rendered":"<p>El jueves 14 de enero los Ediles resolvieron autoconvocarse en Sesi\u00f3n Extraordinaria, seg\u00fan las facultades otorgadas por el Art\u00edculo 68\u00ba  inciso 5 de la Ley Org\u00e1nica de las Municipalidades para tratar los siguientes temas:<!--more--><\/p>\n<p>Expte. N\u00ba 151\/07: &#8211; O.P \u2013 Licitaci\u00f3n P\u00fablica N\u00ba 04\/07 \u2013 Prestaci\u00f3n del Servicio P\u00fablico de Pasajeros por automotor, de Jurisdicci\u00f3n Municipal.<br \/>\nSe aprueba por unanimidad la Ordenanza con el N\u00ba 3296\/21 por la que se autoriza la firma de la Pr\u00f3rroga del Plazo del Contrato de Concesi\u00f3n para la Prestaci\u00f3n del Servicio P\u00fablico de Pasajeros por Automotor de Jurisdicci\u00f3n Municipal tramo Saldungaray \u2013 Tornquist \u2013 Licitaci\u00f3n P\u00fablica N\u00ba 04\/07 celebrado entre el Sr. Alejandro Ceferino Aiello y el Sr. Intendente Municipal Sergio Fabi\u00e1n Bordoni en representaci\u00f3n de la Municipalidad de Tornquist.<br \/>\nLa Pr\u00f3rroga del Plazo del Contrato de Concesi\u00f3n se estipula por el lapso de tres (3) a\u00f1os contados a partir del 29 de Noviembre del 2020<\/p>\n<p>Expte. N\u00ba 240\/20: &#8211; D.E. &#8211; Convalida la Pr\u00f3rroga del Contrato de Locaci\u00f3n firmado e\/el Se\u00f1or Dar\u00edo Jorge Lourenco y el Municipio de Tornquist &#8211; Coop. Textil ATEX.<br \/>\nSe aprueba por unanimidad la Ordenanza con el N\u00ba 3297\/21 por la que se convalida la Pr\u00f3rroga del Contrato de Locaci\u00f3n firmado entre el Sr. Dar\u00edo Jorge LOURENCO y el Sr. Intendente Municipal Sergio Fabi\u00e1n Bordoni en representaci\u00f3n de la Municipalidad de Tornquist, por el inmueble sito en calle Av. Moreno N\u00ba 984, de la ciudad de Tornquist.<br \/>\nLa mencionada locaci\u00f3n consiste en un sal\u00f3n comercial para la ampliaci\u00f3n de la Cooperativa Textil ATEX, y se realiza por el t\u00e9rmino de un a\u00f1o, a trav\u00e9s de la inmobiliaria CAMPOS.<\/p>\n<p>HONORABLE CONCEJO DELIBERANTE<\/p>\n","protected":false},"excerpt":{"rendered":"<p>El jueves 14 de enero los Ediles resolvieron autoconvocarse en Sesi\u00f3n Extraordinaria, seg\u00fan las facultades otorgadas por el Art\u00edculo 68\u00ba inciso 5 de la Ley Org\u00e1nica de las Municipalidades para tratar los siguientes temas:<\/p>\n","protected":false},"author":3,"featured_media":0,"comment_status":"closed","ping_status":"open","sticky":false,"template":"","format":"standard","meta":{"footnotes":""},"categories":[28],"tags":[],"class_list":["post-51381","post","type-post","status-publish","format-standard","hentry","category-municipales"],"yoast_head":"<!-- This site is optimized with the Yoast SEO plugin v25.9 - https:\/\/yoast.com\/wordpress\/plugins\/seo\/ -->\n<title>Informe sesi\u00f3n extraordinaria del d\u00eda 14-01-21 - Noticias Radio Reflejos<\/title>\n<meta name=\"robots\" content=\"index, follow, max-snippet:-1, max-image-preview:large, max-video-preview:-1\" \/>\n<link rel=\"canonical\" href=\"https:\/\/www.noticiasradioreflejos.com.ar\/2021\/informe-sesion-extraordinaria-del-dia-14-01-21\/\" \/>\n<meta property=\"og:locale\" content=\"es_ES\" \/>\n<meta property=\"og:type\" content=\"article\" \/>\n<meta property=\"og:title\" content=\"Informe sesi\u00f3n extraordinaria del d\u00eda 14-01-21 - Noticias Radio Reflejos\" \/>\n<meta property=\"og:description\" content=\"El jueves 14 de enero los Ediles resolvieron autoconvocarse en Sesi\u00f3n Extraordinaria, seg\u00fan las facultades otorgadas por el Art\u00edculo 68\u00ba inciso 5 de la Ley Org\u00e1nica de las Municipalidades para tratar los siguientes temas:\" \/>\n<meta property=\"og:url\" content=\"https:\/\/www.noticiasradioreflejos.com.ar\/2021\/informe-sesion-extraordinaria-del-dia-14-01-21\/\" \/>\n<meta property=\"og:site_name\" content=\"Noticias Radio Reflejos\" \/>\n<meta property=\"article:published_time\" content=\"2021-01-18T11:22:58+00:00\" \/>\n<meta property=\"og:image\" content=\"https:\/\/www.noticiasradioreflejos.com.ar\/2021\/wp-content\/uploads\/2021\/07\/logosol300x200.png\" \/>\n\t<meta property=\"og:image:width\" content=\"300\" \/>\n\t<meta property=\"og:image:height\" content=\"200\" \/>\n\t<meta property=\"og:image:type\" content=\"image\/png\" \/>\n<meta name=\"author\" content=\"Arnaldo Botto\" \/>\n<meta name=\"twitter:card\" content=\"summary_large_image\" \/>\n<script type=\"application\/ld+json\" class=\"yoast-schema-graph\">{\"@context\":\"https:\/\/schema.org\",\"@graph\":[{\"@type\":\"WebPage\",\"@id\":\"https:\/\/www.noticiasradioreflejos.com.ar\/2021\/informe-sesion-extraordinaria-del-dia-14-01-21\/\",\"url\":\"https:\/\/www.noticiasradioreflejos.com.ar\/2021\/informe-sesion-extraordinaria-del-dia-14-01-21\/\",\"name\":\"Informe sesi\u00f3n extraordinaria del d\u00eda 14-01-21 - Noticias Radio Reflejos\",\"isPartOf\":{\"@id\":\"https:\/\/www.noticiasradioreflejos.com.ar\/2021\/#website\"},\"datePublished\":\"2021-01-18T11:22:58+00:00\",\"author\":{\"@id\":\"https:\/\/www.noticiasradioreflejos.com.ar\/2021\/#\/schema\/person\/ad82545263dcc5ec0996818884fd5fb1\"},\"breadcrumb\":{\"@id\":\"https:\/\/www.noticiasradioreflejos.com.ar\/2021\/informe-sesion-extraordinaria-del-dia-14-01-21\/#breadcrumb\"},\"inLanguage\":\"es\",\"potentialAction\":[{\"@type\":\"ReadAction\",\"target\":[\"https:\/\/www.noticiasradioreflejos.com.ar\/2021\/informe-sesion-extraordinaria-del-dia-14-01-21\/\"]}]},{\"@type\":\"BreadcrumbList\",\"@id\":\"https:\/\/www.noticiasradioreflejos.com.ar\/2021\/informe-sesion-extraordinaria-del-dia-14-01-21\/#breadcrumb\",\"itemListElement\":[{\"@type\":\"ListItem\",\"position\":1,\"name\":\"Portada\",\"item\":\"https:\/\/www.noticiasradioreflejos.com.ar\/2021\/\"},{\"@type\":\"ListItem\",\"position\":2,\"name\":\"Informe sesi\u00f3n extraordinaria del d\u00eda 14-01-21\"}]},{\"@type\":\"WebSite\",\"@id\":\"https:\/\/www.noticiasradioreflejos.com.ar\/2021\/#website\",\"url\":\"https:\/\/www.noticiasradioreflejos.com.ar\/2021\/\",\"name\":\"Noticias Radio Reflejos\",\"description\":\"Las noticias de mi comarca\",\"potentialAction\":[{\"@type\":\"SearchAction\",\"target\":{\"@type\":\"EntryPoint\",\"urlTemplate\":\"https:\/\/www.noticiasradioreflejos.com.ar\/2021\/?s={search_term_string}\"},\"query-input\":{\"@type\":\"PropertyValueSpecification\",\"valueRequired\":true,\"valueName\":\"search_term_string\"}}],\"inLanguage\":\"es\"},{\"@type\":\"Person\",\"@id\":\"https:\/\/www.noticiasradioreflejos.com.ar\/2021\/#\/schema\/person\/ad82545263dcc5ec0996818884fd5fb1\",\"name\":\"Arnaldo Botto\",\"image\":{\"@type\":\"ImageObject\",\"inLanguage\":\"es\",\"@id\":\"https:\/\/www.noticiasradioreflejos.com.ar\/2021\/#\/schema\/person\/image\/\",\"url\":\"https:\/\/secure.gravatar.com\/avatar\/55cb5e37c1efa326397366e6974cb338056df65cb50e7d64d1cf314e87504837?s=96&d=mm&r=g\",\"contentUrl\":\"https:\/\/secure.gravatar.com\/avatar\/55cb5e37c1efa326397366e6974cb338056df65cb50e7d64d1cf314e87504837?s=96&d=mm&r=g\",\"caption\":\"Arnaldo Botto\"},\"url\":\"https:\/\/www.noticiasradioreflejos.com.ar\/2021\/author\/arnaldo\/\"}]}<\/script>\n<!-- \/ Yoast SEO plugin. -->","yoast_head_json":{"title":"Informe sesi\u00f3n extraordinaria del d\u00eda 14-01-21 - Noticias Radio Reflejos","robots":{"index":"index","follow":"follow","max-snippet":"max-snippet:-1","max-image-preview":"max-image-preview:large","max-video-preview":"max-video-preview:-1"},"canonical":"https:\/\/www.noticiasradioreflejos.com.ar\/2021\/informe-sesion-extraordinaria-del-dia-14-01-21\/","og_locale":"es_ES","og_type":"article","og_title":"Informe sesi\u00f3n extraordinaria del d\u00eda 14-01-21 - Noticias Radio Reflejos","og_description":"El jueves 14 de enero los Ediles resolvieron autoconvocarse en Sesi\u00f3n Extraordinaria, seg\u00fan las facultades otorgadas por el Art\u00edculo 68\u00ba inciso 5 de la Ley Org\u00e1nica de las Municipalidades para tratar los siguientes temas:","og_url":"https:\/\/www.noticiasradioreflejos.com.ar\/2021\/informe-sesion-extraordinaria-del-dia-14-01-21\/","og_site_name":"Noticias Radio Reflejos","article_published_time":"2021-01-18T11:22:58+00:00","og_image":[{"width":300,"height":200,"url":"https:\/\/www.noticiasradioreflejos.com.ar\/2021\/wp-content\/uploads\/2021\/07\/logosol300x200.png","type":"image\/png"}],"author":"Arnaldo Botto","twitter_card":"summary_large_image","schema":{"@context":"https:\/\/schema.org","@graph":[{"@type":"WebPage","@id":"https:\/\/www.noticiasradioreflejos.com.ar\/2021\/informe-sesion-extraordinaria-del-dia-14-01-21\/","url":"https:\/\/www.noticiasradioreflejos.com.ar\/2021\/informe-sesion-extraordinaria-del-dia-14-01-21\/","name":"Informe sesi\u00f3n extraordinaria del d\u00eda 14-01-21 - Noticias Radio Reflejos","isPartOf":{"@id":"https:\/\/www.noticiasradioreflejos.com.ar\/2021\/#website"},"datePublished":"2021-01-18T11:22:58+00:00","author":{"@id":"https:\/\/www.noticiasradioreflejos.com.ar\/2021\/#\/schema\/person\/ad82545263dcc5ec0996818884fd5fb1"},"breadcrumb":{"@id":"https:\/\/www.noticiasradioreflejos.com.ar\/2021\/informe-sesion-extraordinaria-del-dia-14-01-21\/#breadcrumb"},"inLanguage":"es","potentialAction":[{"@type":"ReadAction","target":["https:\/\/www.noticiasradioreflejos.com.ar\/2021\/informe-sesion-extraordinaria-del-dia-14-01-21\/"]}]},{"@type":"BreadcrumbList","@id":"https:\/\/www.noticiasradioreflejos.com.ar\/2021\/informe-sesion-extraordinaria-del-dia-14-01-21\/#breadcrumb","itemListElement":[{"@type":"ListItem","position":1,"name":"Portada","item":"https:\/\/www.noticiasradioreflejos.com.ar\/2021\/"},{"@type":"ListItem","position":2,"name":"Informe sesi\u00f3n extraordinaria del d\u00eda 14-01-21"}]},{"@type":"WebSite","@id":"https:\/\/www.noticiasradioreflejos.com.ar\/2021\/#website","url":"https:\/\/www.noticiasradioreflejos.com.ar\/2021\/","name":"Noticias Radio Reflejos","description":"Las noticias de mi comarca","potentialAction":[{"@type":"SearchAction","target":{"@type":"EntryPoint","urlTemplate":"https:\/\/www.noticiasradioreflejos.com.ar\/2021\/?s={search_term_string}"},"query-input":{"@type":"PropertyValueSpecification","valueRequired":true,"valueName":"search_term_string"}}],"inLanguage":"es"},{"@type":"Person","@id":"https:\/\/www.noticiasradioreflejos.com.ar\/2021\/#\/schema\/person\/ad82545263dcc5ec0996818884fd5fb1","name":"Arnaldo Botto","image":{"@type":"ImageObject","inLanguage":"es","@id":"https:\/\/www.noticiasradioreflejos.com.ar\/2021\/#\/schema\/person\/image\/","url":"https:\/\/secure.gravatar.com\/avatar\/55cb5e37c1efa326397366e6974cb338056df65cb50e7d64d1cf314e87504837?s=96&d=mm&r=g","contentUrl":"https:\/\/secure.gravatar.com\/avatar\/55cb5e37c1efa326397366e6974cb338056df65cb50e7d64d1cf314e87504837?s=96&d=mm&r=g","caption":"Arnaldo Botto"},"url":"https:\/\/www.noticiasradioreflejos.com.ar\/2021\/author\/arnaldo\/"}]}},"_links":{"self":[{"href":"https:\/\/www.noticiasradioreflejos.com.ar\/2021\/wp-json\/wp\/v2\/posts\/51381","targetHints":{"allow":["GET"]}}],"collection":[{"href":"https:\/\/www.noticiasradioreflejos.com.ar\/2021\/wp-json\/wp\/v2\/posts"}],"about":[{"href":"https:\/\/www.noticiasradioreflejos.com.ar\/2021\/wp-json\/wp\/v2\/types\/post"}],"author":[{"embeddable":true,"href":"https:\/\/www.noticiasradioreflejos.com.ar\/2021\/wp-json\/wp\/v2\/users\/3"}],"replies":[{"embeddable":true,"href":"https:\/\/www.noticiasradioreflejos.com.ar\/2021\/wp-json\/wp\/v2\/comments?post=51381"}],"version-history":[{"count":0,"href":"https:\/\/www.noticiasradioreflejos.com.ar\/2021\/wp-json\/wp\/v2\/posts\/51381\/revisions"}],"wp:attachment":[{"href":"https:\/\/www.noticiasradioreflejos.com.ar\/2021\/wp-json\/wp\/v2\/media?parent=51381"}],"wp:term":[{"taxonomy":"category","embeddable":true,"href":"https:\/\/www.noticiasradioreflejos.com.ar\/2021\/wp-json\/wp\/v2\/categories?post=51381"},{"taxonomy":"post_tag","embeddable":true,"href":"https:\/\/www.noticiasradioreflejos.com.ar\/2021\/wp-json\/wp\/v2\/tags?post=51381"}],"curies":[{"name":"wp","href":"https:\/\/api.w.org\/{rel}","templated":true}]}}