{"id":51358,"date":"2021-01-16T19:09:03","date_gmt":"2021-01-16T22:09:03","guid":{"rendered":"http:\/\/www.noticiasradioreflejos.com.ar\/noticias\/?p=51358"},"modified":"2021-01-16T19:09:03","modified_gmt":"2021-01-16T22:09:03","slug":"axel-kicillof-llega-a-sierra-de-la-ventana-el-lunes-18-de-enero-y-se-reune-con-intendentes","status":"publish","type":"post","link":"https:\/\/www.noticiasradioreflejos.com.ar\/2021\/axel-kicillof-llega-a-sierra-de-la-ventana-el-lunes-18-de-enero-y-se-reune-con-intendentes\/","title":{"rendered":"Axel Kicillof llega a Sierra de la Ventana el lunes 18 de enero y se re\u00fane con intendentes."},"content":{"rendered":"<p>El Gobernador de Buenos Aires Axel Kicillof se reunir\u00e1 con intendentes de la regi\u00f3n para anunciar la segunda entrega del Fondo Especial para la Reactivaci\u00f3n del Turismo y la Cultura.<!--more--><\/p>\n<p>Este lunes 18 arribar\u00e1 a Sierra de la Ventana el Gobernador <strong>Axel Kiccillof<\/strong>, acompa\u00f1ado por integrantes de su gabinete junto al ministro de Producci\u00f3n, Ciencia e Innovaci\u00f3n Tecnol\u00f3gica, <strong>Augusto Costa<\/strong>. El primer mandatario estar\u00e1 acompa\u00f1ado por el Intendente municipal <strong>Sergio Bordoni<\/strong> y miembros de sus secretar\u00edas.<\/p>\n<p>Esta previsto que el evento se desarrolle en el <strong>Hotel Provincial de Sierra de la Ventana<\/strong> despu\u00e9s del mediod\u00eda.<\/p>\n<p>En el encuentro se brindar\u00e1n precisiones sobre la instrumentaci\u00f3n de la entrega del Fondo Especial destinado a la Reactivaci\u00f3n del Turismo y la Cultura que se distribuir\u00e1 para varios municipios.<\/p>\n<p>El Ministerio de Producci\u00f3n, Ciencia e Innovaci\u00f3n Tecnol\u00f3gica bonaerense lanz\u00f3 esta segunda etapa del \u201cFondo Especial Municipal para la Reactivaci\u00f3n Cultural y Tur\u00edstica\u00bb, que volver\u00e1 a brindar ayuda econ\u00f3mica a los municipios que se adhirieron para respaldar a los espacios culturales y tur\u00edsticos de sus jurisdicciones.<\/p>\n<p>El porcentaje del Fondo que se le asigna a cada municipio responde a la cantidad de establecimientos que se inscriban en el Cat\u00e1logo y ser\u00e1n los propios municipios los encargados de distribuirlo a consideraci\u00f3n propia entre los espacios de la cultura y el turismo de su jurisdicci\u00f3n.<\/p>\n<p>El Fondo Especial Municipal para la Reactivaci\u00f3n Cultural y Tur\u00edstica apunta a respaldar econ\u00f3micamente a establecimientos de la Cultura y el Turismo de la Provincia de Buenos Aires, que fueron dos de los sectores m\u00e1s afectados por la pandemia debido a las restricciones sanitarias que hubo durante el a\u00f1o para las actividades tur\u00edsticas, culturales con p\u00fablico o en espacios cerrados.<\/p>\n<p>En la primera instancia del Fondo, llevada adelante entre mayo y noviembre de este a\u00f1o, la Provincia distribuy\u00f3 300 millones de pesos entre 134 municipios y sum\u00f3 un total de 10.107 inscriptos en el Cat\u00e1logo, entre alojamientos, promotores, espacios de turismo natural o gastron\u00f3mico, bibliotecas, teatros, museos, centros culturales, espacios autogestivos, salas de cine, clubes y sociedades de fomento, entre otros establecimientos bonaerenses dedicados a la actividad cultural o tur\u00edstica.<\/p>\n","protected":false},"excerpt":{"rendered":"<p>El Gobernador de Buenos Aires Axel Kicillof se reunir\u00e1 con intendentes de la regi\u00f3n para anunciar la segunda entrega del Fondo Especial para la Reactivaci\u00f3n del Turismo y la Cultura.<\/p>\n","protected":false},"author":3,"featured_media":0,"comment_status":"closed","ping_status":"open","sticky":false,"template":"","format":"standard","meta":{"footnotes":""},"categories":[24],"tags":[],"class_list":["post-51358","post","type-post","status-publish","format-standard","hentry","category-politica"],"yoast_head":"<!-- This site is optimized with the Yoast SEO plugin v25.9 - https:\/\/yoast.com\/wordpress\/plugins\/seo\/ -->\n<title>Axel Kicillof llega a Sierra de la Ventana el lunes 18 de enero y se re\u00fane con intendentes. - Noticias Radio Reflejos<\/title>\n<meta name=\"robots\" content=\"index, follow, max-snippet:-1, max-image-preview:large, max-video-preview:-1\" \/>\n<link rel=\"canonical\" href=\"https:\/\/www.noticiasradioreflejos.com.ar\/2021\/axel-kicillof-llega-a-sierra-de-la-ventana-el-lunes-18-de-enero-y-se-reune-con-intendentes\/\" \/>\n<meta property=\"og:locale\" content=\"es_ES\" \/>\n<meta property=\"og:type\" content=\"article\" \/>\n<meta property=\"og:title\" content=\"Axel Kicillof llega a Sierra de la Ventana el lunes 18 de enero y se re\u00fane con intendentes. - Noticias Radio Reflejos\" \/>\n<meta property=\"og:description\" content=\"El Gobernador de Buenos Aires Axel Kicillof se reunir\u00e1 con intendentes de la regi\u00f3n para anunciar la segunda entrega del Fondo Especial para la Reactivaci\u00f3n del Turismo y la Cultura.\" \/>\n<meta property=\"og:url\" content=\"https:\/\/www.noticiasradioreflejos.com.ar\/2021\/axel-kicillof-llega-a-sierra-de-la-ventana-el-lunes-18-de-enero-y-se-reune-con-intendentes\/\" \/>\n<meta property=\"og:site_name\" content=\"Noticias Radio Reflejos\" \/>\n<meta property=\"article:published_time\" content=\"2021-01-16T22:09:03+00:00\" \/>\n<meta property=\"og:image\" content=\"https:\/\/www.noticiasradioreflejos.com.ar\/2021\/wp-content\/uploads\/2021\/07\/logosol300x200.png\" \/>\n\t<meta property=\"og:image:width\" content=\"300\" \/>\n\t<meta property=\"og:image:height\" content=\"200\" \/>\n\t<meta property=\"og:image:type\" content=\"image\/png\" \/>\n<meta name=\"author\" content=\"Arnaldo Botto\" \/>\n<meta name=\"twitter:card\" content=\"summary_large_image\" \/>\n<script type=\"application\/ld+json\" class=\"yoast-schema-graph\">{\"@context\":\"https:\/\/schema.org\",\"@graph\":[{\"@type\":\"WebPage\",\"@id\":\"https:\/\/www.noticiasradioreflejos.com.ar\/2021\/axel-kicillof-llega-a-sierra-de-la-ventana-el-lunes-18-de-enero-y-se-reune-con-intendentes\/\",\"url\":\"https:\/\/www.noticiasradioreflejos.com.ar\/2021\/axel-kicillof-llega-a-sierra-de-la-ventana-el-lunes-18-de-enero-y-se-reune-con-intendentes\/\",\"name\":\"Axel Kicillof llega a Sierra de la Ventana el lunes 18 de enero y se re\u00fane con intendentes. - Noticias Radio Reflejos\",\"isPartOf\":{\"@id\":\"https:\/\/www.noticiasradioreflejos.com.ar\/2021\/#website\"},\"datePublished\":\"2021-01-16T22:09:03+00:00\",\"author\":{\"@id\":\"https:\/\/www.noticiasradioreflejos.com.ar\/2021\/#\/schema\/person\/ad82545263dcc5ec0996818884fd5fb1\"},\"breadcrumb\":{\"@id\":\"https:\/\/www.noticiasradioreflejos.com.ar\/2021\/axel-kicillof-llega-a-sierra-de-la-ventana-el-lunes-18-de-enero-y-se-reune-con-intendentes\/#breadcrumb\"},\"inLanguage\":\"es\",\"potentialAction\":[{\"@type\":\"ReadAction\",\"target\":[\"https:\/\/www.noticiasradioreflejos.com.ar\/2021\/axel-kicillof-llega-a-sierra-de-la-ventana-el-lunes-18-de-enero-y-se-reune-con-intendentes\/\"]}]},{\"@type\":\"BreadcrumbList\",\"@id\":\"https:\/\/www.noticiasradioreflejos.com.ar\/2021\/axel-kicillof-llega-a-sierra-de-la-ventana-el-lunes-18-de-enero-y-se-reune-con-intendentes\/#breadcrumb\",\"itemListElement\":[{\"@type\":\"ListItem\",\"position\":1,\"name\":\"Portada\",\"item\":\"https:\/\/www.noticiasradioreflejos.com.ar\/2021\/\"},{\"@type\":\"ListItem\",\"position\":2,\"name\":\"Axel Kicillof llega a Sierra de la Ventana el lunes 18 de enero y se re\u00fane con intendentes.\"}]},{\"@type\":\"WebSite\",\"@id\":\"https:\/\/www.noticiasradioreflejos.com.ar\/2021\/#website\",\"url\":\"https:\/\/www.noticiasradioreflejos.com.ar\/2021\/\",\"name\":\"Noticias Radio Reflejos\",\"description\":\"Las noticias de mi comarca\",\"potentialAction\":[{\"@type\":\"SearchAction\",\"target\":{\"@type\":\"EntryPoint\",\"urlTemplate\":\"https:\/\/www.noticiasradioreflejos.com.ar\/2021\/?s={search_term_string}\"},\"query-input\":{\"@type\":\"PropertyValueSpecification\",\"valueRequired\":true,\"valueName\":\"search_term_string\"}}],\"inLanguage\":\"es\"},{\"@type\":\"Person\",\"@id\":\"https:\/\/www.noticiasradioreflejos.com.ar\/2021\/#\/schema\/person\/ad82545263dcc5ec0996818884fd5fb1\",\"name\":\"Arnaldo Botto\",\"image\":{\"@type\":\"ImageObject\",\"inLanguage\":\"es\",\"@id\":\"https:\/\/www.noticiasradioreflejos.com.ar\/2021\/#\/schema\/person\/image\/\",\"url\":\"https:\/\/secure.gravatar.com\/avatar\/55cb5e37c1efa326397366e6974cb338056df65cb50e7d64d1cf314e87504837?s=96&d=mm&r=g\",\"contentUrl\":\"https:\/\/secure.gravatar.com\/avatar\/55cb5e37c1efa326397366e6974cb338056df65cb50e7d64d1cf314e87504837?s=96&d=mm&r=g\",\"caption\":\"Arnaldo Botto\"},\"url\":\"https:\/\/www.noticiasradioreflejos.com.ar\/2021\/author\/arnaldo\/\"}]}<\/script>\n<!-- \/ Yoast SEO plugin. -->","yoast_head_json":{"title":"Axel Kicillof llega a Sierra de la Ventana el lunes 18 de enero y se re\u00fane con intendentes. - Noticias Radio Reflejos","robots":{"index":"index","follow":"follow","max-snippet":"max-snippet:-1","max-image-preview":"max-image-preview:large","max-video-preview":"max-video-preview:-1"},"canonical":"https:\/\/www.noticiasradioreflejos.com.ar\/2021\/axel-kicillof-llega-a-sierra-de-la-ventana-el-lunes-18-de-enero-y-se-reune-con-intendentes\/","og_locale":"es_ES","og_type":"article","og_title":"Axel Kicillof llega a Sierra de la Ventana el lunes 18 de enero y se re\u00fane con intendentes. - Noticias Radio Reflejos","og_description":"El Gobernador de Buenos Aires Axel Kicillof se reunir\u00e1 con intendentes de la regi\u00f3n para anunciar la segunda entrega del Fondo Especial para la Reactivaci\u00f3n del Turismo y la Cultura.","og_url":"https:\/\/www.noticiasradioreflejos.com.ar\/2021\/axel-kicillof-llega-a-sierra-de-la-ventana-el-lunes-18-de-enero-y-se-reune-con-intendentes\/","og_site_name":"Noticias Radio Reflejos","article_published_time":"2021-01-16T22:09:03+00:00","og_image":[{"width":300,"height":200,"url":"https:\/\/www.noticiasradioreflejos.com.ar\/2021\/wp-content\/uploads\/2021\/07\/logosol300x200.png","type":"image\/png"}],"author":"Arnaldo Botto","twitter_card":"summary_large_image","schema":{"@context":"https:\/\/schema.org","@graph":[{"@type":"WebPage","@id":"https:\/\/www.noticiasradioreflejos.com.ar\/2021\/axel-kicillof-llega-a-sierra-de-la-ventana-el-lunes-18-de-enero-y-se-reune-con-intendentes\/","url":"https:\/\/www.noticiasradioreflejos.com.ar\/2021\/axel-kicillof-llega-a-sierra-de-la-ventana-el-lunes-18-de-enero-y-se-reune-con-intendentes\/","name":"Axel Kicillof llega a Sierra de la Ventana el lunes 18 de enero y se re\u00fane con intendentes. - Noticias Radio Reflejos","isPartOf":{"@id":"https:\/\/www.noticiasradioreflejos.com.ar\/2021\/#website"},"datePublished":"2021-01-16T22:09:03+00:00","author":{"@id":"https:\/\/www.noticiasradioreflejos.com.ar\/2021\/#\/schema\/person\/ad82545263dcc5ec0996818884fd5fb1"},"breadcrumb":{"@id":"https:\/\/www.noticiasradioreflejos.com.ar\/2021\/axel-kicillof-llega-a-sierra-de-la-ventana-el-lunes-18-de-enero-y-se-reune-con-intendentes\/#breadcrumb"},"inLanguage":"es","potentialAction":[{"@type":"ReadAction","target":["https:\/\/www.noticiasradioreflejos.com.ar\/2021\/axel-kicillof-llega-a-sierra-de-la-ventana-el-lunes-18-de-enero-y-se-reune-con-intendentes\/"]}]},{"@type":"BreadcrumbList","@id":"https:\/\/www.noticiasradioreflejos.com.ar\/2021\/axel-kicillof-llega-a-sierra-de-la-ventana-el-lunes-18-de-enero-y-se-reune-con-intendentes\/#breadcrumb","itemListElement":[{"@type":"ListItem","position":1,"name":"Portada","item":"https:\/\/www.noticiasradioreflejos.com.ar\/2021\/"},{"@type":"ListItem","position":2,"name":"Axel Kicillof llega a Sierra de la Ventana el lunes 18 de enero y se re\u00fane con intendentes."}]},{"@type":"WebSite","@id":"https:\/\/www.noticiasradioreflejos.com.ar\/2021\/#website","url":"https:\/\/www.noticiasradioreflejos.com.ar\/2021\/","name":"Noticias Radio Reflejos","description":"Las noticias de mi comarca","potentialAction":[{"@type":"SearchAction","target":{"@type":"EntryPoint","urlTemplate":"https:\/\/www.noticiasradioreflejos.com.ar\/2021\/?s={search_term_string}"},"query-input":{"@type":"PropertyValueSpecification","valueRequired":true,"valueName":"search_term_string"}}],"inLanguage":"es"},{"@type":"Person","@id":"https:\/\/www.noticiasradioreflejos.com.ar\/2021\/#\/schema\/person\/ad82545263dcc5ec0996818884fd5fb1","name":"Arnaldo Botto","image":{"@type":"ImageObject","inLanguage":"es","@id":"https:\/\/www.noticiasradioreflejos.com.ar\/2021\/#\/schema\/person\/image\/","url":"https:\/\/secure.gravatar.com\/avatar\/55cb5e37c1efa326397366e6974cb338056df65cb50e7d64d1cf314e87504837?s=96&d=mm&r=g","contentUrl":"https:\/\/secure.gravatar.com\/avatar\/55cb5e37c1efa326397366e6974cb338056df65cb50e7d64d1cf314e87504837?s=96&d=mm&r=g","caption":"Arnaldo Botto"},"url":"https:\/\/www.noticiasradioreflejos.com.ar\/2021\/author\/arnaldo\/"}]}},"_links":{"self":[{"href":"https:\/\/www.noticiasradioreflejos.com.ar\/2021\/wp-json\/wp\/v2\/posts\/51358","targetHints":{"allow":["GET"]}}],"collection":[{"href":"https:\/\/www.noticiasradioreflejos.com.ar\/2021\/wp-json\/wp\/v2\/posts"}],"about":[{"href":"https:\/\/www.noticiasradioreflejos.com.ar\/2021\/wp-json\/wp\/v2\/types\/post"}],"author":[{"embeddable":true,"href":"https:\/\/www.noticiasradioreflejos.com.ar\/2021\/wp-json\/wp\/v2\/users\/3"}],"replies":[{"embeddable":true,"href":"https:\/\/www.noticiasradioreflejos.com.ar\/2021\/wp-json\/wp\/v2\/comments?post=51358"}],"version-history":[{"count":0,"href":"https:\/\/www.noticiasradioreflejos.com.ar\/2021\/wp-json\/wp\/v2\/posts\/51358\/revisions"}],"wp:attachment":[{"href":"https:\/\/www.noticiasradioreflejos.com.ar\/2021\/wp-json\/wp\/v2\/media?parent=51358"}],"wp:term":[{"taxonomy":"category","embeddable":true,"href":"https:\/\/www.noticiasradioreflejos.com.ar\/2021\/wp-json\/wp\/v2\/categories?post=51358"},{"taxonomy":"post_tag","embeddable":true,"href":"https:\/\/www.noticiasradioreflejos.com.ar\/2021\/wp-json\/wp\/v2\/tags?post=51358"}],"curies":[{"name":"wp","href":"https:\/\/api.w.org\/{rel}","templated":true}]}}