{"id":51347,"date":"2021-01-16T18:11:09","date_gmt":"2021-01-16T21:11:09","guid":{"rendered":"http:\/\/www.noticiasradioreflejos.com.ar\/noticias\/?p=51347"},"modified":"2021-01-16T18:11:09","modified_gmt":"2021-01-16T21:11:09","slug":"el-presidente-dijo-que-el-regreso-a-clases-es-prioritario-y-que-se-iniciaran-en-marzo","status":"publish","type":"post","link":"https:\/\/www.noticiasradioreflejos.com.ar\/2021\/el-presidente-dijo-que-el-regreso-a-clases-es-prioritario-y-que-se-iniciaran-en-marzo\/","title":{"rendered":"El Presidente dijo que el regreso a clases es \u00abprioritario\u00bb y que se iniciar\u00e1n en marzo"},"content":{"rendered":"<p>Alberto Fern\u00e1ndez sostuvo que pidi\u00f3 al ministro de Educaci\u00f3n, Nicol\u00e1s Trotta, que \u00abel plan de estudio sea revisado\u00bb, para que \u00aben el transcurso de este a\u00f1o se puedan recuperar los contenidos que durante 2020 pudieron haber quedado soslayados\u00bb.<!--more--><\/p>\n<div class=\"head-content\"><\/div>\n<div class=\"main-content-block\">\n<div class=\"main-box clearfix\">\n<div class=\"wrapper-main-section clearfix\">\n<div class=\"wrapper-editable-content\">\n<div class=\"editable-content clearfix\">\n<div id=\"image\" class=\"image\">\n<p><img decoding=\"async\" title=\"Alberto Fern\u00e1ndez dijo que el dictado de clases &quot;es prioritario este a\u00f1o&quot;.\" src=\"https:\/\/www.telam.com.ar\/advf\/imagenes\/2021\/01\/5ffed81a3c38b_1004x565.jpg\" alt=\"Alberto Fern\u00e1ndez dijo que el dictado de clases &quot;es prioritario este a\u00f1o&quot;.\" \/><\/p>\n<div class=\"epigrafe\">Alberto Fern\u00e1ndez dijo que el dictado de clases \u00abes prioritario este a\u00f1o\u00bb.<\/div>\n<\/div>\n<p>El presidente Alberto Fern\u00e1ndez dijo que el dictado de clases es \u00abprioritario\u00bb y asegur\u00f3 que \u00aben marzo\u00bb pr\u00f3ximo se iniciar\u00e1n las clases presenciales en las escuelas y ser\u00e1 con \u00ablos cuidados del caso\u00bb por la pandemia de coronavirus.<\/p>\n<p>\u00abNosotros hemos decidido que las clases vuelvan con los cuidados del caso, por eso estamos en condiciones de confirmar que en marzo las clases se iniciar\u00e1n\u00bb, afirm\u00f3 el jefe de Estado en una entrevista con el sitio Data Clave.<\/p>\n<p>En ese sentido, dijo que\u00a0<strong>\u00able he pedido al ministro que el plan de estudios sea revisado para que en el transcurso de este a\u00f1o se puedan recuperar los contenidos que durante 2020 pudieron haber quedado soslayados producto de las restricciones\u00bb<\/strong>.<\/p>\n<p>El Presidente se\u00f1al\u00f3 que est\u00e1n \u00abelaborando esa planificaci\u00f3n\u00bb, que presentar\u00e1n \u00aben los pr\u00f3ximos d\u00edas\u00bb.<\/p>\n<p>Asimismo, se\u00f1al\u00f3 que \u00abel dictado de clases es para mi un aspecto prioritario en este a\u00f1o\u00bb y argument\u00f3 que \u00abhay razones de desarrollo de los chicos que as\u00ed lo exigen, pero tambi\u00e9n hay razones de desarrollo social que lo hacen imperativo\u00bb.<\/p>\n<p>\u00abPerder un a\u00f1o de educaci\u00f3n y conocimiento es muy grave para cualquier sociedad\u00bb, destac\u00f3.<\/p>\n<blockquote><p>\u00abNosotros hemos decidido que las clases vuelvan con los cuidados del caso, por eso estamos en condiciones de confirmar que en marzo las clases se iniciar\u00e1n\u00bb<\/p>\n<div class=\"sign\">ALBERTO FERN\u00c1NDEZ<\/div>\n<\/blockquote>\n<p>El primer mandatario manifest\u00f3, por otra parte, que tiene previsto que los docentes \u00abreciban la vacuna junto al personal de seguridad, porque es esencial que ellos est\u00e9n protegidos de los contagios\u00bb.<\/p>\n<p>En ese sentido, Fern\u00e1ndez se\u00f1al\u00f3 que el objetivo \u00abes minimizar en ellos cualquier posibilidad de que contraigan la enfermedad y que puedan trabajar tranquilos y seguros\u00bb.<\/p>\n<div id=\"image\" class=\"image\">\n<p><img decoding=\"async\" title=\"El regreso a las aulas se producir\u00e1 &quot;en marzo&quot; con los respectivos cuidados debido a la pandemia de coronavirus.\" src=\"https:\/\/www.telam.com.ar\/advf\/imagenes\/2020\/12\/5fc658a69b92c_1004x565.jpg\" alt=\"El regreso a las aulas se producir\u00e1 &quot;en marzo&quot; con los respectivos cuidados debido a la pandemia de coronavirus.\" \/><\/p>\n<div class=\"epigrafe\">El regreso a las aulas se producir\u00e1 \u00aben marzo\u00bb con los respectivos cuidados debido a la pandemia de coronavirus.<\/div>\n<\/div>\n<p>\u00abEntiendo que a partir de esta cobertura de inmunizaci\u00f3n no deber\u00eda haber ninguna oposici\u00f3n por parte de ellos\u00bb, complet\u00f3 el Presidente en alusi\u00f3n a los condicionamientos manifestados por los gremios docentes para volver al dictado de clases presenciales.<\/p>\n<p>Consultado sobre el pedido realizado d\u00edas atr\u00e1s por el expresidente Mauricio Macri para la vuelta a clases presenciales en las escuelas, el Presidente dijo que \u00abel retorno a las aulas es una necesidad de toda la sociedad\u00bb y agreg\u00f3 que \u00abmuchos no lo entienden as\u00ed. Convierten el problema en un acto de oportunismo electoral que se traduce en un mero discurso\u00bb.<\/p>\n<p>\u00abPero en realidad cuando se refieren de este modo, nos hacen recordar que son los mismos que cuando gobiernan descreen de la educaci\u00f3n p\u00fablica, maltratan a los docentes y solo han demostrado su desprecio por la educaci\u00f3n reduciendo la inversi\u00f3n del Estado en esa \u00e1rea\u00bb, destac\u00f3 el Presidente.<\/p>\n<blockquote><p>\u00abPerder un a\u00f1o de educaci\u00f3n y conocimiento es muy grave para cualquier sociedad\u00bb<\/p>\n<div class=\"sign\">ALBERTO FERN\u00c1NDEZ<\/div>\n<\/blockquote>\n<p>Asimismo, sostuvo que \u00abpor eso debemos pensar en ello con los cuidados debidos para los alumnos y con las garant\u00edas sanitarias para los maestros y profesores\u00bb.<\/p>\n<p>El jueves \u00faltimo, Macri public\u00f3 una carta en su cuenta de la red social Facebook en la que pidi\u00f3 la apertura de las establecimientos educativos en el inicio del ciclo lectivo 2021, al fundamentar que \u00abdesde noviembre pasado la Organizaci\u00f3n Mundial de la Salud (OMS) defiende la necesidad de mantener las escuelas abiertas, porque se ha comprobado que los ni\u00f1os y adolescentes no son vectores principales de contagio\u00bb.<\/p>\n<p>\u00abVamos a perder el potencial de una generaci\u00f3n de j\u00f3venes si las aulas siguen vac\u00edas\u00bb, hab\u00eda manifestado Macri en la misiva, d\u00edas despu\u00e9s de que el Gobierno nacional, a trav\u00e9s del ministro de Educaci\u00f3n, Nicol\u00e1s Trotta, ratificara que el ciclo lectivo 2021 volver\u00e1 a la presencialidad.<\/p>\n<p>\u00abLa presencialidad debe volver a ser el ordenador de nuestro sistema educativo en 2021\u00bb, indic\u00f3 Trotta, y afirm\u00f3 que \u00abtoda la Argentina, con los cuidados necesarios y los protocolos adecuados, est\u00e1 preparada para el comienzo de clases presenciales\u00bb.<\/p>\n<\/div>\n<\/div>\n<\/div>\n<\/div>\n<\/div>\n","protected":false},"excerpt":{"rendered":"<p>Alberto Fern\u00e1ndez sostuvo que pidi\u00f3 al ministro de Educaci\u00f3n, Nicol\u00e1s Trotta, que \u00abel plan de estudio sea revisado\u00bb, para que \u00aben el transcurso de este a\u00f1o se puedan recuperar los contenidos que durante 2020 pudieron haber quedado soslayados\u00bb.<\/p>\n","protected":false},"author":3,"featured_media":0,"comment_status":"closed","ping_status":"open","sticky":false,"template":"","format":"standard","meta":{"footnotes":""},"categories":[34,24],"tags":[],"class_list":["post-51347","post","type-post","status-publish","format-standard","hentry","category-educacion","category-politica"],"yoast_head":"<!-- This site is optimized with the Yoast SEO plugin v25.9 - https:\/\/yoast.com\/wordpress\/plugins\/seo\/ -->\n<title>El Presidente dijo que el regreso a clases es &quot;prioritario&quot; y que se iniciar\u00e1n en marzo - Noticias Radio Reflejos<\/title>\n<meta name=\"robots\" content=\"index, follow, max-snippet:-1, max-image-preview:large, max-video-preview:-1\" \/>\n<link rel=\"canonical\" href=\"https:\/\/www.noticiasradioreflejos.com.ar\/2021\/el-presidente-dijo-que-el-regreso-a-clases-es-prioritario-y-que-se-iniciaran-en-marzo\/\" \/>\n<meta property=\"og:locale\" content=\"es_ES\" \/>\n<meta property=\"og:type\" content=\"article\" \/>\n<meta property=\"og:title\" content=\"El Presidente dijo que el regreso a clases es &quot;prioritario&quot; y que se iniciar\u00e1n en marzo - Noticias Radio Reflejos\" \/>\n<meta property=\"og:description\" content=\"Alberto Fern\u00e1ndez sostuvo que pidi\u00f3 al ministro de Educaci\u00f3n, Nicol\u00e1s Trotta, que \u00abel plan de estudio sea revisado\u00bb, para que \u00aben el transcurso de este a\u00f1o se puedan recuperar los contenidos que durante 2020 pudieron haber quedado soslayados\u00bb.\" \/>\n<meta property=\"og:url\" content=\"https:\/\/www.noticiasradioreflejos.com.ar\/2021\/el-presidente-dijo-que-el-regreso-a-clases-es-prioritario-y-que-se-iniciaran-en-marzo\/\" \/>\n<meta property=\"og:site_name\" content=\"Noticias Radio Reflejos\" \/>\n<meta property=\"article:published_time\" content=\"2021-01-16T21:11:09+00:00\" \/>\n<meta property=\"og:image\" content=\"https:\/\/www.telam.com.ar\/advf\/imagenes\/2021\/01\/5ffed81a3c38b_1004x565.jpg\" \/>\n<meta name=\"author\" content=\"Arnaldo Botto\" \/>\n<meta name=\"twitter:card\" content=\"summary_large_image\" \/>\n<script type=\"application\/ld+json\" class=\"yoast-schema-graph\">{\"@context\":\"https:\/\/schema.org\",\"@graph\":[{\"@type\":\"WebPage\",\"@id\":\"https:\/\/www.noticiasradioreflejos.com.ar\/2021\/el-presidente-dijo-que-el-regreso-a-clases-es-prioritario-y-que-se-iniciaran-en-marzo\/\",\"url\":\"https:\/\/www.noticiasradioreflejos.com.ar\/2021\/el-presidente-dijo-que-el-regreso-a-clases-es-prioritario-y-que-se-iniciaran-en-marzo\/\",\"name\":\"El Presidente dijo que el regreso a clases es \\\"prioritario\\\" y que se iniciar\u00e1n en marzo - Noticias Radio Reflejos\",\"isPartOf\":{\"@id\":\"https:\/\/www.noticiasradioreflejos.com.ar\/2021\/#website\"},\"primaryImageOfPage\":{\"@id\":\"https:\/\/www.noticiasradioreflejos.com.ar\/2021\/el-presidente-dijo-que-el-regreso-a-clases-es-prioritario-y-que-se-iniciaran-en-marzo\/#primaryimage\"},\"image\":{\"@id\":\"https:\/\/www.noticiasradioreflejos.com.ar\/2021\/el-presidente-dijo-que-el-regreso-a-clases-es-prioritario-y-que-se-iniciaran-en-marzo\/#primaryimage\"},\"thumbnailUrl\":\"https:\/\/www.telam.com.ar\/advf\/imagenes\/2021\/01\/5ffed81a3c38b_1004x565.jpg\",\"datePublished\":\"2021-01-16T21:11:09+00:00\",\"author\":{\"@id\":\"https:\/\/www.noticiasradioreflejos.com.ar\/2021\/#\/schema\/person\/ad82545263dcc5ec0996818884fd5fb1\"},\"breadcrumb\":{\"@id\":\"https:\/\/www.noticiasradioreflejos.com.ar\/2021\/el-presidente-dijo-que-el-regreso-a-clases-es-prioritario-y-que-se-iniciaran-en-marzo\/#breadcrumb\"},\"inLanguage\":\"es\",\"potentialAction\":[{\"@type\":\"ReadAction\",\"target\":[\"https:\/\/www.noticiasradioreflejos.com.ar\/2021\/el-presidente-dijo-que-el-regreso-a-clases-es-prioritario-y-que-se-iniciaran-en-marzo\/\"]}]},{\"@type\":\"ImageObject\",\"inLanguage\":\"es\",\"@id\":\"https:\/\/www.noticiasradioreflejos.com.ar\/2021\/el-presidente-dijo-que-el-regreso-a-clases-es-prioritario-y-que-se-iniciaran-en-marzo\/#primaryimage\",\"url\":\"https:\/\/www.telam.com.ar\/advf\/imagenes\/2021\/01\/5ffed81a3c38b_1004x565.jpg\",\"contentUrl\":\"https:\/\/www.telam.com.ar\/advf\/imagenes\/2021\/01\/5ffed81a3c38b_1004x565.jpg\"},{\"@type\":\"BreadcrumbList\",\"@id\":\"https:\/\/www.noticiasradioreflejos.com.ar\/2021\/el-presidente-dijo-que-el-regreso-a-clases-es-prioritario-y-que-se-iniciaran-en-marzo\/#breadcrumb\",\"itemListElement\":[{\"@type\":\"ListItem\",\"position\":1,\"name\":\"Portada\",\"item\":\"https:\/\/www.noticiasradioreflejos.com.ar\/2021\/\"},{\"@type\":\"ListItem\",\"position\":2,\"name\":\"El Presidente dijo que el regreso a clases es \u00abprioritario\u00bb y que se iniciar\u00e1n en marzo\"}]},{\"@type\":\"WebSite\",\"@id\":\"https:\/\/www.noticiasradioreflejos.com.ar\/2021\/#website\",\"url\":\"https:\/\/www.noticiasradioreflejos.com.ar\/2021\/\",\"name\":\"Noticias Radio Reflejos\",\"description\":\"Las noticias de mi comarca\",\"potentialAction\":[{\"@type\":\"SearchAction\",\"target\":{\"@type\":\"EntryPoint\",\"urlTemplate\":\"https:\/\/www.noticiasradioreflejos.com.ar\/2021\/?s={search_term_string}\"},\"query-input\":{\"@type\":\"PropertyValueSpecification\",\"valueRequired\":true,\"valueName\":\"search_term_string\"}}],\"inLanguage\":\"es\"},{\"@type\":\"Person\",\"@id\":\"https:\/\/www.noticiasradioreflejos.com.ar\/2021\/#\/schema\/person\/ad82545263dcc5ec0996818884fd5fb1\",\"name\":\"Arnaldo Botto\",\"image\":{\"@type\":\"ImageObject\",\"inLanguage\":\"es\",\"@id\":\"https:\/\/www.noticiasradioreflejos.com.ar\/2021\/#\/schema\/person\/image\/\",\"url\":\"https:\/\/secure.gravatar.com\/avatar\/55cb5e37c1efa326397366e6974cb338056df65cb50e7d64d1cf314e87504837?s=96&d=mm&r=g\",\"contentUrl\":\"https:\/\/secure.gravatar.com\/avatar\/55cb5e37c1efa326397366e6974cb338056df65cb50e7d64d1cf314e87504837?s=96&d=mm&r=g\",\"caption\":\"Arnaldo Botto\"},\"url\":\"https:\/\/www.noticiasradioreflejos.com.ar\/2021\/author\/arnaldo\/\"}]}<\/script>\n<!-- \/ Yoast SEO plugin. -->","yoast_head_json":{"title":"El Presidente dijo que el regreso a clases es \"prioritario\" y que se iniciar\u00e1n en marzo - Noticias Radio Reflejos","robots":{"index":"index","follow":"follow","max-snippet":"max-snippet:-1","max-image-preview":"max-image-preview:large","max-video-preview":"max-video-preview:-1"},"canonical":"https:\/\/www.noticiasradioreflejos.com.ar\/2021\/el-presidente-dijo-que-el-regreso-a-clases-es-prioritario-y-que-se-iniciaran-en-marzo\/","og_locale":"es_ES","og_type":"article","og_title":"El Presidente dijo que el regreso a clases es \"prioritario\" y que se iniciar\u00e1n en marzo - Noticias Radio Reflejos","og_description":"Alberto Fern\u00e1ndez sostuvo que pidi\u00f3 al ministro de Educaci\u00f3n, Nicol\u00e1s Trotta, que \u00abel plan de estudio sea revisado\u00bb, para que \u00aben el transcurso de este a\u00f1o se puedan recuperar los contenidos que durante 2020 pudieron haber quedado soslayados\u00bb.","og_url":"https:\/\/www.noticiasradioreflejos.com.ar\/2021\/el-presidente-dijo-que-el-regreso-a-clases-es-prioritario-y-que-se-iniciaran-en-marzo\/","og_site_name":"Noticias Radio Reflejos","article_published_time":"2021-01-16T21:11:09+00:00","og_image":[{"url":"https:\/\/www.telam.com.ar\/advf\/imagenes\/2021\/01\/5ffed81a3c38b_1004x565.jpg","type":"","width":"","height":""}],"author":"Arnaldo Botto","twitter_card":"summary_large_image","schema":{"@context":"https:\/\/schema.org","@graph":[{"@type":"WebPage","@id":"https:\/\/www.noticiasradioreflejos.com.ar\/2021\/el-presidente-dijo-que-el-regreso-a-clases-es-prioritario-y-que-se-iniciaran-en-marzo\/","url":"https:\/\/www.noticiasradioreflejos.com.ar\/2021\/el-presidente-dijo-que-el-regreso-a-clases-es-prioritario-y-que-se-iniciaran-en-marzo\/","name":"El Presidente dijo que el regreso a clases es \"prioritario\" y que se iniciar\u00e1n en marzo - Noticias Radio Reflejos","isPartOf":{"@id":"https:\/\/www.noticiasradioreflejos.com.ar\/2021\/#website"},"primaryImageOfPage":{"@id":"https:\/\/www.noticiasradioreflejos.com.ar\/2021\/el-presidente-dijo-que-el-regreso-a-clases-es-prioritario-y-que-se-iniciaran-en-marzo\/#primaryimage"},"image":{"@id":"https:\/\/www.noticiasradioreflejos.com.ar\/2021\/el-presidente-dijo-que-el-regreso-a-clases-es-prioritario-y-que-se-iniciaran-en-marzo\/#primaryimage"},"thumbnailUrl":"https:\/\/www.telam.com.ar\/advf\/imagenes\/2021\/01\/5ffed81a3c38b_1004x565.jpg","datePublished":"2021-01-16T21:11:09+00:00","author":{"@id":"https:\/\/www.noticiasradioreflejos.com.ar\/2021\/#\/schema\/person\/ad82545263dcc5ec0996818884fd5fb1"},"breadcrumb":{"@id":"https:\/\/www.noticiasradioreflejos.com.ar\/2021\/el-presidente-dijo-que-el-regreso-a-clases-es-prioritario-y-que-se-iniciaran-en-marzo\/#breadcrumb"},"inLanguage":"es","potentialAction":[{"@type":"ReadAction","target":["https:\/\/www.noticiasradioreflejos.com.ar\/2021\/el-presidente-dijo-que-el-regreso-a-clases-es-prioritario-y-que-se-iniciaran-en-marzo\/"]}]},{"@type":"ImageObject","inLanguage":"es","@id":"https:\/\/www.noticiasradioreflejos.com.ar\/2021\/el-presidente-dijo-que-el-regreso-a-clases-es-prioritario-y-que-se-iniciaran-en-marzo\/#primaryimage","url":"https:\/\/www.telam.com.ar\/advf\/imagenes\/2021\/01\/5ffed81a3c38b_1004x565.jpg","contentUrl":"https:\/\/www.telam.com.ar\/advf\/imagenes\/2021\/01\/5ffed81a3c38b_1004x565.jpg"},{"@type":"BreadcrumbList","@id":"https:\/\/www.noticiasradioreflejos.com.ar\/2021\/el-presidente-dijo-que-el-regreso-a-clases-es-prioritario-y-que-se-iniciaran-en-marzo\/#breadcrumb","itemListElement":[{"@type":"ListItem","position":1,"name":"Portada","item":"https:\/\/www.noticiasradioreflejos.com.ar\/2021\/"},{"@type":"ListItem","position":2,"name":"El Presidente dijo que el regreso a clases es \u00abprioritario\u00bb y que se iniciar\u00e1n en marzo"}]},{"@type":"WebSite","@id":"https:\/\/www.noticiasradioreflejos.com.ar\/2021\/#website","url":"https:\/\/www.noticiasradioreflejos.com.ar\/2021\/","name":"Noticias Radio Reflejos","description":"Las noticias de mi comarca","potentialAction":[{"@type":"SearchAction","target":{"@type":"EntryPoint","urlTemplate":"https:\/\/www.noticiasradioreflejos.com.ar\/2021\/?s={search_term_string}"},"query-input":{"@type":"PropertyValueSpecification","valueRequired":true,"valueName":"search_term_string"}}],"inLanguage":"es"},{"@type":"Person","@id":"https:\/\/www.noticiasradioreflejos.com.ar\/2021\/#\/schema\/person\/ad82545263dcc5ec0996818884fd5fb1","name":"Arnaldo Botto","image":{"@type":"ImageObject","inLanguage":"es","@id":"https:\/\/www.noticiasradioreflejos.com.ar\/2021\/#\/schema\/person\/image\/","url":"https:\/\/secure.gravatar.com\/avatar\/55cb5e37c1efa326397366e6974cb338056df65cb50e7d64d1cf314e87504837?s=96&d=mm&r=g","contentUrl":"https:\/\/secure.gravatar.com\/avatar\/55cb5e37c1efa326397366e6974cb338056df65cb50e7d64d1cf314e87504837?s=96&d=mm&r=g","caption":"Arnaldo Botto"},"url":"https:\/\/www.noticiasradioreflejos.com.ar\/2021\/author\/arnaldo\/"}]}},"_links":{"self":[{"href":"https:\/\/www.noticiasradioreflejos.com.ar\/2021\/wp-json\/wp\/v2\/posts\/51347","targetHints":{"allow":["GET"]}}],"collection":[{"href":"https:\/\/www.noticiasradioreflejos.com.ar\/2021\/wp-json\/wp\/v2\/posts"}],"about":[{"href":"https:\/\/www.noticiasradioreflejos.com.ar\/2021\/wp-json\/wp\/v2\/types\/post"}],"author":[{"embeddable":true,"href":"https:\/\/www.noticiasradioreflejos.com.ar\/2021\/wp-json\/wp\/v2\/users\/3"}],"replies":[{"embeddable":true,"href":"https:\/\/www.noticiasradioreflejos.com.ar\/2021\/wp-json\/wp\/v2\/comments?post=51347"}],"version-history":[{"count":0,"href":"https:\/\/www.noticiasradioreflejos.com.ar\/2021\/wp-json\/wp\/v2\/posts\/51347\/revisions"}],"wp:attachment":[{"href":"https:\/\/www.noticiasradioreflejos.com.ar\/2021\/wp-json\/wp\/v2\/media?parent=51347"}],"wp:term":[{"taxonomy":"category","embeddable":true,"href":"https:\/\/www.noticiasradioreflejos.com.ar\/2021\/wp-json\/wp\/v2\/categories?post=51347"},{"taxonomy":"post_tag","embeddable":true,"href":"https:\/\/www.noticiasradioreflejos.com.ar\/2021\/wp-json\/wp\/v2\/tags?post=51347"}],"curies":[{"name":"wp","href":"https:\/\/api.w.org\/{rel}","templated":true}]}}