{"id":51341,"date":"2021-01-16T17:57:48","date_gmt":"2021-01-16T20:57:48","guid":{"rendered":"http:\/\/www.noticiasradioreflejos.com.ar\/noticias\/?p=51341"},"modified":"2021-01-16T17:57:48","modified_gmt":"2021-01-16T20:57:48","slug":"llegaron-al-pais-en-vuelo-de-aerolineas-las-300-mil-unidades-de-la-segunda-dosis-de-la-vacuna-rusa","status":"publish","type":"post","link":"https:\/\/www.noticiasradioreflejos.com.ar\/2021\/llegaron-al-pais-en-vuelo-de-aerolineas-las-300-mil-unidades-de-la-segunda-dosis-de-la-vacuna-rusa\/","title":{"rendered":"Llegaron al pa\u00eds en vuelo de Aerol\u00edneas las 300 mil unidades de la segunda dosis de la vacuna rusa"},"content":{"rendered":"<p>Las 300 mil unidades de la segunda dosis de la vacuna Sputnik V llegaron hoy al pa\u00eds en un vuelo de Aerol\u00edneas Argentinas, que arrib\u00f3 al aeropuerto Internacional de Ezeiza poco antes de las 11, luego de m\u00e1s de 16 horas y media de vuelo desde la Federaci\u00f3n Rusa.<!--more--><\/p>\n<p><a title=\"6002f44c29fdb_1004x565\" href=\"http:\/\/live.staticflickr.com\/65535\/50842544812_ccf2eb269c_s.jpg\" rel=\"\"><img loading=\"lazy\" decoding=\"async\" class=\"aligncenter\" title=\"6002f44c29fdb_1004x565\" src=\"http:\/\/live.staticflickr.com\/65535\/50842544812_ccf2eb269c_c.jpg\" alt=\"6002f44c29fdb_1004x565\" width=\"800\" height=\"450\" \/><\/a><br \/>\nEl vuelo AR1601 de la compa\u00f1\u00eda de bandera toc\u00f3 pista en el Ministro Pistarini a las 10.48, una hora antes de lo previsto, procedente de la estaci\u00f3n a\u00e9rea internacional Sherem\u00e9tievo, de Mosc\u00fa, tras completar una traves\u00eda de exactamente 16 horas y 40 minutos.<\/p>\n<p>Una comitiva integrada por el presidente de Aerol\u00edneas Argentinas, Pablo Ceriani; el secretario de Calidad en Salud del Ministerio de Salud de la Naci\u00f3n, Arnaldo Medina, y<\/p>\n<p>la presidenta de Correo Argentino, Vanesa Piesciorovski, entre otras autoridades, recibi\u00f3 al Airbus 330-200, matr\u00edcula LV-GHQ, que se ubic\u00f3 en la posici\u00f3n 18 de la pista de la estaci\u00f3n a\u00e9rea, donde ya se encontraban dispuestos los camiones refrigerados de Correo Argentino y Andreani, que se encargan de transportar la carga hacia los centros de distribuci\u00f3n.<\/p>\n<p>En contacto con los medios de prensa que cubr\u00edan la llegada del avi\u00f3n, Ceriani resalt\u00f3 que \u00abla operaci\u00f3n fue un \u00e9xito, todo sali\u00f3 de acuerdo a lo estipulado\u00bb y aclar\u00f3 que \u00abfue similar a la que realizamos la vez pasada\u00bb en relaci\u00f3n al vuelo que trajo el 24 de diciembre las primeras dosis desde Rusia.<\/p>\n<p><a title=\"60030a91096de_1004x565\" href=\"http:\/\/live.staticflickr.com\/65535\/50842544467_e466e8a396_s.jpg\" rel=\"\"><img loading=\"lazy\" decoding=\"async\" class=\"aligncenter\" title=\"60030a91096de_1004x565\" src=\"http:\/\/live.staticflickr.com\/65535\/50842544467_e466e8a396_c.jpg\" alt=\"60030a91096de_1004x565\" width=\"800\" height=\"450\" \/><\/a><\/p>\n<p>\u00abVamos ganando experiencia, vamos haciendo este trabajo en estrecha colaboraci\u00f3n con otras \u00e1reas del Estado, con el Ministerio de Salud, as\u00ed que estamos muy agradecidos por habernos elegidos, en particular al presidente Alberto Fern\u00e1ndez por designar a Aerol\u00edneas Argentinas para este operativo\u00bb, se\u00f1al\u00f3 el titular de esta empresa estatal.<\/p>\n<p>Ceriani a\u00f1adi\u00f3 que trabajaban \u00abfuertemente, aprendiendo d\u00eda a d\u00eda como hacer estas operaciones log\u00edsticas, en esta en particular anduvo todo bien, el clima, la meteorolog\u00eda, todo estuvo en orden\u00bb.<\/p>\n<p>Respecto al vuelo en s\u00ed, sostuvo que \u00abfue similar al anterior, directo a Mosc\u00fa, donde trajimos la misma cantidad de vacunas, con la diferencia que en esta ocasi\u00f3n se trata de la segunda dosis\u00bb.<\/p>\n<p>Explic\u00f3, adem\u00e1s, que la carga de vacunas \u00abse conserv\u00f3 en thermobox, armados en Rusia a menos de 18 grados y con 60 horas de autonom\u00eda, lo que da un amplio margen para el traslado al dep\u00f3sito desde donde ser\u00e1n distribuidas en todo el pa\u00eds\u00bb.<br \/>\n<a title=\"60030a911d10e_1004x565\" href=\"http:\/\/live.staticflickr.com\/65535\/50842544542_0b8b27b51e_s.jpg\" rel=\"\"><img loading=\"lazy\" decoding=\"async\" class=\"aligncenter\" title=\"60030a911d10e_1004x565\" src=\"http:\/\/live.staticflickr.com\/65535\/50842544542_0b8b27b51e_c.jpg\" alt=\"60030a911d10e_1004x565\" width=\"800\" height=\"450\" \/><\/a><\/p>\n<p>En relaci\u00f3n a operaciones futuras, se excus\u00f3 de dar mayores detalles al indicar que \u00abse est\u00e1 trabajando d\u00eda a d\u00eda para los pr\u00f3ximos vuelos e iremos dando informaci\u00f3n a medida que se vayan confirmando\u00bb y destac\u00f3 que \u00abpara la carga de nuevas vacunas es un trabajo que tenemos que hacer con el fabricante y con el operador log\u00edstico para ajustarnos a la entrega que hay y se trabaja avi\u00f3n por avi\u00f3n\u00bb.<\/p>\n<p>A su vez Piesciorovski indic\u00f3 que la empresa de transportes Andreani \u00abseguir\u00e1 armando las conservadoras, porque tienen m\u00e1s experiencia\u00bb en el tema y el Correo Argentino \u00abdistribuir\u00e1\u00bb las vacunas.<\/p>\n<p>\u00abSomos el correo de bandera y a los argentinos les llegar\u00e1 la vacuna de parte de Correo Argentino\u00bb, se\u00f1al\u00f3 la presidenta de la empresa y agreg\u00f3 que \u00abpara las primeras 300.000 dosis Andreani don\u00f3 el servicio y lo agradecemos, pero somos el Estado y a todos lados tenemos que llegar nosotros\u00bb.<\/p>\n<p>Piesciorovski inform\u00f3 que \u00abma\u00f1ana se estar\u00e1n retirando las conservadoras y entre el domingo a la noche y hasta el martes a primera hora se estar\u00e1n repartiendo las dosis\u00bb.<\/p>\n<p>Aerol\u00edneas Argentinas concret\u00f3 as\u00ed el segundo viaje que realiza a Mosc\u00fa para transportar vacunas, ya que el primero, que trajo la primera partida, lleg\u00f3 a la Argentina el 24 de diciembre con las primeras 300.000 dosis que ya est\u00e1n siendo aplicadas en todo el pa\u00eds.<\/p>\n<p>La aeronave hab\u00eda partido de Buenos Aires el jueves \u00faltimo a las 21.14 y tras 15 horas y 25 minutos de viaje, aterriz\u00f3 en Mosc\u00fa el viernes a las 18.23, hora local, 12.23 de nuestro pa\u00eds.<\/p>\n<p>El proceso de carga en el aeropuerto Sherem\u00e9tievo llev\u00f3 poco m\u00e1s de cinco horas, con una temperatura ambiente de 20 grados bajo cero, pero sin que se registraran nevadas durante ese lapso, lo que facilito el procedimiento.<\/p>\n<p>Finalizado el tr\u00e1mite de carga, el avi\u00f3n despeg\u00f3 a las 0.20 hora rusa (las 18.20 de Argentina) y tras dejar el espacio a\u00e9reo ruso, sobrevol\u00f3 Bielorrusia, Lituania, Polonia, Alemania, Francia, el norte de Espa\u00f1a y Portugal, cruz\u00f3 el Oc\u00e9ano Atl\u00e1ntico, pas\u00f3 por Fortaleza (Brasil) y Uruguay hasta arribar a Ezeiza.<\/p>\n<p>La traves\u00eda estuvo a cargo de 10 tripulantes, entre pilotos y copilotos, que se fueron alternando al comando de la aeronave en forma simult\u00e1nea, a los que se sumaron despachantes, t\u00e9cnicos y personal de carga, para llegar al total de 20 personas a bordo.<\/p>\n<p>Los comandantes Pedro Parrado y Juan Manuel Chayep expresaron a T\u00e9lam su \u00aborgullo\u00bb por haber formado parte de esta operaci\u00f3n y su \u00absatisfacci\u00f3n\u00bb por haberla concretado sin ning\u00fan tipo de inconveniente.<\/p>\n<p>\u00abFuimos cuatro comandantes y cinco copilotos los que nos alternamos para estar a cargo de la aeronave y descansar cuando era necesario. Para todos fue un viaje sin dificultades y lo hicimos con la alegr\u00eda de saber que el esfuerzo vale la pena\u00bb, destac\u00f3 Parrado.<\/p>\n<p>La carga de la vacuna Sputnik V, con un peso de ocho toneladas, fue transportada en la bodega del Airbus, embalada en contenedores denominados thermobox fabricados por la empresa DHL, que mantienen la refrigeraci\u00f3n durante el tiempo suficiente para completar el vuelo sin escalas entre Mosc\u00fa y Buenos Aires, as\u00ed como tambi\u00e9n en la descarga y primera etapa de distribuci\u00f3n.<\/p>\n<p><a title=\"60030bca2000e_1004x565\" href=\"http:\/\/live.staticflickr.com\/65535\/50842544707_79de64d0dd_s.jpg\" rel=\"\"><img loading=\"lazy\" decoding=\"async\" class=\"aligncenter\" title=\"60030bca2000e_1004x565\" src=\"http:\/\/live.staticflickr.com\/65535\/50842544707_79de64d0dd_c.jpg\" alt=\"60030bca2000e_1004x565\" width=\"800\" height=\"450\" \/><\/a><\/p>\n<p>Ni bien el avi\u00f3n estuvo en tierra, se procedi\u00f3 con rapidez a la descarga de cada uno de los pallets, que fueron ubicados en los camiones frigor\u00edfico que aguardaban a un costado de la pista, para luego, en caravana y escoltados por la Polic\u00eda Federal, se dirigieron hacia los centros de distribuci\u00f3n.<\/p>\n<p>En esta primera instancia de la campa\u00f1a de vacunaci\u00f3n, la poblaci\u00f3n objetivo es el personal de salud entre 18 y 59 a\u00f1os que se desempe\u00f1a en unidades de terapia intensiva y en laboratorios de microbiolog\u00eda de instituciones ubicadas en los grandes aglomerados urbanos.<\/p>\n","protected":false},"excerpt":{"rendered":"<p>Las 300 mil unidades de la segunda dosis de la vacuna Sputnik V llegaron hoy al pa\u00eds en un vuelo de Aerol\u00edneas Argentinas, que arrib\u00f3 al aeropuerto Internacional de Ezeiza poco antes de las 11, luego de m\u00e1s de 16 horas y media de vuelo desde la Federaci\u00f3n Rusa.<\/p>\n","protected":false},"author":3,"featured_media":0,"comment_status":"closed","ping_status":"open","sticky":false,"template":"","format":"standard","meta":{"footnotes":""},"categories":[24,30],"tags":[],"class_list":["post-51341","post","type-post","status-publish","format-standard","hentry","category-politica","category-salud"],"yoast_head":"<!-- This site is optimized with the Yoast SEO plugin v25.9 - https:\/\/yoast.com\/wordpress\/plugins\/seo\/ -->\n<title>Llegaron al pa\u00eds en vuelo de Aerol\u00edneas las 300 mil unidades de la segunda dosis de la vacuna rusa - Noticias Radio Reflejos<\/title>\n<meta name=\"robots\" content=\"index, follow, max-snippet:-1, max-image-preview:large, max-video-preview:-1\" \/>\n<link rel=\"canonical\" href=\"https:\/\/www.noticiasradioreflejos.com.ar\/2021\/llegaron-al-pais-en-vuelo-de-aerolineas-las-300-mil-unidades-de-la-segunda-dosis-de-la-vacuna-rusa\/\" \/>\n<meta property=\"og:locale\" content=\"es_ES\" \/>\n<meta property=\"og:type\" content=\"article\" \/>\n<meta property=\"og:title\" content=\"Llegaron al pa\u00eds en vuelo de Aerol\u00edneas las 300 mil unidades de la segunda dosis de la vacuna rusa - Noticias Radio Reflejos\" \/>\n<meta property=\"og:description\" content=\"Las 300 mil unidades de la segunda dosis de la vacuna Sputnik V llegaron hoy al pa\u00eds en un vuelo de Aerol\u00edneas Argentinas, que arrib\u00f3 al aeropuerto Internacional de Ezeiza poco antes de las 11, luego de m\u00e1s de 16 horas y media de vuelo desde la Federaci\u00f3n Rusa.\" \/>\n<meta property=\"og:url\" content=\"https:\/\/www.noticiasradioreflejos.com.ar\/2021\/llegaron-al-pais-en-vuelo-de-aerolineas-las-300-mil-unidades-de-la-segunda-dosis-de-la-vacuna-rusa\/\" \/>\n<meta property=\"og:site_name\" content=\"Noticias Radio Reflejos\" \/>\n<meta property=\"article:published_time\" content=\"2021-01-16T20:57:48+00:00\" \/>\n<meta property=\"og:image\" content=\"http:\/\/live.staticflickr.com\/65535\/50842544812_ccf2eb269c_c.jpg\" \/>\n<meta name=\"author\" content=\"Arnaldo Botto\" \/>\n<meta name=\"twitter:card\" content=\"summary_large_image\" \/>\n<script type=\"application\/ld+json\" class=\"yoast-schema-graph\">{\"@context\":\"https:\/\/schema.org\",\"@graph\":[{\"@type\":\"WebPage\",\"@id\":\"https:\/\/www.noticiasradioreflejos.com.ar\/2021\/llegaron-al-pais-en-vuelo-de-aerolineas-las-300-mil-unidades-de-la-segunda-dosis-de-la-vacuna-rusa\/\",\"url\":\"https:\/\/www.noticiasradioreflejos.com.ar\/2021\/llegaron-al-pais-en-vuelo-de-aerolineas-las-300-mil-unidades-de-la-segunda-dosis-de-la-vacuna-rusa\/\",\"name\":\"Llegaron al pa\u00eds en vuelo de Aerol\u00edneas las 300 mil unidades de la segunda dosis de la vacuna rusa - Noticias Radio Reflejos\",\"isPartOf\":{\"@id\":\"https:\/\/www.noticiasradioreflejos.com.ar\/2021\/#website\"},\"primaryImageOfPage\":{\"@id\":\"https:\/\/www.noticiasradioreflejos.com.ar\/2021\/llegaron-al-pais-en-vuelo-de-aerolineas-las-300-mil-unidades-de-la-segunda-dosis-de-la-vacuna-rusa\/#primaryimage\"},\"image\":{\"@id\":\"https:\/\/www.noticiasradioreflejos.com.ar\/2021\/llegaron-al-pais-en-vuelo-de-aerolineas-las-300-mil-unidades-de-la-segunda-dosis-de-la-vacuna-rusa\/#primaryimage\"},\"thumbnailUrl\":\"http:\/\/live.staticflickr.com\/65535\/50842544812_ccf2eb269c_c.jpg\",\"datePublished\":\"2021-01-16T20:57:48+00:00\",\"author\":{\"@id\":\"https:\/\/www.noticiasradioreflejos.com.ar\/2021\/#\/schema\/person\/ad82545263dcc5ec0996818884fd5fb1\"},\"breadcrumb\":{\"@id\":\"https:\/\/www.noticiasradioreflejos.com.ar\/2021\/llegaron-al-pais-en-vuelo-de-aerolineas-las-300-mil-unidades-de-la-segunda-dosis-de-la-vacuna-rusa\/#breadcrumb\"},\"inLanguage\":\"es\",\"potentialAction\":[{\"@type\":\"ReadAction\",\"target\":[\"https:\/\/www.noticiasradioreflejos.com.ar\/2021\/llegaron-al-pais-en-vuelo-de-aerolineas-las-300-mil-unidades-de-la-segunda-dosis-de-la-vacuna-rusa\/\"]}]},{\"@type\":\"ImageObject\",\"inLanguage\":\"es\",\"@id\":\"https:\/\/www.noticiasradioreflejos.com.ar\/2021\/llegaron-al-pais-en-vuelo-de-aerolineas-las-300-mil-unidades-de-la-segunda-dosis-de-la-vacuna-rusa\/#primaryimage\",\"url\":\"http:\/\/live.staticflickr.com\/65535\/50842544812_ccf2eb269c_c.jpg\",\"contentUrl\":\"http:\/\/live.staticflickr.com\/65535\/50842544812_ccf2eb269c_c.jpg\"},{\"@type\":\"BreadcrumbList\",\"@id\":\"https:\/\/www.noticiasradioreflejos.com.ar\/2021\/llegaron-al-pais-en-vuelo-de-aerolineas-las-300-mil-unidades-de-la-segunda-dosis-de-la-vacuna-rusa\/#breadcrumb\",\"itemListElement\":[{\"@type\":\"ListItem\",\"position\":1,\"name\":\"Portada\",\"item\":\"https:\/\/www.noticiasradioreflejos.com.ar\/2021\/\"},{\"@type\":\"ListItem\",\"position\":2,\"name\":\"Llegaron al pa\u00eds en vuelo de Aerol\u00edneas las 300 mil unidades de la segunda dosis de la vacuna rusa\"}]},{\"@type\":\"WebSite\",\"@id\":\"https:\/\/www.noticiasradioreflejos.com.ar\/2021\/#website\",\"url\":\"https:\/\/www.noticiasradioreflejos.com.ar\/2021\/\",\"name\":\"Noticias Radio Reflejos\",\"description\":\"Las noticias de mi comarca\",\"potentialAction\":[{\"@type\":\"SearchAction\",\"target\":{\"@type\":\"EntryPoint\",\"urlTemplate\":\"https:\/\/www.noticiasradioreflejos.com.ar\/2021\/?s={search_term_string}\"},\"query-input\":{\"@type\":\"PropertyValueSpecification\",\"valueRequired\":true,\"valueName\":\"search_term_string\"}}],\"inLanguage\":\"es\"},{\"@type\":\"Person\",\"@id\":\"https:\/\/www.noticiasradioreflejos.com.ar\/2021\/#\/schema\/person\/ad82545263dcc5ec0996818884fd5fb1\",\"name\":\"Arnaldo Botto\",\"image\":{\"@type\":\"ImageObject\",\"inLanguage\":\"es\",\"@id\":\"https:\/\/www.noticiasradioreflejos.com.ar\/2021\/#\/schema\/person\/image\/\",\"url\":\"https:\/\/secure.gravatar.com\/avatar\/55cb5e37c1efa326397366e6974cb338056df65cb50e7d64d1cf314e87504837?s=96&d=mm&r=g\",\"contentUrl\":\"https:\/\/secure.gravatar.com\/avatar\/55cb5e37c1efa326397366e6974cb338056df65cb50e7d64d1cf314e87504837?s=96&d=mm&r=g\",\"caption\":\"Arnaldo Botto\"},\"url\":\"https:\/\/www.noticiasradioreflejos.com.ar\/2021\/author\/arnaldo\/\"}]}<\/script>\n<!-- \/ Yoast SEO plugin. -->","yoast_head_json":{"title":"Llegaron al pa\u00eds en vuelo de Aerol\u00edneas las 300 mil unidades de la segunda dosis de la vacuna rusa - Noticias Radio Reflejos","robots":{"index":"index","follow":"follow","max-snippet":"max-snippet:-1","max-image-preview":"max-image-preview:large","max-video-preview":"max-video-preview:-1"},"canonical":"https:\/\/www.noticiasradioreflejos.com.ar\/2021\/llegaron-al-pais-en-vuelo-de-aerolineas-las-300-mil-unidades-de-la-segunda-dosis-de-la-vacuna-rusa\/","og_locale":"es_ES","og_type":"article","og_title":"Llegaron al pa\u00eds en vuelo de Aerol\u00edneas las 300 mil unidades de la segunda dosis de la vacuna rusa - Noticias Radio Reflejos","og_description":"Las 300 mil unidades de la segunda dosis de la vacuna Sputnik V llegaron hoy al pa\u00eds en un vuelo de Aerol\u00edneas Argentinas, que arrib\u00f3 al aeropuerto Internacional de Ezeiza poco antes de las 11, luego de m\u00e1s de 16 horas y media de vuelo desde la Federaci\u00f3n Rusa.","og_url":"https:\/\/www.noticiasradioreflejos.com.ar\/2021\/llegaron-al-pais-en-vuelo-de-aerolineas-las-300-mil-unidades-de-la-segunda-dosis-de-la-vacuna-rusa\/","og_site_name":"Noticias Radio Reflejos","article_published_time":"2021-01-16T20:57:48+00:00","og_image":[{"url":"http:\/\/live.staticflickr.com\/65535\/50842544812_ccf2eb269c_c.jpg","type":"","width":"","height":""}],"author":"Arnaldo Botto","twitter_card":"summary_large_image","schema":{"@context":"https:\/\/schema.org","@graph":[{"@type":"WebPage","@id":"https:\/\/www.noticiasradioreflejos.com.ar\/2021\/llegaron-al-pais-en-vuelo-de-aerolineas-las-300-mil-unidades-de-la-segunda-dosis-de-la-vacuna-rusa\/","url":"https:\/\/www.noticiasradioreflejos.com.ar\/2021\/llegaron-al-pais-en-vuelo-de-aerolineas-las-300-mil-unidades-de-la-segunda-dosis-de-la-vacuna-rusa\/","name":"Llegaron al pa\u00eds en vuelo de Aerol\u00edneas las 300 mil unidades de la segunda dosis de la vacuna rusa - Noticias Radio Reflejos","isPartOf":{"@id":"https:\/\/www.noticiasradioreflejos.com.ar\/2021\/#website"},"primaryImageOfPage":{"@id":"https:\/\/www.noticiasradioreflejos.com.ar\/2021\/llegaron-al-pais-en-vuelo-de-aerolineas-las-300-mil-unidades-de-la-segunda-dosis-de-la-vacuna-rusa\/#primaryimage"},"image":{"@id":"https:\/\/www.noticiasradioreflejos.com.ar\/2021\/llegaron-al-pais-en-vuelo-de-aerolineas-las-300-mil-unidades-de-la-segunda-dosis-de-la-vacuna-rusa\/#primaryimage"},"thumbnailUrl":"http:\/\/live.staticflickr.com\/65535\/50842544812_ccf2eb269c_c.jpg","datePublished":"2021-01-16T20:57:48+00:00","author":{"@id":"https:\/\/www.noticiasradioreflejos.com.ar\/2021\/#\/schema\/person\/ad82545263dcc5ec0996818884fd5fb1"},"breadcrumb":{"@id":"https:\/\/www.noticiasradioreflejos.com.ar\/2021\/llegaron-al-pais-en-vuelo-de-aerolineas-las-300-mil-unidades-de-la-segunda-dosis-de-la-vacuna-rusa\/#breadcrumb"},"inLanguage":"es","potentialAction":[{"@type":"ReadAction","target":["https:\/\/www.noticiasradioreflejos.com.ar\/2021\/llegaron-al-pais-en-vuelo-de-aerolineas-las-300-mil-unidades-de-la-segunda-dosis-de-la-vacuna-rusa\/"]}]},{"@type":"ImageObject","inLanguage":"es","@id":"https:\/\/www.noticiasradioreflejos.com.ar\/2021\/llegaron-al-pais-en-vuelo-de-aerolineas-las-300-mil-unidades-de-la-segunda-dosis-de-la-vacuna-rusa\/#primaryimage","url":"http:\/\/live.staticflickr.com\/65535\/50842544812_ccf2eb269c_c.jpg","contentUrl":"http:\/\/live.staticflickr.com\/65535\/50842544812_ccf2eb269c_c.jpg"},{"@type":"BreadcrumbList","@id":"https:\/\/www.noticiasradioreflejos.com.ar\/2021\/llegaron-al-pais-en-vuelo-de-aerolineas-las-300-mil-unidades-de-la-segunda-dosis-de-la-vacuna-rusa\/#breadcrumb","itemListElement":[{"@type":"ListItem","position":1,"name":"Portada","item":"https:\/\/www.noticiasradioreflejos.com.ar\/2021\/"},{"@type":"ListItem","position":2,"name":"Llegaron al pa\u00eds en vuelo de Aerol\u00edneas las 300 mil unidades de la segunda dosis de la vacuna rusa"}]},{"@type":"WebSite","@id":"https:\/\/www.noticiasradioreflejos.com.ar\/2021\/#website","url":"https:\/\/www.noticiasradioreflejos.com.ar\/2021\/","name":"Noticias Radio Reflejos","description":"Las noticias de mi comarca","potentialAction":[{"@type":"SearchAction","target":{"@type":"EntryPoint","urlTemplate":"https:\/\/www.noticiasradioreflejos.com.ar\/2021\/?s={search_term_string}"},"query-input":{"@type":"PropertyValueSpecification","valueRequired":true,"valueName":"search_term_string"}}],"inLanguage":"es"},{"@type":"Person","@id":"https:\/\/www.noticiasradioreflejos.com.ar\/2021\/#\/schema\/person\/ad82545263dcc5ec0996818884fd5fb1","name":"Arnaldo Botto","image":{"@type":"ImageObject","inLanguage":"es","@id":"https:\/\/www.noticiasradioreflejos.com.ar\/2021\/#\/schema\/person\/image\/","url":"https:\/\/secure.gravatar.com\/avatar\/55cb5e37c1efa326397366e6974cb338056df65cb50e7d64d1cf314e87504837?s=96&d=mm&r=g","contentUrl":"https:\/\/secure.gravatar.com\/avatar\/55cb5e37c1efa326397366e6974cb338056df65cb50e7d64d1cf314e87504837?s=96&d=mm&r=g","caption":"Arnaldo Botto"},"url":"https:\/\/www.noticiasradioreflejos.com.ar\/2021\/author\/arnaldo\/"}]}},"_links":{"self":[{"href":"https:\/\/www.noticiasradioreflejos.com.ar\/2021\/wp-json\/wp\/v2\/posts\/51341","targetHints":{"allow":["GET"]}}],"collection":[{"href":"https:\/\/www.noticiasradioreflejos.com.ar\/2021\/wp-json\/wp\/v2\/posts"}],"about":[{"href":"https:\/\/www.noticiasradioreflejos.com.ar\/2021\/wp-json\/wp\/v2\/types\/post"}],"author":[{"embeddable":true,"href":"https:\/\/www.noticiasradioreflejos.com.ar\/2021\/wp-json\/wp\/v2\/users\/3"}],"replies":[{"embeddable":true,"href":"https:\/\/www.noticiasradioreflejos.com.ar\/2021\/wp-json\/wp\/v2\/comments?post=51341"}],"version-history":[{"count":0,"href":"https:\/\/www.noticiasradioreflejos.com.ar\/2021\/wp-json\/wp\/v2\/posts\/51341\/revisions"}],"wp:attachment":[{"href":"https:\/\/www.noticiasradioreflejos.com.ar\/2021\/wp-json\/wp\/v2\/media?parent=51341"}],"wp:term":[{"taxonomy":"category","embeddable":true,"href":"https:\/\/www.noticiasradioreflejos.com.ar\/2021\/wp-json\/wp\/v2\/categories?post=51341"},{"taxonomy":"post_tag","embeddable":true,"href":"https:\/\/www.noticiasradioreflejos.com.ar\/2021\/wp-json\/wp\/v2\/tags?post=51341"}],"curies":[{"name":"wp","href":"https:\/\/api.w.org\/{rel}","templated":true}]}}