{"id":51276,"date":"2021-01-14T07:09:51","date_gmt":"2021-01-14T10:09:51","guid":{"rendered":"http:\/\/www.noticiasradioreflejos.com.ar\/noticias\/?p=51276"},"modified":"2021-01-14T07:09:51","modified_gmt":"2021-01-14T10:09:51","slug":"solicitan-acciones-al-municipio-de-tornquist","status":"publish","type":"post","link":"https:\/\/www.noticiasradioreflejos.com.ar\/2021\/solicitan-acciones-al-municipio-de-tornquist\/","title":{"rendered":"Solicitan acciones al municipio de Tornquist"},"content":{"rendered":"<p>SALUD COMUNITARIA UNA TAREA DEL ESTADO Y DE CADA CIUDADANO\/A<br \/>\nEn la provincia de Buenos Aires est\u00e1 en marcha el plan P\u00daBLICO, GRATUITO Y OPTATIVO de vacunaci\u00f3n contra el coronavirus \u201cBuenos Aires Vacunate\u201d, que cuenta con un gestor de turnos en <a href=\"http:\/\/www.vacunatepba.gba.gob.ar\">www.vacunatepba.gba.gob.ar<\/a><!--more--><\/p>\n<p>Sin embargo, cuando ya estamos ingresando a la mitad de la temporada de verano que positivamente se muestra con un n\u00famero bastante nutrido de visitantes, advertimos que, a diferencia de lo que ocurre en otros distritos de la provincia, en Tornquist el n\u00famero de inscriptos es muy bajo, constatando que es uno de los m\u00e1s bajos de la regi\u00f3n.<\/p>\n<p><a title=\"campa\u00f1a para vacunarse ejemplo en laprida (1)\" href=\"http:\/\/live.staticflickr.com\/65535\/50833742988_81b927b02b_s.jpg\" rel=\"\"><img loading=\"lazy\" decoding=\"async\" class=\"aligncenter\" title=\"campa\u00f1a para vacunarse ejemplo en laprida (1)\" src=\"http:\/\/live.staticflickr.com\/65535\/50833742988_81b927b02b_z.jpg\" alt=\"campa\u00f1a para vacunarse ejemplo en laprida (1)\" width=\"526\" height=\"640\" \/><\/a><\/p>\n<p>A partir de esto solicitamos a las autoridades municipales la implementaci\u00f3n de una campa\u00f1a que incluya informaci\u00f3n acerca de la importancia de inscribirse, que asesore sobre c\u00f3mo realizar tal gesti\u00f3n, y ante tanta informaci\u00f3n falsa y contradictoria ponga claridad y certezas.<\/p>\n<p>Cada habitante deber\u00eda estar recibiendo el mensaje de que vacunarse es cuidarse y cuidar, que la vacuna contribuir\u00e1 a reducir la circulaci\u00f3n de la enfermedad, las hospitalizaciones y las muertes relacionadas con la COVID-19, como tambi\u00e9n ayudar\u00e1 a restablecer de manera gradual una nueva normalidad.<\/p>\n<p>As\u00ed mismo solicitamos que, como se est\u00e1 implementando en otros distritos tur\u00edsticos, se proceda con acciones de informaci\u00f3n y prevenci\u00f3n sobre los protocolos sanitarios de cuidado y distanciamiento a trav\u00e9s de folleter\u00eda y carteler\u00eda, aprovechando para esto las pol\u00edticas activas y concretas que se est\u00e1n ofreciendo desde la Naci\u00f3n y la Provincia.<\/p>\n<p>Las autoridades municipales del distrito de Tornquist saben que comunicar a la sociedad toda informaci\u00f3n pertinente para la protecci\u00f3n de la salud individual y comunitaria es una responsabilidad indelegable y una tarea urgente y necesaria para que los\/las vecinos\/as sepan c\u00f3mo cuidarse y cuidar a otros\/as.<\/p>\n<p>Por un Tornquist m\u00e1s grande<\/p>\n<p><span style=\"color: #0000ff;\"><strong>Partido Frente Grande y Frente Popular 25 de Febrero de Tornquist.<\/strong><\/span><\/p>\n<p><a title=\"vacunate 3\" href=\"http:\/\/live.staticflickr.com\/65535\/50833742968_95b550722b_s.jpg\" rel=\"\"><img loading=\"lazy\" decoding=\"async\" class=\"aligncenter\" title=\"vacunate 3\" src=\"http:\/\/live.staticflickr.com\/65535\/50833742968_95b550722b_z.jpg\" alt=\"vacunate 3\" width=\"640\" height=\"638\" \/><\/a><\/p>\n<p><a title=\"vacunate 2\" href=\"http:\/\/live.staticflickr.com\/65535\/50834477056_fba029b3b2_s.jpg\" rel=\"\"><img loading=\"lazy\" decoding=\"async\" class=\"aligncenter\" title=\"vacunate 2\" src=\"http:\/\/live.staticflickr.com\/65535\/50834477056_fba029b3b2_z.jpg\" alt=\"vacunate 2\" width=\"640\" height=\"638\" \/><\/a><\/p>\n","protected":false},"excerpt":{"rendered":"<p>SALUD COMUNITARIA UNA TAREA DEL ESTADO Y DE CADA CIUDADANO\/A En la provincia de Buenos Aires est\u00e1 en marcha el plan P\u00daBLICO, GRATUITO Y OPTATIVO de vacunaci\u00f3n contra el coronavirus \u201cBuenos Aires Vacunate\u201d, que cuenta con un gestor de turnos en www.vacunatepba.gba.gob.ar<\/p>\n","protected":false},"author":3,"featured_media":0,"comment_status":"closed","ping_status":"open","sticky":false,"template":"","format":"standard","meta":{"footnotes":""},"categories":[24],"tags":[],"class_list":["post-51276","post","type-post","status-publish","format-standard","hentry","category-politica"],"yoast_head":"<!-- This site is optimized with the Yoast SEO plugin v25.9 - https:\/\/yoast.com\/wordpress\/plugins\/seo\/ -->\n<title>Solicitan acciones al municipio de Tornquist - Noticias Radio Reflejos<\/title>\n<meta name=\"robots\" content=\"index, follow, max-snippet:-1, max-image-preview:large, max-video-preview:-1\" \/>\n<link rel=\"canonical\" href=\"https:\/\/www.noticiasradioreflejos.com.ar\/2021\/solicitan-acciones-al-municipio-de-tornquist\/\" \/>\n<meta property=\"og:locale\" content=\"es_ES\" \/>\n<meta property=\"og:type\" content=\"article\" \/>\n<meta property=\"og:title\" content=\"Solicitan acciones al municipio de Tornquist - Noticias Radio Reflejos\" \/>\n<meta property=\"og:description\" content=\"SALUD COMUNITARIA UNA TAREA DEL ESTADO Y DE CADA CIUDADANO\/A En la provincia de Buenos Aires est\u00e1 en marcha el plan P\u00daBLICO, GRATUITO Y OPTATIVO de vacunaci\u00f3n contra el coronavirus \u201cBuenos Aires Vacunate\u201d, que cuenta con un gestor de turnos en www.vacunatepba.gba.gob.ar\" \/>\n<meta property=\"og:url\" content=\"https:\/\/www.noticiasradioreflejos.com.ar\/2021\/solicitan-acciones-al-municipio-de-tornquist\/\" \/>\n<meta property=\"og:site_name\" content=\"Noticias Radio Reflejos\" \/>\n<meta property=\"article:published_time\" content=\"2021-01-14T10:09:51+00:00\" \/>\n<meta property=\"og:image\" content=\"http:\/\/live.staticflickr.com\/65535\/50833742988_81b927b02b_z.jpg\" \/>\n<meta name=\"author\" content=\"Arnaldo Botto\" \/>\n<meta name=\"twitter:card\" content=\"summary_large_image\" \/>\n<script type=\"application\/ld+json\" class=\"yoast-schema-graph\">{\"@context\":\"https:\/\/schema.org\",\"@graph\":[{\"@type\":\"WebPage\",\"@id\":\"https:\/\/www.noticiasradioreflejos.com.ar\/2021\/solicitan-acciones-al-municipio-de-tornquist\/\",\"url\":\"https:\/\/www.noticiasradioreflejos.com.ar\/2021\/solicitan-acciones-al-municipio-de-tornquist\/\",\"name\":\"Solicitan acciones al municipio de Tornquist - Noticias Radio Reflejos\",\"isPartOf\":{\"@id\":\"https:\/\/www.noticiasradioreflejos.com.ar\/2021\/#website\"},\"primaryImageOfPage\":{\"@id\":\"https:\/\/www.noticiasradioreflejos.com.ar\/2021\/solicitan-acciones-al-municipio-de-tornquist\/#primaryimage\"},\"image\":{\"@id\":\"https:\/\/www.noticiasradioreflejos.com.ar\/2021\/solicitan-acciones-al-municipio-de-tornquist\/#primaryimage\"},\"thumbnailUrl\":\"http:\/\/live.staticflickr.com\/65535\/50833742988_81b927b02b_z.jpg\",\"datePublished\":\"2021-01-14T10:09:51+00:00\",\"author\":{\"@id\":\"https:\/\/www.noticiasradioreflejos.com.ar\/2021\/#\/schema\/person\/ad82545263dcc5ec0996818884fd5fb1\"},\"breadcrumb\":{\"@id\":\"https:\/\/www.noticiasradioreflejos.com.ar\/2021\/solicitan-acciones-al-municipio-de-tornquist\/#breadcrumb\"},\"inLanguage\":\"es\",\"potentialAction\":[{\"@type\":\"ReadAction\",\"target\":[\"https:\/\/www.noticiasradioreflejos.com.ar\/2021\/solicitan-acciones-al-municipio-de-tornquist\/\"]}]},{\"@type\":\"ImageObject\",\"inLanguage\":\"es\",\"@id\":\"https:\/\/www.noticiasradioreflejos.com.ar\/2021\/solicitan-acciones-al-municipio-de-tornquist\/#primaryimage\",\"url\":\"http:\/\/live.staticflickr.com\/65535\/50833742988_81b927b02b_z.jpg\",\"contentUrl\":\"http:\/\/live.staticflickr.com\/65535\/50833742988_81b927b02b_z.jpg\"},{\"@type\":\"BreadcrumbList\",\"@id\":\"https:\/\/www.noticiasradioreflejos.com.ar\/2021\/solicitan-acciones-al-municipio-de-tornquist\/#breadcrumb\",\"itemListElement\":[{\"@type\":\"ListItem\",\"position\":1,\"name\":\"Portada\",\"item\":\"https:\/\/www.noticiasradioreflejos.com.ar\/2021\/\"},{\"@type\":\"ListItem\",\"position\":2,\"name\":\"Solicitan acciones al municipio de Tornquist\"}]},{\"@type\":\"WebSite\",\"@id\":\"https:\/\/www.noticiasradioreflejos.com.ar\/2021\/#website\",\"url\":\"https:\/\/www.noticiasradioreflejos.com.ar\/2021\/\",\"name\":\"Noticias Radio Reflejos\",\"description\":\"Las noticias de mi comarca\",\"potentialAction\":[{\"@type\":\"SearchAction\",\"target\":{\"@type\":\"EntryPoint\",\"urlTemplate\":\"https:\/\/www.noticiasradioreflejos.com.ar\/2021\/?s={search_term_string}\"},\"query-input\":{\"@type\":\"PropertyValueSpecification\",\"valueRequired\":true,\"valueName\":\"search_term_string\"}}],\"inLanguage\":\"es\"},{\"@type\":\"Person\",\"@id\":\"https:\/\/www.noticiasradioreflejos.com.ar\/2021\/#\/schema\/person\/ad82545263dcc5ec0996818884fd5fb1\",\"name\":\"Arnaldo Botto\",\"image\":{\"@type\":\"ImageObject\",\"inLanguage\":\"es\",\"@id\":\"https:\/\/www.noticiasradioreflejos.com.ar\/2021\/#\/schema\/person\/image\/\",\"url\":\"https:\/\/secure.gravatar.com\/avatar\/55cb5e37c1efa326397366e6974cb338056df65cb50e7d64d1cf314e87504837?s=96&d=mm&r=g\",\"contentUrl\":\"https:\/\/secure.gravatar.com\/avatar\/55cb5e37c1efa326397366e6974cb338056df65cb50e7d64d1cf314e87504837?s=96&d=mm&r=g\",\"caption\":\"Arnaldo Botto\"},\"url\":\"https:\/\/www.noticiasradioreflejos.com.ar\/2021\/author\/arnaldo\/\"}]}<\/script>\n<!-- \/ Yoast SEO plugin. -->","yoast_head_json":{"title":"Solicitan acciones al municipio de Tornquist - Noticias Radio Reflejos","robots":{"index":"index","follow":"follow","max-snippet":"max-snippet:-1","max-image-preview":"max-image-preview:large","max-video-preview":"max-video-preview:-1"},"canonical":"https:\/\/www.noticiasradioreflejos.com.ar\/2021\/solicitan-acciones-al-municipio-de-tornquist\/","og_locale":"es_ES","og_type":"article","og_title":"Solicitan acciones al municipio de Tornquist - Noticias Radio Reflejos","og_description":"SALUD COMUNITARIA UNA TAREA DEL ESTADO Y DE CADA CIUDADANO\/A En la provincia de Buenos Aires est\u00e1 en marcha el plan P\u00daBLICO, GRATUITO Y OPTATIVO de vacunaci\u00f3n contra el coronavirus \u201cBuenos Aires Vacunate\u201d, que cuenta con un gestor de turnos en www.vacunatepba.gba.gob.ar","og_url":"https:\/\/www.noticiasradioreflejos.com.ar\/2021\/solicitan-acciones-al-municipio-de-tornquist\/","og_site_name":"Noticias Radio Reflejos","article_published_time":"2021-01-14T10:09:51+00:00","og_image":[{"url":"http:\/\/live.staticflickr.com\/65535\/50833742988_81b927b02b_z.jpg","type":"","width":"","height":""}],"author":"Arnaldo Botto","twitter_card":"summary_large_image","schema":{"@context":"https:\/\/schema.org","@graph":[{"@type":"WebPage","@id":"https:\/\/www.noticiasradioreflejos.com.ar\/2021\/solicitan-acciones-al-municipio-de-tornquist\/","url":"https:\/\/www.noticiasradioreflejos.com.ar\/2021\/solicitan-acciones-al-municipio-de-tornquist\/","name":"Solicitan acciones al municipio de Tornquist - Noticias Radio Reflejos","isPartOf":{"@id":"https:\/\/www.noticiasradioreflejos.com.ar\/2021\/#website"},"primaryImageOfPage":{"@id":"https:\/\/www.noticiasradioreflejos.com.ar\/2021\/solicitan-acciones-al-municipio-de-tornquist\/#primaryimage"},"image":{"@id":"https:\/\/www.noticiasradioreflejos.com.ar\/2021\/solicitan-acciones-al-municipio-de-tornquist\/#primaryimage"},"thumbnailUrl":"http:\/\/live.staticflickr.com\/65535\/50833742988_81b927b02b_z.jpg","datePublished":"2021-01-14T10:09:51+00:00","author":{"@id":"https:\/\/www.noticiasradioreflejos.com.ar\/2021\/#\/schema\/person\/ad82545263dcc5ec0996818884fd5fb1"},"breadcrumb":{"@id":"https:\/\/www.noticiasradioreflejos.com.ar\/2021\/solicitan-acciones-al-municipio-de-tornquist\/#breadcrumb"},"inLanguage":"es","potentialAction":[{"@type":"ReadAction","target":["https:\/\/www.noticiasradioreflejos.com.ar\/2021\/solicitan-acciones-al-municipio-de-tornquist\/"]}]},{"@type":"ImageObject","inLanguage":"es","@id":"https:\/\/www.noticiasradioreflejos.com.ar\/2021\/solicitan-acciones-al-municipio-de-tornquist\/#primaryimage","url":"http:\/\/live.staticflickr.com\/65535\/50833742988_81b927b02b_z.jpg","contentUrl":"http:\/\/live.staticflickr.com\/65535\/50833742988_81b927b02b_z.jpg"},{"@type":"BreadcrumbList","@id":"https:\/\/www.noticiasradioreflejos.com.ar\/2021\/solicitan-acciones-al-municipio-de-tornquist\/#breadcrumb","itemListElement":[{"@type":"ListItem","position":1,"name":"Portada","item":"https:\/\/www.noticiasradioreflejos.com.ar\/2021\/"},{"@type":"ListItem","position":2,"name":"Solicitan acciones al municipio de Tornquist"}]},{"@type":"WebSite","@id":"https:\/\/www.noticiasradioreflejos.com.ar\/2021\/#website","url":"https:\/\/www.noticiasradioreflejos.com.ar\/2021\/","name":"Noticias Radio Reflejos","description":"Las noticias de mi comarca","potentialAction":[{"@type":"SearchAction","target":{"@type":"EntryPoint","urlTemplate":"https:\/\/www.noticiasradioreflejos.com.ar\/2021\/?s={search_term_string}"},"query-input":{"@type":"PropertyValueSpecification","valueRequired":true,"valueName":"search_term_string"}}],"inLanguage":"es"},{"@type":"Person","@id":"https:\/\/www.noticiasradioreflejos.com.ar\/2021\/#\/schema\/person\/ad82545263dcc5ec0996818884fd5fb1","name":"Arnaldo Botto","image":{"@type":"ImageObject","inLanguage":"es","@id":"https:\/\/www.noticiasradioreflejos.com.ar\/2021\/#\/schema\/person\/image\/","url":"https:\/\/secure.gravatar.com\/avatar\/55cb5e37c1efa326397366e6974cb338056df65cb50e7d64d1cf314e87504837?s=96&d=mm&r=g","contentUrl":"https:\/\/secure.gravatar.com\/avatar\/55cb5e37c1efa326397366e6974cb338056df65cb50e7d64d1cf314e87504837?s=96&d=mm&r=g","caption":"Arnaldo Botto"},"url":"https:\/\/www.noticiasradioreflejos.com.ar\/2021\/author\/arnaldo\/"}]}},"_links":{"self":[{"href":"https:\/\/www.noticiasradioreflejos.com.ar\/2021\/wp-json\/wp\/v2\/posts\/51276","targetHints":{"allow":["GET"]}}],"collection":[{"href":"https:\/\/www.noticiasradioreflejos.com.ar\/2021\/wp-json\/wp\/v2\/posts"}],"about":[{"href":"https:\/\/www.noticiasradioreflejos.com.ar\/2021\/wp-json\/wp\/v2\/types\/post"}],"author":[{"embeddable":true,"href":"https:\/\/www.noticiasradioreflejos.com.ar\/2021\/wp-json\/wp\/v2\/users\/3"}],"replies":[{"embeddable":true,"href":"https:\/\/www.noticiasradioreflejos.com.ar\/2021\/wp-json\/wp\/v2\/comments?post=51276"}],"version-history":[{"count":0,"href":"https:\/\/www.noticiasradioreflejos.com.ar\/2021\/wp-json\/wp\/v2\/posts\/51276\/revisions"}],"wp:attachment":[{"href":"https:\/\/www.noticiasradioreflejos.com.ar\/2021\/wp-json\/wp\/v2\/media?parent=51276"}],"wp:term":[{"taxonomy":"category","embeddable":true,"href":"https:\/\/www.noticiasradioreflejos.com.ar\/2021\/wp-json\/wp\/v2\/categories?post=51276"},{"taxonomy":"post_tag","embeddable":true,"href":"https:\/\/www.noticiasradioreflejos.com.ar\/2021\/wp-json\/wp\/v2\/tags?post=51276"}],"curies":[{"name":"wp","href":"https:\/\/api.w.org\/{rel}","templated":true}]}}