{"id":51267,"date":"2021-01-13T19:26:57","date_gmt":"2021-01-13T22:26:57","guid":{"rendered":"http:\/\/www.noticiasradioreflejos.com.ar\/noticias\/?p=51267"},"modified":"2021-01-13T19:26:57","modified_gmt":"2021-01-13T22:26:57","slug":"llegaron-las-ordenes-de-allanamiento-y-estos-sujetos-no-tuvieron-el-tiempo-o-se-confiaron-de-que-los-elementos-no-se-iban-a-recuperar-maximiliano-fogel","status":"publish","type":"post","link":"https:\/\/www.noticiasradioreflejos.com.ar\/2021\/llegaron-las-ordenes-de-allanamiento-y-estos-sujetos-no-tuvieron-el-tiempo-o-se-confiaron-de-que-los-elementos-no-se-iban-a-recuperar-maximiliano-fogel\/","title":{"rendered":"\u00abLlegaron las ordenes de allanamiento y estos sujetos no tuvieron el tiempo o se confiaron de que los elementos no se iban a recuperar\u00bb &#8211; Maximiliano Fogel"},"content":{"rendered":"<p>Esta ma\u00f1ana, conversamos con el\u00a0<strong>Of. Inspector Maximiliano Fogel<\/strong>, Jefe de la Subestaci\u00f3n de la Polic\u00eda Comunal de Sierra de la Ventana, para que nos de los detalles t\u00e9cnicos del\u00a0operativo policial que logr\u00f3 esclarecer\u00a0el robo ocurrido el 7 de Enero en un taller mec\u00e1nico de la localidad.<!--more--><\/p>\n<p>\u00abLos tiempos de la justicia no son los mismos que los de la gente\u00bb mencion\u00f3 Maximiliano al hacer referencia a que son varios los pasos a realizar al momento de recaudar las pruebas y que se pueda actuar frente al hecho delictivo y buscar los culpables. \u00abFue un trabajo que llev\u00f3 tiempo y, m\u00e1s a\u00fan, como interven\u00eda la patrulla rural de Tornquist, se puso un poco engorroso. Pero ayer conseguimos la orden de allanamiento y se pudieron secuestrar todos los elementos robados\u00bb explic\u00f3.<\/p>\n<p>\u00abPor suerte nos llegaron las ordenes de allanamiento y estos sujetos no tuvieron el tiempo o se confiaron de que los elementos no se iban a recuperar\u00bb coment\u00f3 el teniente la buena fortuna de haber podido recuperar los materiales robados.<\/p>\n<p>El teniente adem\u00e1s inform\u00f3 que, durante los d\u00edas de lluvia, se quem\u00f3 una de las antenas de las c\u00e1maras de seguridad. \u00abEn el d\u00eda de ayer ya ten\u00edamos las c\u00e1maras nuevamente en funcionamiento. Se filtr\u00f3 agua por lo que es el cableado y nos quem\u00f3 tambi\u00e9n el m\u00f3dem. Las grabaciones estaban, pero estaban en el almacenamiento de Tornquist\u00bb explic\u00f3.<\/p>\n<p>Sobre los imputados, Maximiliano desarroll\u00f3: \u00abTodos son inocentes hasta que se demuestre lo contrario. Los allanamientos son un elemento de prueba m\u00e1s, no determina que ellos ya sean culpables. Para la justicia, faltan algunos pasos procesales m\u00e1s para que la fiscal\u00eda determine si es prudente pedir la detenci\u00f3n de estos dos sospechados\u00bb.<\/p>\n<p>\u00abFelicitar a la gente de la patrulla que tuvieron una predisposici\u00f3n b\u00e1rbara. Desde el minuto 0, cuando tomamos conocimiento y les avisamos, inmediatamente vinieron a Sierra de la Ventana y durante todo el fin de semana trabajaron a la par nuestra. Mis felicitaciones para ellos que hicieron un trabajo b\u00e1rbaro\u00bb les transmiti\u00f3 Maximiliano al equipo policial de Tornquist.<\/p>\n<p>Nota completa a continuaci\u00f3n:<br \/>\n<iframe loading=\"lazy\" src=\"https:\/\/w.soundcloud.com\/player\/?url=https%3A\/\/api.soundcloud.com\/tracks\/964856962&amp;color=%23ff5500&amp;auto_play=false&amp;hide_related=false&amp;show_comments=true&amp;show_user=true&amp;show_reposts=false&amp;show_teaser=true\" width=\"100%\" height=\"166\" frameborder=\"no\" scrolling=\"no\"><\/iframe><\/p>\n<div style=\"font-size: 10px; color: #cccccc; line-break: anywhere; word-break: normal; overflow: hidden; white-space: nowrap; text-overflow: ellipsis; font-family: Interstate,Lucida Grande,Lucida Sans Unicode,Lucida Sans,Garuda,Verdana,Tahoma,sans-serif; font-weight: 100;\"><a style=\"color: #cccccc; text-decoration: none;\" title=\"fmreflejos 103.7\" href=\"https:\/\/soundcloud.com\/fmreflejos-103-7\" target=\"_blank\" rel=\"noopener\">fmreflejos 103.7<\/a> \u00b7 <a style=\"color: #cccccc; text-decoration: none;\" title=\"Nota Maximiliano Fogel - Allanamientos Camara\" href=\"https:\/\/soundcloud.com\/fmreflejos-103-7\/nota-maximiliano-fogel\" target=\"_blank\" rel=\"noopener\">Nota Maximiliano Fogel &#8211; Allanamientos Camara<\/a><\/div>\n","protected":false},"excerpt":{"rendered":"<p>Esta ma\u00f1ana, conversamos con el\u00a0Of. Inspector Maximiliano Fogel, Jefe de la Subestaci\u00f3n de la Polic\u00eda Comunal de Sierra de la Ventana, para que nos de los detalles t\u00e9cnicos del\u00a0operativo policial que logr\u00f3 esclarecer\u00a0el robo ocurrido el 7 de Enero en un taller mec\u00e1nico de la localidad.<\/p>\n","protected":false},"author":3,"featured_media":51273,"comment_status":"closed","ping_status":"open","sticky":false,"template":"","format":"standard","meta":{"footnotes":""},"categories":[29],"tags":[],"class_list":["post-51267","post","type-post","status-publish","format-standard","has-post-thumbnail","hentry","category-policiales"],"yoast_head":"<!-- This site is optimized with the Yoast SEO plugin v25.9 - https:\/\/yoast.com\/wordpress\/plugins\/seo\/ -->\n<title>&quot;Llegaron las ordenes de allanamiento y estos sujetos no tuvieron el tiempo o se confiaron de que los elementos no se iban a recuperar&quot; - Maximiliano Fogel - Noticias Radio Reflejos<\/title>\n<meta name=\"robots\" content=\"index, follow, max-snippet:-1, max-image-preview:large, max-video-preview:-1\" \/>\n<link rel=\"canonical\" href=\"https:\/\/www.noticiasradioreflejos.com.ar\/2021\/llegaron-las-ordenes-de-allanamiento-y-estos-sujetos-no-tuvieron-el-tiempo-o-se-confiaron-de-que-los-elementos-no-se-iban-a-recuperar-maximiliano-fogel\/\" \/>\n<meta property=\"og:locale\" content=\"es_ES\" \/>\n<meta property=\"og:type\" content=\"article\" \/>\n<meta property=\"og:title\" content=\"&quot;Llegaron las ordenes de allanamiento y estos sujetos no tuvieron el tiempo o se confiaron de que los elementos no se iban a recuperar&quot; - Maximiliano Fogel - Noticias Radio Reflejos\" \/>\n<meta property=\"og:description\" content=\"Esta ma\u00f1ana, conversamos con el\u00a0Of. Inspector Maximiliano Fogel, Jefe de la Subestaci\u00f3n de la Polic\u00eda Comunal de Sierra de la Ventana, para que nos de los detalles t\u00e9cnicos del\u00a0operativo policial que logr\u00f3 esclarecer\u00a0el robo ocurrido el 7 de Enero en un taller mec\u00e1nico de la localidad.\" \/>\n<meta property=\"og:url\" content=\"https:\/\/www.noticiasradioreflejos.com.ar\/2021\/llegaron-las-ordenes-de-allanamiento-y-estos-sujetos-no-tuvieron-el-tiempo-o-se-confiaron-de-que-los-elementos-no-se-iban-a-recuperar-maximiliano-fogel\/\" \/>\n<meta property=\"og:site_name\" content=\"Noticias Radio Reflejos\" \/>\n<meta property=\"article:published_time\" content=\"2021-01-13T22:26:57+00:00\" \/>\n<meta property=\"og:image\" content=\"https:\/\/www.noticiasradioreflejos.com.ar\/2021\/wp-content\/uploads\/2021\/07\/logosol300x200.png\" \/>\n\t<meta property=\"og:image:width\" content=\"300\" \/>\n\t<meta property=\"og:image:height\" content=\"200\" \/>\n\t<meta property=\"og:image:type\" content=\"image\/png\" \/>\n<meta name=\"author\" content=\"Arnaldo Botto\" \/>\n<meta name=\"twitter:card\" content=\"summary_large_image\" \/>\n<script type=\"application\/ld+json\" class=\"yoast-schema-graph\">{\"@context\":\"https:\/\/schema.org\",\"@graph\":[{\"@type\":\"WebPage\",\"@id\":\"https:\/\/www.noticiasradioreflejos.com.ar\/2021\/llegaron-las-ordenes-de-allanamiento-y-estos-sujetos-no-tuvieron-el-tiempo-o-se-confiaron-de-que-los-elementos-no-se-iban-a-recuperar-maximiliano-fogel\/\",\"url\":\"https:\/\/www.noticiasradioreflejos.com.ar\/2021\/llegaron-las-ordenes-de-allanamiento-y-estos-sujetos-no-tuvieron-el-tiempo-o-se-confiaron-de-que-los-elementos-no-se-iban-a-recuperar-maximiliano-fogel\/\",\"name\":\"\\\"Llegaron las ordenes de allanamiento y estos sujetos no tuvieron el tiempo o se confiaron de que los elementos no se iban a recuperar\\\" - Maximiliano Fogel - Noticias Radio Reflejos\",\"isPartOf\":{\"@id\":\"https:\/\/www.noticiasradioreflejos.com.ar\/2021\/#website\"},\"primaryImageOfPage\":{\"@id\":\"https:\/\/www.noticiasradioreflejos.com.ar\/2021\/llegaron-las-ordenes-de-allanamiento-y-estos-sujetos-no-tuvieron-el-tiempo-o-se-confiaron-de-que-los-elementos-no-se-iban-a-recuperar-maximiliano-fogel\/#primaryimage\"},\"image\":{\"@id\":\"https:\/\/www.noticiasradioreflejos.com.ar\/2021\/llegaron-las-ordenes-de-allanamiento-y-estos-sujetos-no-tuvieron-el-tiempo-o-se-confiaron-de-que-los-elementos-no-se-iban-a-recuperar-maximiliano-fogel\/#primaryimage\"},\"thumbnailUrl\":\"\",\"datePublished\":\"2021-01-13T22:26:57+00:00\",\"author\":{\"@id\":\"https:\/\/www.noticiasradioreflejos.com.ar\/2021\/#\/schema\/person\/ad82545263dcc5ec0996818884fd5fb1\"},\"breadcrumb\":{\"@id\":\"https:\/\/www.noticiasradioreflejos.com.ar\/2021\/llegaron-las-ordenes-de-allanamiento-y-estos-sujetos-no-tuvieron-el-tiempo-o-se-confiaron-de-que-los-elementos-no-se-iban-a-recuperar-maximiliano-fogel\/#breadcrumb\"},\"inLanguage\":\"es\",\"potentialAction\":[{\"@type\":\"ReadAction\",\"target\":[\"https:\/\/www.noticiasradioreflejos.com.ar\/2021\/llegaron-las-ordenes-de-allanamiento-y-estos-sujetos-no-tuvieron-el-tiempo-o-se-confiaron-de-que-los-elementos-no-se-iban-a-recuperar-maximiliano-fogel\/\"]}]},{\"@type\":\"ImageObject\",\"inLanguage\":\"es\",\"@id\":\"https:\/\/www.noticiasradioreflejos.com.ar\/2021\/llegaron-las-ordenes-de-allanamiento-y-estos-sujetos-no-tuvieron-el-tiempo-o-se-confiaron-de-que-los-elementos-no-se-iban-a-recuperar-maximiliano-fogel\/#primaryimage\",\"url\":\"\",\"contentUrl\":\"\"},{\"@type\":\"BreadcrumbList\",\"@id\":\"https:\/\/www.noticiasradioreflejos.com.ar\/2021\/llegaron-las-ordenes-de-allanamiento-y-estos-sujetos-no-tuvieron-el-tiempo-o-se-confiaron-de-que-los-elementos-no-se-iban-a-recuperar-maximiliano-fogel\/#breadcrumb\",\"itemListElement\":[{\"@type\":\"ListItem\",\"position\":1,\"name\":\"Portada\",\"item\":\"https:\/\/www.noticiasradioreflejos.com.ar\/2021\/\"},{\"@type\":\"ListItem\",\"position\":2,\"name\":\"\u00abLlegaron las ordenes de allanamiento y estos sujetos no tuvieron el tiempo o se confiaron de que los elementos no se iban a recuperar\u00bb &#8211; Maximiliano Fogel\"}]},{\"@type\":\"WebSite\",\"@id\":\"https:\/\/www.noticiasradioreflejos.com.ar\/2021\/#website\",\"url\":\"https:\/\/www.noticiasradioreflejos.com.ar\/2021\/\",\"name\":\"Noticias Radio Reflejos\",\"description\":\"Las noticias de mi comarca\",\"potentialAction\":[{\"@type\":\"SearchAction\",\"target\":{\"@type\":\"EntryPoint\",\"urlTemplate\":\"https:\/\/www.noticiasradioreflejos.com.ar\/2021\/?s={search_term_string}\"},\"query-input\":{\"@type\":\"PropertyValueSpecification\",\"valueRequired\":true,\"valueName\":\"search_term_string\"}}],\"inLanguage\":\"es\"},{\"@type\":\"Person\",\"@id\":\"https:\/\/www.noticiasradioreflejos.com.ar\/2021\/#\/schema\/person\/ad82545263dcc5ec0996818884fd5fb1\",\"name\":\"Arnaldo Botto\",\"image\":{\"@type\":\"ImageObject\",\"inLanguage\":\"es\",\"@id\":\"https:\/\/www.noticiasradioreflejos.com.ar\/2021\/#\/schema\/person\/image\/\",\"url\":\"https:\/\/secure.gravatar.com\/avatar\/55cb5e37c1efa326397366e6974cb338056df65cb50e7d64d1cf314e87504837?s=96&d=mm&r=g\",\"contentUrl\":\"https:\/\/secure.gravatar.com\/avatar\/55cb5e37c1efa326397366e6974cb338056df65cb50e7d64d1cf314e87504837?s=96&d=mm&r=g\",\"caption\":\"Arnaldo Botto\"},\"url\":\"https:\/\/www.noticiasradioreflejos.com.ar\/2021\/author\/arnaldo\/\"}]}<\/script>\n<!-- \/ Yoast SEO plugin. -->","yoast_head_json":{"title":"\"Llegaron las ordenes de allanamiento y estos sujetos no tuvieron el tiempo o se confiaron de que los elementos no se iban a recuperar\" - Maximiliano Fogel - Noticias Radio Reflejos","robots":{"index":"index","follow":"follow","max-snippet":"max-snippet:-1","max-image-preview":"max-image-preview:large","max-video-preview":"max-video-preview:-1"},"canonical":"https:\/\/www.noticiasradioreflejos.com.ar\/2021\/llegaron-las-ordenes-de-allanamiento-y-estos-sujetos-no-tuvieron-el-tiempo-o-se-confiaron-de-que-los-elementos-no-se-iban-a-recuperar-maximiliano-fogel\/","og_locale":"es_ES","og_type":"article","og_title":"\"Llegaron las ordenes de allanamiento y estos sujetos no tuvieron el tiempo o se confiaron de que los elementos no se iban a recuperar\" - Maximiliano Fogel - Noticias Radio Reflejos","og_description":"Esta ma\u00f1ana, conversamos con el\u00a0Of. Inspector Maximiliano Fogel, Jefe de la Subestaci\u00f3n de la Polic\u00eda Comunal de Sierra de la Ventana, para que nos de los detalles t\u00e9cnicos del\u00a0operativo policial que logr\u00f3 esclarecer\u00a0el robo ocurrido el 7 de Enero en un taller mec\u00e1nico de la localidad.","og_url":"https:\/\/www.noticiasradioreflejos.com.ar\/2021\/llegaron-las-ordenes-de-allanamiento-y-estos-sujetos-no-tuvieron-el-tiempo-o-se-confiaron-de-que-los-elementos-no-se-iban-a-recuperar-maximiliano-fogel\/","og_site_name":"Noticias Radio Reflejos","article_published_time":"2021-01-13T22:26:57+00:00","og_image":[{"width":300,"height":200,"url":"https:\/\/www.noticiasradioreflejos.com.ar\/2021\/wp-content\/uploads\/2021\/07\/logosol300x200.png","type":"image\/png"}],"author":"Arnaldo Botto","twitter_card":"summary_large_image","schema":{"@context":"https:\/\/schema.org","@graph":[{"@type":"WebPage","@id":"https:\/\/www.noticiasradioreflejos.com.ar\/2021\/llegaron-las-ordenes-de-allanamiento-y-estos-sujetos-no-tuvieron-el-tiempo-o-se-confiaron-de-que-los-elementos-no-se-iban-a-recuperar-maximiliano-fogel\/","url":"https:\/\/www.noticiasradioreflejos.com.ar\/2021\/llegaron-las-ordenes-de-allanamiento-y-estos-sujetos-no-tuvieron-el-tiempo-o-se-confiaron-de-que-los-elementos-no-se-iban-a-recuperar-maximiliano-fogel\/","name":"\"Llegaron las ordenes de allanamiento y estos sujetos no tuvieron el tiempo o se confiaron de que los elementos no se iban a recuperar\" - Maximiliano Fogel - Noticias Radio Reflejos","isPartOf":{"@id":"https:\/\/www.noticiasradioreflejos.com.ar\/2021\/#website"},"primaryImageOfPage":{"@id":"https:\/\/www.noticiasradioreflejos.com.ar\/2021\/llegaron-las-ordenes-de-allanamiento-y-estos-sujetos-no-tuvieron-el-tiempo-o-se-confiaron-de-que-los-elementos-no-se-iban-a-recuperar-maximiliano-fogel\/#primaryimage"},"image":{"@id":"https:\/\/www.noticiasradioreflejos.com.ar\/2021\/llegaron-las-ordenes-de-allanamiento-y-estos-sujetos-no-tuvieron-el-tiempo-o-se-confiaron-de-que-los-elementos-no-se-iban-a-recuperar-maximiliano-fogel\/#primaryimage"},"thumbnailUrl":"","datePublished":"2021-01-13T22:26:57+00:00","author":{"@id":"https:\/\/www.noticiasradioreflejos.com.ar\/2021\/#\/schema\/person\/ad82545263dcc5ec0996818884fd5fb1"},"breadcrumb":{"@id":"https:\/\/www.noticiasradioreflejos.com.ar\/2021\/llegaron-las-ordenes-de-allanamiento-y-estos-sujetos-no-tuvieron-el-tiempo-o-se-confiaron-de-que-los-elementos-no-se-iban-a-recuperar-maximiliano-fogel\/#breadcrumb"},"inLanguage":"es","potentialAction":[{"@type":"ReadAction","target":["https:\/\/www.noticiasradioreflejos.com.ar\/2021\/llegaron-las-ordenes-de-allanamiento-y-estos-sujetos-no-tuvieron-el-tiempo-o-se-confiaron-de-que-los-elementos-no-se-iban-a-recuperar-maximiliano-fogel\/"]}]},{"@type":"ImageObject","inLanguage":"es","@id":"https:\/\/www.noticiasradioreflejos.com.ar\/2021\/llegaron-las-ordenes-de-allanamiento-y-estos-sujetos-no-tuvieron-el-tiempo-o-se-confiaron-de-que-los-elementos-no-se-iban-a-recuperar-maximiliano-fogel\/#primaryimage","url":"","contentUrl":""},{"@type":"BreadcrumbList","@id":"https:\/\/www.noticiasradioreflejos.com.ar\/2021\/llegaron-las-ordenes-de-allanamiento-y-estos-sujetos-no-tuvieron-el-tiempo-o-se-confiaron-de-que-los-elementos-no-se-iban-a-recuperar-maximiliano-fogel\/#breadcrumb","itemListElement":[{"@type":"ListItem","position":1,"name":"Portada","item":"https:\/\/www.noticiasradioreflejos.com.ar\/2021\/"},{"@type":"ListItem","position":2,"name":"\u00abLlegaron las ordenes de allanamiento y estos sujetos no tuvieron el tiempo o se confiaron de que los elementos no se iban a recuperar\u00bb &#8211; Maximiliano Fogel"}]},{"@type":"WebSite","@id":"https:\/\/www.noticiasradioreflejos.com.ar\/2021\/#website","url":"https:\/\/www.noticiasradioreflejos.com.ar\/2021\/","name":"Noticias Radio Reflejos","description":"Las noticias de mi comarca","potentialAction":[{"@type":"SearchAction","target":{"@type":"EntryPoint","urlTemplate":"https:\/\/www.noticiasradioreflejos.com.ar\/2021\/?s={search_term_string}"},"query-input":{"@type":"PropertyValueSpecification","valueRequired":true,"valueName":"search_term_string"}}],"inLanguage":"es"},{"@type":"Person","@id":"https:\/\/www.noticiasradioreflejos.com.ar\/2021\/#\/schema\/person\/ad82545263dcc5ec0996818884fd5fb1","name":"Arnaldo Botto","image":{"@type":"ImageObject","inLanguage":"es","@id":"https:\/\/www.noticiasradioreflejos.com.ar\/2021\/#\/schema\/person\/image\/","url":"https:\/\/secure.gravatar.com\/avatar\/55cb5e37c1efa326397366e6974cb338056df65cb50e7d64d1cf314e87504837?s=96&d=mm&r=g","contentUrl":"https:\/\/secure.gravatar.com\/avatar\/55cb5e37c1efa326397366e6974cb338056df65cb50e7d64d1cf314e87504837?s=96&d=mm&r=g","caption":"Arnaldo Botto"},"url":"https:\/\/www.noticiasradioreflejos.com.ar\/2021\/author\/arnaldo\/"}]}},"_links":{"self":[{"href":"https:\/\/www.noticiasradioreflejos.com.ar\/2021\/wp-json\/wp\/v2\/posts\/51267","targetHints":{"allow":["GET"]}}],"collection":[{"href":"https:\/\/www.noticiasradioreflejos.com.ar\/2021\/wp-json\/wp\/v2\/posts"}],"about":[{"href":"https:\/\/www.noticiasradioreflejos.com.ar\/2021\/wp-json\/wp\/v2\/types\/post"}],"author":[{"embeddable":true,"href":"https:\/\/www.noticiasradioreflejos.com.ar\/2021\/wp-json\/wp\/v2\/users\/3"}],"replies":[{"embeddable":true,"href":"https:\/\/www.noticiasradioreflejos.com.ar\/2021\/wp-json\/wp\/v2\/comments?post=51267"}],"version-history":[{"count":0,"href":"https:\/\/www.noticiasradioreflejos.com.ar\/2021\/wp-json\/wp\/v2\/posts\/51267\/revisions"}],"wp:featuredmedia":[{"embeddable":true,"href":"https:\/\/www.noticiasradioreflejos.com.ar\/2021\/wp-json\/"}],"wp:attachment":[{"href":"https:\/\/www.noticiasradioreflejos.com.ar\/2021\/wp-json\/wp\/v2\/media?parent=51267"}],"wp:term":[{"taxonomy":"category","embeddable":true,"href":"https:\/\/www.noticiasradioreflejos.com.ar\/2021\/wp-json\/wp\/v2\/categories?post=51267"},{"taxonomy":"post_tag","embeddable":true,"href":"https:\/\/www.noticiasradioreflejos.com.ar\/2021\/wp-json\/wp\/v2\/tags?post=51267"}],"curies":[{"name":"wp","href":"https:\/\/api.w.org\/{rel}","templated":true}]}}