{"id":51264,"date":"2021-01-13T19:20:51","date_gmt":"2021-01-13T22:20:51","guid":{"rendered":"http:\/\/www.noticiasradioreflejos.com.ar\/noticias\/?p=51264"},"modified":"2021-01-13T19:20:51","modified_gmt":"2021-01-13T22:20:51","slug":"esta-gente-va-a-quedar-afuera-tenemos-que-denunciar-y-aplaudir-la-policia-que-tenemos-esos-hombres-son-una-maravilla-de-profesionales-jorge-camara","status":"publish","type":"post","link":"https:\/\/www.noticiasradioreflejos.com.ar\/2021\/esta-gente-va-a-quedar-afuera-tenemos-que-denunciar-y-aplaudir-la-policia-que-tenemos-esos-hombres-son-una-maravilla-de-profesionales-jorge-camara\/","title":{"rendered":"\u00abEsta gente va a quedar afuera, tenemos que denunciar y aplaudir la polic\u00eda que tenemos. Esos hombres son una maravilla de profesionales\u00bb  &#8211; Jorge C\u00e1mara"},"content":{"rendered":"<p>Nuestro entrevistado, mec\u00e1nico, el d\u00eda 7 de Enero fue el protagonista de un robo que tom\u00f3 lugar en Sierra de la Ventana. Cuando lleg\u00f3 a su taller, se encontr\u00f3 con la puerta del local violentada y con el robo de todas las herramientas de su trabajo. En esta nota, Jorge nos da detalles de lo ocurrido y nos transmite la alegr\u00eda de haber podido recuperar todo gracias a la buena labor de la polic\u00eda de Sierra de la Ventana y Tornquist.<!--more--><\/p>\n<p>\u00abAyer estaba muy emocionado porque mi vida es la mec\u00e1nica, a mi me cortaron las manos. Volv\u00ed a trabajar despu\u00e9s de 3 d\u00edas intensos de lluvia y no me dejaron nada. A la edad de uno, \u00bfde d\u00f3nde saco las ganas de volver a empezar? No hay palabras para un momento tan feo, te violan tu privacidad. Fue una sensaci\u00f3n horrible que no se la deseo a nadie\u00bb expres\u00f3 Jorge al comenzar la nota.<\/p>\n<p><a title=\"Jorge C\u00e1mara\" href=\"http:\/\/live.staticflickr.com\/65535\/50833051216_bbed1a327f_s.jpg\" rel=\"\"><img loading=\"lazy\" decoding=\"async\" class=\"alignleft\" style=\"float: left;\" title=\"Jorge C\u00e1mara\" src=\"http:\/\/live.staticflickr.com\/65535\/50833051216_bbed1a327f_z.jpg\" alt=\"Jorge C\u00e1mara\" width=\"360\" height=\"640\" \/><\/a>\u00abLa polic\u00eda hizo un trabajo excelente, sab\u00edan que no iban a poder vender las herramientas porque al momento en que alguien compre una llave le iba a quemar las manos\u00bb resalt\u00f3 Jorge la buena labor de la polic\u00eda cient\u00edfica. Agreg\u00f3 que el ten\u00eda una visi\u00f3n positiva sobre el desenlace de la situaci\u00f3n, porque en la localidad es muy raro que se realicen este tipo de siniestros. \u00abEs gente que no tiene que estar en la comarca, que ensucia la comarca, no deben ser de ac\u00e1\u00bb opin\u00f3.<\/p>\n<p>Jorge aclar\u00f3 que no tuvo contacto con los imputados previo al robo, pero sostiene que \u00abDe la forma que fue el robo, sab\u00edan donde estaba cada cosa, fue trabajo quir\u00fargico\u00bb.<\/p>\n<p>\u00abSoy un agradecido de Sierra de la Ventana porque me abrieron las puertas, yo desde el minuto 0 siempre tuve trabajo. Es una gente hermosa la que hay en esta comarca. Dos personas de estas a mi no me van a cambiar el parecer de lo que yo siento por Sierra de la Ventana. Esta gente va a quedar afuera, tenemos que denunciar y aplaudir la polic\u00eda que tenemos. Esos hombres son una maravilla de profesionales\u00bb expres\u00f3 al final de la nota.<\/p>\n<p>&nbsp;<\/p>\n<p>&nbsp;<\/p>\n<p><strong>Nota completa a continuaci\u00f3n:<\/strong><br \/>\n<iframe loading=\"lazy\" src=\"https:\/\/w.soundcloud.com\/player\/?url=https%3A\/\/api.soundcloud.com\/tracks\/964794895&amp;color=%23ff5500&amp;auto_play=false&amp;hide_related=false&amp;show_comments=true&amp;show_user=true&amp;show_reposts=false&amp;show_teaser=true\" width=\"100%\" height=\"166\" frameborder=\"no\" scrolling=\"no\"><\/iframe><\/p>\n<div style=\"font-size: 10px; color: #cccccc; line-break: anywhere; word-break: normal; overflow: hidden; white-space: nowrap; text-overflow: ellipsis; font-family: Interstate,Lucida Grande,Lucida Sans Unicode,Lucida Sans,Garuda,Verdana,Tahoma,sans-serif; font-weight: 100;\"><a style=\"color: #cccccc; text-decoration: none;\" title=\"fmreflejos 103.7\" href=\"https:\/\/soundcloud.com\/fmreflejos-103-7\" target=\"_blank\" rel=\"noopener\">fmreflejos 103.7<\/a> \u00b7 <a style=\"color: #cccccc; text-decoration: none;\" title=\"Nota Jorge Camara\" href=\"https:\/\/soundcloud.com\/fmreflejos-103-7\/nota-jorge-camara\" target=\"_blank\" rel=\"noopener\">Nota Jorge Camara<\/a><\/div>\n","protected":false},"excerpt":{"rendered":"<p>Nuestro entrevistado, mec\u00e1nico, el d\u00eda 7 de Enero fue el protagonista de un robo que tom\u00f3 lugar en Sierra de la Ventana. Cuando lleg\u00f3 a su taller, se encontr\u00f3 con la puerta del local violentada y con el robo de todas las herramientas de su trabajo. En esta nota, Jorge nos da detalles de lo [&hellip;]<\/p>\n","protected":false},"author":3,"featured_media":51271,"comment_status":"closed","ping_status":"open","sticky":false,"template":"","format":"standard","meta":{"footnotes":""},"categories":[29],"tags":[],"class_list":["post-51264","post","type-post","status-publish","format-standard","has-post-thumbnail","hentry","category-policiales"],"yoast_head":"<!-- This site is optimized with the Yoast SEO plugin v25.9 - https:\/\/yoast.com\/wordpress\/plugins\/seo\/ -->\n<title>&quot;Esta gente va a quedar afuera, tenemos que denunciar y aplaudir la polic\u00eda que tenemos. Esos hombres son una maravilla de profesionales&quot; - Jorge C\u00e1mara - Noticias Radio Reflejos<\/title>\n<meta name=\"robots\" content=\"index, follow, max-snippet:-1, max-image-preview:large, max-video-preview:-1\" \/>\n<link rel=\"canonical\" href=\"https:\/\/www.noticiasradioreflejos.com.ar\/2021\/esta-gente-va-a-quedar-afuera-tenemos-que-denunciar-y-aplaudir-la-policia-que-tenemos-esos-hombres-son-una-maravilla-de-profesionales-jorge-camara\/\" \/>\n<meta property=\"og:locale\" content=\"es_ES\" \/>\n<meta property=\"og:type\" content=\"article\" \/>\n<meta property=\"og:title\" content=\"&quot;Esta gente va a quedar afuera, tenemos que denunciar y aplaudir la polic\u00eda que tenemos. Esos hombres son una maravilla de profesionales&quot; - Jorge C\u00e1mara - Noticias Radio Reflejos\" \/>\n<meta property=\"og:description\" content=\"Nuestro entrevistado, mec\u00e1nico, el d\u00eda 7 de Enero fue el protagonista de un robo que tom\u00f3 lugar en Sierra de la Ventana. Cuando lleg\u00f3 a su taller, se encontr\u00f3 con la puerta del local violentada y con el robo de todas las herramientas de su trabajo. En esta nota, Jorge nos da detalles de lo [&hellip;]\" \/>\n<meta property=\"og:url\" content=\"https:\/\/www.noticiasradioreflejos.com.ar\/2021\/esta-gente-va-a-quedar-afuera-tenemos-que-denunciar-y-aplaudir-la-policia-que-tenemos-esos-hombres-son-una-maravilla-de-profesionales-jorge-camara\/\" \/>\n<meta property=\"og:site_name\" content=\"Noticias Radio Reflejos\" \/>\n<meta property=\"article:published_time\" content=\"2021-01-13T22:20:51+00:00\" \/>\n<meta property=\"og:image\" content=\"https:\/\/www.noticiasradioreflejos.com.ar\/2021\/wp-content\/uploads\/2021\/07\/logosol300x200.png\" \/>\n\t<meta property=\"og:image:width\" content=\"300\" \/>\n\t<meta property=\"og:image:height\" content=\"200\" \/>\n\t<meta property=\"og:image:type\" content=\"image\/png\" \/>\n<meta name=\"author\" content=\"Arnaldo Botto\" \/>\n<meta name=\"twitter:card\" content=\"summary_large_image\" \/>\n<script type=\"application\/ld+json\" class=\"yoast-schema-graph\">{\"@context\":\"https:\/\/schema.org\",\"@graph\":[{\"@type\":\"WebPage\",\"@id\":\"https:\/\/www.noticiasradioreflejos.com.ar\/2021\/esta-gente-va-a-quedar-afuera-tenemos-que-denunciar-y-aplaudir-la-policia-que-tenemos-esos-hombres-son-una-maravilla-de-profesionales-jorge-camara\/\",\"url\":\"https:\/\/www.noticiasradioreflejos.com.ar\/2021\/esta-gente-va-a-quedar-afuera-tenemos-que-denunciar-y-aplaudir-la-policia-que-tenemos-esos-hombres-son-una-maravilla-de-profesionales-jorge-camara\/\",\"name\":\"\\\"Esta gente va a quedar afuera, tenemos que denunciar y aplaudir la polic\u00eda que tenemos. Esos hombres son una maravilla de profesionales\\\" - Jorge C\u00e1mara - Noticias Radio Reflejos\",\"isPartOf\":{\"@id\":\"https:\/\/www.noticiasradioreflejos.com.ar\/2021\/#website\"},\"primaryImageOfPage\":{\"@id\":\"https:\/\/www.noticiasradioreflejos.com.ar\/2021\/esta-gente-va-a-quedar-afuera-tenemos-que-denunciar-y-aplaudir-la-policia-que-tenemos-esos-hombres-son-una-maravilla-de-profesionales-jorge-camara\/#primaryimage\"},\"image\":{\"@id\":\"https:\/\/www.noticiasradioreflejos.com.ar\/2021\/esta-gente-va-a-quedar-afuera-tenemos-que-denunciar-y-aplaudir-la-policia-que-tenemos-esos-hombres-son-una-maravilla-de-profesionales-jorge-camara\/#primaryimage\"},\"thumbnailUrl\":\"\",\"datePublished\":\"2021-01-13T22:20:51+00:00\",\"author\":{\"@id\":\"https:\/\/www.noticiasradioreflejos.com.ar\/2021\/#\/schema\/person\/ad82545263dcc5ec0996818884fd5fb1\"},\"breadcrumb\":{\"@id\":\"https:\/\/www.noticiasradioreflejos.com.ar\/2021\/esta-gente-va-a-quedar-afuera-tenemos-que-denunciar-y-aplaudir-la-policia-que-tenemos-esos-hombres-son-una-maravilla-de-profesionales-jorge-camara\/#breadcrumb\"},\"inLanguage\":\"es\",\"potentialAction\":[{\"@type\":\"ReadAction\",\"target\":[\"https:\/\/www.noticiasradioreflejos.com.ar\/2021\/esta-gente-va-a-quedar-afuera-tenemos-que-denunciar-y-aplaudir-la-policia-que-tenemos-esos-hombres-son-una-maravilla-de-profesionales-jorge-camara\/\"]}]},{\"@type\":\"ImageObject\",\"inLanguage\":\"es\",\"@id\":\"https:\/\/www.noticiasradioreflejos.com.ar\/2021\/esta-gente-va-a-quedar-afuera-tenemos-que-denunciar-y-aplaudir-la-policia-que-tenemos-esos-hombres-son-una-maravilla-de-profesionales-jorge-camara\/#primaryimage\",\"url\":\"\",\"contentUrl\":\"\"},{\"@type\":\"BreadcrumbList\",\"@id\":\"https:\/\/www.noticiasradioreflejos.com.ar\/2021\/esta-gente-va-a-quedar-afuera-tenemos-que-denunciar-y-aplaudir-la-policia-que-tenemos-esos-hombres-son-una-maravilla-de-profesionales-jorge-camara\/#breadcrumb\",\"itemListElement\":[{\"@type\":\"ListItem\",\"position\":1,\"name\":\"Portada\",\"item\":\"https:\/\/www.noticiasradioreflejos.com.ar\/2021\/\"},{\"@type\":\"ListItem\",\"position\":2,\"name\":\"\u00abEsta gente va a quedar afuera, tenemos que denunciar y aplaudir la polic\u00eda que tenemos. Esos hombres son una maravilla de profesionales\u00bb &#8211; Jorge C\u00e1mara\"}]},{\"@type\":\"WebSite\",\"@id\":\"https:\/\/www.noticiasradioreflejos.com.ar\/2021\/#website\",\"url\":\"https:\/\/www.noticiasradioreflejos.com.ar\/2021\/\",\"name\":\"Noticias Radio Reflejos\",\"description\":\"Las noticias de mi comarca\",\"potentialAction\":[{\"@type\":\"SearchAction\",\"target\":{\"@type\":\"EntryPoint\",\"urlTemplate\":\"https:\/\/www.noticiasradioreflejos.com.ar\/2021\/?s={search_term_string}\"},\"query-input\":{\"@type\":\"PropertyValueSpecification\",\"valueRequired\":true,\"valueName\":\"search_term_string\"}}],\"inLanguage\":\"es\"},{\"@type\":\"Person\",\"@id\":\"https:\/\/www.noticiasradioreflejos.com.ar\/2021\/#\/schema\/person\/ad82545263dcc5ec0996818884fd5fb1\",\"name\":\"Arnaldo Botto\",\"image\":{\"@type\":\"ImageObject\",\"inLanguage\":\"es\",\"@id\":\"https:\/\/www.noticiasradioreflejos.com.ar\/2021\/#\/schema\/person\/image\/\",\"url\":\"https:\/\/secure.gravatar.com\/avatar\/55cb5e37c1efa326397366e6974cb338056df65cb50e7d64d1cf314e87504837?s=96&d=mm&r=g\",\"contentUrl\":\"https:\/\/secure.gravatar.com\/avatar\/55cb5e37c1efa326397366e6974cb338056df65cb50e7d64d1cf314e87504837?s=96&d=mm&r=g\",\"caption\":\"Arnaldo Botto\"},\"url\":\"https:\/\/www.noticiasradioreflejos.com.ar\/2021\/author\/arnaldo\/\"}]}<\/script>\n<!-- \/ Yoast SEO plugin. -->","yoast_head_json":{"title":"\"Esta gente va a quedar afuera, tenemos que denunciar y aplaudir la polic\u00eda que tenemos. Esos hombres son una maravilla de profesionales\" - Jorge C\u00e1mara - Noticias Radio Reflejos","robots":{"index":"index","follow":"follow","max-snippet":"max-snippet:-1","max-image-preview":"max-image-preview:large","max-video-preview":"max-video-preview:-1"},"canonical":"https:\/\/www.noticiasradioreflejos.com.ar\/2021\/esta-gente-va-a-quedar-afuera-tenemos-que-denunciar-y-aplaudir-la-policia-que-tenemos-esos-hombres-son-una-maravilla-de-profesionales-jorge-camara\/","og_locale":"es_ES","og_type":"article","og_title":"\"Esta gente va a quedar afuera, tenemos que denunciar y aplaudir la polic\u00eda que tenemos. Esos hombres son una maravilla de profesionales\" - Jorge C\u00e1mara - Noticias Radio Reflejos","og_description":"Nuestro entrevistado, mec\u00e1nico, el d\u00eda 7 de Enero fue el protagonista de un robo que tom\u00f3 lugar en Sierra de la Ventana. Cuando lleg\u00f3 a su taller, se encontr\u00f3 con la puerta del local violentada y con el robo de todas las herramientas de su trabajo. En esta nota, Jorge nos da detalles de lo [&hellip;]","og_url":"https:\/\/www.noticiasradioreflejos.com.ar\/2021\/esta-gente-va-a-quedar-afuera-tenemos-que-denunciar-y-aplaudir-la-policia-que-tenemos-esos-hombres-son-una-maravilla-de-profesionales-jorge-camara\/","og_site_name":"Noticias Radio Reflejos","article_published_time":"2021-01-13T22:20:51+00:00","og_image":[{"width":300,"height":200,"url":"https:\/\/www.noticiasradioreflejos.com.ar\/2021\/wp-content\/uploads\/2021\/07\/logosol300x200.png","type":"image\/png"}],"author":"Arnaldo Botto","twitter_card":"summary_large_image","schema":{"@context":"https:\/\/schema.org","@graph":[{"@type":"WebPage","@id":"https:\/\/www.noticiasradioreflejos.com.ar\/2021\/esta-gente-va-a-quedar-afuera-tenemos-que-denunciar-y-aplaudir-la-policia-que-tenemos-esos-hombres-son-una-maravilla-de-profesionales-jorge-camara\/","url":"https:\/\/www.noticiasradioreflejos.com.ar\/2021\/esta-gente-va-a-quedar-afuera-tenemos-que-denunciar-y-aplaudir-la-policia-que-tenemos-esos-hombres-son-una-maravilla-de-profesionales-jorge-camara\/","name":"\"Esta gente va a quedar afuera, tenemos que denunciar y aplaudir la polic\u00eda que tenemos. Esos hombres son una maravilla de profesionales\" - Jorge C\u00e1mara - Noticias Radio Reflejos","isPartOf":{"@id":"https:\/\/www.noticiasradioreflejos.com.ar\/2021\/#website"},"primaryImageOfPage":{"@id":"https:\/\/www.noticiasradioreflejos.com.ar\/2021\/esta-gente-va-a-quedar-afuera-tenemos-que-denunciar-y-aplaudir-la-policia-que-tenemos-esos-hombres-son-una-maravilla-de-profesionales-jorge-camara\/#primaryimage"},"image":{"@id":"https:\/\/www.noticiasradioreflejos.com.ar\/2021\/esta-gente-va-a-quedar-afuera-tenemos-que-denunciar-y-aplaudir-la-policia-que-tenemos-esos-hombres-son-una-maravilla-de-profesionales-jorge-camara\/#primaryimage"},"thumbnailUrl":"","datePublished":"2021-01-13T22:20:51+00:00","author":{"@id":"https:\/\/www.noticiasradioreflejos.com.ar\/2021\/#\/schema\/person\/ad82545263dcc5ec0996818884fd5fb1"},"breadcrumb":{"@id":"https:\/\/www.noticiasradioreflejos.com.ar\/2021\/esta-gente-va-a-quedar-afuera-tenemos-que-denunciar-y-aplaudir-la-policia-que-tenemos-esos-hombres-son-una-maravilla-de-profesionales-jorge-camara\/#breadcrumb"},"inLanguage":"es","potentialAction":[{"@type":"ReadAction","target":["https:\/\/www.noticiasradioreflejos.com.ar\/2021\/esta-gente-va-a-quedar-afuera-tenemos-que-denunciar-y-aplaudir-la-policia-que-tenemos-esos-hombres-son-una-maravilla-de-profesionales-jorge-camara\/"]}]},{"@type":"ImageObject","inLanguage":"es","@id":"https:\/\/www.noticiasradioreflejos.com.ar\/2021\/esta-gente-va-a-quedar-afuera-tenemos-que-denunciar-y-aplaudir-la-policia-que-tenemos-esos-hombres-son-una-maravilla-de-profesionales-jorge-camara\/#primaryimage","url":"","contentUrl":""},{"@type":"BreadcrumbList","@id":"https:\/\/www.noticiasradioreflejos.com.ar\/2021\/esta-gente-va-a-quedar-afuera-tenemos-que-denunciar-y-aplaudir-la-policia-que-tenemos-esos-hombres-son-una-maravilla-de-profesionales-jorge-camara\/#breadcrumb","itemListElement":[{"@type":"ListItem","position":1,"name":"Portada","item":"https:\/\/www.noticiasradioreflejos.com.ar\/2021\/"},{"@type":"ListItem","position":2,"name":"\u00abEsta gente va a quedar afuera, tenemos que denunciar y aplaudir la polic\u00eda que tenemos. Esos hombres son una maravilla de profesionales\u00bb &#8211; Jorge C\u00e1mara"}]},{"@type":"WebSite","@id":"https:\/\/www.noticiasradioreflejos.com.ar\/2021\/#website","url":"https:\/\/www.noticiasradioreflejos.com.ar\/2021\/","name":"Noticias Radio Reflejos","description":"Las noticias de mi comarca","potentialAction":[{"@type":"SearchAction","target":{"@type":"EntryPoint","urlTemplate":"https:\/\/www.noticiasradioreflejos.com.ar\/2021\/?s={search_term_string}"},"query-input":{"@type":"PropertyValueSpecification","valueRequired":true,"valueName":"search_term_string"}}],"inLanguage":"es"},{"@type":"Person","@id":"https:\/\/www.noticiasradioreflejos.com.ar\/2021\/#\/schema\/person\/ad82545263dcc5ec0996818884fd5fb1","name":"Arnaldo Botto","image":{"@type":"ImageObject","inLanguage":"es","@id":"https:\/\/www.noticiasradioreflejos.com.ar\/2021\/#\/schema\/person\/image\/","url":"https:\/\/secure.gravatar.com\/avatar\/55cb5e37c1efa326397366e6974cb338056df65cb50e7d64d1cf314e87504837?s=96&d=mm&r=g","contentUrl":"https:\/\/secure.gravatar.com\/avatar\/55cb5e37c1efa326397366e6974cb338056df65cb50e7d64d1cf314e87504837?s=96&d=mm&r=g","caption":"Arnaldo Botto"},"url":"https:\/\/www.noticiasradioreflejos.com.ar\/2021\/author\/arnaldo\/"}]}},"_links":{"self":[{"href":"https:\/\/www.noticiasradioreflejos.com.ar\/2021\/wp-json\/wp\/v2\/posts\/51264","targetHints":{"allow":["GET"]}}],"collection":[{"href":"https:\/\/www.noticiasradioreflejos.com.ar\/2021\/wp-json\/wp\/v2\/posts"}],"about":[{"href":"https:\/\/www.noticiasradioreflejos.com.ar\/2021\/wp-json\/wp\/v2\/types\/post"}],"author":[{"embeddable":true,"href":"https:\/\/www.noticiasradioreflejos.com.ar\/2021\/wp-json\/wp\/v2\/users\/3"}],"replies":[{"embeddable":true,"href":"https:\/\/www.noticiasradioreflejos.com.ar\/2021\/wp-json\/wp\/v2\/comments?post=51264"}],"version-history":[{"count":0,"href":"https:\/\/www.noticiasradioreflejos.com.ar\/2021\/wp-json\/wp\/v2\/posts\/51264\/revisions"}],"wp:featuredmedia":[{"embeddable":true,"href":"https:\/\/www.noticiasradioreflejos.com.ar\/2021\/wp-json\/"}],"wp:attachment":[{"href":"https:\/\/www.noticiasradioreflejos.com.ar\/2021\/wp-json\/wp\/v2\/media?parent=51264"}],"wp:term":[{"taxonomy":"category","embeddable":true,"href":"https:\/\/www.noticiasradioreflejos.com.ar\/2021\/wp-json\/wp\/v2\/categories?post=51264"},{"taxonomy":"post_tag","embeddable":true,"href":"https:\/\/www.noticiasradioreflejos.com.ar\/2021\/wp-json\/wp\/v2\/tags?post=51264"}],"curies":[{"name":"wp","href":"https:\/\/api.w.org\/{rel}","templated":true}]}}