{"id":51260,"date":"2021-01-13T14:46:16","date_gmt":"2021-01-13T17:46:16","guid":{"rendered":"http:\/\/www.noticiasradioreflejos.com.ar\/noticias\/?p=51260"},"modified":"2021-01-13T14:46:16","modified_gmt":"2021-01-13T17:46:16","slug":"imputan-al-medico-que-receto-dioxido-de-cloro-al-paciente-del-otamendi","status":"publish","type":"post","link":"https:\/\/www.noticiasradioreflejos.com.ar\/2021\/imputan-al-medico-que-receto-dioxido-de-cloro-al-paciente-del-otamendi\/","title":{"rendered":"Imputan al m\u00e9dico que recet\u00f3 di\u00f3xido de cloro al paciente del Otamendi"},"content":{"rendered":"<p><strong><span style=\"background-color: #ffcc00;\">Dante Converti<\/span><\/strong>, el m\u00e9dico que\u00a0<b>recet\u00f3 di\u00f3xido de cloro<\/b>\u00a0al paciente que muri\u00f3 en el Sanatorio Otamendi,\u00a0<b>fue imputado en la causa penal\u00a0<\/b>que tramita en el fuero federal porte\u00f1o por la denuncia del Ministerio de Salud. La noche del martes se realiz\u00f3 un allanamiento en el consultorio del neurocirujano.<!--more--><\/p>\n<p>La investigaci\u00f3n se inici\u00f3 a partir de una denuncia presentada el martes ante la Polic\u00eda \u201ccomo un hecho de prevenci\u00f3n\u201d, seg\u00fan fuentes judiciales. Sebasti\u00e1n Casanello, el juez que qued\u00f3 a cargo de la causa,<b>\u00a0orden\u00f3 el allanamiento\u00a0<\/b>para \u00abpreservar la prueba\u00bb que fue trasladada al juzgado con sede en Comodoro Py 2002 y ahora \u00abser\u00e1 analizada\u00bb.<\/p>\n<p>La denuncia contra Converti est\u00e1 vinculada a la prescripci\u00f3n de\u00a0<a href=\"https:\/\/www.pagina12.com.ar\/316948-dioxido-de-cloro-repudio-cientifico-y-denuncia-por-mala-prax\">di\u00f3xido de cloro<\/a>\u00a0para tratar el cuadro de coronavirus que padec\u00eda Oscar Garc\u00eda R\u00faa. El tratamiento hab\u00eda sido ordenado por un juez porque el equipo m\u00e9dico del Sanatorio Otamendi se negaba a utilizar el qu\u00edmico que no cuenta con la autorizaci\u00f3n de la Administraci\u00f3n Nacional de Medicamentos, Alimentos y Tecnolog\u00eda M\u00e9dica (Anmat).<\/p>\n<p>La aplicaci\u00f3n de un qu\u00edmico que tendr\u00eda \u00abcar\u00e1cter nocivo\u00bb para la salud es un tipo de delito que se investiga en la Justicia federal. Converti est\u00e1 imputado y es investigado, aunque\u00a0<b>todav\u00eda no se formul\u00f3 una calificaci\u00f3n concreta del delito<\/b>\u00a0que podr\u00eda atribu\u00edrsele. Tambi\u00e9n est\u00e1 imputado por\u00a0<a href=\"https:\/\/www.pagina12.com.ar\/316928-denuncian-por-mala-praxis-judicial-al-magistrado-que-autoriz\">\u00abmala praxis judicial\u00bb el juez que autoriz\u00f3 el tratamiento<\/a>.<\/p>\n<p>Durante el allanamiento en el consultorio ubicado en la calle Ayacucho, que se inici\u00f3 poco despu\u00e9s de las 21 y culmin\u00f3 a las 23,<b>\u00a0la Polic\u00eda secuestr\u00f3 historias cl\u00ednicas y recetas de di\u00f3xido de cloro<\/b>, entre otras evidencias.<\/p>\n","protected":false},"excerpt":{"rendered":"<p>Dante Converti, el m\u00e9dico que\u00a0recet\u00f3 di\u00f3xido de cloro\u00a0al paciente que muri\u00f3 en el Sanatorio Otamendi,\u00a0fue imputado en la causa penal\u00a0que tramita en el fuero federal porte\u00f1o por la denuncia del Ministerio de Salud. La noche del martes se realiz\u00f3 un allanamiento en el consultorio del neurocirujano.<\/p>\n","protected":false},"author":3,"featured_media":0,"comment_status":"closed","ping_status":"open","sticky":false,"template":"","format":"standard","meta":{"footnotes":""},"categories":[26],"tags":[],"class_list":["post-51260","post","type-post","status-publish","format-standard","hentry","category-sociedad"],"yoast_head":"<!-- This site is optimized with the Yoast SEO plugin v25.9 - https:\/\/yoast.com\/wordpress\/plugins\/seo\/ -->\n<title>Imputan al m\u00e9dico que recet\u00f3 di\u00f3xido de cloro al paciente del Otamendi - Noticias Radio Reflejos<\/title>\n<meta name=\"robots\" content=\"index, follow, max-snippet:-1, max-image-preview:large, max-video-preview:-1\" \/>\n<link rel=\"canonical\" href=\"https:\/\/www.noticiasradioreflejos.com.ar\/2021\/imputan-al-medico-que-receto-dioxido-de-cloro-al-paciente-del-otamendi\/\" \/>\n<meta property=\"og:locale\" content=\"es_ES\" \/>\n<meta property=\"og:type\" content=\"article\" \/>\n<meta property=\"og:title\" content=\"Imputan al m\u00e9dico que recet\u00f3 di\u00f3xido de cloro al paciente del Otamendi - Noticias Radio Reflejos\" \/>\n<meta property=\"og:description\" content=\"Dante Converti, el m\u00e9dico que\u00a0recet\u00f3 di\u00f3xido de cloro\u00a0al paciente que muri\u00f3 en el Sanatorio Otamendi,\u00a0fue imputado en la causa penal\u00a0que tramita en el fuero federal porte\u00f1o por la denuncia del Ministerio de Salud. La noche del martes se realiz\u00f3 un allanamiento en el consultorio del neurocirujano.\" \/>\n<meta property=\"og:url\" content=\"https:\/\/www.noticiasradioreflejos.com.ar\/2021\/imputan-al-medico-que-receto-dioxido-de-cloro-al-paciente-del-otamendi\/\" \/>\n<meta property=\"og:site_name\" content=\"Noticias Radio Reflejos\" \/>\n<meta property=\"article:published_time\" content=\"2021-01-13T17:46:16+00:00\" \/>\n<meta property=\"og:image\" content=\"https:\/\/www.noticiasradioreflejos.com.ar\/2021\/wp-content\/uploads\/2021\/07\/logosol300x200.png\" \/>\n\t<meta property=\"og:image:width\" content=\"300\" \/>\n\t<meta property=\"og:image:height\" content=\"200\" \/>\n\t<meta property=\"og:image:type\" content=\"image\/png\" \/>\n<meta name=\"author\" content=\"Arnaldo Botto\" \/>\n<meta name=\"twitter:card\" content=\"summary_large_image\" \/>\n<script type=\"application\/ld+json\" class=\"yoast-schema-graph\">{\"@context\":\"https:\/\/schema.org\",\"@graph\":[{\"@type\":\"WebPage\",\"@id\":\"https:\/\/www.noticiasradioreflejos.com.ar\/2021\/imputan-al-medico-que-receto-dioxido-de-cloro-al-paciente-del-otamendi\/\",\"url\":\"https:\/\/www.noticiasradioreflejos.com.ar\/2021\/imputan-al-medico-que-receto-dioxido-de-cloro-al-paciente-del-otamendi\/\",\"name\":\"Imputan al m\u00e9dico que recet\u00f3 di\u00f3xido de cloro al paciente del Otamendi - Noticias Radio Reflejos\",\"isPartOf\":{\"@id\":\"https:\/\/www.noticiasradioreflejos.com.ar\/2021\/#website\"},\"datePublished\":\"2021-01-13T17:46:16+00:00\",\"author\":{\"@id\":\"https:\/\/www.noticiasradioreflejos.com.ar\/2021\/#\/schema\/person\/ad82545263dcc5ec0996818884fd5fb1\"},\"breadcrumb\":{\"@id\":\"https:\/\/www.noticiasradioreflejos.com.ar\/2021\/imputan-al-medico-que-receto-dioxido-de-cloro-al-paciente-del-otamendi\/#breadcrumb\"},\"inLanguage\":\"es\",\"potentialAction\":[{\"@type\":\"ReadAction\",\"target\":[\"https:\/\/www.noticiasradioreflejos.com.ar\/2021\/imputan-al-medico-que-receto-dioxido-de-cloro-al-paciente-del-otamendi\/\"]}]},{\"@type\":\"BreadcrumbList\",\"@id\":\"https:\/\/www.noticiasradioreflejos.com.ar\/2021\/imputan-al-medico-que-receto-dioxido-de-cloro-al-paciente-del-otamendi\/#breadcrumb\",\"itemListElement\":[{\"@type\":\"ListItem\",\"position\":1,\"name\":\"Portada\",\"item\":\"https:\/\/www.noticiasradioreflejos.com.ar\/2021\/\"},{\"@type\":\"ListItem\",\"position\":2,\"name\":\"Imputan al m\u00e9dico que recet\u00f3 di\u00f3xido de cloro al paciente del Otamendi\"}]},{\"@type\":\"WebSite\",\"@id\":\"https:\/\/www.noticiasradioreflejos.com.ar\/2021\/#website\",\"url\":\"https:\/\/www.noticiasradioreflejos.com.ar\/2021\/\",\"name\":\"Noticias Radio Reflejos\",\"description\":\"Las noticias de mi comarca\",\"potentialAction\":[{\"@type\":\"SearchAction\",\"target\":{\"@type\":\"EntryPoint\",\"urlTemplate\":\"https:\/\/www.noticiasradioreflejos.com.ar\/2021\/?s={search_term_string}\"},\"query-input\":{\"@type\":\"PropertyValueSpecification\",\"valueRequired\":true,\"valueName\":\"search_term_string\"}}],\"inLanguage\":\"es\"},{\"@type\":\"Person\",\"@id\":\"https:\/\/www.noticiasradioreflejos.com.ar\/2021\/#\/schema\/person\/ad82545263dcc5ec0996818884fd5fb1\",\"name\":\"Arnaldo Botto\",\"image\":{\"@type\":\"ImageObject\",\"inLanguage\":\"es\",\"@id\":\"https:\/\/www.noticiasradioreflejos.com.ar\/2021\/#\/schema\/person\/image\/\",\"url\":\"https:\/\/secure.gravatar.com\/avatar\/55cb5e37c1efa326397366e6974cb338056df65cb50e7d64d1cf314e87504837?s=96&d=mm&r=g\",\"contentUrl\":\"https:\/\/secure.gravatar.com\/avatar\/55cb5e37c1efa326397366e6974cb338056df65cb50e7d64d1cf314e87504837?s=96&d=mm&r=g\",\"caption\":\"Arnaldo Botto\"},\"url\":\"https:\/\/www.noticiasradioreflejos.com.ar\/2021\/author\/arnaldo\/\"}]}<\/script>\n<!-- \/ Yoast SEO plugin. -->","yoast_head_json":{"title":"Imputan al m\u00e9dico que recet\u00f3 di\u00f3xido de cloro al paciente del Otamendi - Noticias Radio Reflejos","robots":{"index":"index","follow":"follow","max-snippet":"max-snippet:-1","max-image-preview":"max-image-preview:large","max-video-preview":"max-video-preview:-1"},"canonical":"https:\/\/www.noticiasradioreflejos.com.ar\/2021\/imputan-al-medico-que-receto-dioxido-de-cloro-al-paciente-del-otamendi\/","og_locale":"es_ES","og_type":"article","og_title":"Imputan al m\u00e9dico que recet\u00f3 di\u00f3xido de cloro al paciente del Otamendi - Noticias Radio Reflejos","og_description":"Dante Converti, el m\u00e9dico que\u00a0recet\u00f3 di\u00f3xido de cloro\u00a0al paciente que muri\u00f3 en el Sanatorio Otamendi,\u00a0fue imputado en la causa penal\u00a0que tramita en el fuero federal porte\u00f1o por la denuncia del Ministerio de Salud. La noche del martes se realiz\u00f3 un allanamiento en el consultorio del neurocirujano.","og_url":"https:\/\/www.noticiasradioreflejos.com.ar\/2021\/imputan-al-medico-que-receto-dioxido-de-cloro-al-paciente-del-otamendi\/","og_site_name":"Noticias Radio Reflejos","article_published_time":"2021-01-13T17:46:16+00:00","og_image":[{"width":300,"height":200,"url":"https:\/\/www.noticiasradioreflejos.com.ar\/2021\/wp-content\/uploads\/2021\/07\/logosol300x200.png","type":"image\/png"}],"author":"Arnaldo Botto","twitter_card":"summary_large_image","schema":{"@context":"https:\/\/schema.org","@graph":[{"@type":"WebPage","@id":"https:\/\/www.noticiasradioreflejos.com.ar\/2021\/imputan-al-medico-que-receto-dioxido-de-cloro-al-paciente-del-otamendi\/","url":"https:\/\/www.noticiasradioreflejos.com.ar\/2021\/imputan-al-medico-que-receto-dioxido-de-cloro-al-paciente-del-otamendi\/","name":"Imputan al m\u00e9dico que recet\u00f3 di\u00f3xido de cloro al paciente del Otamendi - Noticias Radio Reflejos","isPartOf":{"@id":"https:\/\/www.noticiasradioreflejos.com.ar\/2021\/#website"},"datePublished":"2021-01-13T17:46:16+00:00","author":{"@id":"https:\/\/www.noticiasradioreflejos.com.ar\/2021\/#\/schema\/person\/ad82545263dcc5ec0996818884fd5fb1"},"breadcrumb":{"@id":"https:\/\/www.noticiasradioreflejos.com.ar\/2021\/imputan-al-medico-que-receto-dioxido-de-cloro-al-paciente-del-otamendi\/#breadcrumb"},"inLanguage":"es","potentialAction":[{"@type":"ReadAction","target":["https:\/\/www.noticiasradioreflejos.com.ar\/2021\/imputan-al-medico-que-receto-dioxido-de-cloro-al-paciente-del-otamendi\/"]}]},{"@type":"BreadcrumbList","@id":"https:\/\/www.noticiasradioreflejos.com.ar\/2021\/imputan-al-medico-que-receto-dioxido-de-cloro-al-paciente-del-otamendi\/#breadcrumb","itemListElement":[{"@type":"ListItem","position":1,"name":"Portada","item":"https:\/\/www.noticiasradioreflejos.com.ar\/2021\/"},{"@type":"ListItem","position":2,"name":"Imputan al m\u00e9dico que recet\u00f3 di\u00f3xido de cloro al paciente del Otamendi"}]},{"@type":"WebSite","@id":"https:\/\/www.noticiasradioreflejos.com.ar\/2021\/#website","url":"https:\/\/www.noticiasradioreflejos.com.ar\/2021\/","name":"Noticias Radio Reflejos","description":"Las noticias de mi comarca","potentialAction":[{"@type":"SearchAction","target":{"@type":"EntryPoint","urlTemplate":"https:\/\/www.noticiasradioreflejos.com.ar\/2021\/?s={search_term_string}"},"query-input":{"@type":"PropertyValueSpecification","valueRequired":true,"valueName":"search_term_string"}}],"inLanguage":"es"},{"@type":"Person","@id":"https:\/\/www.noticiasradioreflejos.com.ar\/2021\/#\/schema\/person\/ad82545263dcc5ec0996818884fd5fb1","name":"Arnaldo Botto","image":{"@type":"ImageObject","inLanguage":"es","@id":"https:\/\/www.noticiasradioreflejos.com.ar\/2021\/#\/schema\/person\/image\/","url":"https:\/\/secure.gravatar.com\/avatar\/55cb5e37c1efa326397366e6974cb338056df65cb50e7d64d1cf314e87504837?s=96&d=mm&r=g","contentUrl":"https:\/\/secure.gravatar.com\/avatar\/55cb5e37c1efa326397366e6974cb338056df65cb50e7d64d1cf314e87504837?s=96&d=mm&r=g","caption":"Arnaldo Botto"},"url":"https:\/\/www.noticiasradioreflejos.com.ar\/2021\/author\/arnaldo\/"}]}},"_links":{"self":[{"href":"https:\/\/www.noticiasradioreflejos.com.ar\/2021\/wp-json\/wp\/v2\/posts\/51260","targetHints":{"allow":["GET"]}}],"collection":[{"href":"https:\/\/www.noticiasradioreflejos.com.ar\/2021\/wp-json\/wp\/v2\/posts"}],"about":[{"href":"https:\/\/www.noticiasradioreflejos.com.ar\/2021\/wp-json\/wp\/v2\/types\/post"}],"author":[{"embeddable":true,"href":"https:\/\/www.noticiasradioreflejos.com.ar\/2021\/wp-json\/wp\/v2\/users\/3"}],"replies":[{"embeddable":true,"href":"https:\/\/www.noticiasradioreflejos.com.ar\/2021\/wp-json\/wp\/v2\/comments?post=51260"}],"version-history":[{"count":0,"href":"https:\/\/www.noticiasradioreflejos.com.ar\/2021\/wp-json\/wp\/v2\/posts\/51260\/revisions"}],"wp:attachment":[{"href":"https:\/\/www.noticiasradioreflejos.com.ar\/2021\/wp-json\/wp\/v2\/media?parent=51260"}],"wp:term":[{"taxonomy":"category","embeddable":true,"href":"https:\/\/www.noticiasradioreflejos.com.ar\/2021\/wp-json\/wp\/v2\/categories?post=51260"},{"taxonomy":"post_tag","embeddable":true,"href":"https:\/\/www.noticiasradioreflejos.com.ar\/2021\/wp-json\/wp\/v2\/tags?post=51260"}],"curies":[{"name":"wp","href":"https:\/\/api.w.org\/{rel}","templated":true}]}}