{"id":51230,"date":"2021-01-13T09:55:48","date_gmt":"2021-01-13T12:55:48","guid":{"rendered":"http:\/\/www.noticiasradioreflejos.com.ar\/noticias\/?p=51230"},"modified":"2021-01-13T09:55:48","modified_gmt":"2021-01-13T12:55:48","slug":"mala-medicina-no-es-salud-ni-justicia","status":"publish","type":"post","link":"https:\/\/www.noticiasradioreflejos.com.ar\/2021\/mala-medicina-no-es-salud-ni-justicia\/","title":{"rendered":"Mala medicina no es Salud ni Justicia."},"content":{"rendered":"<p>La Federaci\u00f3n M\u00e9dica de la provincia de Buenos Aires (FEMEBA) a trav\u00e9s de un comunicado de prensa afirm\u00f3 que \u201clos m\u00e9dicos deben prescribir los medicamentos autorizados por la ANMAT para los usos registrados y establecidos en el prospecto de los mismos. El uso fuera de prospecto, que es de exclusiva responsabilidad del m\u00e9dico tratante, es una pr\u00e1ctica que se basa en el conocimiento cient\u00edfico disponible y en la experiencia del profesional. En el caso del paciente del Sanatorio Otamendi no se dispone de esa evidencia cient\u00edfica para las dos prescripciones indicadas ni la especialidad del m\u00e9dico que las indic\u00f3 supone ninguna experiencia particular en el tratamiento de pacientes afectados de Covid-19\u201d.<!--more--><br \/>\nLos jueces \u201cno deben dirimir diferencias de escuelas m\u00e9dicas cuando esas diferencias en los m\u00e9todos y materiales utilizados no afectan en modo importante a los resultados esperables para el beneficio y la seguridad de los pacientes. El consenso internacional indica que los pacientes afectados de Covid-19 de ning\u00fan modo deben ser tratados con di\u00f3xido de cloro intravenoso, ni tampoco deben ser tratados con ibuprofeno inhalado en el estado actual de los conocimiento\u201d, afirm\u00f3 el doctor Juan Carlos Tealdi, coordinador de la Comisi\u00f3n de Bio\u00e9tica de la Fundaci\u00f3n FEMEBA.<\/p>\n<p>Por su parte, el Presidente de FEMEBA, doctor Guillermo Cobi\u00e1n subray\u00f3 que \u201cFEMEBA, como entidad representativa de los m\u00e9dicos, se opone de manera f\u00e9rrea a esta situaci\u00f3n, donde la justicia ha obligado a los colegas a realizar una pr\u00e1ctica que conlleva a riesgos graves para la salud del paciente y que no posee ning\u00fan tipo de sustento cient\u00edfico\u201d.<\/p>\n<p>Queda claro en este caso que desde el punto de vista normativo, administrativo, \u00e9tico y profesional, ni los profesionales ni el Sanatorio tienen la obligaci\u00f3n de administrar un tratamiento que no tiene fundamento. Y a\u00fan m\u00e1s, tienen el deber de no administrarlo.<\/p>\n<p>La medida cautelar dispuesta por el juez interviniente contra el Sanatorio Otamendi y sus profesionales debe ser rechazada del modo m\u00e1s en\u00e9rgico. Es un muy peligroso antecedente para la salud p\u00fablica en nuestro pa\u00eds, y para los trabajadores e instituciones de salud que deben enfrentar la dif\u00edcil situaci\u00f3n de pandemia que atravesamos.<\/p>\n<p>Asimismo, consideramos relevante que los jueces ante temas vinculados con la medicina, consulten con instituciones cient\u00edficas o de expertos, tanto del \u00e1mbito p\u00fablico como privado.<\/p>\n<p>La Plata, 12 de enero de 2021.<\/p>\n<p><strong>Dr. Guillermo Cobi\u00e1n.<br \/>\nPresidente<br \/>\nFEMEBA<\/strong><\/p>\n","protected":false},"excerpt":{"rendered":"<p>La Federaci\u00f3n M\u00e9dica de la provincia de Buenos Aires (FEMEBA) a trav\u00e9s de un comunicado de prensa afirm\u00f3 que \u201clos m\u00e9dicos deben prescribir los medicamentos autorizados por la ANMAT para los usos registrados y establecidos en el prospecto de los mismos. El uso fuera de prospecto, que es de exclusiva responsabilidad del m\u00e9dico tratante, es [&hellip;]<\/p>\n","protected":false},"author":3,"featured_media":51231,"comment_status":"closed","ping_status":"open","sticky":false,"template":"","format":"standard","meta":{"footnotes":""},"categories":[24,30],"tags":[],"class_list":["post-51230","post","type-post","status-publish","format-standard","has-post-thumbnail","hentry","category-politica","category-salud"],"yoast_head":"<!-- This site is optimized with the Yoast SEO plugin v25.9 - https:\/\/yoast.com\/wordpress\/plugins\/seo\/ -->\n<title>Mala medicina no es Salud ni Justicia. - Noticias Radio Reflejos<\/title>\n<meta name=\"robots\" content=\"index, follow, max-snippet:-1, max-image-preview:large, max-video-preview:-1\" \/>\n<link rel=\"canonical\" href=\"https:\/\/www.noticiasradioreflejos.com.ar\/2021\/mala-medicina-no-es-salud-ni-justicia\/\" \/>\n<meta property=\"og:locale\" content=\"es_ES\" \/>\n<meta property=\"og:type\" content=\"article\" \/>\n<meta property=\"og:title\" content=\"Mala medicina no es Salud ni Justicia. - Noticias Radio Reflejos\" \/>\n<meta property=\"og:description\" content=\"La Federaci\u00f3n M\u00e9dica de la provincia de Buenos Aires (FEMEBA) a trav\u00e9s de un comunicado de prensa afirm\u00f3 que \u201clos m\u00e9dicos deben prescribir los medicamentos autorizados por la ANMAT para los usos registrados y establecidos en el prospecto de los mismos. El uso fuera de prospecto, que es de exclusiva responsabilidad del m\u00e9dico tratante, es [&hellip;]\" \/>\n<meta property=\"og:url\" content=\"https:\/\/www.noticiasradioreflejos.com.ar\/2021\/mala-medicina-no-es-salud-ni-justicia\/\" \/>\n<meta property=\"og:site_name\" content=\"Noticias Radio Reflejos\" \/>\n<meta property=\"article:published_time\" content=\"2021-01-13T12:55:48+00:00\" \/>\n<meta property=\"og:image\" content=\"https:\/\/www.noticiasradioreflejos.com.ar\/2021\/wp-content\/uploads\/2021\/07\/logosol300x200.png\" \/>\n\t<meta property=\"og:image:width\" content=\"300\" \/>\n\t<meta property=\"og:image:height\" content=\"200\" \/>\n\t<meta property=\"og:image:type\" content=\"image\/png\" \/>\n<meta name=\"author\" content=\"Arnaldo Botto\" \/>\n<meta name=\"twitter:card\" content=\"summary_large_image\" \/>\n<script type=\"application\/ld+json\" class=\"yoast-schema-graph\">{\"@context\":\"https:\/\/schema.org\",\"@graph\":[{\"@type\":\"WebPage\",\"@id\":\"https:\/\/www.noticiasradioreflejos.com.ar\/2021\/mala-medicina-no-es-salud-ni-justicia\/\",\"url\":\"https:\/\/www.noticiasradioreflejos.com.ar\/2021\/mala-medicina-no-es-salud-ni-justicia\/\",\"name\":\"Mala medicina no es Salud ni Justicia. - Noticias Radio Reflejos\",\"isPartOf\":{\"@id\":\"https:\/\/www.noticiasradioreflejos.com.ar\/2021\/#website\"},\"primaryImageOfPage\":{\"@id\":\"https:\/\/www.noticiasradioreflejos.com.ar\/2021\/mala-medicina-no-es-salud-ni-justicia\/#primaryimage\"},\"image\":{\"@id\":\"https:\/\/www.noticiasradioreflejos.com.ar\/2021\/mala-medicina-no-es-salud-ni-justicia\/#primaryimage\"},\"thumbnailUrl\":\"\",\"datePublished\":\"2021-01-13T12:55:48+00:00\",\"author\":{\"@id\":\"https:\/\/www.noticiasradioreflejos.com.ar\/2021\/#\/schema\/person\/ad82545263dcc5ec0996818884fd5fb1\"},\"breadcrumb\":{\"@id\":\"https:\/\/www.noticiasradioreflejos.com.ar\/2021\/mala-medicina-no-es-salud-ni-justicia\/#breadcrumb\"},\"inLanguage\":\"es\",\"potentialAction\":[{\"@type\":\"ReadAction\",\"target\":[\"https:\/\/www.noticiasradioreflejos.com.ar\/2021\/mala-medicina-no-es-salud-ni-justicia\/\"]}]},{\"@type\":\"ImageObject\",\"inLanguage\":\"es\",\"@id\":\"https:\/\/www.noticiasradioreflejos.com.ar\/2021\/mala-medicina-no-es-salud-ni-justicia\/#primaryimage\",\"url\":\"\",\"contentUrl\":\"\"},{\"@type\":\"BreadcrumbList\",\"@id\":\"https:\/\/www.noticiasradioreflejos.com.ar\/2021\/mala-medicina-no-es-salud-ni-justicia\/#breadcrumb\",\"itemListElement\":[{\"@type\":\"ListItem\",\"position\":1,\"name\":\"Portada\",\"item\":\"https:\/\/www.noticiasradioreflejos.com.ar\/2021\/\"},{\"@type\":\"ListItem\",\"position\":2,\"name\":\"Mala medicina no es Salud ni Justicia.\"}]},{\"@type\":\"WebSite\",\"@id\":\"https:\/\/www.noticiasradioreflejos.com.ar\/2021\/#website\",\"url\":\"https:\/\/www.noticiasradioreflejos.com.ar\/2021\/\",\"name\":\"Noticias Radio Reflejos\",\"description\":\"Las noticias de mi comarca\",\"potentialAction\":[{\"@type\":\"SearchAction\",\"target\":{\"@type\":\"EntryPoint\",\"urlTemplate\":\"https:\/\/www.noticiasradioreflejos.com.ar\/2021\/?s={search_term_string}\"},\"query-input\":{\"@type\":\"PropertyValueSpecification\",\"valueRequired\":true,\"valueName\":\"search_term_string\"}}],\"inLanguage\":\"es\"},{\"@type\":\"Person\",\"@id\":\"https:\/\/www.noticiasradioreflejos.com.ar\/2021\/#\/schema\/person\/ad82545263dcc5ec0996818884fd5fb1\",\"name\":\"Arnaldo Botto\",\"image\":{\"@type\":\"ImageObject\",\"inLanguage\":\"es\",\"@id\":\"https:\/\/www.noticiasradioreflejos.com.ar\/2021\/#\/schema\/person\/image\/\",\"url\":\"https:\/\/secure.gravatar.com\/avatar\/55cb5e37c1efa326397366e6974cb338056df65cb50e7d64d1cf314e87504837?s=96&d=mm&r=g\",\"contentUrl\":\"https:\/\/secure.gravatar.com\/avatar\/55cb5e37c1efa326397366e6974cb338056df65cb50e7d64d1cf314e87504837?s=96&d=mm&r=g\",\"caption\":\"Arnaldo Botto\"},\"url\":\"https:\/\/www.noticiasradioreflejos.com.ar\/2021\/author\/arnaldo\/\"}]}<\/script>\n<!-- \/ Yoast SEO plugin. -->","yoast_head_json":{"title":"Mala medicina no es Salud ni Justicia. - Noticias Radio Reflejos","robots":{"index":"index","follow":"follow","max-snippet":"max-snippet:-1","max-image-preview":"max-image-preview:large","max-video-preview":"max-video-preview:-1"},"canonical":"https:\/\/www.noticiasradioreflejos.com.ar\/2021\/mala-medicina-no-es-salud-ni-justicia\/","og_locale":"es_ES","og_type":"article","og_title":"Mala medicina no es Salud ni Justicia. - Noticias Radio Reflejos","og_description":"La Federaci\u00f3n M\u00e9dica de la provincia de Buenos Aires (FEMEBA) a trav\u00e9s de un comunicado de prensa afirm\u00f3 que \u201clos m\u00e9dicos deben prescribir los medicamentos autorizados por la ANMAT para los usos registrados y establecidos en el prospecto de los mismos. El uso fuera de prospecto, que es de exclusiva responsabilidad del m\u00e9dico tratante, es [&hellip;]","og_url":"https:\/\/www.noticiasradioreflejos.com.ar\/2021\/mala-medicina-no-es-salud-ni-justicia\/","og_site_name":"Noticias Radio Reflejos","article_published_time":"2021-01-13T12:55:48+00:00","og_image":[{"width":300,"height":200,"url":"https:\/\/www.noticiasradioreflejos.com.ar\/2021\/wp-content\/uploads\/2021\/07\/logosol300x200.png","type":"image\/png"}],"author":"Arnaldo Botto","twitter_card":"summary_large_image","schema":{"@context":"https:\/\/schema.org","@graph":[{"@type":"WebPage","@id":"https:\/\/www.noticiasradioreflejos.com.ar\/2021\/mala-medicina-no-es-salud-ni-justicia\/","url":"https:\/\/www.noticiasradioreflejos.com.ar\/2021\/mala-medicina-no-es-salud-ni-justicia\/","name":"Mala medicina no es Salud ni Justicia. - Noticias Radio Reflejos","isPartOf":{"@id":"https:\/\/www.noticiasradioreflejos.com.ar\/2021\/#website"},"primaryImageOfPage":{"@id":"https:\/\/www.noticiasradioreflejos.com.ar\/2021\/mala-medicina-no-es-salud-ni-justicia\/#primaryimage"},"image":{"@id":"https:\/\/www.noticiasradioreflejos.com.ar\/2021\/mala-medicina-no-es-salud-ni-justicia\/#primaryimage"},"thumbnailUrl":"","datePublished":"2021-01-13T12:55:48+00:00","author":{"@id":"https:\/\/www.noticiasradioreflejos.com.ar\/2021\/#\/schema\/person\/ad82545263dcc5ec0996818884fd5fb1"},"breadcrumb":{"@id":"https:\/\/www.noticiasradioreflejos.com.ar\/2021\/mala-medicina-no-es-salud-ni-justicia\/#breadcrumb"},"inLanguage":"es","potentialAction":[{"@type":"ReadAction","target":["https:\/\/www.noticiasradioreflejos.com.ar\/2021\/mala-medicina-no-es-salud-ni-justicia\/"]}]},{"@type":"ImageObject","inLanguage":"es","@id":"https:\/\/www.noticiasradioreflejos.com.ar\/2021\/mala-medicina-no-es-salud-ni-justicia\/#primaryimage","url":"","contentUrl":""},{"@type":"BreadcrumbList","@id":"https:\/\/www.noticiasradioreflejos.com.ar\/2021\/mala-medicina-no-es-salud-ni-justicia\/#breadcrumb","itemListElement":[{"@type":"ListItem","position":1,"name":"Portada","item":"https:\/\/www.noticiasradioreflejos.com.ar\/2021\/"},{"@type":"ListItem","position":2,"name":"Mala medicina no es Salud ni Justicia."}]},{"@type":"WebSite","@id":"https:\/\/www.noticiasradioreflejos.com.ar\/2021\/#website","url":"https:\/\/www.noticiasradioreflejos.com.ar\/2021\/","name":"Noticias Radio Reflejos","description":"Las noticias de mi comarca","potentialAction":[{"@type":"SearchAction","target":{"@type":"EntryPoint","urlTemplate":"https:\/\/www.noticiasradioreflejos.com.ar\/2021\/?s={search_term_string}"},"query-input":{"@type":"PropertyValueSpecification","valueRequired":true,"valueName":"search_term_string"}}],"inLanguage":"es"},{"@type":"Person","@id":"https:\/\/www.noticiasradioreflejos.com.ar\/2021\/#\/schema\/person\/ad82545263dcc5ec0996818884fd5fb1","name":"Arnaldo Botto","image":{"@type":"ImageObject","inLanguage":"es","@id":"https:\/\/www.noticiasradioreflejos.com.ar\/2021\/#\/schema\/person\/image\/","url":"https:\/\/secure.gravatar.com\/avatar\/55cb5e37c1efa326397366e6974cb338056df65cb50e7d64d1cf314e87504837?s=96&d=mm&r=g","contentUrl":"https:\/\/secure.gravatar.com\/avatar\/55cb5e37c1efa326397366e6974cb338056df65cb50e7d64d1cf314e87504837?s=96&d=mm&r=g","caption":"Arnaldo Botto"},"url":"https:\/\/www.noticiasradioreflejos.com.ar\/2021\/author\/arnaldo\/"}]}},"_links":{"self":[{"href":"https:\/\/www.noticiasradioreflejos.com.ar\/2021\/wp-json\/wp\/v2\/posts\/51230","targetHints":{"allow":["GET"]}}],"collection":[{"href":"https:\/\/www.noticiasradioreflejos.com.ar\/2021\/wp-json\/wp\/v2\/posts"}],"about":[{"href":"https:\/\/www.noticiasradioreflejos.com.ar\/2021\/wp-json\/wp\/v2\/types\/post"}],"author":[{"embeddable":true,"href":"https:\/\/www.noticiasradioreflejos.com.ar\/2021\/wp-json\/wp\/v2\/users\/3"}],"replies":[{"embeddable":true,"href":"https:\/\/www.noticiasradioreflejos.com.ar\/2021\/wp-json\/wp\/v2\/comments?post=51230"}],"version-history":[{"count":0,"href":"https:\/\/www.noticiasradioreflejos.com.ar\/2021\/wp-json\/wp\/v2\/posts\/51230\/revisions"}],"wp:featuredmedia":[{"embeddable":true,"href":"https:\/\/www.noticiasradioreflejos.com.ar\/2021\/wp-json\/"}],"wp:attachment":[{"href":"https:\/\/www.noticiasradioreflejos.com.ar\/2021\/wp-json\/wp\/v2\/media?parent=51230"}],"wp:term":[{"taxonomy":"category","embeddable":true,"href":"https:\/\/www.noticiasradioreflejos.com.ar\/2021\/wp-json\/wp\/v2\/categories?post=51230"},{"taxonomy":"post_tag","embeddable":true,"href":"https:\/\/www.noticiasradioreflejos.com.ar\/2021\/wp-json\/wp\/v2\/tags?post=51230"}],"curies":[{"name":"wp","href":"https:\/\/api.w.org\/{rel}","templated":true}]}}