{"id":51212,"date":"2021-01-12T19:43:39","date_gmt":"2021-01-12T22:43:39","guid":{"rendered":"http:\/\/www.noticiasradioreflejos.com.ar\/noticias\/?p=51212"},"modified":"2021-01-12T19:43:39","modified_gmt":"2021-01-12T22:43:39","slug":"sierra-de-la-ventana-con-dos-allanamientos-esclarecieron-el-robo-de-herramientas-de-un-taller-mecanico-hay-dos-imputados-en-el-hecho","status":"publish","type":"post","link":"https:\/\/www.noticiasradioreflejos.com.ar\/2021\/sierra-de-la-ventana-con-dos-allanamientos-esclarecieron-el-robo-de-herramientas-de-un-taller-mecanico-hay-dos-imputados-en-el-hecho\/","title":{"rendered":"Sierra de la Ventana: Con dos allanamientos esclarecieron el robo de herramientas de un taller mec\u00e1nico. Hay dos imputados en el hecho."},"content":{"rendered":"<p>Mediante dos allanamientos realizados en la tarde de este martes 12 de enero, la Polic\u00eda de sierra de la Ventana logr\u00f3 esclarecer el robo de herramientas de un taller mec\u00e1nico de la localidad, recuperando la totalidad de los elementos denunciados.<!--more--><br \/>\n<a title=\"WhatsApp Image 2021-01-12 at 18.27.31\" href=\"http:\/\/live.staticflickr.com\/65535\/50829660046_cef264a61a_s.jpg\" rel=\"\"><img loading=\"lazy\" decoding=\"async\" class=\"aligncenter\" title=\"WhatsApp Image 2021-01-12 at 18.27.31\" src=\"http:\/\/live.staticflickr.com\/65535\/50829660046_cef264a61a_c.jpg\" alt=\"WhatsApp Image 2021-01-12 at 18.27.31\" width=\"800\" height=\"450\" \/><\/a><br \/>\nEl pasado d\u00eda 07 del corriente mes, JORGE RICARDO CAMARA se encontr\u00f3 al llegar a su taller que hab\u00edan forzado la puerta de chapa de entrada y le hab\u00edan robado la totalidad de las herramientas con las que trabajaba como mec\u00e1nico. El hecho ocurri\u00f3 durante la madrugada de ese d\u00eda en el predio perteneciente a los Salesianos que lleva el nombre de \u00abDon Bosco\u00bb y se ubica sobre la Ruta 72a la altura del kil\u00f3metro 278, distante unos 3 mil metros del centro de la localidad.<\/p>\n<p><a title=\"WhatsApp Image 2021-01-12 at 18.27.30 (2)\" href=\"http:\/\/live.staticflickr.com\/65535\/50829745997_9935d4764c_s.jpg\" rel=\"\"><img loading=\"lazy\" decoding=\"async\" class=\"aligncenter\" title=\"WhatsApp Image 2021-01-12 at 18.27.30 (2)\" src=\"http:\/\/live.staticflickr.com\/65535\/50829745997_9935d4764c_c.jpg\" alt=\"WhatsApp Image 2021-01-12 at 18.27.30 (2)\" width=\"800\" height=\"450\" \/><\/a><\/p>\n<p>C\u00e1mara radic\u00f3 inmediatamente la denuncia y minutos despu\u00e9s tom\u00f3 intervenci\u00f3n el Comando de Patrulla Rural de Tornquist, polic\u00eda cient\u00edfica de Bah\u00eda Blanca interviniendo la ayudant\u00eda Fiscal Tornquist, que caratul\u00f3 al hecho como \u00abROBO\u00bb.<br \/>\nA ra\u00edz de dicha denuncia se realizaron amplias tareas investigativas llevadas a cabo por GTO (Gabinete T\u00e9cnico Operativo) de la subestaci\u00f3n de polic\u00eda comunal de Sierra de la Ventana, recepcionando declaraciones testimoniales. Hoy martes 12 de enero, personal de esta seccional en conjunto con CPR Tornquist llevo a cabo allanamientos, solicitados por la Ayudantia fiscal de Tornquist y dispuestos por el J. Garant\u00edas Nro. 3 Bah\u00eda Blanca, en los domicilios de calle Naposta Nro. 183 y en calle Cruz del Sur Nro. 80.<br \/>\nEn el operativo conjunto de las fuerzas\u00a0de seguridad se procedi\u00f3 al secuestro de la totalidad de los elementos denunciados como sustra\u00eddos que son: 1 amoladora Makita, 1 m\u00e1quina agujerear Dowen Piaggio, discos de corte y flaps, 1 a\u00f1ade en su caja, una agujereada Dowen Piaggio, una pistola de pegamento, pinza de punta, destornilladores tipo paleta y Philips, alicate corta cable, cinta aisladora, precintos, pela cables varios, llaves torx, llave Allen, llave saca filtro, llaves combinadas boca y anillo varias, tubos especiales, trasera manual, 1 escopeta antigua de un ca\u00f1o, 1 motoguada\u00f1a marca Gamma y 1 motoguada\u00f1a marca Toay y una garrafa de camping<br \/>\nTodo lo secuestrado es la totalidad de estos elementos reconocidos por el denunciante.<\/p>\n<p><a title=\"WhatsApp Image 2021-01-12 at 18.27.30 (1)\" href=\"http:\/\/live.staticflickr.com\/65535\/50829745927_c7d05ddb55_s.jpg\" rel=\"\"><img loading=\"lazy\" decoding=\"async\" class=\"aligncenter\" title=\"WhatsApp Image 2021-01-12 at 18.27.30 (1)\" src=\"http:\/\/live.staticflickr.com\/65535\/50829745927_c7d05ddb55_c.jpg\" alt=\"WhatsApp Image 2021-01-12 at 18.27.30 (1)\" width=\"600\" height=\"800\" \/><\/a><\/p>\n<p>&nbsp;<\/p>\n","protected":false},"excerpt":{"rendered":"<p>Mediante dos allanamientos realizados en la tarde de este martes 12 de enero, la Polic\u00eda de sierra de la Ventana logr\u00f3 esclarecer el robo de herramientas de un taller mec\u00e1nico de la localidad, recuperando la totalidad de los elementos denunciados.<\/p>\n","protected":false},"author":3,"featured_media":0,"comment_status":"closed","ping_status":"open","sticky":false,"template":"","format":"standard","meta":{"footnotes":""},"categories":[29],"tags":[],"class_list":["post-51212","post","type-post","status-publish","format-standard","hentry","category-policiales"],"yoast_head":"<!-- This site is optimized with the Yoast SEO plugin v25.9 - https:\/\/yoast.com\/wordpress\/plugins\/seo\/ -->\n<title>Sierra de la Ventana: Con dos allanamientos esclarecieron el robo de herramientas de un taller mec\u00e1nico. Hay dos imputados en el hecho. - Noticias Radio Reflejos<\/title>\n<meta name=\"robots\" content=\"index, follow, max-snippet:-1, max-image-preview:large, max-video-preview:-1\" \/>\n<link rel=\"canonical\" href=\"https:\/\/www.noticiasradioreflejos.com.ar\/2021\/sierra-de-la-ventana-con-dos-allanamientos-esclarecieron-el-robo-de-herramientas-de-un-taller-mecanico-hay-dos-imputados-en-el-hecho\/\" \/>\n<meta property=\"og:locale\" content=\"es_ES\" \/>\n<meta property=\"og:type\" content=\"article\" \/>\n<meta property=\"og:title\" content=\"Sierra de la Ventana: Con dos allanamientos esclarecieron el robo de herramientas de un taller mec\u00e1nico. Hay dos imputados en el hecho. - Noticias Radio Reflejos\" \/>\n<meta property=\"og:description\" content=\"Mediante dos allanamientos realizados en la tarde de este martes 12 de enero, la Polic\u00eda de sierra de la Ventana logr\u00f3 esclarecer el robo de herramientas de un taller mec\u00e1nico de la localidad, recuperando la totalidad de los elementos denunciados.\" \/>\n<meta property=\"og:url\" content=\"https:\/\/www.noticiasradioreflejos.com.ar\/2021\/sierra-de-la-ventana-con-dos-allanamientos-esclarecieron-el-robo-de-herramientas-de-un-taller-mecanico-hay-dos-imputados-en-el-hecho\/\" \/>\n<meta property=\"og:site_name\" content=\"Noticias Radio Reflejos\" \/>\n<meta property=\"article:published_time\" content=\"2021-01-12T22:43:39+00:00\" \/>\n<meta property=\"og:image\" content=\"http:\/\/live.staticflickr.com\/65535\/50829660046_cef264a61a_c.jpg\" \/>\n<meta name=\"author\" content=\"Arnaldo Botto\" \/>\n<meta name=\"twitter:card\" content=\"summary_large_image\" \/>\n<script type=\"application\/ld+json\" class=\"yoast-schema-graph\">{\"@context\":\"https:\/\/schema.org\",\"@graph\":[{\"@type\":\"WebPage\",\"@id\":\"https:\/\/www.noticiasradioreflejos.com.ar\/2021\/sierra-de-la-ventana-con-dos-allanamientos-esclarecieron-el-robo-de-herramientas-de-un-taller-mecanico-hay-dos-imputados-en-el-hecho\/\",\"url\":\"https:\/\/www.noticiasradioreflejos.com.ar\/2021\/sierra-de-la-ventana-con-dos-allanamientos-esclarecieron-el-robo-de-herramientas-de-un-taller-mecanico-hay-dos-imputados-en-el-hecho\/\",\"name\":\"Sierra de la Ventana: Con dos allanamientos esclarecieron el robo de herramientas de un taller mec\u00e1nico. Hay dos imputados en el hecho. - Noticias Radio Reflejos\",\"isPartOf\":{\"@id\":\"https:\/\/www.noticiasradioreflejos.com.ar\/2021\/#website\"},\"primaryImageOfPage\":{\"@id\":\"https:\/\/www.noticiasradioreflejos.com.ar\/2021\/sierra-de-la-ventana-con-dos-allanamientos-esclarecieron-el-robo-de-herramientas-de-un-taller-mecanico-hay-dos-imputados-en-el-hecho\/#primaryimage\"},\"image\":{\"@id\":\"https:\/\/www.noticiasradioreflejos.com.ar\/2021\/sierra-de-la-ventana-con-dos-allanamientos-esclarecieron-el-robo-de-herramientas-de-un-taller-mecanico-hay-dos-imputados-en-el-hecho\/#primaryimage\"},\"thumbnailUrl\":\"http:\/\/live.staticflickr.com\/65535\/50829660046_cef264a61a_c.jpg\",\"datePublished\":\"2021-01-12T22:43:39+00:00\",\"author\":{\"@id\":\"https:\/\/www.noticiasradioreflejos.com.ar\/2021\/#\/schema\/person\/ad82545263dcc5ec0996818884fd5fb1\"},\"breadcrumb\":{\"@id\":\"https:\/\/www.noticiasradioreflejos.com.ar\/2021\/sierra-de-la-ventana-con-dos-allanamientos-esclarecieron-el-robo-de-herramientas-de-un-taller-mecanico-hay-dos-imputados-en-el-hecho\/#breadcrumb\"},\"inLanguage\":\"es\",\"potentialAction\":[{\"@type\":\"ReadAction\",\"target\":[\"https:\/\/www.noticiasradioreflejos.com.ar\/2021\/sierra-de-la-ventana-con-dos-allanamientos-esclarecieron-el-robo-de-herramientas-de-un-taller-mecanico-hay-dos-imputados-en-el-hecho\/\"]}]},{\"@type\":\"ImageObject\",\"inLanguage\":\"es\",\"@id\":\"https:\/\/www.noticiasradioreflejos.com.ar\/2021\/sierra-de-la-ventana-con-dos-allanamientos-esclarecieron-el-robo-de-herramientas-de-un-taller-mecanico-hay-dos-imputados-en-el-hecho\/#primaryimage\",\"url\":\"http:\/\/live.staticflickr.com\/65535\/50829660046_cef264a61a_c.jpg\",\"contentUrl\":\"http:\/\/live.staticflickr.com\/65535\/50829660046_cef264a61a_c.jpg\"},{\"@type\":\"BreadcrumbList\",\"@id\":\"https:\/\/www.noticiasradioreflejos.com.ar\/2021\/sierra-de-la-ventana-con-dos-allanamientos-esclarecieron-el-robo-de-herramientas-de-un-taller-mecanico-hay-dos-imputados-en-el-hecho\/#breadcrumb\",\"itemListElement\":[{\"@type\":\"ListItem\",\"position\":1,\"name\":\"Portada\",\"item\":\"https:\/\/www.noticiasradioreflejos.com.ar\/2021\/\"},{\"@type\":\"ListItem\",\"position\":2,\"name\":\"Sierra de la Ventana: Con dos allanamientos esclarecieron el robo de herramientas de un taller mec\u00e1nico. Hay dos imputados en el hecho.\"}]},{\"@type\":\"WebSite\",\"@id\":\"https:\/\/www.noticiasradioreflejos.com.ar\/2021\/#website\",\"url\":\"https:\/\/www.noticiasradioreflejos.com.ar\/2021\/\",\"name\":\"Noticias Radio Reflejos\",\"description\":\"Las noticias de mi comarca\",\"potentialAction\":[{\"@type\":\"SearchAction\",\"target\":{\"@type\":\"EntryPoint\",\"urlTemplate\":\"https:\/\/www.noticiasradioreflejos.com.ar\/2021\/?s={search_term_string}\"},\"query-input\":{\"@type\":\"PropertyValueSpecification\",\"valueRequired\":true,\"valueName\":\"search_term_string\"}}],\"inLanguage\":\"es\"},{\"@type\":\"Person\",\"@id\":\"https:\/\/www.noticiasradioreflejos.com.ar\/2021\/#\/schema\/person\/ad82545263dcc5ec0996818884fd5fb1\",\"name\":\"Arnaldo Botto\",\"image\":{\"@type\":\"ImageObject\",\"inLanguage\":\"es\",\"@id\":\"https:\/\/www.noticiasradioreflejos.com.ar\/2021\/#\/schema\/person\/image\/\",\"url\":\"https:\/\/secure.gravatar.com\/avatar\/55cb5e37c1efa326397366e6974cb338056df65cb50e7d64d1cf314e87504837?s=96&d=mm&r=g\",\"contentUrl\":\"https:\/\/secure.gravatar.com\/avatar\/55cb5e37c1efa326397366e6974cb338056df65cb50e7d64d1cf314e87504837?s=96&d=mm&r=g\",\"caption\":\"Arnaldo Botto\"},\"url\":\"https:\/\/www.noticiasradioreflejos.com.ar\/2021\/author\/arnaldo\/\"}]}<\/script>\n<!-- \/ Yoast SEO plugin. -->","yoast_head_json":{"title":"Sierra de la Ventana: Con dos allanamientos esclarecieron el robo de herramientas de un taller mec\u00e1nico. Hay dos imputados en el hecho. - Noticias Radio Reflejos","robots":{"index":"index","follow":"follow","max-snippet":"max-snippet:-1","max-image-preview":"max-image-preview:large","max-video-preview":"max-video-preview:-1"},"canonical":"https:\/\/www.noticiasradioreflejos.com.ar\/2021\/sierra-de-la-ventana-con-dos-allanamientos-esclarecieron-el-robo-de-herramientas-de-un-taller-mecanico-hay-dos-imputados-en-el-hecho\/","og_locale":"es_ES","og_type":"article","og_title":"Sierra de la Ventana: Con dos allanamientos esclarecieron el robo de herramientas de un taller mec\u00e1nico. Hay dos imputados en el hecho. - Noticias Radio Reflejos","og_description":"Mediante dos allanamientos realizados en la tarde de este martes 12 de enero, la Polic\u00eda de sierra de la Ventana logr\u00f3 esclarecer el robo de herramientas de un taller mec\u00e1nico de la localidad, recuperando la totalidad de los elementos denunciados.","og_url":"https:\/\/www.noticiasradioreflejos.com.ar\/2021\/sierra-de-la-ventana-con-dos-allanamientos-esclarecieron-el-robo-de-herramientas-de-un-taller-mecanico-hay-dos-imputados-en-el-hecho\/","og_site_name":"Noticias Radio Reflejos","article_published_time":"2021-01-12T22:43:39+00:00","og_image":[{"url":"http:\/\/live.staticflickr.com\/65535\/50829660046_cef264a61a_c.jpg","type":"","width":"","height":""}],"author":"Arnaldo Botto","twitter_card":"summary_large_image","schema":{"@context":"https:\/\/schema.org","@graph":[{"@type":"WebPage","@id":"https:\/\/www.noticiasradioreflejos.com.ar\/2021\/sierra-de-la-ventana-con-dos-allanamientos-esclarecieron-el-robo-de-herramientas-de-un-taller-mecanico-hay-dos-imputados-en-el-hecho\/","url":"https:\/\/www.noticiasradioreflejos.com.ar\/2021\/sierra-de-la-ventana-con-dos-allanamientos-esclarecieron-el-robo-de-herramientas-de-un-taller-mecanico-hay-dos-imputados-en-el-hecho\/","name":"Sierra de la Ventana: Con dos allanamientos esclarecieron el robo de herramientas de un taller mec\u00e1nico. Hay dos imputados en el hecho. - Noticias Radio Reflejos","isPartOf":{"@id":"https:\/\/www.noticiasradioreflejos.com.ar\/2021\/#website"},"primaryImageOfPage":{"@id":"https:\/\/www.noticiasradioreflejos.com.ar\/2021\/sierra-de-la-ventana-con-dos-allanamientos-esclarecieron-el-robo-de-herramientas-de-un-taller-mecanico-hay-dos-imputados-en-el-hecho\/#primaryimage"},"image":{"@id":"https:\/\/www.noticiasradioreflejos.com.ar\/2021\/sierra-de-la-ventana-con-dos-allanamientos-esclarecieron-el-robo-de-herramientas-de-un-taller-mecanico-hay-dos-imputados-en-el-hecho\/#primaryimage"},"thumbnailUrl":"http:\/\/live.staticflickr.com\/65535\/50829660046_cef264a61a_c.jpg","datePublished":"2021-01-12T22:43:39+00:00","author":{"@id":"https:\/\/www.noticiasradioreflejos.com.ar\/2021\/#\/schema\/person\/ad82545263dcc5ec0996818884fd5fb1"},"breadcrumb":{"@id":"https:\/\/www.noticiasradioreflejos.com.ar\/2021\/sierra-de-la-ventana-con-dos-allanamientos-esclarecieron-el-robo-de-herramientas-de-un-taller-mecanico-hay-dos-imputados-en-el-hecho\/#breadcrumb"},"inLanguage":"es","potentialAction":[{"@type":"ReadAction","target":["https:\/\/www.noticiasradioreflejos.com.ar\/2021\/sierra-de-la-ventana-con-dos-allanamientos-esclarecieron-el-robo-de-herramientas-de-un-taller-mecanico-hay-dos-imputados-en-el-hecho\/"]}]},{"@type":"ImageObject","inLanguage":"es","@id":"https:\/\/www.noticiasradioreflejos.com.ar\/2021\/sierra-de-la-ventana-con-dos-allanamientos-esclarecieron-el-robo-de-herramientas-de-un-taller-mecanico-hay-dos-imputados-en-el-hecho\/#primaryimage","url":"http:\/\/live.staticflickr.com\/65535\/50829660046_cef264a61a_c.jpg","contentUrl":"http:\/\/live.staticflickr.com\/65535\/50829660046_cef264a61a_c.jpg"},{"@type":"BreadcrumbList","@id":"https:\/\/www.noticiasradioreflejos.com.ar\/2021\/sierra-de-la-ventana-con-dos-allanamientos-esclarecieron-el-robo-de-herramientas-de-un-taller-mecanico-hay-dos-imputados-en-el-hecho\/#breadcrumb","itemListElement":[{"@type":"ListItem","position":1,"name":"Portada","item":"https:\/\/www.noticiasradioreflejos.com.ar\/2021\/"},{"@type":"ListItem","position":2,"name":"Sierra de la Ventana: Con dos allanamientos esclarecieron el robo de herramientas de un taller mec\u00e1nico. Hay dos imputados en el hecho."}]},{"@type":"WebSite","@id":"https:\/\/www.noticiasradioreflejos.com.ar\/2021\/#website","url":"https:\/\/www.noticiasradioreflejos.com.ar\/2021\/","name":"Noticias Radio Reflejos","description":"Las noticias de mi comarca","potentialAction":[{"@type":"SearchAction","target":{"@type":"EntryPoint","urlTemplate":"https:\/\/www.noticiasradioreflejos.com.ar\/2021\/?s={search_term_string}"},"query-input":{"@type":"PropertyValueSpecification","valueRequired":true,"valueName":"search_term_string"}}],"inLanguage":"es"},{"@type":"Person","@id":"https:\/\/www.noticiasradioreflejos.com.ar\/2021\/#\/schema\/person\/ad82545263dcc5ec0996818884fd5fb1","name":"Arnaldo Botto","image":{"@type":"ImageObject","inLanguage":"es","@id":"https:\/\/www.noticiasradioreflejos.com.ar\/2021\/#\/schema\/person\/image\/","url":"https:\/\/secure.gravatar.com\/avatar\/55cb5e37c1efa326397366e6974cb338056df65cb50e7d64d1cf314e87504837?s=96&d=mm&r=g","contentUrl":"https:\/\/secure.gravatar.com\/avatar\/55cb5e37c1efa326397366e6974cb338056df65cb50e7d64d1cf314e87504837?s=96&d=mm&r=g","caption":"Arnaldo Botto"},"url":"https:\/\/www.noticiasradioreflejos.com.ar\/2021\/author\/arnaldo\/"}]}},"_links":{"self":[{"href":"https:\/\/www.noticiasradioreflejos.com.ar\/2021\/wp-json\/wp\/v2\/posts\/51212","targetHints":{"allow":["GET"]}}],"collection":[{"href":"https:\/\/www.noticiasradioreflejos.com.ar\/2021\/wp-json\/wp\/v2\/posts"}],"about":[{"href":"https:\/\/www.noticiasradioreflejos.com.ar\/2021\/wp-json\/wp\/v2\/types\/post"}],"author":[{"embeddable":true,"href":"https:\/\/www.noticiasradioreflejos.com.ar\/2021\/wp-json\/wp\/v2\/users\/3"}],"replies":[{"embeddable":true,"href":"https:\/\/www.noticiasradioreflejos.com.ar\/2021\/wp-json\/wp\/v2\/comments?post=51212"}],"version-history":[{"count":0,"href":"https:\/\/www.noticiasradioreflejos.com.ar\/2021\/wp-json\/wp\/v2\/posts\/51212\/revisions"}],"wp:attachment":[{"href":"https:\/\/www.noticiasradioreflejos.com.ar\/2021\/wp-json\/wp\/v2\/media?parent=51212"}],"wp:term":[{"taxonomy":"category","embeddable":true,"href":"https:\/\/www.noticiasradioreflejos.com.ar\/2021\/wp-json\/wp\/v2\/categories?post=51212"},{"taxonomy":"post_tag","embeddable":true,"href":"https:\/\/www.noticiasradioreflejos.com.ar\/2021\/wp-json\/wp\/v2\/tags?post=51212"}],"curies":[{"name":"wp","href":"https:\/\/api.w.org\/{rel}","templated":true}]}}