{"id":51209,"date":"2021-01-12T19:55:39","date_gmt":"2021-01-12T22:55:39","guid":{"rendered":"http:\/\/www.noticiasradioreflejos.com.ar\/noticias\/?p=51209"},"modified":"2021-01-12T19:55:39","modified_gmt":"2021-01-12T22:55:39","slug":"con-excursiones-gratuitas-en-city-tours-actividades-culturales-se-festejaran-los-113-anos-de-la-fundacion-de-sierra-de-la-ventana","status":"publish","type":"post","link":"https:\/\/www.noticiasradioreflejos.com.ar\/2021\/con-excursiones-gratuitas-en-city-tours-actividades-culturales-se-festejaran-los-113-anos-de-la-fundacion-de-sierra-de-la-ventana\/","title":{"rendered":"Con excursiones gratuitas en City Tours y actividades culturales, se festejar\u00e1n los 113 a\u00f1os de la fundaci\u00f3n de Sierra de la Ventana."},"content":{"rendered":"<p>El evento se realizar\u00e1 el s\u00e1bado 16 y domingo 17 de enero. <strong>Enrique Alessandrini (H)<\/strong>, miembro de CAMCOTISAS, nos explica c\u00f3mo se realizar\u00e1 el pr\u00f3ximo festejo por el 113\u00b0 Aniversario de Sierra de la Ventana y cu\u00e1l es la idea que plantean desde la C\u00e1mara de Comercios y Bomberos Voluntarios.<!--more--><\/p>\n<p>\u00abEl proyecto consiste en regalarle a los turistas y a los hu\u00e9spedes la historia de Sierra de la Ventana\u00bb explic\u00f3 resumidamente la idea que tienen desde la CAMCOTISAS y Bomberos para festejar el 113\u00b0 Aniversario de la localidad, lo cual realizar\u00e1n vendiendo los libros de artistas locales que no pudieron ser entregados en la Fiesta de Reyes del presente a\u00f1o.<\/p>\n<p>Enrique coment\u00f3 que ya van m\u00e1s de 20 comercios que est\u00e1n participando en la propuesta. \u00abEst\u00e1n comprando los libros y con esos libros se les paga a los gu\u00edas locales para dar excursiones gratuitas\u00bb. Continu\u00f3 explicando: \u00abSe les enviar\u00e1 un link a los comercios que participen con la foto del gu\u00eda que participa y la inscripci\u00f3n\u00bb. Aclar\u00f3 que los cupos son limitados para cumplir con el distanciamiento social y estar\u00e1n en funcionamiento a partir de ma\u00f1ana Mi\u00e9rcoles 13\/01.<\/p>\n<p>Los turistas pueden inscribirse en un link en el sitio web de cada excursi\u00f3n. \u00abVamos a crear una secci\u00f3n para el Aniversario y ah\u00ed se van a poder inscribir\u00bb explic\u00f3 Enrique.<\/p>\n<p>Para quienes quieran comprar los libros, CAMCOTISAS los est\u00e1n vendiendo en la Librer\u00eda \u00abLa Comarca\u00bb y PUAF los est\u00e1 vendiendo en La Forrajer\u00eda (Esquina Dorrego y Malvinas). \u00abYo tambi\u00e9n se los voy a alcanzar a los privados que quieran participar\u00bb agreg\u00f3.<\/p>\n<p><strong>Nota completa a continuaci\u00f3n:<\/strong><br \/>\n<iframe loading=\"lazy\" src=\"https:\/\/w.soundcloud.com\/player\/?url=https%3A\/\/api.soundcloud.com\/tracks\/964236838&amp;color=%23ff5500&amp;auto_play=false&amp;hide_related=false&amp;show_comments=true&amp;show_user=true&amp;show_reposts=false&amp;show_teaser=true\" width=\"100%\" height=\"166\" frameborder=\"no\" scrolling=\"no\"><\/iframe><\/p>\n<div style=\"font-size: 10px; color: #cccccc; line-break: anywhere; word-break: normal; overflow: hidden; white-space: nowrap; text-overflow: ellipsis; font-family: Interstate,Lucida Grande,Lucida Sans Unicode,Lucida Sans,Garuda,Verdana,Tahoma,sans-serif; font-weight: 100;\"><a style=\"color: #cccccc; text-decoration: none;\" title=\"fmreflejos 103.7\" href=\"https:\/\/soundcloud.com\/fmreflejos-103-7\" target=\"_blank\" rel=\"noopener\">fmreflejos 103.7<\/a> \u00b7 <a style=\"color: #cccccc; text-decoration: none;\" title=\"Nota Erique Alessandrini\" href=\"https:\/\/soundcloud.com\/fmreflejos-103-7\/nota-erique-alessandrini\" target=\"_blank\" rel=\"noopener\">Nota Erique Alessandrini<\/a><\/div>\n<p><span style=\"background-color: #ffff00;\"><strong>Descripci\u00f3n del proyecto<span style=\"background-color: #ffffff;\">: <\/span><span style=\"background-color: #ffffff; color: #0000ff;\">\u00ab<\/span><\/strong><\/span><strong><span style=\"color: #0000ff;\">Entre todos celebramos el Cumplea\u00f1os de Sierra de la Ventana\u00bb<\/span><\/strong><\/p>\n<p><strong>Introducci\u00f3n<\/strong><br \/>\nA partir de la uni\u00f3n de CAMCOTISAS, CREO EN UNA COMARCA MEJOR, Hospedate en Sierra y junto al apoyo de Bomberos Voluntarios de Sierra de la Ventana, y Puaf, promovemos celebrar la fecha n\u00famero 113 de la fundaci\u00f3n de Sierra de la Ventana, a trav\u00e9s<br \/>\nde actividades festivas que tengan como protagonistas a los turistas que se encuentran de paseo en nuestro destino.<br \/>\nCon este proyecto, buscamos mejorar la experiencia de las y los turistas y al mismo tiempo, promover el desarrollo de las econom\u00edas internas, poner en valor las actividades art\u00edsticas y culturales locales y promover tur\u00edsticamente el destino.<br \/>\n<span style=\"background-color: #ffff00;\"><strong>Fecha:16 y 17 de enero<\/strong><\/span>.<\/p>\n<p><strong>Objetivos<\/strong><br \/>\n\u2756 Mejorar la experiencia de los turistas mediante visitas guiadas gratuitas que cuentan los or\u00edgenes del destino.<br \/>\n\u2756 Promover el trabajo en conjunto de actores de la industria del turismo (privados, organizaciones sociales, estatales, c\u00e1maras, y otros).<br \/>\n\u2756 Incluir el cumplea\u00f1os de Sierra de la Ventana en el calendario de eventos locales como una propuesta disruptiva que invite a los turistas a volver.<\/p>\n<p><span style=\"background-color: #ffff00;\"><strong>Actividades<\/strong><\/span><br \/>\n1. 240 pases para excursiones gratuitas en City Tours<br \/>\n2. Fot\u00f3grafos locales captando la experiencia de los y las turistas disfrutando de Sierra.<br \/>\n3. Calendario de actividades llevadas a cabo por el Centro Cultural y el municipio de Tornquist.<br \/>\nPoner en marcha dicho proyecto ser\u00e1 posible gracias a la participaci\u00f3n de privados, instituciones y actores del sector p\u00fablico que, a trav\u00e9s de la compra de 20 unidades de libros para colorear alusivos al destino, aportar\u00e1n la suma necesaria para llevar a cabo todo el evento.<br \/>\nLa compra y posterior distribuci\u00f3n de los libros para colorear, se traduce en publicidad del destino y de la Fiesta Provincial de los Reyes Magos caracter\u00edstica de nuestra localidad. De esta manera, cada privado que realice la compra, contar\u00e1 con un presente original para regalar a las y los ni\u00f1os que llegan a la comarca. La particularidad de los libros es que fueron realizados por artistas locales y de Villa Ventana e incluyen ilustraciones y poemas alusivos a la fauna y flora del destino.<\/p>\n<p><span style=\"background-color: #ffff00;\"><strong>Administraci\u00f3n<\/strong><\/span><br \/>\nDel total del dinero recaudado, se abonar\u00e1n las actividades guiadas que correspondan, se gestionar\u00e1 y publicitar\u00e1 el evento, adem\u00e1s, se contratar\u00e1n fot\u00f3grafos locales para realizar books de fotos que permitan continuar promocionando el destino.<br \/>\nPor \u00faltimo, un 10% de la recaudaci\u00f3n ser\u00e1 utilizada por CAMCOTISAS con el prop\u00f3sito de desarrollar junto a Hospedate en Sierra e instituciones que sumen apoyo, pr\u00f3ximos eventos durante los meses de febrero\/marzo con fines orientados a mejorar el producto<br \/>\ntur\u00edstico.<\/p>\n<p><span style=\"background-color: #ffff00;\"><strong>Funcionamiento e inscripci\u00f3n:<\/strong><\/span><br \/>\nPromovemos que quienes sean los turistas que reciban la posibilidad de excursionar gratis, est\u00e1n alojados ese Fin de semana en la comarca. Por eso cada hospedaje invitara a sus hu\u00e9spedes la posibilidad de inscribirse a las excursiones de forma gratuita y recibir\u00e1 un<br \/>\nBoucher de la actividad, con horarios, salidas y un link donde pueden reservar.<br \/>\nLas personas interesadas en participar, deber\u00e1n inscribirse directamente con los gu\u00edas contratados a trav\u00e9s del sitio <strong><a href=\"https:\/\/hospedateensierra.com\/?en=excursiones\">https:\/\/hospedateensierra.com\/?en=excursiones<\/a><\/strong> en el apartado destinado para este prop\u00f3sito.<\/p>\n<p><span style=\"background-color: #ffff00;\"><strong>Comunicaciones:<\/strong><\/span><br \/>\nEl evento contar\u00e1 con comunicaciones dise\u00f1adas que ser\u00e1n publicadas a trav\u00e9s de los canales de los participantes y adem\u00e1s, ser\u00e1 difundido por diversos medios de comunicaci\u00f3n local y regionales. Los privados podr\u00e1n contar con comunicaciones para compartir desde<br \/>\nsus perfiles comerciales si as\u00ed lo solicitan.<br \/>\nFijar en agenda el cumplea\u00f1os de Sierra de la Ventana como un d\u00eda festivo ser\u00e1 posible gracias al trabajo en conjunto de los actores locales (privados y p\u00fablicos) que se desempe\u00f1an en la industria del turismo.<\/p>\n<p><span style=\"background-color: #ffff00;\"><strong>Sponsors principales<\/strong><\/span><br \/>\nBomberos Voluntarios de SDLV\u00a0&#8211; CAMCOTISAS\u00a0&#8211; Hospedate en Sierra\u00a0&#8211; Municipalidad de Tornquist\u00a0&#8211; Creo en una Comarca Mejor\u00a0-PUAF<\/p>\n","protected":false},"excerpt":{"rendered":"<p>El evento se realizar\u00e1 el s\u00e1bado 16 y domingo 17 de enero. Enrique Alessandrini (H), miembro de CAMCOTISAS, nos explica c\u00f3mo se realizar\u00e1 el pr\u00f3ximo festejo por el 113\u00b0 Aniversario de Sierra de la Ventana y cu\u00e1l es la idea que plantean desde la C\u00e1mara de Comercios y Bomberos Voluntarios.<\/p>\n","protected":false},"author":3,"featured_media":18043,"comment_status":"closed","ping_status":"open","sticky":false,"template":"","format":"standard","meta":{"footnotes":""},"categories":[26],"tags":[],"class_list":["post-51209","post","type-post","status-publish","format-standard","has-post-thumbnail","hentry","category-sociedad"],"yoast_head":"<!-- This site is optimized with the Yoast SEO plugin v25.9 - https:\/\/yoast.com\/wordpress\/plugins\/seo\/ -->\n<title>Con excursiones gratuitas en City Tours y actividades culturales, se festejar\u00e1n los 113 a\u00f1os de la fundaci\u00f3n de Sierra de la Ventana. - Noticias Radio Reflejos<\/title>\n<meta name=\"robots\" content=\"index, follow, max-snippet:-1, max-image-preview:large, max-video-preview:-1\" \/>\n<link rel=\"canonical\" href=\"https:\/\/www.noticiasradioreflejos.com.ar\/2021\/con-excursiones-gratuitas-en-city-tours-actividades-culturales-se-festejaran-los-113-anos-de-la-fundacion-de-sierra-de-la-ventana\/\" \/>\n<meta property=\"og:locale\" content=\"es_ES\" \/>\n<meta property=\"og:type\" content=\"article\" \/>\n<meta property=\"og:title\" content=\"Con excursiones gratuitas en City Tours y actividades culturales, se festejar\u00e1n los 113 a\u00f1os de la fundaci\u00f3n de Sierra de la Ventana. - Noticias Radio Reflejos\" \/>\n<meta property=\"og:description\" content=\"El evento se realizar\u00e1 el s\u00e1bado 16 y domingo 17 de enero. Enrique Alessandrini (H), miembro de CAMCOTISAS, nos explica c\u00f3mo se realizar\u00e1 el pr\u00f3ximo festejo por el 113\u00b0 Aniversario de Sierra de la Ventana y cu\u00e1l es la idea que plantean desde la C\u00e1mara de Comercios y Bomberos Voluntarios.\" \/>\n<meta property=\"og:url\" content=\"https:\/\/www.noticiasradioreflejos.com.ar\/2021\/con-excursiones-gratuitas-en-city-tours-actividades-culturales-se-festejaran-los-113-anos-de-la-fundacion-de-sierra-de-la-ventana\/\" \/>\n<meta property=\"og:site_name\" content=\"Noticias Radio Reflejos\" \/>\n<meta property=\"article:published_time\" content=\"2021-01-12T22:55:39+00:00\" \/>\n<meta property=\"og:image\" content=\"https:\/\/www.noticiasradioreflejos.com.ar\/2021\/wp-content\/uploads\/2018\/01\/004.jpg\" \/>\n\t<meta property=\"og:image:width\" content=\"705\" \/>\n\t<meta property=\"og:image:height\" content=\"525\" \/>\n\t<meta property=\"og:image:type\" content=\"image\/jpeg\" \/>\n<meta name=\"author\" content=\"Arnaldo Botto\" \/>\n<meta name=\"twitter:card\" content=\"summary_large_image\" \/>\n<script type=\"application\/ld+json\" class=\"yoast-schema-graph\">{\"@context\":\"https:\/\/schema.org\",\"@graph\":[{\"@type\":\"WebPage\",\"@id\":\"https:\/\/www.noticiasradioreflejos.com.ar\/2021\/con-excursiones-gratuitas-en-city-tours-actividades-culturales-se-festejaran-los-113-anos-de-la-fundacion-de-sierra-de-la-ventana\/\",\"url\":\"https:\/\/www.noticiasradioreflejos.com.ar\/2021\/con-excursiones-gratuitas-en-city-tours-actividades-culturales-se-festejaran-los-113-anos-de-la-fundacion-de-sierra-de-la-ventana\/\",\"name\":\"Con excursiones gratuitas en City Tours y actividades culturales, se festejar\u00e1n los 113 a\u00f1os de la fundaci\u00f3n de Sierra de la Ventana. - Noticias Radio Reflejos\",\"isPartOf\":{\"@id\":\"https:\/\/www.noticiasradioreflejos.com.ar\/2021\/#website\"},\"primaryImageOfPage\":{\"@id\":\"https:\/\/www.noticiasradioreflejos.com.ar\/2021\/con-excursiones-gratuitas-en-city-tours-actividades-culturales-se-festejaran-los-113-anos-de-la-fundacion-de-sierra-de-la-ventana\/#primaryimage\"},\"image\":{\"@id\":\"https:\/\/www.noticiasradioreflejos.com.ar\/2021\/con-excursiones-gratuitas-en-city-tours-actividades-culturales-se-festejaran-los-113-anos-de-la-fundacion-de-sierra-de-la-ventana\/#primaryimage\"},\"thumbnailUrl\":\"https:\/\/www.noticiasradioreflejos.com.ar\/2021\/wp-content\/uploads\/2018\/01\/004.jpg\",\"datePublished\":\"2021-01-12T22:55:39+00:00\",\"author\":{\"@id\":\"https:\/\/www.noticiasradioreflejos.com.ar\/2021\/#\/schema\/person\/ad82545263dcc5ec0996818884fd5fb1\"},\"breadcrumb\":{\"@id\":\"https:\/\/www.noticiasradioreflejos.com.ar\/2021\/con-excursiones-gratuitas-en-city-tours-actividades-culturales-se-festejaran-los-113-anos-de-la-fundacion-de-sierra-de-la-ventana\/#breadcrumb\"},\"inLanguage\":\"es\",\"potentialAction\":[{\"@type\":\"ReadAction\",\"target\":[\"https:\/\/www.noticiasradioreflejos.com.ar\/2021\/con-excursiones-gratuitas-en-city-tours-actividades-culturales-se-festejaran-los-113-anos-de-la-fundacion-de-sierra-de-la-ventana\/\"]}]},{\"@type\":\"ImageObject\",\"inLanguage\":\"es\",\"@id\":\"https:\/\/www.noticiasradioreflejos.com.ar\/2021\/con-excursiones-gratuitas-en-city-tours-actividades-culturales-se-festejaran-los-113-anos-de-la-fundacion-de-sierra-de-la-ventana\/#primaryimage\",\"url\":\"https:\/\/www.noticiasradioreflejos.com.ar\/2021\/wp-content\/uploads\/2018\/01\/004.jpg\",\"contentUrl\":\"https:\/\/www.noticiasradioreflejos.com.ar\/2021\/wp-content\/uploads\/2018\/01\/004.jpg\",\"width\":705,\"height\":525},{\"@type\":\"BreadcrumbList\",\"@id\":\"https:\/\/www.noticiasradioreflejos.com.ar\/2021\/con-excursiones-gratuitas-en-city-tours-actividades-culturales-se-festejaran-los-113-anos-de-la-fundacion-de-sierra-de-la-ventana\/#breadcrumb\",\"itemListElement\":[{\"@type\":\"ListItem\",\"position\":1,\"name\":\"Portada\",\"item\":\"https:\/\/www.noticiasradioreflejos.com.ar\/2021\/\"},{\"@type\":\"ListItem\",\"position\":2,\"name\":\"Con excursiones gratuitas en City Tours y actividades culturales, se festejar\u00e1n los 113 a\u00f1os de la fundaci\u00f3n de Sierra de la Ventana.\"}]},{\"@type\":\"WebSite\",\"@id\":\"https:\/\/www.noticiasradioreflejos.com.ar\/2021\/#website\",\"url\":\"https:\/\/www.noticiasradioreflejos.com.ar\/2021\/\",\"name\":\"Noticias Radio Reflejos\",\"description\":\"Las noticias de mi comarca\",\"potentialAction\":[{\"@type\":\"SearchAction\",\"target\":{\"@type\":\"EntryPoint\",\"urlTemplate\":\"https:\/\/www.noticiasradioreflejos.com.ar\/2021\/?s={search_term_string}\"},\"query-input\":{\"@type\":\"PropertyValueSpecification\",\"valueRequired\":true,\"valueName\":\"search_term_string\"}}],\"inLanguage\":\"es\"},{\"@type\":\"Person\",\"@id\":\"https:\/\/www.noticiasradioreflejos.com.ar\/2021\/#\/schema\/person\/ad82545263dcc5ec0996818884fd5fb1\",\"name\":\"Arnaldo Botto\",\"image\":{\"@type\":\"ImageObject\",\"inLanguage\":\"es\",\"@id\":\"https:\/\/www.noticiasradioreflejos.com.ar\/2021\/#\/schema\/person\/image\/\",\"url\":\"https:\/\/secure.gravatar.com\/avatar\/55cb5e37c1efa326397366e6974cb338056df65cb50e7d64d1cf314e87504837?s=96&d=mm&r=g\",\"contentUrl\":\"https:\/\/secure.gravatar.com\/avatar\/55cb5e37c1efa326397366e6974cb338056df65cb50e7d64d1cf314e87504837?s=96&d=mm&r=g\",\"caption\":\"Arnaldo Botto\"},\"url\":\"https:\/\/www.noticiasradioreflejos.com.ar\/2021\/author\/arnaldo\/\"}]}<\/script>\n<!-- \/ Yoast SEO plugin. -->","yoast_head_json":{"title":"Con excursiones gratuitas en City Tours y actividades culturales, se festejar\u00e1n los 113 a\u00f1os de la fundaci\u00f3n de Sierra de la Ventana. - Noticias Radio Reflejos","robots":{"index":"index","follow":"follow","max-snippet":"max-snippet:-1","max-image-preview":"max-image-preview:large","max-video-preview":"max-video-preview:-1"},"canonical":"https:\/\/www.noticiasradioreflejos.com.ar\/2021\/con-excursiones-gratuitas-en-city-tours-actividades-culturales-se-festejaran-los-113-anos-de-la-fundacion-de-sierra-de-la-ventana\/","og_locale":"es_ES","og_type":"article","og_title":"Con excursiones gratuitas en City Tours y actividades culturales, se festejar\u00e1n los 113 a\u00f1os de la fundaci\u00f3n de Sierra de la Ventana. - Noticias Radio Reflejos","og_description":"El evento se realizar\u00e1 el s\u00e1bado 16 y domingo 17 de enero. Enrique Alessandrini (H), miembro de CAMCOTISAS, nos explica c\u00f3mo se realizar\u00e1 el pr\u00f3ximo festejo por el 113\u00b0 Aniversario de Sierra de la Ventana y cu\u00e1l es la idea que plantean desde la C\u00e1mara de Comercios y Bomberos Voluntarios.","og_url":"https:\/\/www.noticiasradioreflejos.com.ar\/2021\/con-excursiones-gratuitas-en-city-tours-actividades-culturales-se-festejaran-los-113-anos-de-la-fundacion-de-sierra-de-la-ventana\/","og_site_name":"Noticias Radio Reflejos","article_published_time":"2021-01-12T22:55:39+00:00","og_image":[{"width":705,"height":525,"url":"https:\/\/www.noticiasradioreflejos.com.ar\/2021\/wp-content\/uploads\/2018\/01\/004.jpg","type":"image\/jpeg"}],"author":"Arnaldo Botto","twitter_card":"summary_large_image","schema":{"@context":"https:\/\/schema.org","@graph":[{"@type":"WebPage","@id":"https:\/\/www.noticiasradioreflejos.com.ar\/2021\/con-excursiones-gratuitas-en-city-tours-actividades-culturales-se-festejaran-los-113-anos-de-la-fundacion-de-sierra-de-la-ventana\/","url":"https:\/\/www.noticiasradioreflejos.com.ar\/2021\/con-excursiones-gratuitas-en-city-tours-actividades-culturales-se-festejaran-los-113-anos-de-la-fundacion-de-sierra-de-la-ventana\/","name":"Con excursiones gratuitas en City Tours y actividades culturales, se festejar\u00e1n los 113 a\u00f1os de la fundaci\u00f3n de Sierra de la Ventana. - Noticias Radio Reflejos","isPartOf":{"@id":"https:\/\/www.noticiasradioreflejos.com.ar\/2021\/#website"},"primaryImageOfPage":{"@id":"https:\/\/www.noticiasradioreflejos.com.ar\/2021\/con-excursiones-gratuitas-en-city-tours-actividades-culturales-se-festejaran-los-113-anos-de-la-fundacion-de-sierra-de-la-ventana\/#primaryimage"},"image":{"@id":"https:\/\/www.noticiasradioreflejos.com.ar\/2021\/con-excursiones-gratuitas-en-city-tours-actividades-culturales-se-festejaran-los-113-anos-de-la-fundacion-de-sierra-de-la-ventana\/#primaryimage"},"thumbnailUrl":"https:\/\/www.noticiasradioreflejos.com.ar\/2021\/wp-content\/uploads\/2018\/01\/004.jpg","datePublished":"2021-01-12T22:55:39+00:00","author":{"@id":"https:\/\/www.noticiasradioreflejos.com.ar\/2021\/#\/schema\/person\/ad82545263dcc5ec0996818884fd5fb1"},"breadcrumb":{"@id":"https:\/\/www.noticiasradioreflejos.com.ar\/2021\/con-excursiones-gratuitas-en-city-tours-actividades-culturales-se-festejaran-los-113-anos-de-la-fundacion-de-sierra-de-la-ventana\/#breadcrumb"},"inLanguage":"es","potentialAction":[{"@type":"ReadAction","target":["https:\/\/www.noticiasradioreflejos.com.ar\/2021\/con-excursiones-gratuitas-en-city-tours-actividades-culturales-se-festejaran-los-113-anos-de-la-fundacion-de-sierra-de-la-ventana\/"]}]},{"@type":"ImageObject","inLanguage":"es","@id":"https:\/\/www.noticiasradioreflejos.com.ar\/2021\/con-excursiones-gratuitas-en-city-tours-actividades-culturales-se-festejaran-los-113-anos-de-la-fundacion-de-sierra-de-la-ventana\/#primaryimage","url":"https:\/\/www.noticiasradioreflejos.com.ar\/2021\/wp-content\/uploads\/2018\/01\/004.jpg","contentUrl":"https:\/\/www.noticiasradioreflejos.com.ar\/2021\/wp-content\/uploads\/2018\/01\/004.jpg","width":705,"height":525},{"@type":"BreadcrumbList","@id":"https:\/\/www.noticiasradioreflejos.com.ar\/2021\/con-excursiones-gratuitas-en-city-tours-actividades-culturales-se-festejaran-los-113-anos-de-la-fundacion-de-sierra-de-la-ventana\/#breadcrumb","itemListElement":[{"@type":"ListItem","position":1,"name":"Portada","item":"https:\/\/www.noticiasradioreflejos.com.ar\/2021\/"},{"@type":"ListItem","position":2,"name":"Con excursiones gratuitas en City Tours y actividades culturales, se festejar\u00e1n los 113 a\u00f1os de la fundaci\u00f3n de Sierra de la Ventana."}]},{"@type":"WebSite","@id":"https:\/\/www.noticiasradioreflejos.com.ar\/2021\/#website","url":"https:\/\/www.noticiasradioreflejos.com.ar\/2021\/","name":"Noticias Radio Reflejos","description":"Las noticias de mi comarca","potentialAction":[{"@type":"SearchAction","target":{"@type":"EntryPoint","urlTemplate":"https:\/\/www.noticiasradioreflejos.com.ar\/2021\/?s={search_term_string}"},"query-input":{"@type":"PropertyValueSpecification","valueRequired":true,"valueName":"search_term_string"}}],"inLanguage":"es"},{"@type":"Person","@id":"https:\/\/www.noticiasradioreflejos.com.ar\/2021\/#\/schema\/person\/ad82545263dcc5ec0996818884fd5fb1","name":"Arnaldo Botto","image":{"@type":"ImageObject","inLanguage":"es","@id":"https:\/\/www.noticiasradioreflejos.com.ar\/2021\/#\/schema\/person\/image\/","url":"https:\/\/secure.gravatar.com\/avatar\/55cb5e37c1efa326397366e6974cb338056df65cb50e7d64d1cf314e87504837?s=96&d=mm&r=g","contentUrl":"https:\/\/secure.gravatar.com\/avatar\/55cb5e37c1efa326397366e6974cb338056df65cb50e7d64d1cf314e87504837?s=96&d=mm&r=g","caption":"Arnaldo Botto"},"url":"https:\/\/www.noticiasradioreflejos.com.ar\/2021\/author\/arnaldo\/"}]}},"_links":{"self":[{"href":"https:\/\/www.noticiasradioreflejos.com.ar\/2021\/wp-json\/wp\/v2\/posts\/51209","targetHints":{"allow":["GET"]}}],"collection":[{"href":"https:\/\/www.noticiasradioreflejos.com.ar\/2021\/wp-json\/wp\/v2\/posts"}],"about":[{"href":"https:\/\/www.noticiasradioreflejos.com.ar\/2021\/wp-json\/wp\/v2\/types\/post"}],"author":[{"embeddable":true,"href":"https:\/\/www.noticiasradioreflejos.com.ar\/2021\/wp-json\/wp\/v2\/users\/3"}],"replies":[{"embeddable":true,"href":"https:\/\/www.noticiasradioreflejos.com.ar\/2021\/wp-json\/wp\/v2\/comments?post=51209"}],"version-history":[{"count":0,"href":"https:\/\/www.noticiasradioreflejos.com.ar\/2021\/wp-json\/wp\/v2\/posts\/51209\/revisions"}],"wp:featuredmedia":[{"embeddable":true,"href":"https:\/\/www.noticiasradioreflejos.com.ar\/2021\/wp-json\/wp\/v2\/media\/18043"}],"wp:attachment":[{"href":"https:\/\/www.noticiasradioreflejos.com.ar\/2021\/wp-json\/wp\/v2\/media?parent=51209"}],"wp:term":[{"taxonomy":"category","embeddable":true,"href":"https:\/\/www.noticiasradioreflejos.com.ar\/2021\/wp-json\/wp\/v2\/categories?post=51209"},{"taxonomy":"post_tag","embeddable":true,"href":"https:\/\/www.noticiasradioreflejos.com.ar\/2021\/wp-json\/wp\/v2\/tags?post=51209"}],"curies":[{"name":"wp","href":"https:\/\/api.w.org\/{rel}","templated":true}]}}