{"id":51206,"date":"2021-01-12T18:05:47","date_gmt":"2021-01-12T21:05:47","guid":{"rendered":"http:\/\/www.noticiasradioreflejos.com.ar\/noticias\/?p=51206"},"modified":"2021-01-12T18:05:47","modified_gmt":"2021-01-12T21:05:47","slug":"la-gente-tiene-que-entender-que-el-club-tiene-que-seguir-funcionando-miguel-piergentili","status":"publish","type":"post","link":"https:\/\/www.noticiasradioreflejos.com.ar\/2021\/la-gente-tiene-que-entender-que-el-club-tiene-que-seguir-funcionando-miguel-piergentili\/","title":{"rendered":"\u00abLa gente tiene que entender que el Club tiene que seguir funcionando\u00bb &#8211; Miguel Piergentili"},"content":{"rendered":"<p>El tesorero del Club A. Ventana, nos cuenta la realidad actual de la Instituci\u00f3n deportiva de Sierra de la Ventana, haciendo un llamado a los socios a colaborar en el trabajo diario, porque el club puede estar en riego.<!--more--><br \/>\nMiguel comienza la nota mencionando que han empezado bien el 2021 gracias a que tienen distintas actividades habilitadas para el Club. \u00abTenemos un torneo de f\u00fatbol nocturno para mayores en marcha\u00bb dijo Miguel, haciendo hincapi\u00e9 en que lo realizar\u00e1n con mucho cuidado y cumpliendo los protocolos. \u00abSe juega los Lunes, Mi\u00e9rcoles y Viernes a partir de 20:30hs. Tenemos funcionando la cantina\u00bb inform\u00f3.<\/p>\n<p>\u00abTodo el dinero que se recaude es para las actividades de los chicos, porque para otra cosa no se ocupa. Hay gastos y hemos pedido colaboraci\u00f3n a los grupos de padres, pero no se arrimaba nadie. Queremos ver si por este medio alg\u00fan padre escucha y se decide a darle una mano al Club\u00bb realiz\u00f3 la petici\u00f3n Miguel. Asegur\u00f3 que es mucha la plata que se usa en gastos y la recaudaci\u00f3n que tienen con las cuotas de socios no se alcanzan a cubrir esos gastos.<\/p>\n<p>\u00abLa gente tiene que entender que el Club tiene que seguir funcionando\u00bb expres\u00f3.<\/p>\n<p>Finalmente, le preguntamos a Miguel cu\u00e1l es el panorama para el f\u00fatbol y el resto de las actividades para este a\u00f1o: \u00abNo tenemos m\u00e1s informaci\u00f3n que el inicio de actividades. Calculo que hasta marzo no vamos a enterarnos de nada en cuanto a lo que es torneos\u00bb. Agreg\u00f3 que \u00abnuestra intenci\u00f3n es volver a competir, pero tenemos una complicaci\u00f3n del traslado de equipo. Nuestra idea va a ser o que los padres trasladen los chicos o no vamos a poder realizar la actividad\u00bb ya que hacer funcionar un colectivo es muy costoso.<\/p>\n<p>Nota completa a continuaci\u00f3n:<br \/>\n<iframe loading=\"lazy\" src=\"https:\/\/w.soundcloud.com\/player\/?url=https%3A\/\/api.soundcloud.com\/tracks\/964198621&amp;color=%23ff5500&amp;auto_play=false&amp;hide_related=false&amp;show_comments=true&amp;show_user=true&amp;show_reposts=false&amp;show_teaser=true\" width=\"100%\" height=\"166\" frameborder=\"no\" scrolling=\"no\"><\/iframe><\/p>\n<div style=\"font-size: 10px; color: #cccccc; line-break: anywhere; word-break: normal; overflow: hidden; white-space: nowrap; text-overflow: ellipsis; font-family: Interstate,Lucida Grande,Lucida Sans Unicode,Lucida Sans,Garuda,Verdana,Tahoma,sans-serif; font-weight: 100;\"><a style=\"color: #cccccc; text-decoration: none;\" title=\"fmreflejos 103.7\" href=\"https:\/\/soundcloud.com\/fmreflejos-103-7\" target=\"_blank\" rel=\"noopener\">fmreflejos 103.7<\/a> \u00b7 <a style=\"color: #cccccc; text-decoration: none;\" title=\"Nota Miguel Piergentili\" href=\"https:\/\/soundcloud.com\/fmreflejos-103-7\/nota-miguel\" target=\"_blank\" rel=\"noopener\">Nota Miguel Piergentili<\/a><\/div>\n","protected":false},"excerpt":{"rendered":"<p>El tesorero del Club A. Ventana, nos cuenta la realidad actual de la Instituci\u00f3n deportiva de Sierra de la Ventana, haciendo un llamado a los socios a colaborar en el trabajo diario, porque el club puede estar en riego.<\/p>\n","protected":false},"author":3,"featured_media":10329,"comment_status":"closed","ping_status":"open","sticky":false,"template":"","format":"standard","meta":{"footnotes":""},"categories":[26],"tags":[],"class_list":["post-51206","post","type-post","status-publish","format-standard","has-post-thumbnail","hentry","category-sociedad"],"yoast_head":"<!-- This site is optimized with the Yoast SEO plugin v25.9 - https:\/\/yoast.com\/wordpress\/plugins\/seo\/ -->\n<title>&quot;La gente tiene que entender que el Club tiene que seguir funcionando&quot; - Miguel Piergentili - Noticias Radio Reflejos<\/title>\n<meta name=\"robots\" content=\"index, follow, max-snippet:-1, max-image-preview:large, max-video-preview:-1\" \/>\n<link rel=\"canonical\" href=\"https:\/\/www.noticiasradioreflejos.com.ar\/2021\/la-gente-tiene-que-entender-que-el-club-tiene-que-seguir-funcionando-miguel-piergentili\/\" \/>\n<meta property=\"og:locale\" content=\"es_ES\" \/>\n<meta property=\"og:type\" content=\"article\" \/>\n<meta property=\"og:title\" content=\"&quot;La gente tiene que entender que el Club tiene que seguir funcionando&quot; - Miguel Piergentili - Noticias Radio Reflejos\" \/>\n<meta property=\"og:description\" content=\"El tesorero del Club A. Ventana, nos cuenta la realidad actual de la Instituci\u00f3n deportiva de Sierra de la Ventana, haciendo un llamado a los socios a colaborar en el trabajo diario, porque el club puede estar en riego.\" \/>\n<meta property=\"og:url\" content=\"https:\/\/www.noticiasradioreflejos.com.ar\/2021\/la-gente-tiene-que-entender-que-el-club-tiene-que-seguir-funcionando-miguel-piergentili\/\" \/>\n<meta property=\"og:site_name\" content=\"Noticias Radio Reflejos\" \/>\n<meta property=\"article:published_time\" content=\"2021-01-12T21:05:47+00:00\" \/>\n<meta property=\"og:image\" content=\"https:\/\/www.noticiasradioreflejos.com.ar\/2021\/wp-content\/uploads\/2017\/05\/Sede-CAV.jpg\" \/>\n\t<meta property=\"og:image:width\" content=\"481\" \/>\n\t<meta property=\"og:image:height\" content=\"401\" \/>\n\t<meta property=\"og:image:type\" content=\"image\/jpeg\" \/>\n<meta name=\"author\" content=\"Arnaldo Botto\" \/>\n<meta name=\"twitter:card\" content=\"summary_large_image\" \/>\n<script type=\"application\/ld+json\" class=\"yoast-schema-graph\">{\"@context\":\"https:\/\/schema.org\",\"@graph\":[{\"@type\":\"WebPage\",\"@id\":\"https:\/\/www.noticiasradioreflejos.com.ar\/2021\/la-gente-tiene-que-entender-que-el-club-tiene-que-seguir-funcionando-miguel-piergentili\/\",\"url\":\"https:\/\/www.noticiasradioreflejos.com.ar\/2021\/la-gente-tiene-que-entender-que-el-club-tiene-que-seguir-funcionando-miguel-piergentili\/\",\"name\":\"\\\"La gente tiene que entender que el Club tiene que seguir funcionando\\\" - Miguel Piergentili - Noticias Radio Reflejos\",\"isPartOf\":{\"@id\":\"https:\/\/www.noticiasradioreflejos.com.ar\/2021\/#website\"},\"primaryImageOfPage\":{\"@id\":\"https:\/\/www.noticiasradioreflejos.com.ar\/2021\/la-gente-tiene-que-entender-que-el-club-tiene-que-seguir-funcionando-miguel-piergentili\/#primaryimage\"},\"image\":{\"@id\":\"https:\/\/www.noticiasradioreflejos.com.ar\/2021\/la-gente-tiene-que-entender-que-el-club-tiene-que-seguir-funcionando-miguel-piergentili\/#primaryimage\"},\"thumbnailUrl\":\"https:\/\/www.noticiasradioreflejos.com.ar\/2021\/wp-content\/uploads\/2017\/05\/Sede-CAV.jpg\",\"datePublished\":\"2021-01-12T21:05:47+00:00\",\"author\":{\"@id\":\"https:\/\/www.noticiasradioreflejos.com.ar\/2021\/#\/schema\/person\/ad82545263dcc5ec0996818884fd5fb1\"},\"breadcrumb\":{\"@id\":\"https:\/\/www.noticiasradioreflejos.com.ar\/2021\/la-gente-tiene-que-entender-que-el-club-tiene-que-seguir-funcionando-miguel-piergentili\/#breadcrumb\"},\"inLanguage\":\"es\",\"potentialAction\":[{\"@type\":\"ReadAction\",\"target\":[\"https:\/\/www.noticiasradioreflejos.com.ar\/2021\/la-gente-tiene-que-entender-que-el-club-tiene-que-seguir-funcionando-miguel-piergentili\/\"]}]},{\"@type\":\"ImageObject\",\"inLanguage\":\"es\",\"@id\":\"https:\/\/www.noticiasradioreflejos.com.ar\/2021\/la-gente-tiene-que-entender-que-el-club-tiene-que-seguir-funcionando-miguel-piergentili\/#primaryimage\",\"url\":\"https:\/\/www.noticiasradioreflejos.com.ar\/2021\/wp-content\/uploads\/2017\/05\/Sede-CAV.jpg\",\"contentUrl\":\"https:\/\/www.noticiasradioreflejos.com.ar\/2021\/wp-content\/uploads\/2017\/05\/Sede-CAV.jpg\",\"width\":481,\"height\":401},{\"@type\":\"BreadcrumbList\",\"@id\":\"https:\/\/www.noticiasradioreflejos.com.ar\/2021\/la-gente-tiene-que-entender-que-el-club-tiene-que-seguir-funcionando-miguel-piergentili\/#breadcrumb\",\"itemListElement\":[{\"@type\":\"ListItem\",\"position\":1,\"name\":\"Portada\",\"item\":\"https:\/\/www.noticiasradioreflejos.com.ar\/2021\/\"},{\"@type\":\"ListItem\",\"position\":2,\"name\":\"\u00abLa gente tiene que entender que el Club tiene que seguir funcionando\u00bb &#8211; Miguel Piergentili\"}]},{\"@type\":\"WebSite\",\"@id\":\"https:\/\/www.noticiasradioreflejos.com.ar\/2021\/#website\",\"url\":\"https:\/\/www.noticiasradioreflejos.com.ar\/2021\/\",\"name\":\"Noticias Radio Reflejos\",\"description\":\"Las noticias de mi comarca\",\"potentialAction\":[{\"@type\":\"SearchAction\",\"target\":{\"@type\":\"EntryPoint\",\"urlTemplate\":\"https:\/\/www.noticiasradioreflejos.com.ar\/2021\/?s={search_term_string}\"},\"query-input\":{\"@type\":\"PropertyValueSpecification\",\"valueRequired\":true,\"valueName\":\"search_term_string\"}}],\"inLanguage\":\"es\"},{\"@type\":\"Person\",\"@id\":\"https:\/\/www.noticiasradioreflejos.com.ar\/2021\/#\/schema\/person\/ad82545263dcc5ec0996818884fd5fb1\",\"name\":\"Arnaldo Botto\",\"image\":{\"@type\":\"ImageObject\",\"inLanguage\":\"es\",\"@id\":\"https:\/\/www.noticiasradioreflejos.com.ar\/2021\/#\/schema\/person\/image\/\",\"url\":\"https:\/\/secure.gravatar.com\/avatar\/55cb5e37c1efa326397366e6974cb338056df65cb50e7d64d1cf314e87504837?s=96&d=mm&r=g\",\"contentUrl\":\"https:\/\/secure.gravatar.com\/avatar\/55cb5e37c1efa326397366e6974cb338056df65cb50e7d64d1cf314e87504837?s=96&d=mm&r=g\",\"caption\":\"Arnaldo Botto\"},\"url\":\"https:\/\/www.noticiasradioreflejos.com.ar\/2021\/author\/arnaldo\/\"}]}<\/script>\n<!-- \/ Yoast SEO plugin. -->","yoast_head_json":{"title":"\"La gente tiene que entender que el Club tiene que seguir funcionando\" - Miguel Piergentili - Noticias Radio Reflejos","robots":{"index":"index","follow":"follow","max-snippet":"max-snippet:-1","max-image-preview":"max-image-preview:large","max-video-preview":"max-video-preview:-1"},"canonical":"https:\/\/www.noticiasradioreflejos.com.ar\/2021\/la-gente-tiene-que-entender-que-el-club-tiene-que-seguir-funcionando-miguel-piergentili\/","og_locale":"es_ES","og_type":"article","og_title":"\"La gente tiene que entender que el Club tiene que seguir funcionando\" - Miguel Piergentili - Noticias Radio Reflejos","og_description":"El tesorero del Club A. Ventana, nos cuenta la realidad actual de la Instituci\u00f3n deportiva de Sierra de la Ventana, haciendo un llamado a los socios a colaborar en el trabajo diario, porque el club puede estar en riego.","og_url":"https:\/\/www.noticiasradioreflejos.com.ar\/2021\/la-gente-tiene-que-entender-que-el-club-tiene-que-seguir-funcionando-miguel-piergentili\/","og_site_name":"Noticias Radio Reflejos","article_published_time":"2021-01-12T21:05:47+00:00","og_image":[{"width":481,"height":401,"url":"https:\/\/www.noticiasradioreflejos.com.ar\/2021\/wp-content\/uploads\/2017\/05\/Sede-CAV.jpg","type":"image\/jpeg"}],"author":"Arnaldo Botto","twitter_card":"summary_large_image","schema":{"@context":"https:\/\/schema.org","@graph":[{"@type":"WebPage","@id":"https:\/\/www.noticiasradioreflejos.com.ar\/2021\/la-gente-tiene-que-entender-que-el-club-tiene-que-seguir-funcionando-miguel-piergentili\/","url":"https:\/\/www.noticiasradioreflejos.com.ar\/2021\/la-gente-tiene-que-entender-que-el-club-tiene-que-seguir-funcionando-miguel-piergentili\/","name":"\"La gente tiene que entender que el Club tiene que seguir funcionando\" - Miguel Piergentili - Noticias Radio Reflejos","isPartOf":{"@id":"https:\/\/www.noticiasradioreflejos.com.ar\/2021\/#website"},"primaryImageOfPage":{"@id":"https:\/\/www.noticiasradioreflejos.com.ar\/2021\/la-gente-tiene-que-entender-que-el-club-tiene-que-seguir-funcionando-miguel-piergentili\/#primaryimage"},"image":{"@id":"https:\/\/www.noticiasradioreflejos.com.ar\/2021\/la-gente-tiene-que-entender-que-el-club-tiene-que-seguir-funcionando-miguel-piergentili\/#primaryimage"},"thumbnailUrl":"https:\/\/www.noticiasradioreflejos.com.ar\/2021\/wp-content\/uploads\/2017\/05\/Sede-CAV.jpg","datePublished":"2021-01-12T21:05:47+00:00","author":{"@id":"https:\/\/www.noticiasradioreflejos.com.ar\/2021\/#\/schema\/person\/ad82545263dcc5ec0996818884fd5fb1"},"breadcrumb":{"@id":"https:\/\/www.noticiasradioreflejos.com.ar\/2021\/la-gente-tiene-que-entender-que-el-club-tiene-que-seguir-funcionando-miguel-piergentili\/#breadcrumb"},"inLanguage":"es","potentialAction":[{"@type":"ReadAction","target":["https:\/\/www.noticiasradioreflejos.com.ar\/2021\/la-gente-tiene-que-entender-que-el-club-tiene-que-seguir-funcionando-miguel-piergentili\/"]}]},{"@type":"ImageObject","inLanguage":"es","@id":"https:\/\/www.noticiasradioreflejos.com.ar\/2021\/la-gente-tiene-que-entender-que-el-club-tiene-que-seguir-funcionando-miguel-piergentili\/#primaryimage","url":"https:\/\/www.noticiasradioreflejos.com.ar\/2021\/wp-content\/uploads\/2017\/05\/Sede-CAV.jpg","contentUrl":"https:\/\/www.noticiasradioreflejos.com.ar\/2021\/wp-content\/uploads\/2017\/05\/Sede-CAV.jpg","width":481,"height":401},{"@type":"BreadcrumbList","@id":"https:\/\/www.noticiasradioreflejos.com.ar\/2021\/la-gente-tiene-que-entender-que-el-club-tiene-que-seguir-funcionando-miguel-piergentili\/#breadcrumb","itemListElement":[{"@type":"ListItem","position":1,"name":"Portada","item":"https:\/\/www.noticiasradioreflejos.com.ar\/2021\/"},{"@type":"ListItem","position":2,"name":"\u00abLa gente tiene que entender que el Club tiene que seguir funcionando\u00bb &#8211; Miguel Piergentili"}]},{"@type":"WebSite","@id":"https:\/\/www.noticiasradioreflejos.com.ar\/2021\/#website","url":"https:\/\/www.noticiasradioreflejos.com.ar\/2021\/","name":"Noticias Radio Reflejos","description":"Las noticias de mi comarca","potentialAction":[{"@type":"SearchAction","target":{"@type":"EntryPoint","urlTemplate":"https:\/\/www.noticiasradioreflejos.com.ar\/2021\/?s={search_term_string}"},"query-input":{"@type":"PropertyValueSpecification","valueRequired":true,"valueName":"search_term_string"}}],"inLanguage":"es"},{"@type":"Person","@id":"https:\/\/www.noticiasradioreflejos.com.ar\/2021\/#\/schema\/person\/ad82545263dcc5ec0996818884fd5fb1","name":"Arnaldo Botto","image":{"@type":"ImageObject","inLanguage":"es","@id":"https:\/\/www.noticiasradioreflejos.com.ar\/2021\/#\/schema\/person\/image\/","url":"https:\/\/secure.gravatar.com\/avatar\/55cb5e37c1efa326397366e6974cb338056df65cb50e7d64d1cf314e87504837?s=96&d=mm&r=g","contentUrl":"https:\/\/secure.gravatar.com\/avatar\/55cb5e37c1efa326397366e6974cb338056df65cb50e7d64d1cf314e87504837?s=96&d=mm&r=g","caption":"Arnaldo Botto"},"url":"https:\/\/www.noticiasradioreflejos.com.ar\/2021\/author\/arnaldo\/"}]}},"_links":{"self":[{"href":"https:\/\/www.noticiasradioreflejos.com.ar\/2021\/wp-json\/wp\/v2\/posts\/51206","targetHints":{"allow":["GET"]}}],"collection":[{"href":"https:\/\/www.noticiasradioreflejos.com.ar\/2021\/wp-json\/wp\/v2\/posts"}],"about":[{"href":"https:\/\/www.noticiasradioreflejos.com.ar\/2021\/wp-json\/wp\/v2\/types\/post"}],"author":[{"embeddable":true,"href":"https:\/\/www.noticiasradioreflejos.com.ar\/2021\/wp-json\/wp\/v2\/users\/3"}],"replies":[{"embeddable":true,"href":"https:\/\/www.noticiasradioreflejos.com.ar\/2021\/wp-json\/wp\/v2\/comments?post=51206"}],"version-history":[{"count":0,"href":"https:\/\/www.noticiasradioreflejos.com.ar\/2021\/wp-json\/wp\/v2\/posts\/51206\/revisions"}],"wp:featuredmedia":[{"embeddable":true,"href":"https:\/\/www.noticiasradioreflejos.com.ar\/2021\/wp-json\/wp\/v2\/media\/10329"}],"wp:attachment":[{"href":"https:\/\/www.noticiasradioreflejos.com.ar\/2021\/wp-json\/wp\/v2\/media?parent=51206"}],"wp:term":[{"taxonomy":"category","embeddable":true,"href":"https:\/\/www.noticiasradioreflejos.com.ar\/2021\/wp-json\/wp\/v2\/categories?post=51206"},{"taxonomy":"post_tag","embeddable":true,"href":"https:\/\/www.noticiasradioreflejos.com.ar\/2021\/wp-json\/wp\/v2\/tags?post=51206"}],"curies":[{"name":"wp","href":"https:\/\/api.w.org\/{rel}","templated":true}]}}